{"id":997,"date":"2024-10-31T09:30:51","date_gmt":"2024-10-31T08:30:51","guid":{"rendered":"https:\/\/www.vkd.com\/lv-bayern\/?p=997"},"modified":"2024-10-31T09:31:37","modified_gmt":"2024-10-31T08:31:37","slug":"satzungsaenderung-handout-fuer-alle-zv-vorsitzenden","status":"publish","type":"post","link":"https:\/\/www.vkd.com\/lv-bayern\/news\/satzungsaenderung-handout-fuer-alle-zv-vorsitzenden\/","title":{"rendered":"Satzungs\u00e4nderung &#8211; Handout f\u00fcr alle ZV-Vorsitzenden"},"content":{"rendered":"<p><strong>Liebe Mitglieder des Landesverbands Bayern,<\/strong><br \/>\n<strong>liebe Mitglieder aller Bayerischen Zweigvereine,<\/strong><\/p>\n<p>anbei finden Sie das erarbeitete Handout zur geplanten Satzungs\u00e4nderung in Abstimmung mit, f\u00fcr uns zust\u00e4ndigen Vizepr\u00e4sidenten Joachim Elflein. R\u00fcckfragen und Anmerkungen und weitere W\u00fcnsche m\u00fcssen ausschlie\u00dflich \u00fcber die Gesch\u00e4ftsstelle in Frankfurt erfolgen. Hier nehmen Sie bitte <strong><a href=\"https:\/\/www.vkd.com\/verband\/geschaeftsstelle\/\" target=\"_blank\" rel=\"noopener\">Kontakt<\/a><\/strong> mit Frau Laun auf.<\/p>\n<p>Besten Dank.<\/p>\n<p><strong>Mit kollegialen Gr\u00fc\u00dfen<\/strong><br \/>\n<strong>Die Vorstandschaft des LV Bayern<\/strong><\/p>\n<p>&nbsp;<\/p>\n<h4><strong>Handout zur geplanten Satzungs\u00e4nderung &#8211; Link nachfolgend<\/strong><\/h4>\n<h3><a href=\"https:\/\/www.vkd.com\/lv-bayern\/wp-content\/uploads\/sites\/14\/2024\/10\/2022_VKD_Praesentation-LV_17.10.24.pdf\" target=\"_blank\" rel=\"noopener\">2022_VKD_Pra\u0308sentation LV_17.10.24<\/a><\/h3>\n","protected":false},"excerpt":{"rendered":"<p>Liebe Mitglieder des Landesverbands Bayern, liebe Mitglieder aller Bayerischen Zweigvereine, anbei finden Sie das erarbeitete Handout zur geplanten Satzungs\u00e4nderung in Abstimmung mit, f\u00fcr uns zust\u00e4ndigen Vizepr\u00e4sidenten Joachim Elflein. R\u00fcckfragen und Anmerkungen und weitere W\u00fcnsche m\u00fcssen ausschlie\u00dflich \u00fcber die Gesch\u00e4ftsstelle in Frankfurt erfolgen. Hier nehmen Sie bitte Kontakt mit Frau Laun auf. Besten Dank. Mit kollegialen&#8230;<\/p>\n","protected":false},"author":1955,"featured_media":332,"comment_status":"closed","ping_status":"open","sticky":false,"template":"","format":"standard","meta":[],"categories":[1],"tags":[],"yoast_head":"<!-- This site is optimized with the Yoast SEO plugin v20.0 - https:\/\/yoast.com\/wordpress\/plugins\/seo\/ -->\n<title>Satzungs\u00e4nderung - Handout f\u00fcr alle ZV-Vorsitzenden - Landesverband der K\u00f6che Bayern<\/title>\n<meta name=\"robots\" content=\"noindex, follow, max-snippet:-1, max-image-preview:large, max-video-preview:-1\" \/>\n<meta property=\"og:locale\" content=\"de_DE\" \/>\n<meta property=\"og:type\" content=\"article\" \/>\n<meta property=\"og:title\" content=\"Satzungs\u00e4nderung - Handout f\u00fcr alle ZV-Vorsitzenden - Landesverband der K\u00f6che Bayern\" \/>\n<meta property=\"og:description\" content=\"Liebe Mitglieder des Landesverbands Bayern, liebe Mitglieder aller Bayerischen Zweigvereine, anbei finden Sie das erarbeitete Handout zur geplanten Satzungs\u00e4nderung in Abstimmung mit, f\u00fcr uns zust\u00e4ndigen Vizepr\u00e4sidenten Joachim Elflein. R\u00fcckfragen und Anmerkungen und weitere W\u00fcnsche m\u00fcssen ausschlie\u00dflich \u00fcber die Gesch\u00e4ftsstelle in Frankfurt erfolgen. Hier nehmen Sie bitte Kontakt mit Frau Laun auf. Besten Dank. Mit kollegialen...\" \/>\n<meta property=\"og:url\" content=\"https:\/\/www.vkd.com\/lv-bayern\/news\/satzungsaenderung-handout-fuer-alle-zv-vorsitzenden\/\" \/>\n<meta property=\"og:site_name\" content=\"Landesverband der K\u00f6che Bayern\" \/>\n<meta property=\"article:published_time\" content=\"2024-10-31T08:30:51+00:00\" \/>\n<meta property=\"article:modified_time\" content=\"2024-10-31T08:31:37+00:00\" \/>\n<meta property=\"og:image\" content=\"https:\/\/www.vkd.com\/lv-bayern\/wp-content\/uploads\/sites\/14\/2022\/02\/logo-beispiel.png\" \/>\n\t<meta property=\"og:image:width\" content=\"250\" \/>\n\t<meta property=\"og:image:height\" content=\"250\" \/>\n\t<meta property=\"og:image:type\" content=\"image\/png\" \/>\n<meta name=\"author\" content=\"Kostadinov Alexander\" \/>\n<meta name=\"twitter:card\" content=\"summary_large_image\" \/>\n<meta name=\"twitter:label1\" content=\"Verfasst von\" \/>\n\t<meta name=\"twitter:data1\" content=\"Kostadinov Alexander\" \/>\n\t<meta name=\"twitter:label2\" content=\"Gesch\u00e4tzte Lesezeit\" \/>\n\t<meta name=\"twitter:data2\" content=\"1\u00a0Minute\" \/>\n<script type=\"application\/ld+json\" class=\"yoast-schema-graph\">{\"@context\":\"https:\/\/schema.org\",\"@graph\":[{\"@type\":\"WebPage\",\"@id\":\"https:\/\/www.vkd.com\/lv-bayern\/news\/satzungsaenderung-handout-fuer-alle-zv-vorsitzenden\/\",\"url\":\"https:\/\/www.vkd.com\/lv-bayern\/news\/satzungsaenderung-handout-fuer-alle-zv-vorsitzenden\/\",\"name\":\"Satzungs\u00e4nderung - Handout f\u00fcr alle ZV-Vorsitzenden - Landesverband der K\u00f6che Bayern\",\"isPartOf\":{\"@id\":\"https:\/\/www.vkd.com\/lv-bayern\/#website\"},\"datePublished\":\"2024-10-31T08:30:51+00:00\",\"dateModified\":\"2024-10-31T08:31:37+00:00\",\"author\":{\"@id\":\"https:\/\/www.vkd.com\/lv-bayern\/#\/schema\/person\/19c4bb106ca4de98c60e2cb5ac7f572f\"},\"breadcrumb\":{\"@id\":\"https:\/\/www.vkd.com\/lv-bayern\/news\/satzungsaenderung-handout-fuer-alle-zv-vorsitzenden\/#breadcrumb\"},\"inLanguage\":\"de\",\"potentialAction\":[{\"@type\":\"ReadAction\",\"target\":[\"https:\/\/www.vkd.com\/lv-bayern\/news\/satzungsaenderung-handout-fuer-alle-zv-vorsitzenden\/\"]}]},{\"@type\":\"BreadcrumbList\",\"@id\":\"https:\/\/www.vkd.com\/lv-bayern\/news\/satzungsaenderung-handout-fuer-alle-zv-vorsitzenden\/#breadcrumb\",\"itemListElement\":[{\"@type\":\"ListItem\",\"position\":1,\"name\":\"Startseite\",\"item\":\"https:\/\/www.vkd.com\/lv-bayern\/\"},{\"@type\":\"ListItem\",\"position\":2,\"name\":\"Satzungs\u00e4nderung &#8211; Handout f\u00fcr alle ZV-Vorsitzenden\"}]},{\"@type\":\"WebSite\",\"@id\":\"https:\/\/www.vkd.com\/lv-bayern\/#website\",\"url\":\"https:\/\/www.vkd.com\/lv-bayern\/\",\"name\":\"Landesverband der K\u00f6che Bayern\",\"description\":\"Landesverband im Verband der K\u00f6che Deutschlands e.V.\",\"potentialAction\":[{\"@type\":\"SearchAction\",\"target\":{\"@type\":\"EntryPoint\",\"urlTemplate\":\"https:\/\/www.vkd.com\/lv-bayern\/?s={search_term_string}\"},\"query-input\":\"required name=search_term_string\"}],\"inLanguage\":\"de\"},{\"@type\":\"Person\",\"@id\":\"https:\/\/www.vkd.com\/lv-bayern\/#\/schema\/person\/19c4bb106ca4de98c60e2cb5ac7f572f\",\"name\":\"Kostadinov Alexander\",\"image\":{\"@type\":\"ImageObject\",\"inLanguage\":\"de\",\"@id\":\"https:\/\/www.vkd.com\/lv-bayern\/#\/schema\/person\/image\/\",\"url\":\"https:\/\/secure.gravatar.com\/avatar\/b0cb85e5c215fe1114e6d2404492358d?s=96&d=mm&r=g\",\"contentUrl\":\"https:\/\/secure.gravatar.com\/avatar\/b0cb85e5c215fe1114e6d2404492358d?s=96&d=mm&r=g\",\"caption\":\"Kostadinov Alexander\"},\"url\":\"https:\/\/www.vkd.com\/lv-bayern\/news\/author\/gentscher-jungentscher-de\/\"}]}<\/script>\n<!-- \/ Yoast SEO plugin. -->","yoast_head_json":{"title":"Satzungs\u00e4nderung - Handout f\u00fcr alle ZV-Vorsitzenden - Landesverband der K\u00f6che Bayern","robots":{"index":"noindex","follow":"follow","max-snippet":"max-snippet:-1","max-image-preview":"max-image-preview:large","max-video-preview":"max-video-preview:-1"},"og_locale":"de_DE","og_type":"article","og_title":"Satzungs\u00e4nderung - Handout f\u00fcr alle ZV-Vorsitzenden - Landesverband der K\u00f6che Bayern","og_description":"Liebe Mitglieder des Landesverbands Bayern, liebe Mitglieder aller Bayerischen Zweigvereine, anbei finden Sie das erarbeitete Handout zur geplanten Satzungs\u00e4nderung in Abstimmung mit, f\u00fcr uns zust\u00e4ndigen Vizepr\u00e4sidenten Joachim Elflein. R\u00fcckfragen und Anmerkungen und weitere W\u00fcnsche m\u00fcssen ausschlie\u00dflich \u00fcber die Gesch\u00e4ftsstelle in Frankfurt erfolgen. Hier nehmen Sie bitte Kontakt mit Frau Laun auf. Besten Dank. Mit kollegialen...","og_url":"https:\/\/www.vkd.com\/lv-bayern\/news\/satzungsaenderung-handout-fuer-alle-zv-vorsitzenden\/","og_site_name":"Landesverband der K\u00f6che Bayern","article_published_time":"2024-10-31T08:30:51+00:00","article_modified_time":"2024-10-31T08:31:37+00:00","og_image":[{"width":250,"height":250,"url":"https:\/\/www.vkd.com\/lv-bayern\/wp-content\/uploads\/sites\/14\/2022\/02\/logo-beispiel.png","type":"image\/png"}],"author":"Kostadinov Alexander","twitter_card":"summary_large_image","twitter_misc":{"Verfasst von":"Kostadinov Alexander","Gesch\u00e4tzte Lesezeit":"1\u00a0Minute"},"schema":{"@context":"https:\/\/schema.org","@graph":[{"@type":"WebPage","@id":"https:\/\/www.vkd.com\/lv-bayern\/news\/satzungsaenderung-handout-fuer-alle-zv-vorsitzenden\/","url":"https:\/\/www.vkd.com\/lv-bayern\/news\/satzungsaenderung-handout-fuer-alle-zv-vorsitzenden\/","name":"Satzungs\u00e4nderung - Handout f\u00fcr alle ZV-Vorsitzenden - Landesverband der K\u00f6che Bayern","isPartOf":{"@id":"https:\/\/www.vkd.com\/lv-bayern\/#website"},"datePublished":"2024-10-31T08:30:51+00:00","dateModified":"2024-10-31T08:31:37+00:00","author":{"@id":"https:\/\/www.vkd.com\/lv-bayern\/#\/schema\/person\/19c4bb106ca4de98c60e2cb5ac7f572f"},"breadcrumb":{"@id":"https:\/\/www.vkd.com\/lv-bayern\/news\/satzungsaenderung-handout-fuer-alle-zv-vorsitzenden\/#breadcrumb"},"inLanguage":"de","potentialAction":[{"@type":"ReadAction","target":["https:\/\/www.vkd.com\/lv-bayern\/news\/satzungsaenderung-handout-fuer-alle-zv-vorsitzenden\/"]}]},{"@type":"BreadcrumbList","@id":"https:\/\/www.vkd.com\/lv-bayern\/news\/satzungsaenderung-handout-fuer-alle-zv-vorsitzenden\/#breadcrumb","itemListElement":[{"@type":"ListItem","position":1,"name":"Startseite","item":"https:\/\/www.vkd.com\/lv-bayern\/"},{"@type":"ListItem","position":2,"name":"Satzungs\u00e4nderung &#8211; Handout f\u00fcr alle ZV-Vorsitzenden"}]},{"@type":"WebSite","@id":"https:\/\/www.vkd.com\/lv-bayern\/#website","url":"https:\/\/www.vkd.com\/lv-bayern\/","name":"Landesverband der K\u00f6che Bayern","description":"Landesverband im Verband der K\u00f6che Deutschlands e.V.","potentialAction":[{"@type":"SearchAction","target":{"@type":"EntryPoint","urlTemplate":"https:\/\/www.vkd.com\/lv-bayern\/?s={search_term_string}"},"query-input":"required name=search_term_string"}],"inLanguage":"de"},{"@type":"Person","@id":"https:\/\/www.vkd.com\/lv-bayern\/#\/schema\/person\/19c4bb106ca4de98c60e2cb5ac7f572f","name":"Kostadinov Alexander","image":{"@type":"ImageObject","inLanguage":"de","@id":"https:\/\/www.vkd.com\/lv-bayern\/#\/schema\/person\/image\/","url":"https:\/\/secure.gravatar.com\/avatar\/b0cb85e5c215fe1114e6d2404492358d?s=96&d=mm&r=g","contentUrl":"https:\/\/secure.gravatar.com\/avatar\/b0cb85e5c215fe1114e6d2404492358d?s=96&d=mm&r=g","caption":"Kostadinov Alexander"},"url":"https:\/\/www.vkd.com\/lv-bayern\/news\/author\/gentscher-jungentscher-de\/"}]}},"_links":{"self":[{"href":"https:\/\/www.vkd.com\/lv-bayern\/wp-json\/wp\/v2\/posts\/997"}],"collection":[{"href":"https:\/\/www.vkd.com\/lv-bayern\/wp-json\/wp\/v2\/posts"}],"about":[{"href":"https:\/\/www.vkd.com\/lv-bayern\/wp-json\/wp\/v2\/types\/post"}],"author":[{"embeddable":true,"href":"https:\/\/www.vkd.com\/lv-bayern\/wp-json\/wp\/v2\/users\/1955"}],"replies":[{"embeddable":true,"href":"https:\/\/www.vkd.com\/lv-bayern\/wp-json\/wp\/v2\/comments?post=997"}],"version-history":[{"count":5,"href":"https:\/\/www.vkd.com\/lv-bayern\/wp-json\/wp\/v2\/posts\/997\/revisions"}],"predecessor-version":[{"id":1009,"href":"https:\/\/www.vkd.com\/lv-bayern\/wp-json\/wp\/v2\/posts\/997\/revisions\/1009"}],"wp:featuredmedia":[{"embeddable":true,"href":"https:\/\/www.vkd.com\/lv-bayern\/wp-json\/wp\/v2\/media\/332"}],"wp:attachment":[{"href":"https:\/\/www.vkd.com\/lv-bayern\/wp-json\/wp\/v2\/media?parent=997"}],"wp:term":[{"taxonomy":"category","embeddable":true,"href":"https:\/\/www.vkd.com\/lv-bayern\/wp-json\/wp\/v2\/categories?post=997"},{"taxonomy":"post_tag","embeddable":true,"href":"https:\/\/www.vkd.com\/lv-bayern\/wp-json\/wp\/v2\/tags?post=997"}],"curies":[{"name":"wp","href":"https:\/\/api.w.org\/{rel}","templated":true}]}}