{"id":916,"date":"2024-10-28T09:16:54","date_gmt":"2024-10-28T08:16:54","guid":{"rendered":"https:\/\/www.vkd.com\/lv-bayern\/?p=916"},"modified":"2024-10-29T11:20:55","modified_gmt":"2024-10-29T10:20:55","slug":"herbsttagung-des-landesverband-bayern-in-muenchen","status":"publish","type":"post","link":"https:\/\/www.vkd.com\/lv-bayern\/news\/herbsttagung-des-landesverband-bayern-in-muenchen\/","title":{"rendered":"Herbsttagung des Landesverband Bayern in M\u00fcnchen"},"content":{"rendered":"<p>Am 26.10.2024 fand unsere Herbsttagung im Augustiner Keller in M\u00fcnchen statt. Zahlreiche Kolleginnen und Kollegen aus den Zweigvereinen M\u00fcnchen, Oberallg\u00e4u, Rosenheim, Werdenfelser Land, N\u00fcrnberg, Bayerwald, Donau-Ries, Ingolstadt, W\u00fcrzburg, Landshut, Bamberg, Aschaffenburg-Miltenberg, Inn-Salzach, Augsburg, Chiemgau, Lindau-Westallg\u00e4u und Tegernsee-Schlierseer Tal. Ebenso durften wir Kollegen aus dem Landesverband Baden-W\u00fcrttemberg sowie unseren Vizepr\u00e4sidenten Joachim Elflein in unseren Reihen begr\u00fc\u00dfen.<\/p>\n<p>Nach der Begr\u00fc\u00dfung sowie einen straffen Programm am Vormittag, wo alle Zweigvereine aus Ihren Regionen uns berichteten und wir uns zusammen im Gedankenaustausch rege unterhalten haben wurde auch unser Zugpferd f\u00fcr das kommende Jahr, DAS KOCHCAMP vom Team des Camps vorgestellt. Hier freuen wir uns schon auf das Highlight 2025.<\/p>\n<p>Im Anschluss folgte der Bericht von unseren Jugendwarten \u00fcber aktuelle Projekte sowie eine kleine Vorschau f\u00fcr den Achenbachpreis 2025.<\/p>\n<p>Danach folgte die Vorstellung unserer neuen Internetseite in Zusammenarbeit auf der Grundlage der VKD-Domain. Gerne werden wir hier in Zukunft unseren Zweigvereinen die M\u00f6glichkeit geben ihre Neuigkeiten, Aktionen, Jugendarbeit, Wettbewerbe sowie Nachrufe online zu stellen.<\/p>\n<p>Weiter berichtet dann sowohl der Landesverband Baden-W\u00fcrttemberg sowie unsere Vizepr\u00e4sidenten Joachim Elflein \u00fcber Neuigkeiten und Ver\u00e4nderungen. Joachim Elflein hatte eine Vielzahl von neuen Informationen f\u00fcr uns, welche in K\u00fcrze auch auf Bundeebene ver\u00f6ffentlicht werden.<br \/>\nEinen ersten Auszug aus den \u00dcberlegungen und der Vorstellung der geplanten gro\u00dfen Satzungs\u00e4nderung des VKD, welche es geben soll, wurde ebenso mit regem Interesse verfolgt und diskutiert. Hierzu folgen noch weitere Ver\u00f6ffentlichungen vom VKD aus Frankfurt.<\/p>\n<p>Nach einen leckerem Mittagessen, unterst\u00fctz von Legomo , Bon Pastaio sowie der K\u00fcche des Augustiner Kellers den gings auch schon wieder ans Werk und wir konnten spannenden Vortr\u00e4gen von PacoJet, Udo Walter Patisserie und Legomo folgen. Wir bedanken uns hier nochmals sehr herzlich!<\/p>\n<p>Nach einen lustigen Gruppenfoto folgte dann noch eine Ehrung f\u00fcr 50 Jahre Mitgliedschaft im Verband . Erhart Koch wurde hier f\u00fcr sein Lebenswerk geehrt.<\/p>\n<p>Zum Abschluss bedankte sich der Landesverband nochmals bei allen Teilnehmern f\u00fcr die Unterst\u00fctzung und den regen Austausch, was uns best\u00e4rkt, dass wir uns auf einem guten Weg befinden. Den Termin f\u00fcr die Fr\u00fchjahrstagung werden wir dann gerne wieder rechtzeitig ver\u00f6ffentlichen.<\/p>\n<p>Ein herzlicher Danke geht auch an unsere Sponsoren PacoJet, Udo Walter Patisserie, Adelholzener, Legomo, Hamberger, Augustiner Keller und Bon Pastaio.<\/p>\n<p>Vielen Dank f\u00fcr das Vertrauen<br \/>\nEure Vorstandschaft<\/p>\n<p>&nbsp;<\/p>\n","protected":false},"excerpt":{"rendered":"<p>Am 26.10.2024 fand unsere Herbsttagung im Augustiner Keller in M\u00fcnchen statt. Zahlreiche Kolleginnen und Kollegen aus den Zweigvereinen M\u00fcnchen, Oberallg\u00e4u, Rosenheim, Werdenfelser Land, N\u00fcrnberg, Bayerwald, Donau-Ries, Ingolstadt, W\u00fcrzburg, Landshut, Bamberg, Aschaffenburg-Miltenberg, Inn-Salzach, Augsburg, Chiemgau, Lindau-Westallg\u00e4u und Tegernsee-Schlierseer Tal. Ebenso durften wir Kollegen aus dem Landesverband Baden-W\u00fcrttemberg sowie unseren Vizepr\u00e4sidenten Joachim Elflein in unseren Reihen begr\u00fc\u00dfen&#8230;.<\/p>\n","protected":false},"author":1955,"featured_media":921,"comment_status":"closed","ping_status":"open","sticky":false,"template":"","format":"standard","meta":[],"categories":[1],"tags":[],"yoast_head":"<!-- This site is optimized with the Yoast SEO plugin v20.0 - https:\/\/yoast.com\/wordpress\/plugins\/seo\/ -->\n<title>Herbsttagung des Landesverband Bayern in M\u00fcnchen - Landesverband der K\u00f6che Bayern<\/title>\n<meta name=\"robots\" content=\"noindex, follow, max-snippet:-1, max-image-preview:large, max-video-preview:-1\" \/>\n<meta property=\"og:locale\" content=\"de_DE\" \/>\n<meta property=\"og:type\" content=\"article\" \/>\n<meta property=\"og:title\" content=\"Herbsttagung des Landesverband Bayern in M\u00fcnchen - Landesverband der K\u00f6che Bayern\" \/>\n<meta property=\"og:description\" content=\"Am 26.10.2024 fand unsere Herbsttagung im Augustiner Keller in M\u00fcnchen statt. Zahlreiche Kolleginnen und Kollegen aus den Zweigvereinen M\u00fcnchen, Oberallg\u00e4u, Rosenheim, Werdenfelser Land, N\u00fcrnberg, Bayerwald, Donau-Ries, Ingolstadt, W\u00fcrzburg, Landshut, Bamberg, Aschaffenburg-Miltenberg, Inn-Salzach, Augsburg, Chiemgau, Lindau-Westallg\u00e4u und Tegernsee-Schlierseer Tal. Ebenso durften wir Kollegen aus dem Landesverband Baden-W\u00fcrttemberg sowie unseren Vizepr\u00e4sidenten Joachim Elflein in unseren Reihen begr\u00fc\u00dfen....\" \/>\n<meta property=\"og:url\" content=\"https:\/\/www.vkd.com\/lv-bayern\/news\/herbsttagung-des-landesverband-bayern-in-muenchen\/\" \/>\n<meta property=\"og:site_name\" content=\"Landesverband der K\u00f6che Bayern\" \/>\n<meta property=\"article:published_time\" content=\"2024-10-28T08:16:54+00:00\" \/>\n<meta property=\"article:modified_time\" content=\"2024-10-29T10:20:55+00:00\" \/>\n<meta property=\"og:image\" content=\"https:\/\/www.vkd.com\/lv-bayern\/wp-content\/uploads\/sites\/14\/2024\/10\/IMG-20241026-WA0017.jpg\" \/>\n\t<meta property=\"og:image:width\" content=\"2048\" \/>\n\t<meta property=\"og:image:height\" content=\"1806\" \/>\n\t<meta property=\"og:image:type\" content=\"image\/jpeg\" \/>\n<meta name=\"author\" content=\"Kostadinov Alexander\" \/>\n<meta name=\"twitter:card\" content=\"summary_large_image\" \/>\n<meta name=\"twitter:label1\" content=\"Verfasst von\" \/>\n\t<meta name=\"twitter:data1\" content=\"Kostadinov Alexander\" \/>\n\t<meta name=\"twitter:label2\" content=\"Gesch\u00e4tzte Lesezeit\" \/>\n\t<meta name=\"twitter:data2\" content=\"3\u00a0Minuten\" \/>\n<script type=\"application\/ld+json\" class=\"yoast-schema-graph\">{\"@context\":\"https:\/\/schema.org\",\"@graph\":[{\"@type\":\"WebPage\",\"@id\":\"https:\/\/www.vkd.com\/lv-bayern\/news\/herbsttagung-des-landesverband-bayern-in-muenchen\/\",\"url\":\"https:\/\/www.vkd.com\/lv-bayern\/news\/herbsttagung-des-landesverband-bayern-in-muenchen\/\",\"name\":\"Herbsttagung des Landesverband Bayern in M\u00fcnchen - Landesverband der K\u00f6che Bayern\",\"isPartOf\":{\"@id\":\"https:\/\/www.vkd.com\/lv-bayern\/#website\"},\"datePublished\":\"2024-10-28T08:16:54+00:00\",\"dateModified\":\"2024-10-29T10:20:55+00:00\",\"author\":{\"@id\":\"https:\/\/www.vkd.com\/lv-bayern\/#\/schema\/person\/19c4bb106ca4de98c60e2cb5ac7f572f\"},\"breadcrumb\":{\"@id\":\"https:\/\/www.vkd.com\/lv-bayern\/news\/herbsttagung-des-landesverband-bayern-in-muenchen\/#breadcrumb\"},\"inLanguage\":\"de\",\"potentialAction\":[{\"@type\":\"ReadAction\",\"target\":[\"https:\/\/www.vkd.com\/lv-bayern\/news\/herbsttagung-des-landesverband-bayern-in-muenchen\/\"]}]},{\"@type\":\"BreadcrumbList\",\"@id\":\"https:\/\/www.vkd.com\/lv-bayern\/news\/herbsttagung-des-landesverband-bayern-in-muenchen\/#breadcrumb\",\"itemListElement\":[{\"@type\":\"ListItem\",\"position\":1,\"name\":\"Startseite\",\"item\":\"https:\/\/www.vkd.com\/lv-bayern\/\"},{\"@type\":\"ListItem\",\"position\":2,\"name\":\"Herbsttagung des Landesverband Bayern in M\u00fcnchen\"}]},{\"@type\":\"WebSite\",\"@id\":\"https:\/\/www.vkd.com\/lv-bayern\/#website\",\"url\":\"https:\/\/www.vkd.com\/lv-bayern\/\",\"name\":\"Landesverband der K\u00f6che Bayern\",\"description\":\"Landesverband im Verband der K\u00f6che Deutschlands e.V.\",\"potentialAction\":[{\"@type\":\"SearchAction\",\"target\":{\"@type\":\"EntryPoint\",\"urlTemplate\":\"https:\/\/www.vkd.com\/lv-bayern\/?s={search_term_string}\"},\"query-input\":\"required name=search_term_string\"}],\"inLanguage\":\"de\"},{\"@type\":\"Person\",\"@id\":\"https:\/\/www.vkd.com\/lv-bayern\/#\/schema\/person\/19c4bb106ca4de98c60e2cb5ac7f572f\",\"name\":\"Kostadinov Alexander\",\"image\":{\"@type\":\"ImageObject\",\"inLanguage\":\"de\",\"@id\":\"https:\/\/www.vkd.com\/lv-bayern\/#\/schema\/person\/image\/\",\"url\":\"https:\/\/secure.gravatar.com\/avatar\/b0cb85e5c215fe1114e6d2404492358d?s=96&d=mm&r=g\",\"contentUrl\":\"https:\/\/secure.gravatar.com\/avatar\/b0cb85e5c215fe1114e6d2404492358d?s=96&d=mm&r=g\",\"caption\":\"Kostadinov Alexander\"},\"url\":\"https:\/\/www.vkd.com\/lv-bayern\/news\/author\/gentscher-jungentscher-de\/\"}]}<\/script>\n<!-- \/ Yoast SEO plugin. -->","yoast_head_json":{"title":"Herbsttagung des Landesverband Bayern in M\u00fcnchen - Landesverband der K\u00f6che Bayern","robots":{"index":"noindex","follow":"follow","max-snippet":"max-snippet:-1","max-image-preview":"max-image-preview:large","max-video-preview":"max-video-preview:-1"},"og_locale":"de_DE","og_type":"article","og_title":"Herbsttagung des Landesverband Bayern in M\u00fcnchen - Landesverband der K\u00f6che Bayern","og_description":"Am 26.10.2024 fand unsere Herbsttagung im Augustiner Keller in M\u00fcnchen statt. Zahlreiche Kolleginnen und Kollegen aus den Zweigvereinen M\u00fcnchen, Oberallg\u00e4u, Rosenheim, Werdenfelser Land, N\u00fcrnberg, Bayerwald, Donau-Ries, Ingolstadt, W\u00fcrzburg, Landshut, Bamberg, Aschaffenburg-Miltenberg, Inn-Salzach, Augsburg, Chiemgau, Lindau-Westallg\u00e4u und Tegernsee-Schlierseer Tal. Ebenso durften wir Kollegen aus dem Landesverband Baden-W\u00fcrttemberg sowie unseren Vizepr\u00e4sidenten Joachim Elflein in unseren Reihen begr\u00fc\u00dfen....","og_url":"https:\/\/www.vkd.com\/lv-bayern\/news\/herbsttagung-des-landesverband-bayern-in-muenchen\/","og_site_name":"Landesverband der K\u00f6che Bayern","article_published_time":"2024-10-28T08:16:54+00:00","article_modified_time":"2024-10-29T10:20:55+00:00","og_image":[{"width":2048,"height":1806,"url":"https:\/\/www.vkd.com\/lv-bayern\/wp-content\/uploads\/sites\/14\/2024\/10\/IMG-20241026-WA0017.jpg","type":"image\/jpeg"}],"author":"Kostadinov Alexander","twitter_card":"summary_large_image","twitter_misc":{"Verfasst von":"Kostadinov Alexander","Gesch\u00e4tzte Lesezeit":"3\u00a0Minuten"},"schema":{"@context":"https:\/\/schema.org","@graph":[{"@type":"WebPage","@id":"https:\/\/www.vkd.com\/lv-bayern\/news\/herbsttagung-des-landesverband-bayern-in-muenchen\/","url":"https:\/\/www.vkd.com\/lv-bayern\/news\/herbsttagung-des-landesverband-bayern-in-muenchen\/","name":"Herbsttagung des Landesverband Bayern in M\u00fcnchen - Landesverband der K\u00f6che Bayern","isPartOf":{"@id":"https:\/\/www.vkd.com\/lv-bayern\/#website"},"datePublished":"2024-10-28T08:16:54+00:00","dateModified":"2024-10-29T10:20:55+00:00","author":{"@id":"https:\/\/www.vkd.com\/lv-bayern\/#\/schema\/person\/19c4bb106ca4de98c60e2cb5ac7f572f"},"breadcrumb":{"@id":"https:\/\/www.vkd.com\/lv-bayern\/news\/herbsttagung-des-landesverband-bayern-in-muenchen\/#breadcrumb"},"inLanguage":"de","potentialAction":[{"@type":"ReadAction","target":["https:\/\/www.vkd.com\/lv-bayern\/news\/herbsttagung-des-landesverband-bayern-in-muenchen\/"]}]},{"@type":"BreadcrumbList","@id":"https:\/\/www.vkd.com\/lv-bayern\/news\/herbsttagung-des-landesverband-bayern-in-muenchen\/#breadcrumb","itemListElement":[{"@type":"ListItem","position":1,"name":"Startseite","item":"https:\/\/www.vkd.com\/lv-bayern\/"},{"@type":"ListItem","position":2,"name":"Herbsttagung des Landesverband Bayern in M\u00fcnchen"}]},{"@type":"WebSite","@id":"https:\/\/www.vkd.com\/lv-bayern\/#website","url":"https:\/\/www.vkd.com\/lv-bayern\/","name":"Landesverband der K\u00f6che Bayern","description":"Landesverband im Verband der K\u00f6che Deutschlands e.V.","potentialAction":[{"@type":"SearchAction","target":{"@type":"EntryPoint","urlTemplate":"https:\/\/www.vkd.com\/lv-bayern\/?s={search_term_string}"},"query-input":"required name=search_term_string"}],"inLanguage":"de"},{"@type":"Person","@id":"https:\/\/www.vkd.com\/lv-bayern\/#\/schema\/person\/19c4bb106ca4de98c60e2cb5ac7f572f","name":"Kostadinov Alexander","image":{"@type":"ImageObject","inLanguage":"de","@id":"https:\/\/www.vkd.com\/lv-bayern\/#\/schema\/person\/image\/","url":"https:\/\/secure.gravatar.com\/avatar\/b0cb85e5c215fe1114e6d2404492358d?s=96&d=mm&r=g","contentUrl":"https:\/\/secure.gravatar.com\/avatar\/b0cb85e5c215fe1114e6d2404492358d?s=96&d=mm&r=g","caption":"Kostadinov Alexander"},"url":"https:\/\/www.vkd.com\/lv-bayern\/news\/author\/gentscher-jungentscher-de\/"}]}},"_links":{"self":[{"href":"https:\/\/www.vkd.com\/lv-bayern\/wp-json\/wp\/v2\/posts\/916"}],"collection":[{"href":"https:\/\/www.vkd.com\/lv-bayern\/wp-json\/wp\/v2\/posts"}],"about":[{"href":"https:\/\/www.vkd.com\/lv-bayern\/wp-json\/wp\/v2\/types\/post"}],"author":[{"embeddable":true,"href":"https:\/\/www.vkd.com\/lv-bayern\/wp-json\/wp\/v2\/users\/1955"}],"replies":[{"embeddable":true,"href":"https:\/\/www.vkd.com\/lv-bayern\/wp-json\/wp\/v2\/comments?post=916"}],"version-history":[{"count":7,"href":"https:\/\/www.vkd.com\/lv-bayern\/wp-json\/wp\/v2\/posts\/916\/revisions"}],"predecessor-version":[{"id":1005,"href":"https:\/\/www.vkd.com\/lv-bayern\/wp-json\/wp\/v2\/posts\/916\/revisions\/1005"}],"wp:featuredmedia":[{"embeddable":true,"href":"https:\/\/www.vkd.com\/lv-bayern\/wp-json\/wp\/v2\/media\/921"}],"wp:attachment":[{"href":"https:\/\/www.vkd.com\/lv-bayern\/wp-json\/wp\/v2\/media?parent=916"}],"wp:term":[{"taxonomy":"category","embeddable":true,"href":"https:\/\/www.vkd.com\/lv-bayern\/wp-json\/wp\/v2\/categories?post=916"},{"taxonomy":"post_tag","embeddable":true,"href":"https:\/\/www.vkd.com\/lv-bayern\/wp-json\/wp\/v2\/tags?post=916"}],"curies":[{"name":"wp","href":"https:\/\/api.w.org\/{rel}","templated":true}]}}