{"id":908,"date":"2024-10-28T08:26:33","date_gmt":"2024-10-28T07:26:33","guid":{"rendered":"https:\/\/www.vkd.com\/lv-bayern\/?p=908"},"modified":"2024-10-28T08:26:33","modified_gmt":"2024-10-28T07:26:33","slug":"besuch-beim-125-jaehrigen-jubilaeum-des-kochclubs-muenchen","status":"publish","type":"post","link":"https:\/\/www.vkd.com\/lv-bayern\/news\/besuch-beim-125-jaehrigen-jubilaeum-des-kochclubs-muenchen\/","title":{"rendered":"Besuch beim 125. j\u00e4hrigen Jubil\u00e4um des Kochclubs M\u00fcnchen"},"content":{"rendered":"<p>Am 25.10.2024 wurde das 125. j\u00e4hrigen Jubil\u00e4um des Kochclubs M\u00fcnchen gro\u00df im Augustiner Keller gefeiert. Ein gelungener Abend mit vielen G\u00e4sten aus der gro\u00dfen bayrischen K\u00f6chefamilie sowie offiziellen Vertretern der Landeshauptstadt M\u00fcnchen sowie Internationalen Partnervereinen. Geehrt wurde u.a. auch unser 1. Landesvorsitzender Ralf B. Meneghini f\u00fcr seine langj\u00e4hrige Treue zum Kochclub M\u00fcnchen. Der Landesverband Bayern bedankt sich sehr herzlich bei den Kollegen aus M\u00fcnchen f\u00fcr den gelungenen Abend und w\u00fcnscht weiterhin viel Erfolg!<\/p>\n<p>&nbsp;<\/p>\n\n<div id=\"gallery-910\" class=\"vkdgal-gallery-wrap gallery-grid \">\n    <div class=\"col-md-12\">\n        <div class=\"row\">\n            <div class=\"gal\" data-featherlight-gallery style=\"display: grid; grid-template-columns: repeat(3, 1fr); grid-column-gap: 10px;\">\n                                    <div class=\"item\">\n                        <a href=\"https:\/\/www.vkd.com\/lv-bayern\/wp-content\/uploads\/sites\/14\/2024\/10\/WhatsApp-Bild-2024-10-26-um-18.25.31_5cae9b38-768x1024.jpg\" title=\"Whatsapp Bild 2024 10 26 Um 18.25.31 5cae9b38\">\n                            <img class=\"img-full\" src=\"https:\/\/www.vkd.com\/lv-bayern\/wp-content\/uploads\/sites\/14\/2024\/10\/WhatsApp-Bild-2024-10-26-um-18.25.31_5cae9b38-768x1024.jpg\" title=\"Galerie bei Bild 1 \u00f6ffnen\" alt=\"Whatsapp Bild 2024 10 26 Um 18.25.31 5cae9b38\"\/>\n                        <\/a>\n                    <\/div>\n                                    <div class=\"item\">\n                        <a href=\"https:\/\/www.vkd.com\/lv-bayern\/wp-content\/uploads\/sites\/14\/2024\/10\/WhatsApp-Bild-2024-10-26-um-18.25.33_0b089b65-768x1024.jpg\" title=\"Whatsapp Bild 2024 10 26 Um 18.25.33 0b089b65\">\n                            <img class=\"img-full\" src=\"https:\/\/www.vkd.com\/lv-bayern\/wp-content\/uploads\/sites\/14\/2024\/10\/WhatsApp-Bild-2024-10-26-um-18.25.33_0b089b65-768x1024.jpg\" title=\"Galerie bei Bild 2 \u00f6ffnen\" alt=\"Whatsapp Bild 2024 10 26 Um 18.25.33 0b089b65\"\/>\n                        <\/a>\n                    <\/div>\n                                    <div class=\"item\">\n                        <a href=\"https:\/\/www.vkd.com\/lv-bayern\/wp-content\/uploads\/sites\/14\/2024\/10\/IMG-20241027-WA0013-668x1024.jpg\" title=\"Img 20241027 Wa0013\">\n                            <img class=\"img-full\" src=\"https:\/\/www.vkd.com\/lv-bayern\/wp-content\/uploads\/sites\/14\/2024\/10\/IMG-20241027-WA0013-668x1024.jpg\" title=\"Galerie bei Bild 3 \u00f6ffnen\" alt=\"Img 20241027 Wa0013\"\/>\n                        <\/a>\n                    <\/div>\n                                    <div class=\"item\">\n                        <a href=\"https:\/\/www.vkd.com\/lv-bayern\/wp-content\/uploads\/sites\/14\/2024\/10\/IMG-20241027-WA0002-1024x740.jpg\" title=\"Img 20241027 Wa0002\">\n                            <img class=\"img-full\" src=\"https:\/\/www.vkd.com\/lv-bayern\/wp-content\/uploads\/sites\/14\/2024\/10\/IMG-20241027-WA0002-1024x740.jpg\" title=\"Galerie bei Bild 4 \u00f6ffnen\" alt=\"Img 20241027 Wa0002\"\/>\n                        <\/a>\n                    <\/div>\n                                    <div class=\"item\">\n                        <a href=\"https:\/\/www.vkd.com\/lv-bayern\/wp-content\/uploads\/sites\/14\/2024\/10\/WhatsApp-Bild-2024-10-26-um-18.25.34_b218208d-1024x768.jpg\" title=\"Whatsapp Bild 2024 10 26 Um 18.25.34 B218208d\">\n                            <img class=\"img-full\" src=\"https:\/\/www.vkd.com\/lv-bayern\/wp-content\/uploads\/sites\/14\/2024\/10\/WhatsApp-Bild-2024-10-26-um-18.25.34_b218208d-1024x768.jpg\" title=\"Galerie bei Bild 5 \u00f6ffnen\" alt=\"Whatsapp Bild 2024 10 26 Um 18.25.34 B218208d\"\/>\n                        <\/a>\n                    <\/div>\n                                    <div class=\"item\">\n                        <a href=\"https:\/\/www.vkd.com\/lv-bayern\/wp-content\/uploads\/sites\/14\/2024\/10\/WhatsApp-Bild-2024-10-26-um-18.25.36_08555275-1024x768.jpg\" title=\"Whatsapp Bild 2024 10 26 Um 18.25.36 08555275\">\n                            <img class=\"img-full\" src=\"https:\/\/www.vkd.com\/lv-bayern\/wp-content\/uploads\/sites\/14\/2024\/10\/WhatsApp-Bild-2024-10-26-um-18.25.36_08555275-1024x768.jpg\" title=\"Galerie bei Bild 6 \u00f6ffnen\" alt=\"Whatsapp Bild 2024 10 26 Um 18.25.36 08555275\"\/>\n                        <\/a>\n                    <\/div>\n                                    <div class=\"item\">\n                        <a href=\"https:\/\/www.vkd.com\/lv-bayern\/wp-content\/uploads\/sites\/14\/2024\/10\/IMG-20241027-WA0005-576x1024.jpg\" title=\"Img 20241027 Wa0005\">\n                            <img class=\"img-full\" src=\"https:\/\/www.vkd.com\/lv-bayern\/wp-content\/uploads\/sites\/14\/2024\/10\/IMG-20241027-WA0005-576x1024.jpg\" title=\"Galerie bei Bild 7 \u00f6ffnen\" alt=\"Img 20241027 Wa0005\"\/>\n                        <\/a>\n                    <\/div>\n                                    <div class=\"item\">\n                        <a href=\"https:\/\/www.vkd.com\/lv-bayern\/wp-content\/uploads\/sites\/14\/2024\/10\/IMG-20241027-WA0023-572x1024.jpg\" title=\"Img 20241027 Wa0023\">\n                            <img class=\"img-full\" src=\"https:\/\/www.vkd.com\/lv-bayern\/wp-content\/uploads\/sites\/14\/2024\/10\/IMG-20241027-WA0023-572x1024.jpg\" title=\"Galerie bei Bild 8 \u00f6ffnen\" alt=\"Img 20241027 Wa0023\"\/>\n                        <\/a>\n                    <\/div>\n                                    <div class=\"item\">\n                        <a href=\"https:\/\/www.vkd.com\/lv-bayern\/wp-content\/uploads\/sites\/14\/2024\/10\/IMG-20241027-WA0007-576x1024.jpg\" title=\"Img 20241027 Wa0007\">\n                            <img class=\"img-full\" src=\"https:\/\/www.vkd.com\/lv-bayern\/wp-content\/uploads\/sites\/14\/2024\/10\/IMG-20241027-WA0007-576x1024.jpg\" title=\"Galerie bei Bild 9 \u00f6ffnen\" alt=\"Img 20241027 Wa0007\"\/>\n                        <\/a>\n                    <\/div>\n                                    <div class=\"item\">\n                        <a href=\"https:\/\/www.vkd.com\/lv-bayern\/wp-content\/uploads\/sites\/14\/2024\/10\/IMG-20241027-WA0001-1024x570.jpg\" title=\"Img 20241027 Wa0001\">\n                            <img class=\"img-full\" src=\"https:\/\/www.vkd.com\/lv-bayern\/wp-content\/uploads\/sites\/14\/2024\/10\/IMG-20241027-WA0001-1024x570.jpg\" title=\"Galerie bei Bild 10 \u00f6ffnen\" alt=\"Img 20241027 Wa0001\"\/>\n                        <\/a>\n                    <\/div>\n                                    <div class=\"item\">\n                        <a href=\"https:\/\/www.vkd.com\/lv-bayern\/wp-content\/uploads\/sites\/14\/2024\/10\/IMG-20241027-WA0008-1024x472.jpg\" title=\"Img 20241027 Wa0008\">\n                            <img class=\"img-full\" src=\"https:\/\/www.vkd.com\/lv-bayern\/wp-content\/uploads\/sites\/14\/2024\/10\/IMG-20241027-WA0008-1024x472.jpg\" title=\"Galerie bei Bild 11 \u00f6ffnen\" alt=\"Img 20241027 Wa0008\"\/>\n                        <\/a>\n                    <\/div>\n                                    <div class=\"item\">\n                        <a href=\"https:\/\/www.vkd.com\/lv-bayern\/wp-content\/uploads\/sites\/14\/2024\/10\/IMG-20241027-WA0003-1024x774.jpg\" title=\"Img 20241027 Wa0003\">\n                            <img class=\"img-full\" src=\"https:\/\/www.vkd.com\/lv-bayern\/wp-content\/uploads\/sites\/14\/2024\/10\/IMG-20241027-WA0003-1024x774.jpg\" title=\"Galerie bei Bild 12 \u00f6ffnen\" alt=\"Img 20241027 Wa0003\"\/>\n                        <\/a>\n                    <\/div>\n                                    <div class=\"item\">\n                        <a href=\"https:\/\/www.vkd.com\/lv-bayern\/wp-content\/uploads\/sites\/14\/2024\/10\/IMG-20241027-WA0009-1024x740.jpg\" title=\"Img 20241027 Wa0009\">\n                            <img class=\"img-full\" src=\"https:\/\/www.vkd.com\/lv-bayern\/wp-content\/uploads\/sites\/14\/2024\/10\/IMG-20241027-WA0009-1024x740.jpg\" title=\"Galerie bei Bild 13 \u00f6ffnen\" alt=\"Img 20241027 Wa0009\"\/>\n                        <\/a>\n                    <\/div>\n                                    <div class=\"item\">\n                        <a href=\"https:\/\/www.vkd.com\/lv-bayern\/wp-content\/uploads\/sites\/14\/2024\/10\/IMG-20241027-WA0030-1024x768.jpg\" title=\"Img 20241027 Wa0030\">\n                            <img class=\"img-full\" src=\"https:\/\/www.vkd.com\/lv-bayern\/wp-content\/uploads\/sites\/14\/2024\/10\/IMG-20241027-WA0030-1024x768.jpg\" title=\"Galerie bei Bild 14 \u00f6ffnen\" alt=\"Img 20241027 Wa0030\"\/>\n                        <\/a>\n                    <\/div>\n                                    <div class=\"item\">\n                        <a href=\"https:\/\/www.vkd.com\/lv-bayern\/wp-content\/uploads\/sites\/14\/2024\/10\/IMG-20241027-WA0025-575x1024.jpg\" title=\"Img 20241027 Wa0025\">\n                            <img class=\"img-full\" src=\"https:\/\/www.vkd.com\/lv-bayern\/wp-content\/uploads\/sites\/14\/2024\/10\/IMG-20241027-WA0025-575x1024.jpg\" title=\"Galerie bei Bild 15 \u00f6ffnen\" alt=\"Img 20241027 Wa0025\"\/>\n                        <\/a>\n                    <\/div>\n                            <\/div>\n        <\/div>\n    <\/div>\n<\/div>\n\n\n","protected":false},"excerpt":{"rendered":"<p>Am 25.10.2024 wurde das 125. j\u00e4hrigen Jubil\u00e4um des Kochclubs M\u00fcnchen gro\u00df im Augustiner Keller gefeiert. Ein gelungener Abend mit vielen G\u00e4sten aus der gro\u00dfen bayrischen K\u00f6chefamilie sowie offiziellen Vertretern der Landeshauptstadt M\u00fcnchen sowie Internationalen Partnervereinen. Geehrt wurde u.a. auch unser 1. Landesvorsitzender Ralf B. Meneghini f\u00fcr seine langj\u00e4hrige Treue zum Kochclub M\u00fcnchen. Der Landesverband Bayern&#8230;<\/p>\n","protected":false},"author":1955,"featured_media":825,"comment_status":"closed","ping_status":"open","sticky":false,"template":"","format":"standard","meta":[],"categories":[1],"tags":[6,23,5,21,20,22,11],"yoast_head":"<!-- This site is optimized with the Yoast SEO plugin v20.0 - https:\/\/yoast.com\/wordpress\/plugins\/seo\/ -->\n<title>Besuch beim 125. j\u00e4hrigen Jubil\u00e4um des Kochclubs M\u00fcnchen - Landesverband der K\u00f6che Bayern<\/title>\n<meta name=\"robots\" content=\"noindex, follow, max-snippet:-1, max-image-preview:large, max-video-preview:-1\" \/>\n<meta property=\"og:locale\" content=\"de_DE\" \/>\n<meta property=\"og:type\" content=\"article\" \/>\n<meta property=\"og:title\" content=\"Besuch beim 125. j\u00e4hrigen Jubil\u00e4um des Kochclubs M\u00fcnchen - Landesverband der K\u00f6che Bayern\" \/>\n<meta property=\"og:description\" content=\"Am 25.10.2024 wurde das 125. j\u00e4hrigen Jubil\u00e4um des Kochclubs M\u00fcnchen gro\u00df im Augustiner Keller gefeiert. Ein gelungener Abend mit vielen G\u00e4sten aus der gro\u00dfen bayrischen K\u00f6chefamilie sowie offiziellen Vertretern der Landeshauptstadt M\u00fcnchen sowie Internationalen Partnervereinen. Geehrt wurde u.a. auch unser 1. Landesvorsitzender Ralf B. Meneghini f\u00fcr seine langj\u00e4hrige Treue zum Kochclub M\u00fcnchen. Der Landesverband Bayern...\" \/>\n<meta property=\"og:url\" content=\"https:\/\/www.vkd.com\/lv-bayern\/news\/besuch-beim-125-jaehrigen-jubilaeum-des-kochclubs-muenchen\/\" \/>\n<meta property=\"og:site_name\" content=\"Landesverband der K\u00f6che Bayern\" \/>\n<meta property=\"article:published_time\" content=\"2024-10-28T07:26:33+00:00\" \/>\n<meta property=\"og:image\" content=\"https:\/\/www.vkd.com\/lv-bayern\/wp-content\/uploads\/sites\/14\/2024\/09\/cropped-Koch_Club_Bavaria_Logo_dg-213w.png\" \/>\n\t<meta property=\"og:image:width\" content=\"210\" \/>\n\t<meta property=\"og:image:height\" content=\"210\" \/>\n\t<meta property=\"og:image:type\" content=\"image\/png\" \/>\n<meta name=\"author\" content=\"Kostadinov Alexander\" \/>\n<meta name=\"twitter:card\" content=\"summary_large_image\" \/>\n<meta name=\"twitter:label1\" content=\"Verfasst von\" \/>\n\t<meta name=\"twitter:data1\" content=\"Kostadinov Alexander\" \/>\n\t<meta name=\"twitter:label2\" content=\"Gesch\u00e4tzte Lesezeit\" \/>\n\t<meta name=\"twitter:data2\" content=\"1\u00a0Minute\" \/>\n<script type=\"application\/ld+json\" class=\"yoast-schema-graph\">{\"@context\":\"https:\/\/schema.org\",\"@graph\":[{\"@type\":\"WebPage\",\"@id\":\"https:\/\/www.vkd.com\/lv-bayern\/news\/besuch-beim-125-jaehrigen-jubilaeum-des-kochclubs-muenchen\/\",\"url\":\"https:\/\/www.vkd.com\/lv-bayern\/news\/besuch-beim-125-jaehrigen-jubilaeum-des-kochclubs-muenchen\/\",\"name\":\"Besuch beim 125. j\u00e4hrigen Jubil\u00e4um des Kochclubs M\u00fcnchen - Landesverband der K\u00f6che Bayern\",\"isPartOf\":{\"@id\":\"https:\/\/www.vkd.com\/lv-bayern\/#website\"},\"datePublished\":\"2024-10-28T07:26:33+00:00\",\"dateModified\":\"2024-10-28T07:26:33+00:00\",\"author\":{\"@id\":\"https:\/\/www.vkd.com\/lv-bayern\/#\/schema\/person\/19c4bb106ca4de98c60e2cb5ac7f572f\"},\"breadcrumb\":{\"@id\":\"https:\/\/www.vkd.com\/lv-bayern\/news\/besuch-beim-125-jaehrigen-jubilaeum-des-kochclubs-muenchen\/#breadcrumb\"},\"inLanguage\":\"de\",\"potentialAction\":[{\"@type\":\"ReadAction\",\"target\":[\"https:\/\/www.vkd.com\/lv-bayern\/news\/besuch-beim-125-jaehrigen-jubilaeum-des-kochclubs-muenchen\/\"]}]},{\"@type\":\"BreadcrumbList\",\"@id\":\"https:\/\/www.vkd.com\/lv-bayern\/news\/besuch-beim-125-jaehrigen-jubilaeum-des-kochclubs-muenchen\/#breadcrumb\",\"itemListElement\":[{\"@type\":\"ListItem\",\"position\":1,\"name\":\"Startseite\",\"item\":\"https:\/\/www.vkd.com\/lv-bayern\/\"},{\"@type\":\"ListItem\",\"position\":2,\"name\":\"Besuch beim 125. j\u00e4hrigen Jubil\u00e4um des Kochclubs M\u00fcnchen\"}]},{\"@type\":\"WebSite\",\"@id\":\"https:\/\/www.vkd.com\/lv-bayern\/#website\",\"url\":\"https:\/\/www.vkd.com\/lv-bayern\/\",\"name\":\"Landesverband der K\u00f6che Bayern\",\"description\":\"Landesverband im Verband der K\u00f6che Deutschlands e.V.\",\"potentialAction\":[{\"@type\":\"SearchAction\",\"target\":{\"@type\":\"EntryPoint\",\"urlTemplate\":\"https:\/\/www.vkd.com\/lv-bayern\/?s={search_term_string}\"},\"query-input\":\"required name=search_term_string\"}],\"inLanguage\":\"de\"},{\"@type\":\"Person\",\"@id\":\"https:\/\/www.vkd.com\/lv-bayern\/#\/schema\/person\/19c4bb106ca4de98c60e2cb5ac7f572f\",\"name\":\"Kostadinov Alexander\",\"image\":{\"@type\":\"ImageObject\",\"inLanguage\":\"de\",\"@id\":\"https:\/\/www.vkd.com\/lv-bayern\/#\/schema\/person\/image\/\",\"url\":\"https:\/\/secure.gravatar.com\/avatar\/b0cb85e5c215fe1114e6d2404492358d?s=96&d=mm&r=g\",\"contentUrl\":\"https:\/\/secure.gravatar.com\/avatar\/b0cb85e5c215fe1114e6d2404492358d?s=96&d=mm&r=g\",\"caption\":\"Kostadinov Alexander\"},\"url\":\"https:\/\/www.vkd.com\/lv-bayern\/news\/author\/gentscher-jungentscher-de\/\"}]}<\/script>\n<!-- \/ Yoast SEO plugin. -->","yoast_head_json":{"title":"Besuch beim 125. j\u00e4hrigen Jubil\u00e4um des Kochclubs M\u00fcnchen - Landesverband der K\u00f6che Bayern","robots":{"index":"noindex","follow":"follow","max-snippet":"max-snippet:-1","max-image-preview":"max-image-preview:large","max-video-preview":"max-video-preview:-1"},"og_locale":"de_DE","og_type":"article","og_title":"Besuch beim 125. j\u00e4hrigen Jubil\u00e4um des Kochclubs M\u00fcnchen - Landesverband der K\u00f6che Bayern","og_description":"Am 25.10.2024 wurde das 125. j\u00e4hrigen Jubil\u00e4um des Kochclubs M\u00fcnchen gro\u00df im Augustiner Keller gefeiert. Ein gelungener Abend mit vielen G\u00e4sten aus der gro\u00dfen bayrischen K\u00f6chefamilie sowie offiziellen Vertretern der Landeshauptstadt M\u00fcnchen sowie Internationalen Partnervereinen. Geehrt wurde u.a. auch unser 1. Landesvorsitzender Ralf B. Meneghini f\u00fcr seine langj\u00e4hrige Treue zum Kochclub M\u00fcnchen. Der Landesverband Bayern...","og_url":"https:\/\/www.vkd.com\/lv-bayern\/news\/besuch-beim-125-jaehrigen-jubilaeum-des-kochclubs-muenchen\/","og_site_name":"Landesverband der K\u00f6che Bayern","article_published_time":"2024-10-28T07:26:33+00:00","og_image":[{"width":210,"height":210,"url":"https:\/\/www.vkd.com\/lv-bayern\/wp-content\/uploads\/sites\/14\/2024\/09\/cropped-Koch_Club_Bavaria_Logo_dg-213w.png","type":"image\/png"}],"author":"Kostadinov Alexander","twitter_card":"summary_large_image","twitter_misc":{"Verfasst von":"Kostadinov Alexander","Gesch\u00e4tzte Lesezeit":"1\u00a0Minute"},"schema":{"@context":"https:\/\/schema.org","@graph":[{"@type":"WebPage","@id":"https:\/\/www.vkd.com\/lv-bayern\/news\/besuch-beim-125-jaehrigen-jubilaeum-des-kochclubs-muenchen\/","url":"https:\/\/www.vkd.com\/lv-bayern\/news\/besuch-beim-125-jaehrigen-jubilaeum-des-kochclubs-muenchen\/","name":"Besuch beim 125. j\u00e4hrigen Jubil\u00e4um des Kochclubs M\u00fcnchen - Landesverband der K\u00f6che Bayern","isPartOf":{"@id":"https:\/\/www.vkd.com\/lv-bayern\/#website"},"datePublished":"2024-10-28T07:26:33+00:00","dateModified":"2024-10-28T07:26:33+00:00","author":{"@id":"https:\/\/www.vkd.com\/lv-bayern\/#\/schema\/person\/19c4bb106ca4de98c60e2cb5ac7f572f"},"breadcrumb":{"@id":"https:\/\/www.vkd.com\/lv-bayern\/news\/besuch-beim-125-jaehrigen-jubilaeum-des-kochclubs-muenchen\/#breadcrumb"},"inLanguage":"de","potentialAction":[{"@type":"ReadAction","target":["https:\/\/www.vkd.com\/lv-bayern\/news\/besuch-beim-125-jaehrigen-jubilaeum-des-kochclubs-muenchen\/"]}]},{"@type":"BreadcrumbList","@id":"https:\/\/www.vkd.com\/lv-bayern\/news\/besuch-beim-125-jaehrigen-jubilaeum-des-kochclubs-muenchen\/#breadcrumb","itemListElement":[{"@type":"ListItem","position":1,"name":"Startseite","item":"https:\/\/www.vkd.com\/lv-bayern\/"},{"@type":"ListItem","position":2,"name":"Besuch beim 125. j\u00e4hrigen Jubil\u00e4um des Kochclubs M\u00fcnchen"}]},{"@type":"WebSite","@id":"https:\/\/www.vkd.com\/lv-bayern\/#website","url":"https:\/\/www.vkd.com\/lv-bayern\/","name":"Landesverband der K\u00f6che Bayern","description":"Landesverband im Verband der K\u00f6che Deutschlands e.V.","potentialAction":[{"@type":"SearchAction","target":{"@type":"EntryPoint","urlTemplate":"https:\/\/www.vkd.com\/lv-bayern\/?s={search_term_string}"},"query-input":"required name=search_term_string"}],"inLanguage":"de"},{"@type":"Person","@id":"https:\/\/www.vkd.com\/lv-bayern\/#\/schema\/person\/19c4bb106ca4de98c60e2cb5ac7f572f","name":"Kostadinov Alexander","image":{"@type":"ImageObject","inLanguage":"de","@id":"https:\/\/www.vkd.com\/lv-bayern\/#\/schema\/person\/image\/","url":"https:\/\/secure.gravatar.com\/avatar\/b0cb85e5c215fe1114e6d2404492358d?s=96&d=mm&r=g","contentUrl":"https:\/\/secure.gravatar.com\/avatar\/b0cb85e5c215fe1114e6d2404492358d?s=96&d=mm&r=g","caption":"Kostadinov Alexander"},"url":"https:\/\/www.vkd.com\/lv-bayern\/news\/author\/gentscher-jungentscher-de\/"}]}},"_links":{"self":[{"href":"https:\/\/www.vkd.com\/lv-bayern\/wp-json\/wp\/v2\/posts\/908"}],"collection":[{"href":"https:\/\/www.vkd.com\/lv-bayern\/wp-json\/wp\/v2\/posts"}],"about":[{"href":"https:\/\/www.vkd.com\/lv-bayern\/wp-json\/wp\/v2\/types\/post"}],"author":[{"embeddable":true,"href":"https:\/\/www.vkd.com\/lv-bayern\/wp-json\/wp\/v2\/users\/1955"}],"replies":[{"embeddable":true,"href":"https:\/\/www.vkd.com\/lv-bayern\/wp-json\/wp\/v2\/comments?post=908"}],"version-history":[{"count":4,"href":"https:\/\/www.vkd.com\/lv-bayern\/wp-json\/wp\/v2\/posts\/908\/revisions"}],"predecessor-version":[{"id":984,"href":"https:\/\/www.vkd.com\/lv-bayern\/wp-json\/wp\/v2\/posts\/908\/revisions\/984"}],"wp:featuredmedia":[{"embeddable":true,"href":"https:\/\/www.vkd.com\/lv-bayern\/wp-json\/wp\/v2\/media\/825"}],"wp:attachment":[{"href":"https:\/\/www.vkd.com\/lv-bayern\/wp-json\/wp\/v2\/media?parent=908"}],"wp:term":[{"taxonomy":"category","embeddable":true,"href":"https:\/\/www.vkd.com\/lv-bayern\/wp-json\/wp\/v2\/categories?post=908"},{"taxonomy":"post_tag","embeddable":true,"href":"https:\/\/www.vkd.com\/lv-bayern\/wp-json\/wp\/v2\/tags?post=908"}],"curies":[{"name":"wp","href":"https:\/\/api.w.org\/{rel}","templated":true}]}}