{"id":906,"date":"2024-10-25T08:23:01","date_gmt":"2024-10-25T06:23:01","guid":{"rendered":"https:\/\/www.vkd.com\/lv-bayern\/?p=906"},"modified":"2024-10-25T08:23:01","modified_gmt":"2024-10-25T06:23:01","slug":"neues-aus-dem-zv-inn-salzach","status":"publish","type":"post","link":"https:\/\/www.vkd.com\/lv-bayern\/news\/neues-aus-dem-zv-inn-salzach\/","title":{"rendered":"Neues aus dem ZV Inn-Salzach"},"content":{"rendered":"<p><strong>Bericht \u00fcber eine Aktion des K\u00f6cheverein Inn-Salzach&#8230;.<\/strong><br \/>\n<strong>&#8230; mit den Wirtsleuten zur Einkehr M\u00fcllerbr\u00e4u in T\u00f6ging.\u00a0<\/strong><\/p>\n<p>Unterst\u00fctzt wurden wir bei diesem tollen Tag vom K\u00f6cheverein InnSalzach e.V.<br \/>\nDie Sch\u00fclerInnen der 8. Klasse haben gemeinsam mit unserem Team gekocht und die Tische f\u00fcr die Lehrkr\u00e4fte sch\u00f6n gedeckt.<\/p>\n<p>&nbsp;<\/p>\n<blockquote><p><strong>Als kleines Men\u00fc wurde serviert:<\/strong><\/p>\n<p>K\u00fcrbiscremesuppe<br \/>\nKleiner gemischter Salat mit Joghurtdressing<br \/>\nSchnitzel Wiener Art<br \/>\nTiramisu Creme mit Beeren<\/p>\n<p>&nbsp;<\/p><\/blockquote>\n<p>Wir sind sehr gl\u00fccklich so viele junge Leute zu Besuch zu haben, die gro\u00dfes Interesse an dem Berufsbild \u00e4u\u00dferten und sich wirklich engagiert und flei\u00dfig zeigten.<br \/>\nWeiter so!<\/p>\n<p><strong>K\u00f6cheverein Inn-Salzach<br \/>\n<\/strong>Thomas Hetzenecker<\/p>\n","protected":false},"excerpt":{"rendered":"<p>Bericht \u00fcber eine Aktion des K\u00f6cheverein Inn-Salzach&#8230;. &#8230; mit den Wirtsleuten zur Einkehr M\u00fcllerbr\u00e4u in T\u00f6ging.\u00a0 Unterst\u00fctzt wurden wir bei diesem tollen Tag vom K\u00f6cheverein InnSalzach e.V. Die Sch\u00fclerInnen der 8. Klasse haben gemeinsam mit unserem Team gekocht und die Tische f\u00fcr die Lehrkr\u00e4fte sch\u00f6n gedeckt. &nbsp; Als kleines Men\u00fc wurde serviert: K\u00fcrbiscremesuppe Kleiner gemischter&#8230;<\/p>\n","protected":false},"author":1955,"featured_media":834,"comment_status":"closed","ping_status":"open","sticky":false,"template":"","format":"standard","meta":[],"categories":[1],"tags":[17,6,12,5,7,18,11],"yoast_head":"<!-- This site is optimized with the Yoast SEO plugin v20.0 - https:\/\/yoast.com\/wordpress\/plugins\/seo\/ -->\n<title>Neues aus dem ZV Inn-Salzach - Landesverband der K\u00f6che Bayern<\/title>\n<meta name=\"robots\" content=\"noindex, follow, max-snippet:-1, max-image-preview:large, max-video-preview:-1\" \/>\n<meta property=\"og:locale\" content=\"de_DE\" \/>\n<meta property=\"og:type\" content=\"article\" \/>\n<meta property=\"og:title\" content=\"Neues aus dem ZV Inn-Salzach - Landesverband der K\u00f6che Bayern\" \/>\n<meta property=\"og:description\" content=\"Bericht \u00fcber eine Aktion des K\u00f6cheverein Inn-Salzach&#8230;. &#8230; mit den Wirtsleuten zur Einkehr M\u00fcllerbr\u00e4u in T\u00f6ging.\u00a0 Unterst\u00fctzt wurden wir bei diesem tollen Tag vom K\u00f6cheverein InnSalzach e.V. Die Sch\u00fclerInnen der 8. Klasse haben gemeinsam mit unserem Team gekocht und die Tische f\u00fcr die Lehrkr\u00e4fte sch\u00f6n gedeckt. &nbsp; Als kleines Men\u00fc wurde serviert: K\u00fcrbiscremesuppe Kleiner gemischter...\" \/>\n<meta property=\"og:url\" content=\"https:\/\/www.vkd.com\/lv-bayern\/news\/neues-aus-dem-zv-inn-salzach\/\" \/>\n<meta property=\"og:site_name\" content=\"Landesverband der K\u00f6che Bayern\" \/>\n<meta property=\"article:published_time\" content=\"2024-10-25T06:23:01+00:00\" \/>\n<meta property=\"og:image\" content=\"https:\/\/www.vkd.com\/lv-bayern\/wp-content\/uploads\/sites\/14\/2024\/09\/Logoklein.jpg\" \/>\n\t<meta property=\"og:image:width\" content=\"328\" \/>\n\t<meta property=\"og:image:height\" content=\"382\" \/>\n\t<meta property=\"og:image:type\" content=\"image\/jpeg\" \/>\n<meta name=\"author\" content=\"Kostadinov Alexander\" \/>\n<meta name=\"twitter:card\" content=\"summary_large_image\" \/>\n<meta name=\"twitter:label1\" content=\"Verfasst von\" \/>\n\t<meta name=\"twitter:data1\" content=\"Kostadinov Alexander\" \/>\n\t<meta name=\"twitter:label2\" content=\"Gesch\u00e4tzte Lesezeit\" \/>\n\t<meta name=\"twitter:data2\" content=\"1\u00a0Minute\" \/>\n<script type=\"application\/ld+json\" class=\"yoast-schema-graph\">{\"@context\":\"https:\/\/schema.org\",\"@graph\":[{\"@type\":\"WebPage\",\"@id\":\"https:\/\/www.vkd.com\/lv-bayern\/news\/neues-aus-dem-zv-inn-salzach\/\",\"url\":\"https:\/\/www.vkd.com\/lv-bayern\/news\/neues-aus-dem-zv-inn-salzach\/\",\"name\":\"Neues aus dem ZV Inn-Salzach - Landesverband der K\u00f6che Bayern\",\"isPartOf\":{\"@id\":\"https:\/\/www.vkd.com\/lv-bayern\/#website\"},\"datePublished\":\"2024-10-25T06:23:01+00:00\",\"dateModified\":\"2024-10-25T06:23:01+00:00\",\"author\":{\"@id\":\"https:\/\/www.vkd.com\/lv-bayern\/#\/schema\/person\/19c4bb106ca4de98c60e2cb5ac7f572f\"},\"breadcrumb\":{\"@id\":\"https:\/\/www.vkd.com\/lv-bayern\/news\/neues-aus-dem-zv-inn-salzach\/#breadcrumb\"},\"inLanguage\":\"de\",\"potentialAction\":[{\"@type\":\"ReadAction\",\"target\":[\"https:\/\/www.vkd.com\/lv-bayern\/news\/neues-aus-dem-zv-inn-salzach\/\"]}]},{\"@type\":\"BreadcrumbList\",\"@id\":\"https:\/\/www.vkd.com\/lv-bayern\/news\/neues-aus-dem-zv-inn-salzach\/#breadcrumb\",\"itemListElement\":[{\"@type\":\"ListItem\",\"position\":1,\"name\":\"Startseite\",\"item\":\"https:\/\/www.vkd.com\/lv-bayern\/\"},{\"@type\":\"ListItem\",\"position\":2,\"name\":\"Neues aus dem ZV Inn-Salzach\"}]},{\"@type\":\"WebSite\",\"@id\":\"https:\/\/www.vkd.com\/lv-bayern\/#website\",\"url\":\"https:\/\/www.vkd.com\/lv-bayern\/\",\"name\":\"Landesverband der K\u00f6che Bayern\",\"description\":\"Landesverband im Verband der K\u00f6che Deutschlands e.V.\",\"potentialAction\":[{\"@type\":\"SearchAction\",\"target\":{\"@type\":\"EntryPoint\",\"urlTemplate\":\"https:\/\/www.vkd.com\/lv-bayern\/?s={search_term_string}\"},\"query-input\":\"required name=search_term_string\"}],\"inLanguage\":\"de\"},{\"@type\":\"Person\",\"@id\":\"https:\/\/www.vkd.com\/lv-bayern\/#\/schema\/person\/19c4bb106ca4de98c60e2cb5ac7f572f\",\"name\":\"Kostadinov Alexander\",\"image\":{\"@type\":\"ImageObject\",\"inLanguage\":\"de\",\"@id\":\"https:\/\/www.vkd.com\/lv-bayern\/#\/schema\/person\/image\/\",\"url\":\"https:\/\/secure.gravatar.com\/avatar\/b0cb85e5c215fe1114e6d2404492358d?s=96&d=mm&r=g\",\"contentUrl\":\"https:\/\/secure.gravatar.com\/avatar\/b0cb85e5c215fe1114e6d2404492358d?s=96&d=mm&r=g\",\"caption\":\"Kostadinov Alexander\"},\"url\":\"https:\/\/www.vkd.com\/lv-bayern\/news\/author\/gentscher-jungentscher-de\/\"}]}<\/script>\n<!-- \/ Yoast SEO plugin. -->","yoast_head_json":{"title":"Neues aus dem ZV Inn-Salzach - Landesverband der K\u00f6che Bayern","robots":{"index":"noindex","follow":"follow","max-snippet":"max-snippet:-1","max-image-preview":"max-image-preview:large","max-video-preview":"max-video-preview:-1"},"og_locale":"de_DE","og_type":"article","og_title":"Neues aus dem ZV Inn-Salzach - Landesverband der K\u00f6che Bayern","og_description":"Bericht \u00fcber eine Aktion des K\u00f6cheverein Inn-Salzach&#8230;. &#8230; mit den Wirtsleuten zur Einkehr M\u00fcllerbr\u00e4u in T\u00f6ging.\u00a0 Unterst\u00fctzt wurden wir bei diesem tollen Tag vom K\u00f6cheverein InnSalzach e.V. Die Sch\u00fclerInnen der 8. Klasse haben gemeinsam mit unserem Team gekocht und die Tische f\u00fcr die Lehrkr\u00e4fte sch\u00f6n gedeckt. &nbsp; Als kleines Men\u00fc wurde serviert: K\u00fcrbiscremesuppe Kleiner gemischter...","og_url":"https:\/\/www.vkd.com\/lv-bayern\/news\/neues-aus-dem-zv-inn-salzach\/","og_site_name":"Landesverband der K\u00f6che Bayern","article_published_time":"2024-10-25T06:23:01+00:00","og_image":[{"width":328,"height":382,"url":"https:\/\/www.vkd.com\/lv-bayern\/wp-content\/uploads\/sites\/14\/2024\/09\/Logoklein.jpg","type":"image\/jpeg"}],"author":"Kostadinov Alexander","twitter_card":"summary_large_image","twitter_misc":{"Verfasst von":"Kostadinov Alexander","Gesch\u00e4tzte Lesezeit":"1\u00a0Minute"},"schema":{"@context":"https:\/\/schema.org","@graph":[{"@type":"WebPage","@id":"https:\/\/www.vkd.com\/lv-bayern\/news\/neues-aus-dem-zv-inn-salzach\/","url":"https:\/\/www.vkd.com\/lv-bayern\/news\/neues-aus-dem-zv-inn-salzach\/","name":"Neues aus dem ZV Inn-Salzach - Landesverband der K\u00f6che Bayern","isPartOf":{"@id":"https:\/\/www.vkd.com\/lv-bayern\/#website"},"datePublished":"2024-10-25T06:23:01+00:00","dateModified":"2024-10-25T06:23:01+00:00","author":{"@id":"https:\/\/www.vkd.com\/lv-bayern\/#\/schema\/person\/19c4bb106ca4de98c60e2cb5ac7f572f"},"breadcrumb":{"@id":"https:\/\/www.vkd.com\/lv-bayern\/news\/neues-aus-dem-zv-inn-salzach\/#breadcrumb"},"inLanguage":"de","potentialAction":[{"@type":"ReadAction","target":["https:\/\/www.vkd.com\/lv-bayern\/news\/neues-aus-dem-zv-inn-salzach\/"]}]},{"@type":"BreadcrumbList","@id":"https:\/\/www.vkd.com\/lv-bayern\/news\/neues-aus-dem-zv-inn-salzach\/#breadcrumb","itemListElement":[{"@type":"ListItem","position":1,"name":"Startseite","item":"https:\/\/www.vkd.com\/lv-bayern\/"},{"@type":"ListItem","position":2,"name":"Neues aus dem ZV Inn-Salzach"}]},{"@type":"WebSite","@id":"https:\/\/www.vkd.com\/lv-bayern\/#website","url":"https:\/\/www.vkd.com\/lv-bayern\/","name":"Landesverband der K\u00f6che Bayern","description":"Landesverband im Verband der K\u00f6che Deutschlands e.V.","potentialAction":[{"@type":"SearchAction","target":{"@type":"EntryPoint","urlTemplate":"https:\/\/www.vkd.com\/lv-bayern\/?s={search_term_string}"},"query-input":"required name=search_term_string"}],"inLanguage":"de"},{"@type":"Person","@id":"https:\/\/www.vkd.com\/lv-bayern\/#\/schema\/person\/19c4bb106ca4de98c60e2cb5ac7f572f","name":"Kostadinov Alexander","image":{"@type":"ImageObject","inLanguage":"de","@id":"https:\/\/www.vkd.com\/lv-bayern\/#\/schema\/person\/image\/","url":"https:\/\/secure.gravatar.com\/avatar\/b0cb85e5c215fe1114e6d2404492358d?s=96&d=mm&r=g","contentUrl":"https:\/\/secure.gravatar.com\/avatar\/b0cb85e5c215fe1114e6d2404492358d?s=96&d=mm&r=g","caption":"Kostadinov Alexander"},"url":"https:\/\/www.vkd.com\/lv-bayern\/news\/author\/gentscher-jungentscher-de\/"}]}},"_links":{"self":[{"href":"https:\/\/www.vkd.com\/lv-bayern\/wp-json\/wp\/v2\/posts\/906"}],"collection":[{"href":"https:\/\/www.vkd.com\/lv-bayern\/wp-json\/wp\/v2\/posts"}],"about":[{"href":"https:\/\/www.vkd.com\/lv-bayern\/wp-json\/wp\/v2\/types\/post"}],"author":[{"embeddable":true,"href":"https:\/\/www.vkd.com\/lv-bayern\/wp-json\/wp\/v2\/users\/1955"}],"replies":[{"embeddable":true,"href":"https:\/\/www.vkd.com\/lv-bayern\/wp-json\/wp\/v2\/comments?post=906"}],"version-history":[{"count":1,"href":"https:\/\/www.vkd.com\/lv-bayern\/wp-json\/wp\/v2\/posts\/906\/revisions"}],"predecessor-version":[{"id":907,"href":"https:\/\/www.vkd.com\/lv-bayern\/wp-json\/wp\/v2\/posts\/906\/revisions\/907"}],"wp:featuredmedia":[{"embeddable":true,"href":"https:\/\/www.vkd.com\/lv-bayern\/wp-json\/wp\/v2\/media\/834"}],"wp:attachment":[{"href":"https:\/\/www.vkd.com\/lv-bayern\/wp-json\/wp\/v2\/media?parent=906"}],"wp:term":[{"taxonomy":"category","embeddable":true,"href":"https:\/\/www.vkd.com\/lv-bayern\/wp-json\/wp\/v2\/categories?post=906"},{"taxonomy":"post_tag","embeddable":true,"href":"https:\/\/www.vkd.com\/lv-bayern\/wp-json\/wp\/v2\/tags?post=906"}],"curies":[{"name":"wp","href":"https:\/\/api.w.org\/{rel}","templated":true}]}}