{"id":885,"date":"2024-10-16T11:56:34","date_gmt":"2024-10-16T09:56:34","guid":{"rendered":"https:\/\/www.vkd.com\/lv-bayern\/?p=885"},"modified":"2024-10-16T11:56:34","modified_gmt":"2024-10-16T09:56:34","slug":"unsere-vorstaende-unterwegs-2","status":"publish","type":"post","link":"https:\/\/www.vkd.com\/lv-bayern\/news\/unsere-vorstaende-unterwegs-2\/","title":{"rendered":"Unsere Vorst\u00e4nde unterwegs&#8230;"},"content":{"rendered":"<p>&#8230; dieses Mal bei der <a href=\"https:\/\/www.lusini.com\/\"><strong>LUSINI -Hausmesse<\/strong><\/a> in Wertingen mit &#8230;<\/p>\n<ul>\n<li>Produkthighlights und Dekorationstrends, passend zur bevorstehenden Winter- \/ Weihnachtssaison<\/li>\n<li>Produkt\u200bneuheiten-Previews f\u00fcr 2025<\/li>\n<li>Spannende Branchen-Vortr\u00e4ge zu den Gastro-Trends 2025 und zu au\u00dfergew\u00f6hnlichen G\u00e4ste-Erlebnissen (&#8222;Magic Moments&#8220;)<\/li>\n<li>F\u00fchrung durch die LUSINI Logistik, mit besonderem Schwerpunkt auf unserer Customizing-Produktion<\/li>\n<li>Sternekoch J\u00fcrgen Kettner verw\u00f6hnte uns live mit kulinarischen K\u00f6stlichkeiten<\/li>\n<\/ul>\n<p>Ein toller und inspirierender Tag!<br \/>\nVielen Dank an das LUSINITEAM!<\/p>\n<p><img decoding=\"async\" loading=\"lazy\" class=\"alignnone size-large wp-image-887\" src=\"https:\/\/www.vkd.com\/lv-bayern\/wp-content\/uploads\/sites\/14\/2024\/10\/WhatsApp-Bild-2024-10-15-um-15.12.40_2f297f6d-549x1024.jpg\" alt=\"Whatsapp Bild 2024 10 15 Um 15.12.40 2f297f6d\" width=\"549\" height=\"1024\" srcset=\"https:\/\/www.vkd.com\/lv-bayern\/wp-content\/uploads\/sites\/14\/2024\/10\/WhatsApp-Bild-2024-10-15-um-15.12.40_2f297f6d-549x1024.jpg 549w, https:\/\/www.vkd.com\/lv-bayern\/wp-content\/uploads\/sites\/14\/2024\/10\/WhatsApp-Bild-2024-10-15-um-15.12.40_2f297f6d-161x300.jpg 161w, https:\/\/www.vkd.com\/lv-bayern\/wp-content\/uploads\/sites\/14\/2024\/10\/WhatsApp-Bild-2024-10-15-um-15.12.40_2f297f6d-768x1434.jpg 768w, https:\/\/www.vkd.com\/lv-bayern\/wp-content\/uploads\/sites\/14\/2024\/10\/WhatsApp-Bild-2024-10-15-um-15.12.40_2f297f6d-823x1536.jpg 823w, https:\/\/www.vkd.com\/lv-bayern\/wp-content\/uploads\/sites\/14\/2024\/10\/WhatsApp-Bild-2024-10-15-um-15.12.40_2f297f6d.jpg 954w\" sizes=\"(max-width: 549px) 100vw, 549px\" \/><\/p>\n<p>2. Vorstand Alexander Kostadinov und 2. Jugendbeauftragter Manuel Diemar<\/p>\n","protected":false},"excerpt":{"rendered":"<p>&#8230; dieses Mal bei der LUSINI -Hausmesse in Wertingen mit &#8230; Produkthighlights und Dekorationstrends, passend zur bevorstehenden Winter- \/ Weihnachtssaison Produkt\u200bneuheiten-Previews f\u00fcr 2025 Spannende Branchen-Vortr\u00e4ge zu den Gastro-Trends 2025 und zu au\u00dfergew\u00f6hnlichen G\u00e4ste-Erlebnissen (&#8222;Magic Moments&#8220;) F\u00fchrung durch die LUSINI Logistik, mit besonderem Schwerpunkt auf unserer Customizing-Produktion Sternekoch J\u00fcrgen Kettner verw\u00f6hnte uns live mit kulinarischen K\u00f6stlichkeiten&#8230;<\/p>\n","protected":false},"author":1955,"featured_media":376,"comment_status":"closed","ping_status":"open","sticky":false,"template":"","format":"standard","meta":[],"categories":[1],"tags":[],"yoast_head":"<!-- This site is optimized with the Yoast SEO plugin v20.0 - https:\/\/yoast.com\/wordpress\/plugins\/seo\/ -->\n<title>Unsere Vorst\u00e4nde unterwegs... - Landesverband der K\u00f6che Bayern<\/title>\n<meta name=\"robots\" content=\"noindex, follow, max-snippet:-1, max-image-preview:large, max-video-preview:-1\" \/>\n<meta property=\"og:locale\" content=\"de_DE\" \/>\n<meta property=\"og:type\" content=\"article\" \/>\n<meta property=\"og:title\" content=\"Unsere Vorst\u00e4nde unterwegs... - Landesverband der K\u00f6che Bayern\" \/>\n<meta property=\"og:description\" content=\"&#8230; dieses Mal bei der LUSINI -Hausmesse in Wertingen mit &#8230; Produkthighlights und Dekorationstrends, passend zur bevorstehenden Winter- \/ Weihnachtssaison Produkt\u200bneuheiten-Previews f\u00fcr 2025 Spannende Branchen-Vortr\u00e4ge zu den Gastro-Trends 2025 und zu au\u00dfergew\u00f6hnlichen G\u00e4ste-Erlebnissen (&#8222;Magic Moments&#8220;) F\u00fchrung durch die LUSINI Logistik, mit besonderem Schwerpunkt auf unserer Customizing-Produktion Sternekoch J\u00fcrgen Kettner verw\u00f6hnte uns live mit kulinarischen K\u00f6stlichkeiten...\" \/>\n<meta property=\"og:url\" content=\"https:\/\/www.vkd.com\/lv-bayern\/news\/unsere-vorstaende-unterwegs-2\/\" \/>\n<meta property=\"og:site_name\" content=\"Landesverband der K\u00f6che Bayern\" \/>\n<meta property=\"article:published_time\" content=\"2024-10-16T09:56:34+00:00\" \/>\n<meta property=\"og:image\" content=\"https:\/\/www.vkd.com\/lv-bayern\/wp-content\/uploads\/sites\/14\/2024\/07\/cropped-Logo-LV-Bayern_klein-quadratisch.png\" \/>\n\t<meta property=\"og:image:width\" content=\"512\" \/>\n\t<meta property=\"og:image:height\" content=\"512\" \/>\n\t<meta property=\"og:image:type\" content=\"image\/png\" \/>\n<meta name=\"author\" content=\"Kostadinov Alexander\" \/>\n<meta name=\"twitter:card\" content=\"summary_large_image\" \/>\n<meta name=\"twitter:label1\" content=\"Verfasst von\" \/>\n\t<meta name=\"twitter:data1\" content=\"Kostadinov Alexander\" \/>\n\t<meta name=\"twitter:label2\" content=\"Gesch\u00e4tzte Lesezeit\" \/>\n\t<meta name=\"twitter:data2\" content=\"1\u00a0Minute\" \/>\n<script type=\"application\/ld+json\" class=\"yoast-schema-graph\">{\"@context\":\"https:\/\/schema.org\",\"@graph\":[{\"@type\":\"WebPage\",\"@id\":\"https:\/\/www.vkd.com\/lv-bayern\/news\/unsere-vorstaende-unterwegs-2\/\",\"url\":\"https:\/\/www.vkd.com\/lv-bayern\/news\/unsere-vorstaende-unterwegs-2\/\",\"name\":\"Unsere Vorst\u00e4nde unterwegs... - Landesverband der K\u00f6che Bayern\",\"isPartOf\":{\"@id\":\"https:\/\/www.vkd.com\/lv-bayern\/#website\"},\"datePublished\":\"2024-10-16T09:56:34+00:00\",\"dateModified\":\"2024-10-16T09:56:34+00:00\",\"author\":{\"@id\":\"https:\/\/www.vkd.com\/lv-bayern\/#\/schema\/person\/19c4bb106ca4de98c60e2cb5ac7f572f\"},\"breadcrumb\":{\"@id\":\"https:\/\/www.vkd.com\/lv-bayern\/news\/unsere-vorstaende-unterwegs-2\/#breadcrumb\"},\"inLanguage\":\"de\",\"potentialAction\":[{\"@type\":\"ReadAction\",\"target\":[\"https:\/\/www.vkd.com\/lv-bayern\/news\/unsere-vorstaende-unterwegs-2\/\"]}]},{\"@type\":\"BreadcrumbList\",\"@id\":\"https:\/\/www.vkd.com\/lv-bayern\/news\/unsere-vorstaende-unterwegs-2\/#breadcrumb\",\"itemListElement\":[{\"@type\":\"ListItem\",\"position\":1,\"name\":\"Startseite\",\"item\":\"https:\/\/www.vkd.com\/lv-bayern\/\"},{\"@type\":\"ListItem\",\"position\":2,\"name\":\"Unsere Vorst\u00e4nde unterwegs&#8230;\"}]},{\"@type\":\"WebSite\",\"@id\":\"https:\/\/www.vkd.com\/lv-bayern\/#website\",\"url\":\"https:\/\/www.vkd.com\/lv-bayern\/\",\"name\":\"Landesverband der K\u00f6che Bayern\",\"description\":\"Landesverband im Verband der K\u00f6che Deutschlands e.V.\",\"potentialAction\":[{\"@type\":\"SearchAction\",\"target\":{\"@type\":\"EntryPoint\",\"urlTemplate\":\"https:\/\/www.vkd.com\/lv-bayern\/?s={search_term_string}\"},\"query-input\":\"required name=search_term_string\"}],\"inLanguage\":\"de\"},{\"@type\":\"Person\",\"@id\":\"https:\/\/www.vkd.com\/lv-bayern\/#\/schema\/person\/19c4bb106ca4de98c60e2cb5ac7f572f\",\"name\":\"Kostadinov Alexander\",\"image\":{\"@type\":\"ImageObject\",\"inLanguage\":\"de\",\"@id\":\"https:\/\/www.vkd.com\/lv-bayern\/#\/schema\/person\/image\/\",\"url\":\"https:\/\/secure.gravatar.com\/avatar\/b0cb85e5c215fe1114e6d2404492358d?s=96&d=mm&r=g\",\"contentUrl\":\"https:\/\/secure.gravatar.com\/avatar\/b0cb85e5c215fe1114e6d2404492358d?s=96&d=mm&r=g\",\"caption\":\"Kostadinov Alexander\"},\"url\":\"https:\/\/www.vkd.com\/lv-bayern\/news\/author\/gentscher-jungentscher-de\/\"}]}<\/script>\n<!-- \/ Yoast SEO plugin. -->","yoast_head_json":{"title":"Unsere Vorst\u00e4nde unterwegs... - Landesverband der K\u00f6che Bayern","robots":{"index":"noindex","follow":"follow","max-snippet":"max-snippet:-1","max-image-preview":"max-image-preview:large","max-video-preview":"max-video-preview:-1"},"og_locale":"de_DE","og_type":"article","og_title":"Unsere Vorst\u00e4nde unterwegs... - Landesverband der K\u00f6che Bayern","og_description":"&#8230; dieses Mal bei der LUSINI -Hausmesse in Wertingen mit &#8230; Produkthighlights und Dekorationstrends, passend zur bevorstehenden Winter- \/ Weihnachtssaison Produkt\u200bneuheiten-Previews f\u00fcr 2025 Spannende Branchen-Vortr\u00e4ge zu den Gastro-Trends 2025 und zu au\u00dfergew\u00f6hnlichen G\u00e4ste-Erlebnissen (&#8222;Magic Moments&#8220;) F\u00fchrung durch die LUSINI Logistik, mit besonderem Schwerpunkt auf unserer Customizing-Produktion Sternekoch J\u00fcrgen Kettner verw\u00f6hnte uns live mit kulinarischen K\u00f6stlichkeiten...","og_url":"https:\/\/www.vkd.com\/lv-bayern\/news\/unsere-vorstaende-unterwegs-2\/","og_site_name":"Landesverband der K\u00f6che Bayern","article_published_time":"2024-10-16T09:56:34+00:00","og_image":[{"width":512,"height":512,"url":"https:\/\/www.vkd.com\/lv-bayern\/wp-content\/uploads\/sites\/14\/2024\/07\/cropped-Logo-LV-Bayern_klein-quadratisch.png","type":"image\/png"}],"author":"Kostadinov Alexander","twitter_card":"summary_large_image","twitter_misc":{"Verfasst von":"Kostadinov Alexander","Gesch\u00e4tzte Lesezeit":"1\u00a0Minute"},"schema":{"@context":"https:\/\/schema.org","@graph":[{"@type":"WebPage","@id":"https:\/\/www.vkd.com\/lv-bayern\/news\/unsere-vorstaende-unterwegs-2\/","url":"https:\/\/www.vkd.com\/lv-bayern\/news\/unsere-vorstaende-unterwegs-2\/","name":"Unsere Vorst\u00e4nde unterwegs... - Landesverband der K\u00f6che Bayern","isPartOf":{"@id":"https:\/\/www.vkd.com\/lv-bayern\/#website"},"datePublished":"2024-10-16T09:56:34+00:00","dateModified":"2024-10-16T09:56:34+00:00","author":{"@id":"https:\/\/www.vkd.com\/lv-bayern\/#\/schema\/person\/19c4bb106ca4de98c60e2cb5ac7f572f"},"breadcrumb":{"@id":"https:\/\/www.vkd.com\/lv-bayern\/news\/unsere-vorstaende-unterwegs-2\/#breadcrumb"},"inLanguage":"de","potentialAction":[{"@type":"ReadAction","target":["https:\/\/www.vkd.com\/lv-bayern\/news\/unsere-vorstaende-unterwegs-2\/"]}]},{"@type":"BreadcrumbList","@id":"https:\/\/www.vkd.com\/lv-bayern\/news\/unsere-vorstaende-unterwegs-2\/#breadcrumb","itemListElement":[{"@type":"ListItem","position":1,"name":"Startseite","item":"https:\/\/www.vkd.com\/lv-bayern\/"},{"@type":"ListItem","position":2,"name":"Unsere Vorst\u00e4nde unterwegs&#8230;"}]},{"@type":"WebSite","@id":"https:\/\/www.vkd.com\/lv-bayern\/#website","url":"https:\/\/www.vkd.com\/lv-bayern\/","name":"Landesverband der K\u00f6che Bayern","description":"Landesverband im Verband der K\u00f6che Deutschlands e.V.","potentialAction":[{"@type":"SearchAction","target":{"@type":"EntryPoint","urlTemplate":"https:\/\/www.vkd.com\/lv-bayern\/?s={search_term_string}"},"query-input":"required name=search_term_string"}],"inLanguage":"de"},{"@type":"Person","@id":"https:\/\/www.vkd.com\/lv-bayern\/#\/schema\/person\/19c4bb106ca4de98c60e2cb5ac7f572f","name":"Kostadinov Alexander","image":{"@type":"ImageObject","inLanguage":"de","@id":"https:\/\/www.vkd.com\/lv-bayern\/#\/schema\/person\/image\/","url":"https:\/\/secure.gravatar.com\/avatar\/b0cb85e5c215fe1114e6d2404492358d?s=96&d=mm&r=g","contentUrl":"https:\/\/secure.gravatar.com\/avatar\/b0cb85e5c215fe1114e6d2404492358d?s=96&d=mm&r=g","caption":"Kostadinov Alexander"},"url":"https:\/\/www.vkd.com\/lv-bayern\/news\/author\/gentscher-jungentscher-de\/"}]}},"_links":{"self":[{"href":"https:\/\/www.vkd.com\/lv-bayern\/wp-json\/wp\/v2\/posts\/885"}],"collection":[{"href":"https:\/\/www.vkd.com\/lv-bayern\/wp-json\/wp\/v2\/posts"}],"about":[{"href":"https:\/\/www.vkd.com\/lv-bayern\/wp-json\/wp\/v2\/types\/post"}],"author":[{"embeddable":true,"href":"https:\/\/www.vkd.com\/lv-bayern\/wp-json\/wp\/v2\/users\/1955"}],"replies":[{"embeddable":true,"href":"https:\/\/www.vkd.com\/lv-bayern\/wp-json\/wp\/v2\/comments?post=885"}],"version-history":[{"count":2,"href":"https:\/\/www.vkd.com\/lv-bayern\/wp-json\/wp\/v2\/posts\/885\/revisions"}],"predecessor-version":[{"id":888,"href":"https:\/\/www.vkd.com\/lv-bayern\/wp-json\/wp\/v2\/posts\/885\/revisions\/888"}],"wp:featuredmedia":[{"embeddable":true,"href":"https:\/\/www.vkd.com\/lv-bayern\/wp-json\/wp\/v2\/media\/376"}],"wp:attachment":[{"href":"https:\/\/www.vkd.com\/lv-bayern\/wp-json\/wp\/v2\/media?parent=885"}],"wp:term":[{"taxonomy":"category","embeddable":true,"href":"https:\/\/www.vkd.com\/lv-bayern\/wp-json\/wp\/v2\/categories?post=885"},{"taxonomy":"post_tag","embeddable":true,"href":"https:\/\/www.vkd.com\/lv-bayern\/wp-json\/wp\/v2\/tags?post=885"}],"curies":[{"name":"wp","href":"https:\/\/api.w.org\/{rel}","templated":true}]}}