{"id":864,"date":"2024-10-06T12:45:45","date_gmt":"2024-10-06T10:45:45","guid":{"rendered":"https:\/\/www.vkd.com\/lv-bayern\/?p=864"},"modified":"2024-10-07T09:32:41","modified_gmt":"2024-10-07T07:32:41","slug":"unsere-vorstaende-unterwegs","status":"publish","type":"post","link":"https:\/\/www.vkd.com\/lv-bayern\/news\/unsere-vorstaende-unterwegs\/","title":{"rendered":"Unsere Vorst\u00e4nde unterwegs&#8230;"},"content":{"rendered":"<p>.. trefft unseren Kollegen Lars L\u00e4ufer, Schriftf\u00fchrer beim Landesverband Bayern und Mitglied Kochclub N\u00fcrnberg in seiner T\u00e4tigkeit als Culinary Advisor bei der Firma H\u00fcgli auf der Faszination Food auf der Messe N\u00fcrnberg. Er freut sich auf euren Besuch!<\/p>\n<p><img decoding=\"async\" loading=\"lazy\" class=\"size-full wp-image-865\" src=\"https:\/\/www.vkd.com\/lv-bayern\/wp-content\/uploads\/sites\/14\/2024\/10\/WhatsApp-Bild-2024-10-06-um-10.31.25_38c6f07f.jpg\" alt=\"Whatsapp Bild 2024 10 06 Um 10.31.25 38c6f07f\" width=\"750\" height=\"731\" srcset=\"https:\/\/www.vkd.com\/lv-bayern\/wp-content\/uploads\/sites\/14\/2024\/10\/WhatsApp-Bild-2024-10-06-um-10.31.25_38c6f07f.jpg 750w, https:\/\/www.vkd.com\/lv-bayern\/wp-content\/uploads\/sites\/14\/2024\/10\/WhatsApp-Bild-2024-10-06-um-10.31.25_38c6f07f-300x292.jpg 300w, https:\/\/www.vkd.com\/lv-bayern\/wp-content\/uploads\/sites\/14\/2024\/10\/WhatsApp-Bild-2024-10-06-um-10.31.25_38c6f07f-10x10.jpg 10w\" sizes=\"(max-width: 750px) 100vw, 750px\" \/><\/p>\n<p><img decoding=\"async\" loading=\"lazy\" class=\"size-large wp-image-866\" src=\"https:\/\/www.vkd.com\/lv-bayern\/wp-content\/uploads\/sites\/14\/2024\/10\/WhatsApp-Bild-2024-10-06-um-10.46.03_ce58dbd3-1024x768.jpg\" alt=\"Whatsapp Bild 2024 10 06 Um 10.46.03 Ce58dbd3\" width=\"1024\" height=\"768\" srcset=\"https:\/\/www.vkd.com\/lv-bayern\/wp-content\/uploads\/sites\/14\/2024\/10\/WhatsApp-Bild-2024-10-06-um-10.46.03_ce58dbd3-1024x768.jpg 1024w, https:\/\/www.vkd.com\/lv-bayern\/wp-content\/uploads\/sites\/14\/2024\/10\/WhatsApp-Bild-2024-10-06-um-10.46.03_ce58dbd3-300x225.jpg 300w, https:\/\/www.vkd.com\/lv-bayern\/wp-content\/uploads\/sites\/14\/2024\/10\/WhatsApp-Bild-2024-10-06-um-10.46.03_ce58dbd3-768x576.jpg 768w, https:\/\/www.vkd.com\/lv-bayern\/wp-content\/uploads\/sites\/14\/2024\/10\/WhatsApp-Bild-2024-10-06-um-10.46.03_ce58dbd3-1536x1152.jpg 1536w, https:\/\/www.vkd.com\/lv-bayern\/wp-content\/uploads\/sites\/14\/2024\/10\/WhatsApp-Bild-2024-10-06-um-10.46.03_ce58dbd3.jpg 1600w\" sizes=\"(max-width: 1024px) 100vw, 1024px\" \/><\/p>\n<p><img decoding=\"async\" loading=\"lazy\" class=\"size-large wp-image-870\" src=\"https:\/\/www.vkd.com\/lv-bayern\/wp-content\/uploads\/sites\/14\/2024\/10\/WhatsApp-Bild-2024-10-06-um-13.02.29_b13fccb5-768x1024.jpg\" alt=\"Whatsapp Bild 2024 10 06 Um 13.02.29 B13fccb5\" width=\"768\" height=\"1024\" srcset=\"https:\/\/www.vkd.com\/lv-bayern\/wp-content\/uploads\/sites\/14\/2024\/10\/WhatsApp-Bild-2024-10-06-um-13.02.29_b13fccb5-768x1024.jpg 768w, https:\/\/www.vkd.com\/lv-bayern\/wp-content\/uploads\/sites\/14\/2024\/10\/WhatsApp-Bild-2024-10-06-um-13.02.29_b13fccb5-225x300.jpg 225w, https:\/\/www.vkd.com\/lv-bayern\/wp-content\/uploads\/sites\/14\/2024\/10\/WhatsApp-Bild-2024-10-06-um-13.02.29_b13fccb5-1152x1536.jpg 1152w, https:\/\/www.vkd.com\/lv-bayern\/wp-content\/uploads\/sites\/14\/2024\/10\/WhatsApp-Bild-2024-10-06-um-13.02.29_b13fccb5.jpg 1536w\" sizes=\"(max-width: 768px) 100vw, 768px\" \/><\/p>\n<p><img decoding=\"async\" loading=\"lazy\" class=\"size-large wp-image-871\" src=\"https:\/\/www.vkd.com\/lv-bayern\/wp-content\/uploads\/sites\/14\/2024\/10\/WhatsApp-Bild-2024-10-06-um-13.02.30_b933c829-1024x768.jpg\" alt=\"Whatsapp Bild 2024 10 06 Um 13.02.30 B933c829\" width=\"1024\" height=\"768\" srcset=\"https:\/\/www.vkd.com\/lv-bayern\/wp-content\/uploads\/sites\/14\/2024\/10\/WhatsApp-Bild-2024-10-06-um-13.02.30_b933c829-1024x768.jpg 1024w, https:\/\/www.vkd.com\/lv-bayern\/wp-content\/uploads\/sites\/14\/2024\/10\/WhatsApp-Bild-2024-10-06-um-13.02.30_b933c829-300x225.jpg 300w, https:\/\/www.vkd.com\/lv-bayern\/wp-content\/uploads\/sites\/14\/2024\/10\/WhatsApp-Bild-2024-10-06-um-13.02.30_b933c829-768x576.jpg 768w, https:\/\/www.vkd.com\/lv-bayern\/wp-content\/uploads\/sites\/14\/2024\/10\/WhatsApp-Bild-2024-10-06-um-13.02.30_b933c829-1536x1152.jpg 1536w, https:\/\/www.vkd.com\/lv-bayern\/wp-content\/uploads\/sites\/14\/2024\/10\/WhatsApp-Bild-2024-10-06-um-13.02.30_b933c829.jpg 2048w\" sizes=\"(max-width: 1024px) 100vw, 1024px\" \/><\/p>\n<p><img decoding=\"async\" loading=\"lazy\" class=\"size-large wp-image-872\" src=\"https:\/\/www.vkd.com\/lv-bayern\/wp-content\/uploads\/sites\/14\/2024\/10\/WhatsApp-Bild-2024-10-06-um-13.04.04_e5f2c828-1024x576.jpg\" alt=\"Whatsapp Bild 2024 10 06 Um 13.04.04 E5f2c828\" width=\"1024\" height=\"576\" srcset=\"https:\/\/www.vkd.com\/lv-bayern\/wp-content\/uploads\/sites\/14\/2024\/10\/WhatsApp-Bild-2024-10-06-um-13.04.04_e5f2c828-1024x576.jpg 1024w, https:\/\/www.vkd.com\/lv-bayern\/wp-content\/uploads\/sites\/14\/2024\/10\/WhatsApp-Bild-2024-10-06-um-13.04.04_e5f2c828-300x169.jpg 300w, https:\/\/www.vkd.com\/lv-bayern\/wp-content\/uploads\/sites\/14\/2024\/10\/WhatsApp-Bild-2024-10-06-um-13.04.04_e5f2c828-768x432.jpg 768w, https:\/\/www.vkd.com\/lv-bayern\/wp-content\/uploads\/sites\/14\/2024\/10\/WhatsApp-Bild-2024-10-06-um-13.04.04_e5f2c828-1536x864.jpg 1536w, https:\/\/www.vkd.com\/lv-bayern\/wp-content\/uploads\/sites\/14\/2024\/10\/WhatsApp-Bild-2024-10-06-um-13.04.04_e5f2c828-640x360.jpg 640w, https:\/\/www.vkd.com\/lv-bayern\/wp-content\/uploads\/sites\/14\/2024\/10\/WhatsApp-Bild-2024-10-06-um-13.04.04_e5f2c828.jpg 1600w\" sizes=\"(max-width: 1024px) 100vw, 1024px\" \/><\/p>\n","protected":false},"excerpt":{"rendered":"<p>.. trefft unseren Kollegen Lars L\u00e4ufer, Schriftf\u00fchrer beim Landesverband Bayern und Mitglied Kochclub N\u00fcrnberg in seiner T\u00e4tigkeit als Culinary Advisor bei der Firma H\u00fcgli auf der Faszination Food auf der Messe N\u00fcrnberg. Er freut sich auf euren Besuch!<\/p>\n","protected":false},"author":1955,"featured_media":376,"comment_status":"closed","ping_status":"open","sticky":false,"template":"","format":"standard","meta":[],"categories":[1],"tags":[6,5,7,19,9,8],"yoast_head":"<!-- This site is optimized with the Yoast SEO plugin v20.0 - https:\/\/yoast.com\/wordpress\/plugins\/seo\/ -->\n<title>Unsere Vorst\u00e4nde unterwegs... - Landesverband der K\u00f6che Bayern<\/title>\n<meta name=\"robots\" content=\"noindex, follow, max-snippet:-1, max-image-preview:large, max-video-preview:-1\" \/>\n<meta property=\"og:locale\" content=\"de_DE\" \/>\n<meta property=\"og:type\" content=\"article\" \/>\n<meta property=\"og:title\" content=\"Unsere Vorst\u00e4nde unterwegs... - Landesverband der K\u00f6che Bayern\" \/>\n<meta property=\"og:description\" content=\".. trefft unseren Kollegen Lars L\u00e4ufer, Schriftf\u00fchrer beim Landesverband Bayern und Mitglied Kochclub N\u00fcrnberg in seiner T\u00e4tigkeit als Culinary Advisor bei der Firma H\u00fcgli auf der Faszination Food auf der Messe N\u00fcrnberg. Er freut sich auf euren Besuch!\" \/>\n<meta property=\"og:url\" content=\"https:\/\/www.vkd.com\/lv-bayern\/news\/unsere-vorstaende-unterwegs\/\" \/>\n<meta property=\"og:site_name\" content=\"Landesverband der K\u00f6che Bayern\" \/>\n<meta property=\"article:published_time\" content=\"2024-10-06T10:45:45+00:00\" \/>\n<meta property=\"article:modified_time\" content=\"2024-10-07T07:32:41+00:00\" \/>\n<meta property=\"og:image\" content=\"https:\/\/www.vkd.com\/lv-bayern\/wp-content\/uploads\/sites\/14\/2024\/07\/cropped-Logo-LV-Bayern_klein-quadratisch.png\" \/>\n\t<meta property=\"og:image:width\" content=\"512\" \/>\n\t<meta property=\"og:image:height\" content=\"512\" \/>\n\t<meta property=\"og:image:type\" content=\"image\/png\" \/>\n<meta name=\"author\" content=\"Kostadinov Alexander\" \/>\n<meta name=\"twitter:card\" content=\"summary_large_image\" \/>\n<meta name=\"twitter:label1\" content=\"Verfasst von\" \/>\n\t<meta name=\"twitter:data1\" content=\"Kostadinov Alexander\" \/>\n\t<meta name=\"twitter:label2\" content=\"Gesch\u00e4tzte Lesezeit\" \/>\n\t<meta name=\"twitter:data2\" content=\"2\u00a0Minuten\" \/>\n<script type=\"application\/ld+json\" class=\"yoast-schema-graph\">{\"@context\":\"https:\/\/schema.org\",\"@graph\":[{\"@type\":\"WebPage\",\"@id\":\"https:\/\/www.vkd.com\/lv-bayern\/news\/unsere-vorstaende-unterwegs\/\",\"url\":\"https:\/\/www.vkd.com\/lv-bayern\/news\/unsere-vorstaende-unterwegs\/\",\"name\":\"Unsere Vorst\u00e4nde unterwegs... - Landesverband der K\u00f6che Bayern\",\"isPartOf\":{\"@id\":\"https:\/\/www.vkd.com\/lv-bayern\/#website\"},\"datePublished\":\"2024-10-06T10:45:45+00:00\",\"dateModified\":\"2024-10-07T07:32:41+00:00\",\"author\":{\"@id\":\"https:\/\/www.vkd.com\/lv-bayern\/#\/schema\/person\/19c4bb106ca4de98c60e2cb5ac7f572f\"},\"breadcrumb\":{\"@id\":\"https:\/\/www.vkd.com\/lv-bayern\/news\/unsere-vorstaende-unterwegs\/#breadcrumb\"},\"inLanguage\":\"de\",\"potentialAction\":[{\"@type\":\"ReadAction\",\"target\":[\"https:\/\/www.vkd.com\/lv-bayern\/news\/unsere-vorstaende-unterwegs\/\"]}]},{\"@type\":\"BreadcrumbList\",\"@id\":\"https:\/\/www.vkd.com\/lv-bayern\/news\/unsere-vorstaende-unterwegs\/#breadcrumb\",\"itemListElement\":[{\"@type\":\"ListItem\",\"position\":1,\"name\":\"Startseite\",\"item\":\"https:\/\/www.vkd.com\/lv-bayern\/\"},{\"@type\":\"ListItem\",\"position\":2,\"name\":\"Unsere Vorst\u00e4nde unterwegs&#8230;\"}]},{\"@type\":\"WebSite\",\"@id\":\"https:\/\/www.vkd.com\/lv-bayern\/#website\",\"url\":\"https:\/\/www.vkd.com\/lv-bayern\/\",\"name\":\"Landesverband der K\u00f6che Bayern\",\"description\":\"Landesverband im Verband der K\u00f6che Deutschlands e.V.\",\"potentialAction\":[{\"@type\":\"SearchAction\",\"target\":{\"@type\":\"EntryPoint\",\"urlTemplate\":\"https:\/\/www.vkd.com\/lv-bayern\/?s={search_term_string}\"},\"query-input\":\"required name=search_term_string\"}],\"inLanguage\":\"de\"},{\"@type\":\"Person\",\"@id\":\"https:\/\/www.vkd.com\/lv-bayern\/#\/schema\/person\/19c4bb106ca4de98c60e2cb5ac7f572f\",\"name\":\"Kostadinov Alexander\",\"image\":{\"@type\":\"ImageObject\",\"inLanguage\":\"de\",\"@id\":\"https:\/\/www.vkd.com\/lv-bayern\/#\/schema\/person\/image\/\",\"url\":\"https:\/\/secure.gravatar.com\/avatar\/b0cb85e5c215fe1114e6d2404492358d?s=96&d=mm&r=g\",\"contentUrl\":\"https:\/\/secure.gravatar.com\/avatar\/b0cb85e5c215fe1114e6d2404492358d?s=96&d=mm&r=g\",\"caption\":\"Kostadinov Alexander\"},\"url\":\"https:\/\/www.vkd.com\/lv-bayern\/news\/author\/gentscher-jungentscher-de\/\"}]}<\/script>\n<!-- \/ Yoast SEO plugin. -->","yoast_head_json":{"title":"Unsere Vorst\u00e4nde unterwegs... - Landesverband der K\u00f6che Bayern","robots":{"index":"noindex","follow":"follow","max-snippet":"max-snippet:-1","max-image-preview":"max-image-preview:large","max-video-preview":"max-video-preview:-1"},"og_locale":"de_DE","og_type":"article","og_title":"Unsere Vorst\u00e4nde unterwegs... - Landesverband der K\u00f6che Bayern","og_description":".. trefft unseren Kollegen Lars L\u00e4ufer, Schriftf\u00fchrer beim Landesverband Bayern und Mitglied Kochclub N\u00fcrnberg in seiner T\u00e4tigkeit als Culinary Advisor bei der Firma H\u00fcgli auf der Faszination Food auf der Messe N\u00fcrnberg. Er freut sich auf euren Besuch!","og_url":"https:\/\/www.vkd.com\/lv-bayern\/news\/unsere-vorstaende-unterwegs\/","og_site_name":"Landesverband der K\u00f6che Bayern","article_published_time":"2024-10-06T10:45:45+00:00","article_modified_time":"2024-10-07T07:32:41+00:00","og_image":[{"width":512,"height":512,"url":"https:\/\/www.vkd.com\/lv-bayern\/wp-content\/uploads\/sites\/14\/2024\/07\/cropped-Logo-LV-Bayern_klein-quadratisch.png","type":"image\/png"}],"author":"Kostadinov Alexander","twitter_card":"summary_large_image","twitter_misc":{"Verfasst von":"Kostadinov Alexander","Gesch\u00e4tzte Lesezeit":"2\u00a0Minuten"},"schema":{"@context":"https:\/\/schema.org","@graph":[{"@type":"WebPage","@id":"https:\/\/www.vkd.com\/lv-bayern\/news\/unsere-vorstaende-unterwegs\/","url":"https:\/\/www.vkd.com\/lv-bayern\/news\/unsere-vorstaende-unterwegs\/","name":"Unsere Vorst\u00e4nde unterwegs... - Landesverband der K\u00f6che Bayern","isPartOf":{"@id":"https:\/\/www.vkd.com\/lv-bayern\/#website"},"datePublished":"2024-10-06T10:45:45+00:00","dateModified":"2024-10-07T07:32:41+00:00","author":{"@id":"https:\/\/www.vkd.com\/lv-bayern\/#\/schema\/person\/19c4bb106ca4de98c60e2cb5ac7f572f"},"breadcrumb":{"@id":"https:\/\/www.vkd.com\/lv-bayern\/news\/unsere-vorstaende-unterwegs\/#breadcrumb"},"inLanguage":"de","potentialAction":[{"@type":"ReadAction","target":["https:\/\/www.vkd.com\/lv-bayern\/news\/unsere-vorstaende-unterwegs\/"]}]},{"@type":"BreadcrumbList","@id":"https:\/\/www.vkd.com\/lv-bayern\/news\/unsere-vorstaende-unterwegs\/#breadcrumb","itemListElement":[{"@type":"ListItem","position":1,"name":"Startseite","item":"https:\/\/www.vkd.com\/lv-bayern\/"},{"@type":"ListItem","position":2,"name":"Unsere Vorst\u00e4nde unterwegs&#8230;"}]},{"@type":"WebSite","@id":"https:\/\/www.vkd.com\/lv-bayern\/#website","url":"https:\/\/www.vkd.com\/lv-bayern\/","name":"Landesverband der K\u00f6che Bayern","description":"Landesverband im Verband der K\u00f6che Deutschlands e.V.","potentialAction":[{"@type":"SearchAction","target":{"@type":"EntryPoint","urlTemplate":"https:\/\/www.vkd.com\/lv-bayern\/?s={search_term_string}"},"query-input":"required name=search_term_string"}],"inLanguage":"de"},{"@type":"Person","@id":"https:\/\/www.vkd.com\/lv-bayern\/#\/schema\/person\/19c4bb106ca4de98c60e2cb5ac7f572f","name":"Kostadinov Alexander","image":{"@type":"ImageObject","inLanguage":"de","@id":"https:\/\/www.vkd.com\/lv-bayern\/#\/schema\/person\/image\/","url":"https:\/\/secure.gravatar.com\/avatar\/b0cb85e5c215fe1114e6d2404492358d?s=96&d=mm&r=g","contentUrl":"https:\/\/secure.gravatar.com\/avatar\/b0cb85e5c215fe1114e6d2404492358d?s=96&d=mm&r=g","caption":"Kostadinov Alexander"},"url":"https:\/\/www.vkd.com\/lv-bayern\/news\/author\/gentscher-jungentscher-de\/"}]}},"_links":{"self":[{"href":"https:\/\/www.vkd.com\/lv-bayern\/wp-json\/wp\/v2\/posts\/864"}],"collection":[{"href":"https:\/\/www.vkd.com\/lv-bayern\/wp-json\/wp\/v2\/posts"}],"about":[{"href":"https:\/\/www.vkd.com\/lv-bayern\/wp-json\/wp\/v2\/types\/post"}],"author":[{"embeddable":true,"href":"https:\/\/www.vkd.com\/lv-bayern\/wp-json\/wp\/v2\/users\/1955"}],"replies":[{"embeddable":true,"href":"https:\/\/www.vkd.com\/lv-bayern\/wp-json\/wp\/v2\/comments?post=864"}],"version-history":[{"count":3,"href":"https:\/\/www.vkd.com\/lv-bayern\/wp-json\/wp\/v2\/posts\/864\/revisions"}],"predecessor-version":[{"id":873,"href":"https:\/\/www.vkd.com\/lv-bayern\/wp-json\/wp\/v2\/posts\/864\/revisions\/873"}],"wp:featuredmedia":[{"embeddable":true,"href":"https:\/\/www.vkd.com\/lv-bayern\/wp-json\/wp\/v2\/media\/376"}],"wp:attachment":[{"href":"https:\/\/www.vkd.com\/lv-bayern\/wp-json\/wp\/v2\/media?parent=864"}],"wp:term":[{"taxonomy":"category","embeddable":true,"href":"https:\/\/www.vkd.com\/lv-bayern\/wp-json\/wp\/v2\/categories?post=864"},{"taxonomy":"post_tag","embeddable":true,"href":"https:\/\/www.vkd.com\/lv-bayern\/wp-json\/wp\/v2\/tags?post=864"}],"curies":[{"name":"wp","href":"https:\/\/api.w.org\/{rel}","templated":true}]}}