{"id":853,"date":"2024-10-06T11:34:57","date_gmt":"2024-10-06T09:34:57","guid":{"rendered":"https:\/\/www.vkd.com\/lv-bayern\/?p=853"},"modified":"2024-10-06T11:35:02","modified_gmt":"2024-10-06T09:35:02","slug":"spendenaktion-des-koecheverein-inn-salzach-auf-der-kirta-altoetting","status":"publish","type":"post","link":"https:\/\/www.vkd.com\/lv-bayern\/news\/spendenaktion-des-koecheverein-inn-salzach-auf-der-kirta-altoetting\/","title":{"rendered":"Spendenaktion des K\u00f6cheverein Inn-Salzach auf der Kirta Alt\u00f6tting"},"content":{"rendered":"<div>K\u00fcrzlich hat der ZV\u00a0 K\u00f6cheverein Inn-Salzach auf der Kirta Alt\u00f6tting zu einer Spendenaktion zum<\/div>\n<div><\/div>\n<div>\n<p><strong>Laision von K\u00fcrbis und Kartoffel f\u00fcr unsere K\u00f6chejugend aufgerufen.<\/strong><\/p>\n<\/div>\n<div>\n<p aria-hidden=\"true\">Verschiedene K\u00fcrbisgerichte zum probieren wurden von den Mitgliedern vorbereitet um Spenden zu sammeln, die der Jugendarbeit zu Gute kommen.<\/p>\n<p aria-hidden=\"true\">Mit freundlichen Gr\u00fc\u00dfen aus dem ZV Inn-Salzach<\/p>\n<\/div>\n<div>\n<p>Thomas Hetzenecker<\/p>\n<\/div>\n<p aria-hidden=\"true\"><strong>Anbei eine paar Fotos der Aktion<\/strong><\/p>\n<div>\n\n<div id=\"gallery-856\" class=\"vkdgal-gallery-wrap gallery-grid \">\n    <div class=\"col-md-12\">\n        <div class=\"row\">\n            <div class=\"gal\" data-featherlight-gallery style=\"display: grid; grid-template-columns: repeat(3, 1fr); grid-column-gap: 10px;\">\n                                    <div class=\"item\">\n                        <a href=\"https:\/\/www.vkd.com\/lv-bayern\/wp-content\/uploads\/sites\/14\/2024\/10\/1000052568-771x1024.jpg\" title=\"1000052568\">\n                            <img class=\"img-full\" src=\"https:\/\/www.vkd.com\/lv-bayern\/wp-content\/uploads\/sites\/14\/2024\/10\/1000052568-771x1024.jpg\" title=\"Galerie bei Bild 1 \u00f6ffnen\" alt=\"1000052568\"\/>\n                        <\/a>\n                    <\/div>\n                                    <div class=\"item\">\n                        <a href=\"https:\/\/www.vkd.com\/lv-bayern\/wp-content\/uploads\/sites\/14\/2024\/10\/1000052569-771x1024.jpg\" title=\"1000052569\">\n                            <img class=\"img-full\" src=\"https:\/\/www.vkd.com\/lv-bayern\/wp-content\/uploads\/sites\/14\/2024\/10\/1000052569-771x1024.jpg\" title=\"Galerie bei Bild 2 \u00f6ffnen\" alt=\"1000052569\"\/>\n                        <\/a>\n                    <\/div>\n                                    <div class=\"item\">\n                        <a href=\"https:\/\/www.vkd.com\/lv-bayern\/wp-content\/uploads\/sites\/14\/2024\/10\/1000052570-771x1024.jpg\" title=\"1000052570\">\n                            <img class=\"img-full\" src=\"https:\/\/www.vkd.com\/lv-bayern\/wp-content\/uploads\/sites\/14\/2024\/10\/1000052570-771x1024.jpg\" title=\"Galerie bei Bild 3 \u00f6ffnen\" alt=\"1000052570\"\/>\n                        <\/a>\n                    <\/div>\n                                    <div class=\"item\">\n                        <a href=\"https:\/\/www.vkd.com\/lv-bayern\/wp-content\/uploads\/sites\/14\/2024\/10\/1000052572-771x1024.jpg\" title=\"1000052572\">\n                            <img class=\"img-full\" src=\"https:\/\/www.vkd.com\/lv-bayern\/wp-content\/uploads\/sites\/14\/2024\/10\/1000052572-771x1024.jpg\" title=\"Galerie bei Bild 4 \u00f6ffnen\" alt=\"1000052572\"\/>\n                        <\/a>\n                    <\/div>\n                                    <div class=\"item\">\n                        <a href=\"https:\/\/www.vkd.com\/lv-bayern\/wp-content\/uploads\/sites\/14\/2024\/10\/1000052579-771x1024.jpg\" title=\"1000052579\">\n                            <img class=\"img-full\" src=\"https:\/\/www.vkd.com\/lv-bayern\/wp-content\/uploads\/sites\/14\/2024\/10\/1000052579-771x1024.jpg\" title=\"Galerie bei Bild 5 \u00f6ffnen\" alt=\"1000052579\"\/>\n                        <\/a>\n                    <\/div>\n                                    <div class=\"item\">\n                        <a href=\"https:\/\/www.vkd.com\/lv-bayern\/wp-content\/uploads\/sites\/14\/2024\/10\/1000052670-1024x771.jpg\" title=\"1000052670\">\n                            <img class=\"img-full\" src=\"https:\/\/www.vkd.com\/lv-bayern\/wp-content\/uploads\/sites\/14\/2024\/10\/1000052670-1024x771.jpg\" title=\"Galerie bei Bild 6 \u00f6ffnen\" alt=\"1000052670\"\/>\n                        <\/a>\n                    <\/div>\n                            <\/div>\n        <\/div>\n    <\/div>\n<\/div>\n\n\n<\/div>\n","protected":false},"excerpt":{"rendered":"<p>K\u00fcrzlich hat der ZV\u00a0 K\u00f6cheverein Inn-Salzach auf der Kirta Alt\u00f6tting zu einer Spendenaktion zum Laision von K\u00fcrbis und Kartoffel f\u00fcr unsere K\u00f6chejugend aufgerufen. Verschiedene K\u00fcrbisgerichte zum probieren wurden von den Mitgliedern vorbereitet um Spenden zu sammeln, die der Jugendarbeit zu Gute kommen. Mit freundlichen Gr\u00fc\u00dfen aus dem ZV Inn-Salzach Thomas Hetzenecker Anbei eine paar Fotos&#8230;<\/p>\n","protected":false},"author":1955,"featured_media":834,"comment_status":"closed","ping_status":"open","sticky":false,"template":"","format":"standard","meta":[],"categories":[1],"tags":[17,6,12,5,7,18,19,9,11],"yoast_head":"<!-- This site is optimized with the Yoast SEO plugin v20.0 - https:\/\/yoast.com\/wordpress\/plugins\/seo\/ -->\n<title>Spendenaktion des K\u00f6cheverein Inn-Salzach auf der Kirta Alt\u00f6tting - Landesverband der K\u00f6che Bayern<\/title>\n<meta name=\"robots\" content=\"noindex, follow, max-snippet:-1, max-image-preview:large, max-video-preview:-1\" \/>\n<meta property=\"og:locale\" content=\"de_DE\" \/>\n<meta property=\"og:type\" content=\"article\" \/>\n<meta property=\"og:title\" content=\"Spendenaktion des K\u00f6cheverein Inn-Salzach auf der Kirta Alt\u00f6tting - Landesverband der K\u00f6che Bayern\" \/>\n<meta property=\"og:description\" content=\"K\u00fcrzlich hat der ZV\u00a0 K\u00f6cheverein Inn-Salzach auf der Kirta Alt\u00f6tting zu einer Spendenaktion zum Laision von K\u00fcrbis und Kartoffel f\u00fcr unsere K\u00f6chejugend aufgerufen. Verschiedene K\u00fcrbisgerichte zum probieren wurden von den Mitgliedern vorbereitet um Spenden zu sammeln, die der Jugendarbeit zu Gute kommen. Mit freundlichen Gr\u00fc\u00dfen aus dem ZV Inn-Salzach Thomas Hetzenecker Anbei eine paar Fotos...\" \/>\n<meta property=\"og:url\" content=\"https:\/\/www.vkd.com\/lv-bayern\/news\/spendenaktion-des-koecheverein-inn-salzach-auf-der-kirta-altoetting\/\" \/>\n<meta property=\"og:site_name\" content=\"Landesverband der K\u00f6che Bayern\" \/>\n<meta property=\"article:published_time\" content=\"2024-10-06T09:34:57+00:00\" \/>\n<meta property=\"article:modified_time\" content=\"2024-10-06T09:35:02+00:00\" \/>\n<meta property=\"og:image\" content=\"https:\/\/www.vkd.com\/lv-bayern\/wp-content\/uploads\/sites\/14\/2024\/09\/Logoklein.jpg\" \/>\n\t<meta property=\"og:image:width\" content=\"328\" \/>\n\t<meta property=\"og:image:height\" content=\"382\" \/>\n\t<meta property=\"og:image:type\" content=\"image\/jpeg\" \/>\n<meta name=\"author\" content=\"Kostadinov Alexander\" \/>\n<meta name=\"twitter:card\" content=\"summary_large_image\" \/>\n<meta name=\"twitter:label1\" content=\"Verfasst von\" \/>\n\t<meta name=\"twitter:data1\" content=\"Kostadinov Alexander\" \/>\n\t<meta name=\"twitter:label2\" content=\"Gesch\u00e4tzte Lesezeit\" \/>\n\t<meta name=\"twitter:data2\" content=\"1\u00a0Minute\" \/>\n<script type=\"application\/ld+json\" class=\"yoast-schema-graph\">{\"@context\":\"https:\/\/schema.org\",\"@graph\":[{\"@type\":\"WebPage\",\"@id\":\"https:\/\/www.vkd.com\/lv-bayern\/news\/spendenaktion-des-koecheverein-inn-salzach-auf-der-kirta-altoetting\/\",\"url\":\"https:\/\/www.vkd.com\/lv-bayern\/news\/spendenaktion-des-koecheverein-inn-salzach-auf-der-kirta-altoetting\/\",\"name\":\"Spendenaktion des K\u00f6cheverein Inn-Salzach auf der Kirta Alt\u00f6tting - Landesverband der K\u00f6che Bayern\",\"isPartOf\":{\"@id\":\"https:\/\/www.vkd.com\/lv-bayern\/#website\"},\"datePublished\":\"2024-10-06T09:34:57+00:00\",\"dateModified\":\"2024-10-06T09:35:02+00:00\",\"author\":{\"@id\":\"https:\/\/www.vkd.com\/lv-bayern\/#\/schema\/person\/19c4bb106ca4de98c60e2cb5ac7f572f\"},\"breadcrumb\":{\"@id\":\"https:\/\/www.vkd.com\/lv-bayern\/news\/spendenaktion-des-koecheverein-inn-salzach-auf-der-kirta-altoetting\/#breadcrumb\"},\"inLanguage\":\"de\",\"potentialAction\":[{\"@type\":\"ReadAction\",\"target\":[\"https:\/\/www.vkd.com\/lv-bayern\/news\/spendenaktion-des-koecheverein-inn-salzach-auf-der-kirta-altoetting\/\"]}]},{\"@type\":\"BreadcrumbList\",\"@id\":\"https:\/\/www.vkd.com\/lv-bayern\/news\/spendenaktion-des-koecheverein-inn-salzach-auf-der-kirta-altoetting\/#breadcrumb\",\"itemListElement\":[{\"@type\":\"ListItem\",\"position\":1,\"name\":\"Startseite\",\"item\":\"https:\/\/www.vkd.com\/lv-bayern\/\"},{\"@type\":\"ListItem\",\"position\":2,\"name\":\"Spendenaktion des K\u00f6cheverein Inn-Salzach auf der Kirta Alt\u00f6tting\"}]},{\"@type\":\"WebSite\",\"@id\":\"https:\/\/www.vkd.com\/lv-bayern\/#website\",\"url\":\"https:\/\/www.vkd.com\/lv-bayern\/\",\"name\":\"Landesverband der K\u00f6che Bayern\",\"description\":\"Landesverband im Verband der K\u00f6che Deutschlands e.V.\",\"potentialAction\":[{\"@type\":\"SearchAction\",\"target\":{\"@type\":\"EntryPoint\",\"urlTemplate\":\"https:\/\/www.vkd.com\/lv-bayern\/?s={search_term_string}\"},\"query-input\":\"required name=search_term_string\"}],\"inLanguage\":\"de\"},{\"@type\":\"Person\",\"@id\":\"https:\/\/www.vkd.com\/lv-bayern\/#\/schema\/person\/19c4bb106ca4de98c60e2cb5ac7f572f\",\"name\":\"Kostadinov Alexander\",\"image\":{\"@type\":\"ImageObject\",\"inLanguage\":\"de\",\"@id\":\"https:\/\/www.vkd.com\/lv-bayern\/#\/schema\/person\/image\/\",\"url\":\"https:\/\/secure.gravatar.com\/avatar\/b0cb85e5c215fe1114e6d2404492358d?s=96&d=mm&r=g\",\"contentUrl\":\"https:\/\/secure.gravatar.com\/avatar\/b0cb85e5c215fe1114e6d2404492358d?s=96&d=mm&r=g\",\"caption\":\"Kostadinov Alexander\"},\"url\":\"https:\/\/www.vkd.com\/lv-bayern\/news\/author\/gentscher-jungentscher-de\/\"}]}<\/script>\n<!-- \/ Yoast SEO plugin. -->","yoast_head_json":{"title":"Spendenaktion des K\u00f6cheverein Inn-Salzach auf der Kirta Alt\u00f6tting - Landesverband der K\u00f6che Bayern","robots":{"index":"noindex","follow":"follow","max-snippet":"max-snippet:-1","max-image-preview":"max-image-preview:large","max-video-preview":"max-video-preview:-1"},"og_locale":"de_DE","og_type":"article","og_title":"Spendenaktion des K\u00f6cheverein Inn-Salzach auf der Kirta Alt\u00f6tting - Landesverband der K\u00f6che Bayern","og_description":"K\u00fcrzlich hat der ZV\u00a0 K\u00f6cheverein Inn-Salzach auf der Kirta Alt\u00f6tting zu einer Spendenaktion zum Laision von K\u00fcrbis und Kartoffel f\u00fcr unsere K\u00f6chejugend aufgerufen. Verschiedene K\u00fcrbisgerichte zum probieren wurden von den Mitgliedern vorbereitet um Spenden zu sammeln, die der Jugendarbeit zu Gute kommen. Mit freundlichen Gr\u00fc\u00dfen aus dem ZV Inn-Salzach Thomas Hetzenecker Anbei eine paar Fotos...","og_url":"https:\/\/www.vkd.com\/lv-bayern\/news\/spendenaktion-des-koecheverein-inn-salzach-auf-der-kirta-altoetting\/","og_site_name":"Landesverband der K\u00f6che Bayern","article_published_time":"2024-10-06T09:34:57+00:00","article_modified_time":"2024-10-06T09:35:02+00:00","og_image":[{"width":328,"height":382,"url":"https:\/\/www.vkd.com\/lv-bayern\/wp-content\/uploads\/sites\/14\/2024\/09\/Logoklein.jpg","type":"image\/jpeg"}],"author":"Kostadinov Alexander","twitter_card":"summary_large_image","twitter_misc":{"Verfasst von":"Kostadinov Alexander","Gesch\u00e4tzte Lesezeit":"1\u00a0Minute"},"schema":{"@context":"https:\/\/schema.org","@graph":[{"@type":"WebPage","@id":"https:\/\/www.vkd.com\/lv-bayern\/news\/spendenaktion-des-koecheverein-inn-salzach-auf-der-kirta-altoetting\/","url":"https:\/\/www.vkd.com\/lv-bayern\/news\/spendenaktion-des-koecheverein-inn-salzach-auf-der-kirta-altoetting\/","name":"Spendenaktion des K\u00f6cheverein Inn-Salzach auf der Kirta Alt\u00f6tting - Landesverband der K\u00f6che Bayern","isPartOf":{"@id":"https:\/\/www.vkd.com\/lv-bayern\/#website"},"datePublished":"2024-10-06T09:34:57+00:00","dateModified":"2024-10-06T09:35:02+00:00","author":{"@id":"https:\/\/www.vkd.com\/lv-bayern\/#\/schema\/person\/19c4bb106ca4de98c60e2cb5ac7f572f"},"breadcrumb":{"@id":"https:\/\/www.vkd.com\/lv-bayern\/news\/spendenaktion-des-koecheverein-inn-salzach-auf-der-kirta-altoetting\/#breadcrumb"},"inLanguage":"de","potentialAction":[{"@type":"ReadAction","target":["https:\/\/www.vkd.com\/lv-bayern\/news\/spendenaktion-des-koecheverein-inn-salzach-auf-der-kirta-altoetting\/"]}]},{"@type":"BreadcrumbList","@id":"https:\/\/www.vkd.com\/lv-bayern\/news\/spendenaktion-des-koecheverein-inn-salzach-auf-der-kirta-altoetting\/#breadcrumb","itemListElement":[{"@type":"ListItem","position":1,"name":"Startseite","item":"https:\/\/www.vkd.com\/lv-bayern\/"},{"@type":"ListItem","position":2,"name":"Spendenaktion des K\u00f6cheverein Inn-Salzach auf der Kirta Alt\u00f6tting"}]},{"@type":"WebSite","@id":"https:\/\/www.vkd.com\/lv-bayern\/#website","url":"https:\/\/www.vkd.com\/lv-bayern\/","name":"Landesverband der K\u00f6che Bayern","description":"Landesverband im Verband der K\u00f6che Deutschlands e.V.","potentialAction":[{"@type":"SearchAction","target":{"@type":"EntryPoint","urlTemplate":"https:\/\/www.vkd.com\/lv-bayern\/?s={search_term_string}"},"query-input":"required name=search_term_string"}],"inLanguage":"de"},{"@type":"Person","@id":"https:\/\/www.vkd.com\/lv-bayern\/#\/schema\/person\/19c4bb106ca4de98c60e2cb5ac7f572f","name":"Kostadinov Alexander","image":{"@type":"ImageObject","inLanguage":"de","@id":"https:\/\/www.vkd.com\/lv-bayern\/#\/schema\/person\/image\/","url":"https:\/\/secure.gravatar.com\/avatar\/b0cb85e5c215fe1114e6d2404492358d?s=96&d=mm&r=g","contentUrl":"https:\/\/secure.gravatar.com\/avatar\/b0cb85e5c215fe1114e6d2404492358d?s=96&d=mm&r=g","caption":"Kostadinov Alexander"},"url":"https:\/\/www.vkd.com\/lv-bayern\/news\/author\/gentscher-jungentscher-de\/"}]}},"_links":{"self":[{"href":"https:\/\/www.vkd.com\/lv-bayern\/wp-json\/wp\/v2\/posts\/853"}],"collection":[{"href":"https:\/\/www.vkd.com\/lv-bayern\/wp-json\/wp\/v2\/posts"}],"about":[{"href":"https:\/\/www.vkd.com\/lv-bayern\/wp-json\/wp\/v2\/types\/post"}],"author":[{"embeddable":true,"href":"https:\/\/www.vkd.com\/lv-bayern\/wp-json\/wp\/v2\/users\/1955"}],"replies":[{"embeddable":true,"href":"https:\/\/www.vkd.com\/lv-bayern\/wp-json\/wp\/v2\/comments?post=853"}],"version-history":[{"count":3,"href":"https:\/\/www.vkd.com\/lv-bayern\/wp-json\/wp\/v2\/posts\/853\/revisions"}],"predecessor-version":[{"id":863,"href":"https:\/\/www.vkd.com\/lv-bayern\/wp-json\/wp\/v2\/posts\/853\/revisions\/863"}],"wp:featuredmedia":[{"embeddable":true,"href":"https:\/\/www.vkd.com\/lv-bayern\/wp-json\/wp\/v2\/media\/834"}],"wp:attachment":[{"href":"https:\/\/www.vkd.com\/lv-bayern\/wp-json\/wp\/v2\/media?parent=853"}],"wp:term":[{"taxonomy":"category","embeddable":true,"href":"https:\/\/www.vkd.com\/lv-bayern\/wp-json\/wp\/v2\/categories?post=853"},{"taxonomy":"post_tag","embeddable":true,"href":"https:\/\/www.vkd.com\/lv-bayern\/wp-json\/wp\/v2\/tags?post=853"}],"curies":[{"name":"wp","href":"https:\/\/api.w.org\/{rel}","templated":true}]}}