{"id":828,"date":"2024-09-19T10:27:14","date_gmt":"2024-09-19T08:27:14","guid":{"rendered":"https:\/\/www.vkd.com\/lv-bayern\/?p=828"},"modified":"2024-09-19T10:47:21","modified_gmt":"2024-09-19T08:47:21","slug":"news-aus-dem-zv-koecheverein-inn-salzach-e-v","status":"publish","type":"post","link":"https:\/\/www.vkd.com\/lv-bayern\/news\/news-aus-dem-zv-koecheverein-inn-salzach-e-v\/","title":{"rendered":"News aus dem ZV K\u00f6cheverein Inn-Salzach e.V."},"content":{"rendered":"<p>Liebe Kolleginnen und Kollegen,<br \/>\nliebe K\u00f6chevereinsmitglieder,<br \/>\nliebe Freunde der wei\u00dfen Zunft,<\/p>\n<p><strong><br \/>\n<\/strong>Nachrichten zu unserem Vereinsleben!<br \/>\nWie ihr schon \u00fcber WhatsApp erfahren habt, hat uns Klaus Heimeldinger am kommenden Freitag, 20.September zu seiner Er\u00f6ffnung der neuen R\u00e4umlichkeiten im Pauliwirt<br \/>\nund dem &#8222;weinraum&#8220; herzlich eingeladen! Wie unser Vorsitzender Rainer vorgeschlagen hat, treffen wir uns dort um 15.30 Uhr in Berufsuniform um mit ihm und seiner Familie den neuen<br \/>\nEingangsbereich zu feiern!<\/p>\n<blockquote><p><strong><br \/>\nEin weiteres <\/strong><strong>&#8222;Highlight&#8220;<\/strong><strong> ist die <\/strong><strong>Alt\u00f6ttinger Kirta <\/strong><strong>im Hell-Br\u00e4u KirtaStadl auf dem Alt\u00f6ttinger Dultplatz.<br \/>\nAm <\/strong><strong>Dienstag, 01.Oktober <\/strong><strong>von 15 bis 17 Uhr findet dort wieder unsere <\/strong><strong>K\u00f6chevereinspr\u00e4sentation <\/strong><strong>K\u00dcRBISkunterbunt statt. (14.30 Uhr Vorbereitung \/ Berufsuniform ) Unter dem Motto: <\/strong><strong>K\u00dcRBISkunterbunt eine Liaison zwischen KARTOFFEL und K\u00dcRBIS <\/strong><strong>bringen wir wieder allerlei FINGERFOOD und &#8222;k\u00f6chelnde Ideen&#8220; f\u00fcr Interessierte und Neugierige mit, lassen probieren und &#8222;fachsimpeln&#8220; mit den anwesenden G\u00e4sten!<br \/>\n&#8230;immer wieder ein sch\u00f6nes Erlebnis, unsere Kochbranche zu repr\u00e4sentieren und auf unsere Zunft<br \/>\naufmerksam zu machen!<\/strong><\/p><\/blockquote>\n<p><strong><br \/>\n<\/strong>Anschlie\u00dfend m\u00f6chten wir bei bei einem gem\u00fctlichen Beisammensein den K\u00f6chevereinsnachmittag<br \/>\nund Abend ausklingen lassen!<\/p>\n<p><strong><br \/>\n<\/strong>Wir freuen uns auf eure Ideen und &#8222;k\u00f6chelnden Mitbringsel&#8220; und auf eine kollegiale &#8222;k\u00f6chelnde&#8220; Runde!<br \/>\nIn Vorfreude,<strong><br \/>\nEure Vorstandschaft unseres K\u00f6cheverein Inn-Salzach e.V.<\/strong><\/p>\n","protected":false},"excerpt":{"rendered":"<p>Liebe Kolleginnen und Kollegen, liebe K\u00f6chevereinsmitglieder, liebe Freunde der wei\u00dfen Zunft, Nachrichten zu unserem Vereinsleben! Wie ihr schon \u00fcber WhatsApp erfahren habt, hat uns Klaus Heimeldinger am kommenden Freitag, 20.September zu seiner Er\u00f6ffnung der neuen R\u00e4umlichkeiten im Pauliwirt und dem &#8222;weinraum&#8220; herzlich eingeladen! Wie unser Vorsitzender Rainer vorgeschlagen hat, treffen wir uns dort um 15.30&#8230;<\/p>\n","protected":false},"author":1955,"featured_media":834,"comment_status":"closed","ping_status":"open","sticky":false,"template":"","format":"standard","meta":[],"categories":[1],"tags":[],"yoast_head":"<!-- This site is optimized with the Yoast SEO plugin v20.0 - https:\/\/yoast.com\/wordpress\/plugins\/seo\/ -->\n<title>News aus dem ZV K\u00f6cheverein Inn-Salzach e.V. - Landesverband der K\u00f6che Bayern<\/title>\n<meta name=\"robots\" content=\"noindex, follow, max-snippet:-1, max-image-preview:large, max-video-preview:-1\" \/>\n<meta property=\"og:locale\" content=\"de_DE\" \/>\n<meta property=\"og:type\" content=\"article\" \/>\n<meta property=\"og:title\" content=\"News aus dem ZV K\u00f6cheverein Inn-Salzach e.V. - Landesverband der K\u00f6che Bayern\" \/>\n<meta property=\"og:description\" content=\"Liebe Kolleginnen und Kollegen, liebe K\u00f6chevereinsmitglieder, liebe Freunde der wei\u00dfen Zunft, Nachrichten zu unserem Vereinsleben! Wie ihr schon \u00fcber WhatsApp erfahren habt, hat uns Klaus Heimeldinger am kommenden Freitag, 20.September zu seiner Er\u00f6ffnung der neuen R\u00e4umlichkeiten im Pauliwirt und dem &#8222;weinraum&#8220; herzlich eingeladen! Wie unser Vorsitzender Rainer vorgeschlagen hat, treffen wir uns dort um 15.30...\" \/>\n<meta property=\"og:url\" content=\"https:\/\/www.vkd.com\/lv-bayern\/news\/news-aus-dem-zv-koecheverein-inn-salzach-e-v\/\" \/>\n<meta property=\"og:site_name\" content=\"Landesverband der K\u00f6che Bayern\" \/>\n<meta property=\"article:published_time\" content=\"2024-09-19T08:27:14+00:00\" \/>\n<meta property=\"article:modified_time\" content=\"2024-09-19T08:47:21+00:00\" \/>\n<meta property=\"og:image\" content=\"https:\/\/www.vkd.com\/lv-bayern\/wp-content\/uploads\/sites\/14\/2024\/09\/Logoklein.jpg\" \/>\n\t<meta property=\"og:image:width\" content=\"328\" \/>\n\t<meta property=\"og:image:height\" content=\"382\" \/>\n\t<meta property=\"og:image:type\" content=\"image\/jpeg\" \/>\n<meta name=\"author\" content=\"Kostadinov Alexander\" \/>\n<meta name=\"twitter:card\" content=\"summary_large_image\" \/>\n<meta name=\"twitter:label1\" content=\"Verfasst von\" \/>\n\t<meta name=\"twitter:data1\" content=\"Kostadinov Alexander\" \/>\n\t<meta name=\"twitter:label2\" content=\"Gesch\u00e4tzte Lesezeit\" \/>\n\t<meta name=\"twitter:data2\" content=\"2\u00a0Minuten\" \/>\n<script type=\"application\/ld+json\" class=\"yoast-schema-graph\">{\"@context\":\"https:\/\/schema.org\",\"@graph\":[{\"@type\":\"WebPage\",\"@id\":\"https:\/\/www.vkd.com\/lv-bayern\/news\/news-aus-dem-zv-koecheverein-inn-salzach-e-v\/\",\"url\":\"https:\/\/www.vkd.com\/lv-bayern\/news\/news-aus-dem-zv-koecheverein-inn-salzach-e-v\/\",\"name\":\"News aus dem ZV K\u00f6cheverein Inn-Salzach e.V. - Landesverband der K\u00f6che Bayern\",\"isPartOf\":{\"@id\":\"https:\/\/www.vkd.com\/lv-bayern\/#website\"},\"datePublished\":\"2024-09-19T08:27:14+00:00\",\"dateModified\":\"2024-09-19T08:47:21+00:00\",\"author\":{\"@id\":\"https:\/\/www.vkd.com\/lv-bayern\/#\/schema\/person\/19c4bb106ca4de98c60e2cb5ac7f572f\"},\"breadcrumb\":{\"@id\":\"https:\/\/www.vkd.com\/lv-bayern\/news\/news-aus-dem-zv-koecheverein-inn-salzach-e-v\/#breadcrumb\"},\"inLanguage\":\"de\",\"potentialAction\":[{\"@type\":\"ReadAction\",\"target\":[\"https:\/\/www.vkd.com\/lv-bayern\/news\/news-aus-dem-zv-koecheverein-inn-salzach-e-v\/\"]}]},{\"@type\":\"BreadcrumbList\",\"@id\":\"https:\/\/www.vkd.com\/lv-bayern\/news\/news-aus-dem-zv-koecheverein-inn-salzach-e-v\/#breadcrumb\",\"itemListElement\":[{\"@type\":\"ListItem\",\"position\":1,\"name\":\"Startseite\",\"item\":\"https:\/\/www.vkd.com\/lv-bayern\/\"},{\"@type\":\"ListItem\",\"position\":2,\"name\":\"News aus dem ZV K\u00f6cheverein Inn-Salzach e.V.\"}]},{\"@type\":\"WebSite\",\"@id\":\"https:\/\/www.vkd.com\/lv-bayern\/#website\",\"url\":\"https:\/\/www.vkd.com\/lv-bayern\/\",\"name\":\"Landesverband der K\u00f6che Bayern\",\"description\":\"Landesverband im Verband der K\u00f6che Deutschlands e.V.\",\"potentialAction\":[{\"@type\":\"SearchAction\",\"target\":{\"@type\":\"EntryPoint\",\"urlTemplate\":\"https:\/\/www.vkd.com\/lv-bayern\/?s={search_term_string}\"},\"query-input\":\"required name=search_term_string\"}],\"inLanguage\":\"de\"},{\"@type\":\"Person\",\"@id\":\"https:\/\/www.vkd.com\/lv-bayern\/#\/schema\/person\/19c4bb106ca4de98c60e2cb5ac7f572f\",\"name\":\"Kostadinov Alexander\",\"image\":{\"@type\":\"ImageObject\",\"inLanguage\":\"de\",\"@id\":\"https:\/\/www.vkd.com\/lv-bayern\/#\/schema\/person\/image\/\",\"url\":\"https:\/\/secure.gravatar.com\/avatar\/b0cb85e5c215fe1114e6d2404492358d?s=96&d=mm&r=g\",\"contentUrl\":\"https:\/\/secure.gravatar.com\/avatar\/b0cb85e5c215fe1114e6d2404492358d?s=96&d=mm&r=g\",\"caption\":\"Kostadinov Alexander\"},\"url\":\"https:\/\/www.vkd.com\/lv-bayern\/news\/author\/gentscher-jungentscher-de\/\"}]}<\/script>\n<!-- \/ Yoast SEO plugin. -->","yoast_head_json":{"title":"News aus dem ZV K\u00f6cheverein Inn-Salzach e.V. - Landesverband der K\u00f6che Bayern","robots":{"index":"noindex","follow":"follow","max-snippet":"max-snippet:-1","max-image-preview":"max-image-preview:large","max-video-preview":"max-video-preview:-1"},"og_locale":"de_DE","og_type":"article","og_title":"News aus dem ZV K\u00f6cheverein Inn-Salzach e.V. - Landesverband der K\u00f6che Bayern","og_description":"Liebe Kolleginnen und Kollegen, liebe K\u00f6chevereinsmitglieder, liebe Freunde der wei\u00dfen Zunft, Nachrichten zu unserem Vereinsleben! Wie ihr schon \u00fcber WhatsApp erfahren habt, hat uns Klaus Heimeldinger am kommenden Freitag, 20.September zu seiner Er\u00f6ffnung der neuen R\u00e4umlichkeiten im Pauliwirt und dem &#8222;weinraum&#8220; herzlich eingeladen! Wie unser Vorsitzender Rainer vorgeschlagen hat, treffen wir uns dort um 15.30...","og_url":"https:\/\/www.vkd.com\/lv-bayern\/news\/news-aus-dem-zv-koecheverein-inn-salzach-e-v\/","og_site_name":"Landesverband der K\u00f6che Bayern","article_published_time":"2024-09-19T08:27:14+00:00","article_modified_time":"2024-09-19T08:47:21+00:00","og_image":[{"width":328,"height":382,"url":"https:\/\/www.vkd.com\/lv-bayern\/wp-content\/uploads\/sites\/14\/2024\/09\/Logoklein.jpg","type":"image\/jpeg"}],"author":"Kostadinov Alexander","twitter_card":"summary_large_image","twitter_misc":{"Verfasst von":"Kostadinov Alexander","Gesch\u00e4tzte Lesezeit":"2\u00a0Minuten"},"schema":{"@context":"https:\/\/schema.org","@graph":[{"@type":"WebPage","@id":"https:\/\/www.vkd.com\/lv-bayern\/news\/news-aus-dem-zv-koecheverein-inn-salzach-e-v\/","url":"https:\/\/www.vkd.com\/lv-bayern\/news\/news-aus-dem-zv-koecheverein-inn-salzach-e-v\/","name":"News aus dem ZV K\u00f6cheverein Inn-Salzach e.V. - Landesverband der K\u00f6che Bayern","isPartOf":{"@id":"https:\/\/www.vkd.com\/lv-bayern\/#website"},"datePublished":"2024-09-19T08:27:14+00:00","dateModified":"2024-09-19T08:47:21+00:00","author":{"@id":"https:\/\/www.vkd.com\/lv-bayern\/#\/schema\/person\/19c4bb106ca4de98c60e2cb5ac7f572f"},"breadcrumb":{"@id":"https:\/\/www.vkd.com\/lv-bayern\/news\/news-aus-dem-zv-koecheverein-inn-salzach-e-v\/#breadcrumb"},"inLanguage":"de","potentialAction":[{"@type":"ReadAction","target":["https:\/\/www.vkd.com\/lv-bayern\/news\/news-aus-dem-zv-koecheverein-inn-salzach-e-v\/"]}]},{"@type":"BreadcrumbList","@id":"https:\/\/www.vkd.com\/lv-bayern\/news\/news-aus-dem-zv-koecheverein-inn-salzach-e-v\/#breadcrumb","itemListElement":[{"@type":"ListItem","position":1,"name":"Startseite","item":"https:\/\/www.vkd.com\/lv-bayern\/"},{"@type":"ListItem","position":2,"name":"News aus dem ZV K\u00f6cheverein Inn-Salzach e.V."}]},{"@type":"WebSite","@id":"https:\/\/www.vkd.com\/lv-bayern\/#website","url":"https:\/\/www.vkd.com\/lv-bayern\/","name":"Landesverband der K\u00f6che Bayern","description":"Landesverband im Verband der K\u00f6che Deutschlands e.V.","potentialAction":[{"@type":"SearchAction","target":{"@type":"EntryPoint","urlTemplate":"https:\/\/www.vkd.com\/lv-bayern\/?s={search_term_string}"},"query-input":"required name=search_term_string"}],"inLanguage":"de"},{"@type":"Person","@id":"https:\/\/www.vkd.com\/lv-bayern\/#\/schema\/person\/19c4bb106ca4de98c60e2cb5ac7f572f","name":"Kostadinov Alexander","image":{"@type":"ImageObject","inLanguage":"de","@id":"https:\/\/www.vkd.com\/lv-bayern\/#\/schema\/person\/image\/","url":"https:\/\/secure.gravatar.com\/avatar\/b0cb85e5c215fe1114e6d2404492358d?s=96&d=mm&r=g","contentUrl":"https:\/\/secure.gravatar.com\/avatar\/b0cb85e5c215fe1114e6d2404492358d?s=96&d=mm&r=g","caption":"Kostadinov Alexander"},"url":"https:\/\/www.vkd.com\/lv-bayern\/news\/author\/gentscher-jungentscher-de\/"}]}},"_links":{"self":[{"href":"https:\/\/www.vkd.com\/lv-bayern\/wp-json\/wp\/v2\/posts\/828"}],"collection":[{"href":"https:\/\/www.vkd.com\/lv-bayern\/wp-json\/wp\/v2\/posts"}],"about":[{"href":"https:\/\/www.vkd.com\/lv-bayern\/wp-json\/wp\/v2\/types\/post"}],"author":[{"embeddable":true,"href":"https:\/\/www.vkd.com\/lv-bayern\/wp-json\/wp\/v2\/users\/1955"}],"replies":[{"embeddable":true,"href":"https:\/\/www.vkd.com\/lv-bayern\/wp-json\/wp\/v2\/comments?post=828"}],"version-history":[{"count":4,"href":"https:\/\/www.vkd.com\/lv-bayern\/wp-json\/wp\/v2\/posts\/828\/revisions"}],"predecessor-version":[{"id":832,"href":"https:\/\/www.vkd.com\/lv-bayern\/wp-json\/wp\/v2\/posts\/828\/revisions\/832"}],"wp:featuredmedia":[{"embeddable":true,"href":"https:\/\/www.vkd.com\/lv-bayern\/wp-json\/wp\/v2\/media\/834"}],"wp:attachment":[{"href":"https:\/\/www.vkd.com\/lv-bayern\/wp-json\/wp\/v2\/media?parent=828"}],"wp:term":[{"taxonomy":"category","embeddable":true,"href":"https:\/\/www.vkd.com\/lv-bayern\/wp-json\/wp\/v2\/categories?post=828"},{"taxonomy":"post_tag","embeddable":true,"href":"https:\/\/www.vkd.com\/lv-bayern\/wp-json\/wp\/v2\/tags?post=828"}],"curies":[{"name":"wp","href":"https:\/\/api.w.org\/{rel}","templated":true}]}}