{"id":767,"date":"2024-09-16T12:50:57","date_gmt":"2024-09-16T10:50:57","guid":{"rendered":"https:\/\/www.vkd.com\/lv-bayern\/?p=767"},"modified":"2024-09-16T12:50:57","modified_gmt":"2024-09-16T10:50:57","slug":"landesverbandstagung-herbsttagung-2024","status":"publish","type":"post","link":"https:\/\/www.vkd.com\/lv-bayern\/news\/landesverbandstagung-herbsttagung-2024\/","title":{"rendered":"LANDESVERBANDSTAGUNG &#8211; HERBSTTAGUNG 2024"},"content":{"rendered":"<p>Sehr geehrte Vorst\u00e4nde der Zweigvereine des Landesverbandes Bayern,<br \/>\nsehr geehrte Mitglieder des Vorstandes des Verbandes der K\u00f6che Deutschland,<br \/>\nsehr geehrte Partner und Referenten, liebe Kolleginnen und Kollegen,<\/p>\n<p><strong>die Sitzung des Landesverbandes der K\u00f6che Bayern findet am Samstag den 26.10 ab 9:30 im Augustiner-Keller in M\u00fcnchen statt.<br \/>\nWir bitten Sie hier um Ihre aktive Teilnahme.\u00a0<\/strong><\/p>\n<blockquote>\n<h4><strong>LANDESVERBANDSTAGUNG der K\u00f6che Bayern vom <\/strong><strong>25.-26.10.2024<\/strong><\/h4>\n<\/blockquote>\n<p>Die Kosten der Tagungspauschale von 59\u20ac pro Person k\u00f6nnen am Tagungstag vor Ort bezahlt werden oder gerne vorab auf unser Konto des Landesverbandes<br \/>\n<strong>IBAN DE18 7706 9870 0103 2675 55<\/strong> \u00fcberwiesen werden. <strong>Stichwort<\/strong>\u00a0Treffen Landesverband K\u00f6che Bayern\/Raiffeisenbank Hochfranken West.<\/p>\n<blockquote>\n<h4><strong>Die Tagesordnung wird auf <a href=\"http:\/\/www.koeche-bayern.de\">www.koeche-bayern.de<\/a> ab dem 05.10.2024 ver\u00f6ffentlicht.<\/strong><\/h4>\n<\/blockquote>\n<p><strong>Vorab zur Information &#8211; Seien Sie hier dabei\u00a0 \u00a0 \u00a0 \u00a0<\/strong><\/p>\n<p>es gibt drei Fachvortr\u00e4ge und eine spannende Pr\u00e4sentation Kochcamp 2025 und selbstverst\u00e4ndlich Zeit f\u00fcr fachliches unter Berufskollegen und Kolleginnen. Die Abendveranstaltung wird am Veranstaltungsabend berechnet 59\u20ac inkludiert Aperitif (ohne Getr\u00e4nke). Organisiert vom Koch Club Bavaria M\u00fcnchen in Zusammenarbeit mit dem Augustiner Keller.<\/p>\n<blockquote>\n<h4><strong>Wir bitten um zahlreiche und verbindliche Anmeldung<br \/>\n<\/strong><strong>per E-Mail unter <a href=\"mailto:koeche@koeche-bayern.de\">koeche@koeche-bayern.de<\/a>\u00a0<\/strong><\/h4>\n<\/blockquote>\n<p><strong>Der Vorstand des Landesverbandes freut sich Euch begr\u00fc\u00dfen zu d\u00fcrfen<\/strong><\/p>\n<hr \/>\n<h4><strong>Anbei erhalten Sie unsere Hotelempfehlungen:<\/strong><\/h4>\n<table>\n<tbody>\n<tr>\n<td>AdvaStay by KING&#8217;s<\/td>\n<td>****<\/td>\n<td>Dachauer Strasse 12, 80335 M\u00fcnchen<\/td>\n<\/tr>\n<tr>\n<td>Arthotel Munich<\/td>\n<td>***<\/td>\n<td>Paul-Heyse-Str. 10, 80336 M\u00fcnchen<\/td>\n<\/tr>\n<tr>\n<td>Bayer 89 Vi Vadi Hotel<\/td>\n<td>***<\/td>\n<td>Bayerstra\u00dfe 89, 80335 M\u00fcnchen<\/td>\n<\/tr>\n<tr>\n<td>das kleine Hotel in M\u00fcnchen<\/td>\n<td>***<\/td>\n<td>Sandstra\u00dfe 21, 80335 M\u00fcnchen<\/td>\n<\/tr>\n<tr>\n<td>elaya hotel munich city<\/td>\n<td>****<\/td>\n<td>Sandstrasse 7-9, 80335 M\u00fcnchen<\/td>\n<\/tr>\n<tr>\n<td>Hotel Erzgiesserei Europe<\/td>\n<td>****<\/td>\n<td>Erzgiessereistrasse 15, 80335 M\u00fcnchen<\/td>\n<\/tr>\n<tr>\n<td>Hotel Europa<\/td>\n<td>****<\/td>\n<td>Dachauer Stra\u00dfe 115, 80335 M\u00fcnchen<\/td>\n<\/tr>\n<tr>\n<td>Hotel Munich City<\/td>\n<td>****<\/td>\n<td>Schwanthalerstr. 112-114, 80339 M\u00fcnchen<\/td>\n<\/tr>\n<tr>\n<td>Hotel New Orly<\/td>\n<td>****<\/td>\n<td>Gabrielenstr. 6, 80636 M\u00fcnchen,<\/td>\n<\/tr>\n<tr>\n<td>Hotel Senator M\u00fcnchen<\/td>\n<td>***<\/td>\n<td>Martin-Greif-Str. 11, 80336 M\u00fcnchen<\/td>\n<\/tr>\n<tr>\n<td>King&#8217;s Hotel Center Superior<\/td>\n<td>***<\/td>\n<td>Marsstr. 15, 80335 M\u00fcnchen<\/td>\n<\/tr>\n<tr>\n<td>MEININGER Hotel M\u00fcnchen Zentrum<\/td>\n<td>**<\/td>\n<td>Landsberger Str. 20b, 80339 M\u00fcnchen<\/td>\n<\/tr>\n<tr>\n<td>Motel One M\u00fcnchen-Westend<\/td>\n<td>***<\/td>\n<td>Landsberger Str. 79, 80339 M\u00fcnchen<\/td>\n<\/tr>\n<tr>\n<td>Novotel M\u00fcnchen City Arnulfpark<\/td>\n<td>****<\/td>\n<td>Arnulfstrasse 57, 80636 M\u00fcnchen<\/td>\n<\/tr>\n<tr>\n<td>Ruby Lilly Hotel Munich<\/td>\n<td>****<\/td>\n<td>Dachauer Stra\u00dfe 37, 80335 M\u00fcnchen<\/td>\n<\/tr>\n<tr>\n<td>SVG Boardinghaus<\/td>\n<td>***<\/td>\n<td>Leonrodstrasse 48, 80636 M\u00fcnchen<\/td>\n<\/tr>\n<tr>\n<td>Vienna House Easy by Wyndham M\u00fcnchen<\/td>\n<td>****<\/td>\n<td>Nymphenburger Str. 136, 80636 M\u00fcnchen<\/td>\n<\/tr>\n<tr>\n<td>Westend Hotel<\/td>\n<td>***<\/td>\n<td>Schwanthalerstrasse 121, 80339 M\u00fcnchen<\/td>\n<\/tr>\n<\/tbody>\n<\/table>\n<p>&nbsp;<\/p>\n<hr \/>\n<h4><strong>Veranstaltungsort<\/strong><\/h4>\n<p><strong>Augustiner-Keller<br \/>\n<\/strong>Arnulfstr. 52<br \/>\n80335 M\u00fcnchen<br \/>\nTel.:\u00a0+49 (0)89 &#8211; 594393<\/p>\n<hr \/>\n<h4><strong>Dokumente rund um die Landesverbandstagung<\/strong><\/h4>\n<p><a href=\"https:\/\/www.vkd.com\/lv-bayern\/wp-content\/uploads\/sites\/14\/2024\/08\/Landesverband-der-Koeche-Bayern-ABKF.pdf\">Landesverband der Koeche Bayern ABKF<\/a><\/p>\n<p><a href=\"https:\/\/www.vkd.com\/lv-bayern\/wp-content\/uploads\/sites\/14\/2024\/08\/Einladung-zur-Landesverbandstagung-2024.pdf\">Einladung zur Landesverbandstagung 2024<\/a><\/p>\n<p><a href=\"https:\/\/www.vkd.com\/lv-bayern\/wp-content\/uploads\/sites\/14\/2024\/09\/125-Jahrfeier-Menue.pdf\">125-Jahrfeier Menu\u0308<\/a><\/p>\n<p><a href=\"https:\/\/www.vkd.com\/lv-bayern\/wp-content\/uploads\/sites\/14\/2024\/09\/Einladung-zur-125-Jahrfeier-des-Kochclubs-Bavaria-Muenchen.pdf\">Einladung zur 125-Jahrfeier des Kochclubs Bavaria Mu\u0308nchen<\/a><\/p>\n","protected":false},"excerpt":{"rendered":"<p>Sehr geehrte Vorst\u00e4nde der Zweigvereine des Landesverbandes Bayern, sehr geehrte Mitglieder des Vorstandes des Verbandes der K\u00f6che Deutschland, sehr geehrte Partner und Referenten, liebe Kolleginnen und Kollegen, die Sitzung des Landesverbandes der K\u00f6che Bayern findet am Samstag den 26.10 ab 9:30 im Augustiner-Keller in M\u00fcnchen statt. Wir bitten Sie hier um Ihre aktive Teilnahme.\u00a0 LANDESVERBANDSTAGUNG&#8230;<\/p>\n","protected":false},"author":1955,"featured_media":780,"comment_status":"closed","ping_status":"open","sticky":false,"template":"","format":"standard","meta":[],"categories":[1],"tags":[13,6,14,20,7,15,19,8,11],"yoast_head":"<!-- This site is optimized with the Yoast SEO plugin v20.0 - https:\/\/yoast.com\/wordpress\/plugins\/seo\/ -->\n<title>LANDESVERBANDSTAGUNG - HERBSTTAGUNG 2024 - Landesverband der K\u00f6che Bayern<\/title>\n<meta name=\"robots\" content=\"noindex, follow, max-snippet:-1, max-image-preview:large, max-video-preview:-1\" \/>\n<meta property=\"og:locale\" content=\"de_DE\" \/>\n<meta property=\"og:type\" content=\"article\" \/>\n<meta property=\"og:title\" content=\"LANDESVERBANDSTAGUNG - HERBSTTAGUNG 2024 - Landesverband der K\u00f6che Bayern\" \/>\n<meta property=\"og:description\" content=\"Sehr geehrte Vorst\u00e4nde der Zweigvereine des Landesverbandes Bayern, sehr geehrte Mitglieder des Vorstandes des Verbandes der K\u00f6che Deutschland, sehr geehrte Partner und Referenten, liebe Kolleginnen und Kollegen, die Sitzung des Landesverbandes der K\u00f6che Bayern findet am Samstag den 26.10 ab 9:30 im Augustiner-Keller in M\u00fcnchen statt. Wir bitten Sie hier um Ihre aktive Teilnahme.\u00a0 LANDESVERBANDSTAGUNG...\" \/>\n<meta property=\"og:url\" content=\"https:\/\/www.vkd.com\/lv-bayern\/news\/landesverbandstagung-herbsttagung-2024\/\" \/>\n<meta property=\"og:site_name\" content=\"Landesverband der K\u00f6che Bayern\" \/>\n<meta property=\"article:published_time\" content=\"2024-09-16T10:50:57+00:00\" \/>\n<meta property=\"og:image\" content=\"https:\/\/www.vkd.com\/lv-bayern\/wp-content\/uploads\/sites\/14\/2024\/09\/Folie1.png\" \/>\n\t<meta property=\"og:image:width\" content=\"1280\" \/>\n\t<meta property=\"og:image:height\" content=\"720\" \/>\n\t<meta property=\"og:image:type\" content=\"image\/png\" \/>\n<meta name=\"author\" content=\"Kostadinov Alexander\" \/>\n<meta name=\"twitter:card\" content=\"summary_large_image\" \/>\n<meta name=\"twitter:label1\" content=\"Verfasst von\" \/>\n\t<meta name=\"twitter:data1\" content=\"Kostadinov Alexander\" \/>\n\t<meta name=\"twitter:label2\" content=\"Gesch\u00e4tzte Lesezeit\" \/>\n\t<meta name=\"twitter:data2\" content=\"3\u00a0Minuten\" \/>\n<script type=\"application\/ld+json\" class=\"yoast-schema-graph\">{\"@context\":\"https:\/\/schema.org\",\"@graph\":[{\"@type\":\"WebPage\",\"@id\":\"https:\/\/www.vkd.com\/lv-bayern\/news\/landesverbandstagung-herbsttagung-2024\/\",\"url\":\"https:\/\/www.vkd.com\/lv-bayern\/news\/landesverbandstagung-herbsttagung-2024\/\",\"name\":\"LANDESVERBANDSTAGUNG - HERBSTTAGUNG 2024 - Landesverband der K\u00f6che Bayern\",\"isPartOf\":{\"@id\":\"https:\/\/www.vkd.com\/lv-bayern\/#website\"},\"datePublished\":\"2024-09-16T10:50:57+00:00\",\"dateModified\":\"2024-09-16T10:50:57+00:00\",\"author\":{\"@id\":\"https:\/\/www.vkd.com\/lv-bayern\/#\/schema\/person\/19c4bb106ca4de98c60e2cb5ac7f572f\"},\"breadcrumb\":{\"@id\":\"https:\/\/www.vkd.com\/lv-bayern\/news\/landesverbandstagung-herbsttagung-2024\/#breadcrumb\"},\"inLanguage\":\"de\",\"potentialAction\":[{\"@type\":\"ReadAction\",\"target\":[\"https:\/\/www.vkd.com\/lv-bayern\/news\/landesverbandstagung-herbsttagung-2024\/\"]}]},{\"@type\":\"BreadcrumbList\",\"@id\":\"https:\/\/www.vkd.com\/lv-bayern\/news\/landesverbandstagung-herbsttagung-2024\/#breadcrumb\",\"itemListElement\":[{\"@type\":\"ListItem\",\"position\":1,\"name\":\"Startseite\",\"item\":\"https:\/\/www.vkd.com\/lv-bayern\/\"},{\"@type\":\"ListItem\",\"position\":2,\"name\":\"LANDESVERBANDSTAGUNG &#8211; HERBSTTAGUNG 2024\"}]},{\"@type\":\"WebSite\",\"@id\":\"https:\/\/www.vkd.com\/lv-bayern\/#website\",\"url\":\"https:\/\/www.vkd.com\/lv-bayern\/\",\"name\":\"Landesverband der K\u00f6che Bayern\",\"description\":\"Landesverband im Verband der K\u00f6che Deutschlands e.V.\",\"potentialAction\":[{\"@type\":\"SearchAction\",\"target\":{\"@type\":\"EntryPoint\",\"urlTemplate\":\"https:\/\/www.vkd.com\/lv-bayern\/?s={search_term_string}\"},\"query-input\":\"required name=search_term_string\"}],\"inLanguage\":\"de\"},{\"@type\":\"Person\",\"@id\":\"https:\/\/www.vkd.com\/lv-bayern\/#\/schema\/person\/19c4bb106ca4de98c60e2cb5ac7f572f\",\"name\":\"Kostadinov Alexander\",\"image\":{\"@type\":\"ImageObject\",\"inLanguage\":\"de\",\"@id\":\"https:\/\/www.vkd.com\/lv-bayern\/#\/schema\/person\/image\/\",\"url\":\"https:\/\/secure.gravatar.com\/avatar\/b0cb85e5c215fe1114e6d2404492358d?s=96&d=mm&r=g\",\"contentUrl\":\"https:\/\/secure.gravatar.com\/avatar\/b0cb85e5c215fe1114e6d2404492358d?s=96&d=mm&r=g\",\"caption\":\"Kostadinov Alexander\"},\"url\":\"https:\/\/www.vkd.com\/lv-bayern\/news\/author\/gentscher-jungentscher-de\/\"}]}<\/script>\n<!-- \/ Yoast SEO plugin. -->","yoast_head_json":{"title":"LANDESVERBANDSTAGUNG - HERBSTTAGUNG 2024 - Landesverband der K\u00f6che Bayern","robots":{"index":"noindex","follow":"follow","max-snippet":"max-snippet:-1","max-image-preview":"max-image-preview:large","max-video-preview":"max-video-preview:-1"},"og_locale":"de_DE","og_type":"article","og_title":"LANDESVERBANDSTAGUNG - HERBSTTAGUNG 2024 - Landesverband der K\u00f6che Bayern","og_description":"Sehr geehrte Vorst\u00e4nde der Zweigvereine des Landesverbandes Bayern, sehr geehrte Mitglieder des Vorstandes des Verbandes der K\u00f6che Deutschland, sehr geehrte Partner und Referenten, liebe Kolleginnen und Kollegen, die Sitzung des Landesverbandes der K\u00f6che Bayern findet am Samstag den 26.10 ab 9:30 im Augustiner-Keller in M\u00fcnchen statt. Wir bitten Sie hier um Ihre aktive Teilnahme.\u00a0 LANDESVERBANDSTAGUNG...","og_url":"https:\/\/www.vkd.com\/lv-bayern\/news\/landesverbandstagung-herbsttagung-2024\/","og_site_name":"Landesverband der K\u00f6che Bayern","article_published_time":"2024-09-16T10:50:57+00:00","og_image":[{"width":1280,"height":720,"url":"https:\/\/www.vkd.com\/lv-bayern\/wp-content\/uploads\/sites\/14\/2024\/09\/Folie1.png","type":"image\/png"}],"author":"Kostadinov Alexander","twitter_card":"summary_large_image","twitter_misc":{"Verfasst von":"Kostadinov Alexander","Gesch\u00e4tzte Lesezeit":"3\u00a0Minuten"},"schema":{"@context":"https:\/\/schema.org","@graph":[{"@type":"WebPage","@id":"https:\/\/www.vkd.com\/lv-bayern\/news\/landesverbandstagung-herbsttagung-2024\/","url":"https:\/\/www.vkd.com\/lv-bayern\/news\/landesverbandstagung-herbsttagung-2024\/","name":"LANDESVERBANDSTAGUNG - HERBSTTAGUNG 2024 - Landesverband der K\u00f6che Bayern","isPartOf":{"@id":"https:\/\/www.vkd.com\/lv-bayern\/#website"},"datePublished":"2024-09-16T10:50:57+00:00","dateModified":"2024-09-16T10:50:57+00:00","author":{"@id":"https:\/\/www.vkd.com\/lv-bayern\/#\/schema\/person\/19c4bb106ca4de98c60e2cb5ac7f572f"},"breadcrumb":{"@id":"https:\/\/www.vkd.com\/lv-bayern\/news\/landesverbandstagung-herbsttagung-2024\/#breadcrumb"},"inLanguage":"de","potentialAction":[{"@type":"ReadAction","target":["https:\/\/www.vkd.com\/lv-bayern\/news\/landesverbandstagung-herbsttagung-2024\/"]}]},{"@type":"BreadcrumbList","@id":"https:\/\/www.vkd.com\/lv-bayern\/news\/landesverbandstagung-herbsttagung-2024\/#breadcrumb","itemListElement":[{"@type":"ListItem","position":1,"name":"Startseite","item":"https:\/\/www.vkd.com\/lv-bayern\/"},{"@type":"ListItem","position":2,"name":"LANDESVERBANDSTAGUNG &#8211; HERBSTTAGUNG 2024"}]},{"@type":"WebSite","@id":"https:\/\/www.vkd.com\/lv-bayern\/#website","url":"https:\/\/www.vkd.com\/lv-bayern\/","name":"Landesverband der K\u00f6che Bayern","description":"Landesverband im Verband der K\u00f6che Deutschlands e.V.","potentialAction":[{"@type":"SearchAction","target":{"@type":"EntryPoint","urlTemplate":"https:\/\/www.vkd.com\/lv-bayern\/?s={search_term_string}"},"query-input":"required name=search_term_string"}],"inLanguage":"de"},{"@type":"Person","@id":"https:\/\/www.vkd.com\/lv-bayern\/#\/schema\/person\/19c4bb106ca4de98c60e2cb5ac7f572f","name":"Kostadinov Alexander","image":{"@type":"ImageObject","inLanguage":"de","@id":"https:\/\/www.vkd.com\/lv-bayern\/#\/schema\/person\/image\/","url":"https:\/\/secure.gravatar.com\/avatar\/b0cb85e5c215fe1114e6d2404492358d?s=96&d=mm&r=g","contentUrl":"https:\/\/secure.gravatar.com\/avatar\/b0cb85e5c215fe1114e6d2404492358d?s=96&d=mm&r=g","caption":"Kostadinov Alexander"},"url":"https:\/\/www.vkd.com\/lv-bayern\/news\/author\/gentscher-jungentscher-de\/"}]}},"_links":{"self":[{"href":"https:\/\/www.vkd.com\/lv-bayern\/wp-json\/wp\/v2\/posts\/767"}],"collection":[{"href":"https:\/\/www.vkd.com\/lv-bayern\/wp-json\/wp\/v2\/posts"}],"about":[{"href":"https:\/\/www.vkd.com\/lv-bayern\/wp-json\/wp\/v2\/types\/post"}],"author":[{"embeddable":true,"href":"https:\/\/www.vkd.com\/lv-bayern\/wp-json\/wp\/v2\/users\/1955"}],"replies":[{"embeddable":true,"href":"https:\/\/www.vkd.com\/lv-bayern\/wp-json\/wp\/v2\/comments?post=767"}],"version-history":[{"count":10,"href":"https:\/\/www.vkd.com\/lv-bayern\/wp-json\/wp\/v2\/posts\/767\/revisions"}],"predecessor-version":[{"id":782,"href":"https:\/\/www.vkd.com\/lv-bayern\/wp-json\/wp\/v2\/posts\/767\/revisions\/782"}],"wp:featuredmedia":[{"embeddable":true,"href":"https:\/\/www.vkd.com\/lv-bayern\/wp-json\/wp\/v2\/media\/780"}],"wp:attachment":[{"href":"https:\/\/www.vkd.com\/lv-bayern\/wp-json\/wp\/v2\/media?parent=767"}],"wp:term":[{"taxonomy":"category","embeddable":true,"href":"https:\/\/www.vkd.com\/lv-bayern\/wp-json\/wp\/v2\/categories?post=767"},{"taxonomy":"post_tag","embeddable":true,"href":"https:\/\/www.vkd.com\/lv-bayern\/wp-json\/wp\/v2\/tags?post=767"}],"curies":[{"name":"wp","href":"https:\/\/api.w.org\/{rel}","templated":true}]}}