{"id":693,"date":"2024-08-23T11:48:13","date_gmt":"2024-08-23T09:48:13","guid":{"rendered":"https:\/\/www.vkd.com\/lv-bayern\/?p=693"},"modified":"2024-08-23T11:48:13","modified_gmt":"2024-08-23T09:48:13","slug":"neuwahlen-und-amtsuebergabe-in-aschaffenburg-miltenberg","status":"publish","type":"post","link":"https:\/\/www.vkd.com\/lv-bayern\/news\/neuwahlen-und-amtsuebergabe-in-aschaffenburg-miltenberg\/","title":{"rendered":"Neuwahlen und Amts\u00fcbergabe in Aschaffenburg-Miltenberg"},"content":{"rendered":"<p><strong>Vorstandswahl und Generalversammlung beim K\u00f6cheverein Aschaffenburg-Miltenberg e.V.<\/strong><\/p>\n<p>Bernd Kolb geht nach 12 Jahren als 1. Vorsitzender in den wohlverdienten Ruhestand wird, aber den Vorstand weiterhin als 3. Vorsitzender unterst\u00fctzen.<\/p>\n<p>Neuer 1. Vorsitzender ist Nicola Sch\u00f6nfeld,<br \/>\n2. Vorsitzender ist Mike Nottrodt,<br \/>\nKassierer Heike Seitz,<br \/>\nJugendwart und Social Media Joachim Elflein,<br \/>\nSchriftf\u00fchrer Horst Kittel,<br \/>\nBeirat Martin Seitz, Horst Kittel,<br \/>\nRevision Werner Reinhart, Horst Kittel, Georg Hartung<\/p>\n\n<div id=\"gallery-701\" class=\"vkdgal-gallery-wrap gallery-grid \">\n    <div class=\"col-md-12\">\n        <div class=\"row\">\n            <div class=\"gal\" data-featherlight-gallery style=\"display: grid; grid-template-columns: repeat(3, 1fr); grid-column-gap: 10px;\">\n                                    <div class=\"item\">\n                        <a href=\"https:\/\/www.vkd.com\/lv-bayern\/wp-content\/uploads\/sites\/14\/2024\/08\/447772892_470891362292074_125207170157758060_n-1024x600.jpg\" title=\"447772892 470891362292074 125207170157758060 N\">\n                            <img class=\"img-full\" src=\"https:\/\/www.vkd.com\/lv-bayern\/wp-content\/uploads\/sites\/14\/2024\/08\/447772892_470891362292074_125207170157758060_n-1024x600.jpg\" title=\"Galerie bei Bild 1 \u00f6ffnen\" alt=\"447772892 470891362292074 125207170157758060 N\"\/>\n                        <\/a>\n                    <\/div>\n                                    <div class=\"item\">\n                        <a href=\"https:\/\/www.vkd.com\/lv-bayern\/wp-content\/uploads\/sites\/14\/2024\/08\/447479342_470891238958753_7913272180832657367_n-1024x577.jpg\" title=\"447479342 470891238958753 7913272180832657367 N\">\n                            <img class=\"img-full\" src=\"https:\/\/www.vkd.com\/lv-bayern\/wp-content\/uploads\/sites\/14\/2024\/08\/447479342_470891238958753_7913272180832657367_n-1024x577.jpg\" title=\"Galerie bei Bild 2 \u00f6ffnen\" alt=\"447479342 470891238958753 7913272180832657367 N\"\/>\n                        <\/a>\n                    <\/div>\n                                    <div class=\"item\">\n                        <a href=\"https:\/\/www.vkd.com\/lv-bayern\/wp-content\/uploads\/sites\/14\/2024\/08\/447429640_470886618959215_3511568291205393222_n-1024x577.jpg\" title=\"447429640 470886618959215 3511568291205393222 N\">\n                            <img class=\"img-full\" src=\"https:\/\/www.vkd.com\/lv-bayern\/wp-content\/uploads\/sites\/14\/2024\/08\/447429640_470886618959215_3511568291205393222_n-1024x577.jpg\" title=\"Galerie bei Bild 3 \u00f6ffnen\" alt=\"447429640 470886618959215 3511568291205393222 N\"\/>\n                        <\/a>\n                    <\/div>\n                            <\/div>\n        <\/div>\n    <\/div>\n<\/div>\n\n\n","protected":false},"excerpt":{"rendered":"<p>Vorstandswahl und Generalversammlung beim K\u00f6cheverein Aschaffenburg-Miltenberg e.V. Bernd Kolb geht nach 12 Jahren als 1. Vorsitzender in den wohlverdienten Ruhestand wird, aber den Vorstand weiterhin als 3. Vorsitzender unterst\u00fctzen. Neuer 1. Vorsitzender ist Nicola Sch\u00f6nfeld, 2. Vorsitzender ist Mike Nottrodt, Kassierer Heike Seitz, Jugendwart und Social Media Joachim Elflein, Schriftf\u00fchrer Horst Kittel, Beirat Martin Seitz,&#8230;<\/p>\n","protected":false},"author":1955,"featured_media":696,"comment_status":"closed","ping_status":"open","sticky":false,"template":"","format":"standard","meta":[],"categories":[1],"tags":[],"yoast_head":"<!-- This site is optimized with the Yoast SEO plugin v20.0 - https:\/\/yoast.com\/wordpress\/plugins\/seo\/ -->\n<title>Neuwahlen und Amts\u00fcbergabe in Aschaffenburg-Miltenberg - Landesverband der K\u00f6che Bayern<\/title>\n<meta name=\"robots\" content=\"noindex, follow, max-snippet:-1, max-image-preview:large, max-video-preview:-1\" \/>\n<meta property=\"og:locale\" content=\"de_DE\" \/>\n<meta property=\"og:type\" content=\"article\" \/>\n<meta property=\"og:title\" content=\"Neuwahlen und Amts\u00fcbergabe in Aschaffenburg-Miltenberg - Landesverband der K\u00f6che Bayern\" \/>\n<meta property=\"og:description\" content=\"Vorstandswahl und Generalversammlung beim K\u00f6cheverein Aschaffenburg-Miltenberg e.V. Bernd Kolb geht nach 12 Jahren als 1. Vorsitzender in den wohlverdienten Ruhestand wird, aber den Vorstand weiterhin als 3. Vorsitzender unterst\u00fctzen. Neuer 1. Vorsitzender ist Nicola Sch\u00f6nfeld, 2. Vorsitzender ist Mike Nottrodt, Kassierer Heike Seitz, Jugendwart und Social Media Joachim Elflein, Schriftf\u00fchrer Horst Kittel, Beirat Martin Seitz,...\" \/>\n<meta property=\"og:url\" content=\"https:\/\/www.vkd.com\/lv-bayern\/news\/neuwahlen-und-amtsuebergabe-in-aschaffenburg-miltenberg\/\" \/>\n<meta property=\"og:site_name\" content=\"Landesverband der K\u00f6che Bayern\" \/>\n<meta property=\"article:published_time\" content=\"2024-08-23T09:48:13+00:00\" \/>\n<meta property=\"og:image\" content=\"https:\/\/www.vkd.com\/lv-bayern\/wp-content\/uploads\/sites\/14\/2024\/08\/307302901_154630123918201_2024424445759215583_n.png\" \/>\n\t<meta property=\"og:image:width\" content=\"211\" \/>\n\t<meta property=\"og:image:height\" content=\"187\" \/>\n\t<meta property=\"og:image:type\" content=\"image\/png\" \/>\n<meta name=\"author\" content=\"Kostadinov Alexander\" \/>\n<meta name=\"twitter:card\" content=\"summary_large_image\" \/>\n<meta name=\"twitter:label1\" content=\"Verfasst von\" \/>\n\t<meta name=\"twitter:data1\" content=\"Kostadinov Alexander\" \/>\n\t<meta name=\"twitter:label2\" content=\"Gesch\u00e4tzte Lesezeit\" \/>\n\t<meta name=\"twitter:data2\" content=\"1\u00a0Minute\" \/>\n<script type=\"application\/ld+json\" class=\"yoast-schema-graph\">{\"@context\":\"https:\/\/schema.org\",\"@graph\":[{\"@type\":\"WebPage\",\"@id\":\"https:\/\/www.vkd.com\/lv-bayern\/news\/neuwahlen-und-amtsuebergabe-in-aschaffenburg-miltenberg\/\",\"url\":\"https:\/\/www.vkd.com\/lv-bayern\/news\/neuwahlen-und-amtsuebergabe-in-aschaffenburg-miltenberg\/\",\"name\":\"Neuwahlen und Amts\u00fcbergabe in Aschaffenburg-Miltenberg - Landesverband der K\u00f6che Bayern\",\"isPartOf\":{\"@id\":\"https:\/\/www.vkd.com\/lv-bayern\/#website\"},\"datePublished\":\"2024-08-23T09:48:13+00:00\",\"dateModified\":\"2024-08-23T09:48:13+00:00\",\"author\":{\"@id\":\"https:\/\/www.vkd.com\/lv-bayern\/#\/schema\/person\/19c4bb106ca4de98c60e2cb5ac7f572f\"},\"breadcrumb\":{\"@id\":\"https:\/\/www.vkd.com\/lv-bayern\/news\/neuwahlen-und-amtsuebergabe-in-aschaffenburg-miltenberg\/#breadcrumb\"},\"inLanguage\":\"de\",\"potentialAction\":[{\"@type\":\"ReadAction\",\"target\":[\"https:\/\/www.vkd.com\/lv-bayern\/news\/neuwahlen-und-amtsuebergabe-in-aschaffenburg-miltenberg\/\"]}]},{\"@type\":\"BreadcrumbList\",\"@id\":\"https:\/\/www.vkd.com\/lv-bayern\/news\/neuwahlen-und-amtsuebergabe-in-aschaffenburg-miltenberg\/#breadcrumb\",\"itemListElement\":[{\"@type\":\"ListItem\",\"position\":1,\"name\":\"Startseite\",\"item\":\"https:\/\/www.vkd.com\/lv-bayern\/\"},{\"@type\":\"ListItem\",\"position\":2,\"name\":\"Neuwahlen und Amts\u00fcbergabe in Aschaffenburg-Miltenberg\"}]},{\"@type\":\"WebSite\",\"@id\":\"https:\/\/www.vkd.com\/lv-bayern\/#website\",\"url\":\"https:\/\/www.vkd.com\/lv-bayern\/\",\"name\":\"Landesverband der K\u00f6che Bayern\",\"description\":\"Landesverband im Verband der K\u00f6che Deutschlands e.V.\",\"potentialAction\":[{\"@type\":\"SearchAction\",\"target\":{\"@type\":\"EntryPoint\",\"urlTemplate\":\"https:\/\/www.vkd.com\/lv-bayern\/?s={search_term_string}\"},\"query-input\":\"required name=search_term_string\"}],\"inLanguage\":\"de\"},{\"@type\":\"Person\",\"@id\":\"https:\/\/www.vkd.com\/lv-bayern\/#\/schema\/person\/19c4bb106ca4de98c60e2cb5ac7f572f\",\"name\":\"Kostadinov Alexander\",\"image\":{\"@type\":\"ImageObject\",\"inLanguage\":\"de\",\"@id\":\"https:\/\/www.vkd.com\/lv-bayern\/#\/schema\/person\/image\/\",\"url\":\"https:\/\/secure.gravatar.com\/avatar\/b0cb85e5c215fe1114e6d2404492358d?s=96&d=mm&r=g\",\"contentUrl\":\"https:\/\/secure.gravatar.com\/avatar\/b0cb85e5c215fe1114e6d2404492358d?s=96&d=mm&r=g\",\"caption\":\"Kostadinov Alexander\"},\"url\":\"https:\/\/www.vkd.com\/lv-bayern\/news\/author\/gentscher-jungentscher-de\/\"}]}<\/script>\n<!-- \/ Yoast SEO plugin. -->","yoast_head_json":{"title":"Neuwahlen und Amts\u00fcbergabe in Aschaffenburg-Miltenberg - Landesverband der K\u00f6che Bayern","robots":{"index":"noindex","follow":"follow","max-snippet":"max-snippet:-1","max-image-preview":"max-image-preview:large","max-video-preview":"max-video-preview:-1"},"og_locale":"de_DE","og_type":"article","og_title":"Neuwahlen und Amts\u00fcbergabe in Aschaffenburg-Miltenberg - Landesverband der K\u00f6che Bayern","og_description":"Vorstandswahl und Generalversammlung beim K\u00f6cheverein Aschaffenburg-Miltenberg e.V. Bernd Kolb geht nach 12 Jahren als 1. Vorsitzender in den wohlverdienten Ruhestand wird, aber den Vorstand weiterhin als 3. Vorsitzender unterst\u00fctzen. Neuer 1. Vorsitzender ist Nicola Sch\u00f6nfeld, 2. Vorsitzender ist Mike Nottrodt, Kassierer Heike Seitz, Jugendwart und Social Media Joachim Elflein, Schriftf\u00fchrer Horst Kittel, Beirat Martin Seitz,...","og_url":"https:\/\/www.vkd.com\/lv-bayern\/news\/neuwahlen-und-amtsuebergabe-in-aschaffenburg-miltenberg\/","og_site_name":"Landesverband der K\u00f6che Bayern","article_published_time":"2024-08-23T09:48:13+00:00","og_image":[{"width":211,"height":187,"url":"https:\/\/www.vkd.com\/lv-bayern\/wp-content\/uploads\/sites\/14\/2024\/08\/307302901_154630123918201_2024424445759215583_n.png","type":"image\/png"}],"author":"Kostadinov Alexander","twitter_card":"summary_large_image","twitter_misc":{"Verfasst von":"Kostadinov Alexander","Gesch\u00e4tzte Lesezeit":"1\u00a0Minute"},"schema":{"@context":"https:\/\/schema.org","@graph":[{"@type":"WebPage","@id":"https:\/\/www.vkd.com\/lv-bayern\/news\/neuwahlen-und-amtsuebergabe-in-aschaffenburg-miltenberg\/","url":"https:\/\/www.vkd.com\/lv-bayern\/news\/neuwahlen-und-amtsuebergabe-in-aschaffenburg-miltenberg\/","name":"Neuwahlen und Amts\u00fcbergabe in Aschaffenburg-Miltenberg - Landesverband der K\u00f6che Bayern","isPartOf":{"@id":"https:\/\/www.vkd.com\/lv-bayern\/#website"},"datePublished":"2024-08-23T09:48:13+00:00","dateModified":"2024-08-23T09:48:13+00:00","author":{"@id":"https:\/\/www.vkd.com\/lv-bayern\/#\/schema\/person\/19c4bb106ca4de98c60e2cb5ac7f572f"},"breadcrumb":{"@id":"https:\/\/www.vkd.com\/lv-bayern\/news\/neuwahlen-und-amtsuebergabe-in-aschaffenburg-miltenberg\/#breadcrumb"},"inLanguage":"de","potentialAction":[{"@type":"ReadAction","target":["https:\/\/www.vkd.com\/lv-bayern\/news\/neuwahlen-und-amtsuebergabe-in-aschaffenburg-miltenberg\/"]}]},{"@type":"BreadcrumbList","@id":"https:\/\/www.vkd.com\/lv-bayern\/news\/neuwahlen-und-amtsuebergabe-in-aschaffenburg-miltenberg\/#breadcrumb","itemListElement":[{"@type":"ListItem","position":1,"name":"Startseite","item":"https:\/\/www.vkd.com\/lv-bayern\/"},{"@type":"ListItem","position":2,"name":"Neuwahlen und Amts\u00fcbergabe in Aschaffenburg-Miltenberg"}]},{"@type":"WebSite","@id":"https:\/\/www.vkd.com\/lv-bayern\/#website","url":"https:\/\/www.vkd.com\/lv-bayern\/","name":"Landesverband der K\u00f6che Bayern","description":"Landesverband im Verband der K\u00f6che Deutschlands e.V.","potentialAction":[{"@type":"SearchAction","target":{"@type":"EntryPoint","urlTemplate":"https:\/\/www.vkd.com\/lv-bayern\/?s={search_term_string}"},"query-input":"required name=search_term_string"}],"inLanguage":"de"},{"@type":"Person","@id":"https:\/\/www.vkd.com\/lv-bayern\/#\/schema\/person\/19c4bb106ca4de98c60e2cb5ac7f572f","name":"Kostadinov Alexander","image":{"@type":"ImageObject","inLanguage":"de","@id":"https:\/\/www.vkd.com\/lv-bayern\/#\/schema\/person\/image\/","url":"https:\/\/secure.gravatar.com\/avatar\/b0cb85e5c215fe1114e6d2404492358d?s=96&d=mm&r=g","contentUrl":"https:\/\/secure.gravatar.com\/avatar\/b0cb85e5c215fe1114e6d2404492358d?s=96&d=mm&r=g","caption":"Kostadinov Alexander"},"url":"https:\/\/www.vkd.com\/lv-bayern\/news\/author\/gentscher-jungentscher-de\/"}]}},"_links":{"self":[{"href":"https:\/\/www.vkd.com\/lv-bayern\/wp-json\/wp\/v2\/posts\/693"}],"collection":[{"href":"https:\/\/www.vkd.com\/lv-bayern\/wp-json\/wp\/v2\/posts"}],"about":[{"href":"https:\/\/www.vkd.com\/lv-bayern\/wp-json\/wp\/v2\/types\/post"}],"author":[{"embeddable":true,"href":"https:\/\/www.vkd.com\/lv-bayern\/wp-json\/wp\/v2\/users\/1955"}],"replies":[{"embeddable":true,"href":"https:\/\/www.vkd.com\/lv-bayern\/wp-json\/wp\/v2\/comments?post=693"}],"version-history":[{"count":3,"href":"https:\/\/www.vkd.com\/lv-bayern\/wp-json\/wp\/v2\/posts\/693\/revisions"}],"predecessor-version":[{"id":702,"href":"https:\/\/www.vkd.com\/lv-bayern\/wp-json\/wp\/v2\/posts\/693\/revisions\/702"}],"wp:featuredmedia":[{"embeddable":true,"href":"https:\/\/www.vkd.com\/lv-bayern\/wp-json\/wp\/v2\/media\/696"}],"wp:attachment":[{"href":"https:\/\/www.vkd.com\/lv-bayern\/wp-json\/wp\/v2\/media?parent=693"}],"wp:term":[{"taxonomy":"category","embeddable":true,"href":"https:\/\/www.vkd.com\/lv-bayern\/wp-json\/wp\/v2\/categories?post=693"},{"taxonomy":"post_tag","embeddable":true,"href":"https:\/\/www.vkd.com\/lv-bayern\/wp-json\/wp\/v2\/tags?post=693"}],"curies":[{"name":"wp","href":"https:\/\/api.w.org\/{rel}","templated":true}]}}