{"id":652,"date":"2024-08-13T15:44:23","date_gmt":"2024-08-13T13:44:23","guid":{"rendered":"https:\/\/www.vkd.com\/lv-bayern\/?p=652"},"modified":"2024-08-13T15:46:42","modified_gmt":"2024-08-13T13:46:42","slug":"laurentiustag-in-scheidegg","status":"publish","type":"post","link":"https:\/\/www.vkd.com\/lv-bayern\/news\/laurentiustag-in-scheidegg\/","title":{"rendered":"Laurentiustag in Scheidegg"},"content":{"rendered":"<p>Ralf B.Meneghini zu Gast in Scheidegg (Allg\u00e4u) &#8211; <strong>Zweigverein Oberallg\u00e4u e. V.\u00a0<\/strong> der Heilige Laurentius Schutzpatron unseres Berufsstandes, Er vertrat den Landesverband der K\u00f6che Bayern. Es war mir eine Ehre teilzunehmen. Sch\u00f6n\u00a0war\u2019s.<\/p>\n\n<div id=\"gallery-642\" class=\"vkdgal-gallery-wrap gallery-grid \">\n    <div class=\"col-md-12\">\n        <div class=\"row\">\n            <div class=\"gal\" data-featherlight-gallery style=\"display: grid; grid-template-columns: repeat(3, 1fr); grid-column-gap: 10px;\">\n                                    <div class=\"item\">\n                        <a href=\"https:\/\/www.vkd.com\/lv-bayern\/wp-content\/uploads\/sites\/14\/2024\/08\/IMG-20240813-WA0021-1024x456.jpg\" title=\"Img 20240813 Wa0021\">\n                            <img class=\"img-full\" src=\"https:\/\/www.vkd.com\/lv-bayern\/wp-content\/uploads\/sites\/14\/2024\/08\/IMG-20240813-WA0021-1024x456.jpg\" title=\"Galerie bei Bild 1 \u00f6ffnen\" alt=\"Img 20240813 Wa0021\"\/>\n                        <\/a>\n                    <\/div>\n                                    <div class=\"item\">\n                        <a href=\"https:\/\/www.vkd.com\/lv-bayern\/wp-content\/uploads\/sites\/14\/2024\/08\/IMG-20240813-WA0022-1024x729.jpg\" title=\"Img 20240813 Wa0022\">\n                            <img class=\"img-full\" src=\"https:\/\/www.vkd.com\/lv-bayern\/wp-content\/uploads\/sites\/14\/2024\/08\/IMG-20240813-WA0022-1024x729.jpg\" title=\"Galerie bei Bild 2 \u00f6ffnen\" alt=\"Img 20240813 Wa0022\"\/>\n                        <\/a>\n                    <\/div>\n                                    <div class=\"item\">\n                        <a href=\"https:\/\/www.vkd.com\/lv-bayern\/wp-content\/uploads\/sites\/14\/2024\/08\/IMG-20240813-WA0023-1024x776.jpg\" title=\"Img 20240813 Wa0023\">\n                            <img class=\"img-full\" src=\"https:\/\/www.vkd.com\/lv-bayern\/wp-content\/uploads\/sites\/14\/2024\/08\/IMG-20240813-WA0023-1024x776.jpg\" title=\"Galerie bei Bild 3 \u00f6ffnen\" alt=\"Img 20240813 Wa0023\"\/>\n                        <\/a>\n                    <\/div>\n                                    <div class=\"item\">\n                        <a href=\"https:\/\/www.vkd.com\/lv-bayern\/wp-content\/uploads\/sites\/14\/2024\/08\/IMG-20240813-WA0024-1024x836.jpg\" title=\"Img 20240813 Wa0024\">\n                            <img class=\"img-full\" src=\"https:\/\/www.vkd.com\/lv-bayern\/wp-content\/uploads\/sites\/14\/2024\/08\/IMG-20240813-WA0024-1024x836.jpg\" title=\"Galerie bei Bild 4 \u00f6ffnen\" alt=\"Img 20240813 Wa0024\"\/>\n                        <\/a>\n                    <\/div>\n                                    <div class=\"item\">\n                        <a href=\"https:\/\/www.vkd.com\/lv-bayern\/wp-content\/uploads\/sites\/14\/2024\/08\/IMG-20240813-WA0025-1024x653.jpg\" title=\"Img 20240813 Wa0025\">\n                            <img class=\"img-full\" src=\"https:\/\/www.vkd.com\/lv-bayern\/wp-content\/uploads\/sites\/14\/2024\/08\/IMG-20240813-WA0025-1024x653.jpg\" title=\"Galerie bei Bild 5 \u00f6ffnen\" alt=\"Img 20240813 Wa0025\"\/>\n                        <\/a>\n                    <\/div>\n                                    <div class=\"item\">\n                        <a href=\"https:\/\/www.vkd.com\/lv-bayern\/wp-content\/uploads\/sites\/14\/2024\/08\/IMG-20240813-WA0026-1024x701.jpg\" title=\"Img 20240813 Wa0026\">\n                            <img class=\"img-full\" src=\"https:\/\/www.vkd.com\/lv-bayern\/wp-content\/uploads\/sites\/14\/2024\/08\/IMG-20240813-WA0026-1024x701.jpg\" title=\"Galerie bei Bild 6 \u00f6ffnen\" alt=\"Img 20240813 Wa0026\"\/>\n                        <\/a>\n                    <\/div>\n                                    <div class=\"item\">\n                        <a href=\"https:\/\/www.vkd.com\/lv-bayern\/wp-content\/uploads\/sites\/14\/2024\/08\/IMG-20240813-WA0027-1024x768.jpg\" title=\"Img 20240813 Wa0027\">\n                            <img class=\"img-full\" src=\"https:\/\/www.vkd.com\/lv-bayern\/wp-content\/uploads\/sites\/14\/2024\/08\/IMG-20240813-WA0027-1024x768.jpg\" title=\"Galerie bei Bild 7 \u00f6ffnen\" alt=\"Img 20240813 Wa0027\"\/>\n                        <\/a>\n                    <\/div>\n                                    <div class=\"item\">\n                        <a href=\"https:\/\/www.vkd.com\/lv-bayern\/wp-content\/uploads\/sites\/14\/2024\/08\/IMG-20240813-WA0028-1024x687.jpg\" title=\"Img 20240813 Wa0028\">\n                            <img class=\"img-full\" src=\"https:\/\/www.vkd.com\/lv-bayern\/wp-content\/uploads\/sites\/14\/2024\/08\/IMG-20240813-WA0028-1024x687.jpg\" title=\"Galerie bei Bild 8 \u00f6ffnen\" alt=\"Img 20240813 Wa0028\"\/>\n                        <\/a>\n                    <\/div>\n                                    <div class=\"item\">\n                        <a href=\"https:\/\/www.vkd.com\/lv-bayern\/wp-content\/uploads\/sites\/14\/2024\/08\/IMG-20240813-WA0029-1024x768.jpg\" title=\"Img 20240813 Wa0029\">\n                            <img class=\"img-full\" src=\"https:\/\/www.vkd.com\/lv-bayern\/wp-content\/uploads\/sites\/14\/2024\/08\/IMG-20240813-WA0029-1024x768.jpg\" title=\"Galerie bei Bild 9 \u00f6ffnen\" alt=\"Img 20240813 Wa0029\"\/>\n                        <\/a>\n                    <\/div>\n                            <\/div>\n        <\/div>\n    <\/div>\n<\/div>\n\n\n","protected":false},"excerpt":{"rendered":"<p>Ralf B.Meneghini zu Gast in Scheidegg (Allg\u00e4u) &#8211; Zweigverein Oberallg\u00e4u e. V.\u00a0 der Heilige Laurentius Schutzpatron unseres Berufsstandes, Er vertrat den Landesverband der K\u00f6che Bayern. Es war mir eine Ehre teilzunehmen. Sch\u00f6n\u00a0war\u2019s.<\/p>\n","protected":false},"author":1955,"featured_media":656,"comment_status":"closed","ping_status":"open","sticky":false,"template":"","format":"standard","meta":[],"categories":[1],"tags":[],"yoast_head":"<!-- This site is optimized with the Yoast SEO plugin v20.0 - https:\/\/yoast.com\/wordpress\/plugins\/seo\/ -->\n<title>Laurentiustag in Scheidegg - Landesverband der K\u00f6che Bayern<\/title>\n<meta name=\"robots\" content=\"noindex, follow, max-snippet:-1, max-image-preview:large, max-video-preview:-1\" \/>\n<meta property=\"og:locale\" content=\"de_DE\" \/>\n<meta property=\"og:type\" content=\"article\" \/>\n<meta property=\"og:title\" content=\"Laurentiustag in Scheidegg - Landesverband der K\u00f6che Bayern\" \/>\n<meta property=\"og:description\" content=\"Ralf B.Meneghini zu Gast in Scheidegg (Allg\u00e4u) &#8211; Zweigverein Oberallg\u00e4u e. V.\u00a0 der Heilige Laurentius Schutzpatron unseres Berufsstandes, Er vertrat den Landesverband der K\u00f6che Bayern. Es war mir eine Ehre teilzunehmen. Sch\u00f6n\u00a0war\u2019s.\" \/>\n<meta property=\"og:url\" content=\"https:\/\/www.vkd.com\/lv-bayern\/news\/laurentiustag-in-scheidegg\/\" \/>\n<meta property=\"og:site_name\" content=\"Landesverband der K\u00f6che Bayern\" \/>\n<meta property=\"article:published_time\" content=\"2024-08-13T13:44:23+00:00\" \/>\n<meta property=\"article:modified_time\" content=\"2024-08-13T13:46:42+00:00\" \/>\n<meta property=\"og:image\" content=\"https:\/\/www.vkd.com\/lv-bayern\/wp-content\/uploads\/sites\/14\/2024\/08\/cropped-Vereins-Logo-2.png\" \/>\n\t<meta property=\"og:image:width\" content=\"140\" \/>\n\t<meta property=\"og:image:height\" content=\"149\" \/>\n\t<meta property=\"og:image:type\" content=\"image\/png\" \/>\n<meta name=\"author\" content=\"Kostadinov Alexander\" \/>\n<meta name=\"twitter:card\" content=\"summary_large_image\" \/>\n<meta name=\"twitter:label1\" content=\"Verfasst von\" \/>\n\t<meta name=\"twitter:data1\" content=\"Kostadinov Alexander\" \/>\n\t<meta name=\"twitter:label2\" content=\"Gesch\u00e4tzte Lesezeit\" \/>\n\t<meta name=\"twitter:data2\" content=\"1\u00a0Minute\" \/>\n<script type=\"application\/ld+json\" class=\"yoast-schema-graph\">{\"@context\":\"https:\/\/schema.org\",\"@graph\":[{\"@type\":\"WebPage\",\"@id\":\"https:\/\/www.vkd.com\/lv-bayern\/news\/laurentiustag-in-scheidegg\/\",\"url\":\"https:\/\/www.vkd.com\/lv-bayern\/news\/laurentiustag-in-scheidegg\/\",\"name\":\"Laurentiustag in Scheidegg - Landesverband der K\u00f6che Bayern\",\"isPartOf\":{\"@id\":\"https:\/\/www.vkd.com\/lv-bayern\/#website\"},\"datePublished\":\"2024-08-13T13:44:23+00:00\",\"dateModified\":\"2024-08-13T13:46:42+00:00\",\"author\":{\"@id\":\"https:\/\/www.vkd.com\/lv-bayern\/#\/schema\/person\/19c4bb106ca4de98c60e2cb5ac7f572f\"},\"breadcrumb\":{\"@id\":\"https:\/\/www.vkd.com\/lv-bayern\/news\/laurentiustag-in-scheidegg\/#breadcrumb\"},\"inLanguage\":\"de\",\"potentialAction\":[{\"@type\":\"ReadAction\",\"target\":[\"https:\/\/www.vkd.com\/lv-bayern\/news\/laurentiustag-in-scheidegg\/\"]}]},{\"@type\":\"BreadcrumbList\",\"@id\":\"https:\/\/www.vkd.com\/lv-bayern\/news\/laurentiustag-in-scheidegg\/#breadcrumb\",\"itemListElement\":[{\"@type\":\"ListItem\",\"position\":1,\"name\":\"Startseite\",\"item\":\"https:\/\/www.vkd.com\/lv-bayern\/\"},{\"@type\":\"ListItem\",\"position\":2,\"name\":\"Laurentiustag in Scheidegg\"}]},{\"@type\":\"WebSite\",\"@id\":\"https:\/\/www.vkd.com\/lv-bayern\/#website\",\"url\":\"https:\/\/www.vkd.com\/lv-bayern\/\",\"name\":\"Landesverband der K\u00f6che Bayern\",\"description\":\"Landesverband im Verband der K\u00f6che Deutschlands e.V.\",\"potentialAction\":[{\"@type\":\"SearchAction\",\"target\":{\"@type\":\"EntryPoint\",\"urlTemplate\":\"https:\/\/www.vkd.com\/lv-bayern\/?s={search_term_string}\"},\"query-input\":\"required name=search_term_string\"}],\"inLanguage\":\"de\"},{\"@type\":\"Person\",\"@id\":\"https:\/\/www.vkd.com\/lv-bayern\/#\/schema\/person\/19c4bb106ca4de98c60e2cb5ac7f572f\",\"name\":\"Kostadinov Alexander\",\"image\":{\"@type\":\"ImageObject\",\"inLanguage\":\"de\",\"@id\":\"https:\/\/www.vkd.com\/lv-bayern\/#\/schema\/person\/image\/\",\"url\":\"https:\/\/secure.gravatar.com\/avatar\/b0cb85e5c215fe1114e6d2404492358d?s=96&d=mm&r=g\",\"contentUrl\":\"https:\/\/secure.gravatar.com\/avatar\/b0cb85e5c215fe1114e6d2404492358d?s=96&d=mm&r=g\",\"caption\":\"Kostadinov Alexander\"},\"url\":\"https:\/\/www.vkd.com\/lv-bayern\/news\/author\/gentscher-jungentscher-de\/\"}]}<\/script>\n<!-- \/ Yoast SEO plugin. -->","yoast_head_json":{"title":"Laurentiustag in Scheidegg - Landesverband der K\u00f6che Bayern","robots":{"index":"noindex","follow":"follow","max-snippet":"max-snippet:-1","max-image-preview":"max-image-preview:large","max-video-preview":"max-video-preview:-1"},"og_locale":"de_DE","og_type":"article","og_title":"Laurentiustag in Scheidegg - Landesverband der K\u00f6che Bayern","og_description":"Ralf B.Meneghini zu Gast in Scheidegg (Allg\u00e4u) &#8211; Zweigverein Oberallg\u00e4u e. V.\u00a0 der Heilige Laurentius Schutzpatron unseres Berufsstandes, Er vertrat den Landesverband der K\u00f6che Bayern. Es war mir eine Ehre teilzunehmen. Sch\u00f6n\u00a0war\u2019s.","og_url":"https:\/\/www.vkd.com\/lv-bayern\/news\/laurentiustag-in-scheidegg\/","og_site_name":"Landesverband der K\u00f6che Bayern","article_published_time":"2024-08-13T13:44:23+00:00","article_modified_time":"2024-08-13T13:46:42+00:00","og_image":[{"width":140,"height":149,"url":"https:\/\/www.vkd.com\/lv-bayern\/wp-content\/uploads\/sites\/14\/2024\/08\/cropped-Vereins-Logo-2.png","type":"image\/png"}],"author":"Kostadinov Alexander","twitter_card":"summary_large_image","twitter_misc":{"Verfasst von":"Kostadinov Alexander","Gesch\u00e4tzte Lesezeit":"1\u00a0Minute"},"schema":{"@context":"https:\/\/schema.org","@graph":[{"@type":"WebPage","@id":"https:\/\/www.vkd.com\/lv-bayern\/news\/laurentiustag-in-scheidegg\/","url":"https:\/\/www.vkd.com\/lv-bayern\/news\/laurentiustag-in-scheidegg\/","name":"Laurentiustag in Scheidegg - Landesverband der K\u00f6che Bayern","isPartOf":{"@id":"https:\/\/www.vkd.com\/lv-bayern\/#website"},"datePublished":"2024-08-13T13:44:23+00:00","dateModified":"2024-08-13T13:46:42+00:00","author":{"@id":"https:\/\/www.vkd.com\/lv-bayern\/#\/schema\/person\/19c4bb106ca4de98c60e2cb5ac7f572f"},"breadcrumb":{"@id":"https:\/\/www.vkd.com\/lv-bayern\/news\/laurentiustag-in-scheidegg\/#breadcrumb"},"inLanguage":"de","potentialAction":[{"@type":"ReadAction","target":["https:\/\/www.vkd.com\/lv-bayern\/news\/laurentiustag-in-scheidegg\/"]}]},{"@type":"BreadcrumbList","@id":"https:\/\/www.vkd.com\/lv-bayern\/news\/laurentiustag-in-scheidegg\/#breadcrumb","itemListElement":[{"@type":"ListItem","position":1,"name":"Startseite","item":"https:\/\/www.vkd.com\/lv-bayern\/"},{"@type":"ListItem","position":2,"name":"Laurentiustag in Scheidegg"}]},{"@type":"WebSite","@id":"https:\/\/www.vkd.com\/lv-bayern\/#website","url":"https:\/\/www.vkd.com\/lv-bayern\/","name":"Landesverband der K\u00f6che Bayern","description":"Landesverband im Verband der K\u00f6che Deutschlands e.V.","potentialAction":[{"@type":"SearchAction","target":{"@type":"EntryPoint","urlTemplate":"https:\/\/www.vkd.com\/lv-bayern\/?s={search_term_string}"},"query-input":"required name=search_term_string"}],"inLanguage":"de"},{"@type":"Person","@id":"https:\/\/www.vkd.com\/lv-bayern\/#\/schema\/person\/19c4bb106ca4de98c60e2cb5ac7f572f","name":"Kostadinov Alexander","image":{"@type":"ImageObject","inLanguage":"de","@id":"https:\/\/www.vkd.com\/lv-bayern\/#\/schema\/person\/image\/","url":"https:\/\/secure.gravatar.com\/avatar\/b0cb85e5c215fe1114e6d2404492358d?s=96&d=mm&r=g","contentUrl":"https:\/\/secure.gravatar.com\/avatar\/b0cb85e5c215fe1114e6d2404492358d?s=96&d=mm&r=g","caption":"Kostadinov Alexander"},"url":"https:\/\/www.vkd.com\/lv-bayern\/news\/author\/gentscher-jungentscher-de\/"}]}},"_links":{"self":[{"href":"https:\/\/www.vkd.com\/lv-bayern\/wp-json\/wp\/v2\/posts\/652"}],"collection":[{"href":"https:\/\/www.vkd.com\/lv-bayern\/wp-json\/wp\/v2\/posts"}],"about":[{"href":"https:\/\/www.vkd.com\/lv-bayern\/wp-json\/wp\/v2\/types\/post"}],"author":[{"embeddable":true,"href":"https:\/\/www.vkd.com\/lv-bayern\/wp-json\/wp\/v2\/users\/1955"}],"replies":[{"embeddable":true,"href":"https:\/\/www.vkd.com\/lv-bayern\/wp-json\/wp\/v2\/comments?post=652"}],"version-history":[{"count":3,"href":"https:\/\/www.vkd.com\/lv-bayern\/wp-json\/wp\/v2\/posts\/652\/revisions"}],"predecessor-version":[{"id":657,"href":"https:\/\/www.vkd.com\/lv-bayern\/wp-json\/wp\/v2\/posts\/652\/revisions\/657"}],"wp:featuredmedia":[{"embeddable":true,"href":"https:\/\/www.vkd.com\/lv-bayern\/wp-json\/wp\/v2\/media\/656"}],"wp:attachment":[{"href":"https:\/\/www.vkd.com\/lv-bayern\/wp-json\/wp\/v2\/media?parent=652"}],"wp:term":[{"taxonomy":"category","embeddable":true,"href":"https:\/\/www.vkd.com\/lv-bayern\/wp-json\/wp\/v2\/categories?post=652"},{"taxonomy":"post_tag","embeddable":true,"href":"https:\/\/www.vkd.com\/lv-bayern\/wp-json\/wp\/v2\/tags?post=652"}],"curies":[{"name":"wp","href":"https:\/\/api.w.org\/{rel}","templated":true}]}}