{"id":626,"date":"2024-08-13T15:22:13","date_gmt":"2024-08-13T13:22:13","guid":{"rendered":"https:\/\/www.vkd.com\/lv-bayern\/?p=626"},"modified":"2024-08-13T15:25:38","modified_gmt":"2024-08-13T13:25:38","slug":"zweigverein-innsalzach-bei-den-salzburger-koechen","status":"publish","type":"post","link":"https:\/\/www.vkd.com\/lv-bayern\/news\/zweigverein-innsalzach-bei-den-salzburger-koechen\/","title":{"rendered":"Zweigverein Innsalzach bei den Salzburger K\u00f6chen"},"content":{"rendered":"<p>Die Kolleginnen und Kollegen vom ZV K\u00f6cheverein Inn-Salzach e.V. besuchten am <strong>Montag, 12. August<\/strong> 2024 wieder traditionell mit bayerischer Fahne, ihrem \u201eKochl\u00f6ffel\u201c und \u201eGerhards Kochhutgru\u00df\u201c\u00a0 das\u00a0 <strong>Laurentiusfest in Salzburg! <\/strong>Ein wundersch\u00f6ner Tag in \u201ek\u00f6chelnder kollegialer Runde\u201c und geselliges Treffen mit den Salzburger Kollegen!<\/p>\n<p>Hier ein paar Bilder \u201eon tour\u201c mit unserem ZV K\u00f6cheverein Inn-Salzach e.V.!<\/p>\n<p><strong>Mit herzlichen \u201ek\u00f6chelnden\u201c Gr\u00fc\u00dfen<\/strong><br \/>\nvon der\u00a0 Vorstandschaft unseres ZV K\u00f6cheverein Inn-Salzach e.V.<\/p>\n\n<div id=\"gallery-636\" class=\"vkdgal-gallery-wrap gallery-grid \">\n    <div class=\"col-md-12\">\n        <div class=\"row\">\n            <div class=\"gal\" data-featherlight-gallery style=\"display: grid; grid-template-columns: repeat(3, 1fr); grid-column-gap: 10px;\">\n                                    <div class=\"item\">\n                        <a href=\"https:\/\/www.vkd.com\/lv-bayern\/wp-content\/uploads\/sites\/14\/2024\/08\/WhatsApp-Bild-2024-08-12-um-21.59.37_a4c13e08-1024x771.jpg\" title=\"Whatsapp Bild 2024 08 12 Um 21.59.37 A4c13e08\">\n                            <img class=\"img-full\" src=\"https:\/\/www.vkd.com\/lv-bayern\/wp-content\/uploads\/sites\/14\/2024\/08\/WhatsApp-Bild-2024-08-12-um-21.59.37_a4c13e08-1024x771.jpg\" title=\"Galerie bei Bild 1 \u00f6ffnen\" alt=\"Whatsapp Bild 2024 08 12 Um 21.59.37 A4c13e08\"\/>\n                        <\/a>\n                    <\/div>\n                                    <div class=\"item\">\n                        <a href=\"https:\/\/www.vkd.com\/lv-bayern\/wp-content\/uploads\/sites\/14\/2024\/08\/WhatsApp-Bild-2024-08-12-um-21.59.38_858fb585-768x1024.jpg\" title=\"Whatsapp Bild 2024 08 12 Um 21.59.38 858fb585\">\n                            <img class=\"img-full\" src=\"https:\/\/www.vkd.com\/lv-bayern\/wp-content\/uploads\/sites\/14\/2024\/08\/WhatsApp-Bild-2024-08-12-um-21.59.38_858fb585-768x1024.jpg\" title=\"Galerie bei Bild 2 \u00f6ffnen\" alt=\"Whatsapp Bild 2024 08 12 Um 21.59.38 858fb585\"\/>\n                        <\/a>\n                    <\/div>\n                                    <div class=\"item\">\n                        <a href=\"https:\/\/www.vkd.com\/lv-bayern\/wp-content\/uploads\/sites\/14\/2024\/08\/WhatsApp-Bild-2024-08-12-um-18.09.47_84761c7c-771x1024.jpg\" title=\"Whatsapp Bild 2024 08 12 Um 18.09.47 84761c7c\">\n                            <img class=\"img-full\" src=\"https:\/\/www.vkd.com\/lv-bayern\/wp-content\/uploads\/sites\/14\/2024\/08\/WhatsApp-Bild-2024-08-12-um-18.09.47_84761c7c-771x1024.jpg\" title=\"Galerie bei Bild 3 \u00f6ffnen\" alt=\"Whatsapp Bild 2024 08 12 Um 18.09.47 84761c7c\"\/>\n                        <\/a>\n                    <\/div>\n                                    <div class=\"item\">\n                        <a href=\"https:\/\/www.vkd.com\/lv-bayern\/wp-content\/uploads\/sites\/14\/2024\/08\/WhatsApp-Bild-2024-08-12-um-20.23.00_3dec2e84-768x1024.jpg\" title=\"Whatsapp Bild 2024 08 12 Um 20.23.00 3dec2e84\">\n                            <img class=\"img-full\" src=\"https:\/\/www.vkd.com\/lv-bayern\/wp-content\/uploads\/sites\/14\/2024\/08\/WhatsApp-Bild-2024-08-12-um-20.23.00_3dec2e84-768x1024.jpg\" title=\"Galerie bei Bild 4 \u00f6ffnen\" alt=\"Whatsapp Bild 2024 08 12 Um 20.23.00 3dec2e84\"\/>\n                        <\/a>\n                    <\/div>\n                                    <div class=\"item\">\n                        <a href=\"https:\/\/www.vkd.com\/lv-bayern\/wp-content\/uploads\/sites\/14\/2024\/08\/WhatsApp-Bild-2024-08-12-um-18.09.46_d3325c7e-771x1024.jpg\" title=\"Whatsapp Bild 2024 08 12 Um 18.09.46 D3325c7e\">\n                            <img class=\"img-full\" src=\"https:\/\/www.vkd.com\/lv-bayern\/wp-content\/uploads\/sites\/14\/2024\/08\/WhatsApp-Bild-2024-08-12-um-18.09.46_d3325c7e-771x1024.jpg\" title=\"Galerie bei Bild 5 \u00f6ffnen\" alt=\"Whatsapp Bild 2024 08 12 Um 18.09.46 D3325c7e\"\/>\n                        <\/a>\n                    <\/div>\n                                    <div class=\"item\">\n                        <a href=\"https:\/\/www.vkd.com\/lv-bayern\/wp-content\/uploads\/sites\/14\/2024\/08\/WhatsApp-Bild-2024-08-12-um-18.09.46_58a00438-1024x771.jpg\" title=\"Whatsapp Bild 2024 08 12 Um 18.09.46 58a00438\">\n                            <img class=\"img-full\" src=\"https:\/\/www.vkd.com\/lv-bayern\/wp-content\/uploads\/sites\/14\/2024\/08\/WhatsApp-Bild-2024-08-12-um-18.09.46_58a00438-1024x771.jpg\" title=\"Galerie bei Bild 6 \u00f6ffnen\" alt=\"Whatsapp Bild 2024 08 12 Um 18.09.46 58a00438\"\/>\n                        <\/a>\n                    <\/div>\n                                    <div class=\"item\">\n                        <a href=\"https:\/\/www.vkd.com\/lv-bayern\/wp-content\/uploads\/sites\/14\/2024\/08\/WhatsApp-Bild-2024-08-12-um-18.09.45_e764af0f-1024x771.jpg\" title=\"Whatsapp Bild 2024 08 12 Um 18.09.45 E764af0f\">\n                            <img class=\"img-full\" src=\"https:\/\/www.vkd.com\/lv-bayern\/wp-content\/uploads\/sites\/14\/2024\/08\/WhatsApp-Bild-2024-08-12-um-18.09.45_e764af0f-1024x771.jpg\" title=\"Galerie bei Bild 7 \u00f6ffnen\" alt=\"Whatsapp Bild 2024 08 12 Um 18.09.45 E764af0f\"\/>\n                        <\/a>\n                    <\/div>\n                                    <div class=\"item\">\n                        <a href=\"https:\/\/www.vkd.com\/lv-bayern\/wp-content\/uploads\/sites\/14\/2024\/08\/WhatsApp-Bild-2024-08-12-um-18.09.43_9bc1fbdc-771x1024.jpg\" title=\"Whatsapp Bild 2024 08 12 Um 18.09.43 9bc1fbdc\">\n                            <img class=\"img-full\" src=\"https:\/\/www.vkd.com\/lv-bayern\/wp-content\/uploads\/sites\/14\/2024\/08\/WhatsApp-Bild-2024-08-12-um-18.09.43_9bc1fbdc-771x1024.jpg\" title=\"Galerie bei Bild 8 \u00f6ffnen\" alt=\"Whatsapp Bild 2024 08 12 Um 18.09.43 9bc1fbdc\"\/>\n                        <\/a>\n                    <\/div>\n                                    <div class=\"item\">\n                        <a href=\"https:\/\/www.vkd.com\/lv-bayern\/wp-content\/uploads\/sites\/14\/2024\/08\/WhatsApp-Bild-2024-08-12-um-18.09.43_8bf9f806-771x1024.jpg\" title=\"Whatsapp Bild 2024 08 12 Um 18.09.43 8bf9f806\">\n                            <img class=\"img-full\" src=\"https:\/\/www.vkd.com\/lv-bayern\/wp-content\/uploads\/sites\/14\/2024\/08\/WhatsApp-Bild-2024-08-12-um-18.09.43_8bf9f806-771x1024.jpg\" title=\"Galerie bei Bild 9 \u00f6ffnen\" alt=\"Whatsapp Bild 2024 08 12 Um 18.09.43 8bf9f806\"\/>\n                        <\/a>\n                    <\/div>\n                            <\/div>\n        <\/div>\n    <\/div>\n<\/div>\n\n\n","protected":false},"excerpt":{"rendered":"<p>Die Kolleginnen und Kollegen vom ZV K\u00f6cheverein Inn-Salzach e.V. besuchten am Montag, 12. August 2024 wieder traditionell mit bayerischer Fahne, ihrem \u201eKochl\u00f6ffel\u201c und \u201eGerhards Kochhutgru\u00df\u201c\u00a0 das\u00a0 Laurentiusfest in Salzburg! Ein wundersch\u00f6ner Tag in \u201ek\u00f6chelnder kollegialer Runde\u201c und geselliges Treffen mit den Salzburger Kollegen! Hier ein paar Bilder \u201eon tour\u201c mit unserem ZV K\u00f6cheverein Inn-Salzach e.V.!&#8230;<\/p>\n","protected":false},"author":1955,"featured_media":505,"comment_status":"closed","ping_status":"open","sticky":false,"template":"","format":"standard","meta":[],"categories":[1],"tags":[6,12,5,7,11],"yoast_head":"<!-- This site is optimized with the Yoast SEO plugin v20.0 - https:\/\/yoast.com\/wordpress\/plugins\/seo\/ -->\n<title>Zweigverein Innsalzach bei den Salzburger K\u00f6chen - Landesverband der K\u00f6che Bayern<\/title>\n<meta name=\"robots\" content=\"noindex, follow, max-snippet:-1, max-image-preview:large, max-video-preview:-1\" \/>\n<meta property=\"og:locale\" content=\"de_DE\" \/>\n<meta property=\"og:type\" content=\"article\" \/>\n<meta property=\"og:title\" content=\"Zweigverein Innsalzach bei den Salzburger K\u00f6chen - Landesverband der K\u00f6che Bayern\" \/>\n<meta property=\"og:description\" content=\"Die Kolleginnen und Kollegen vom ZV K\u00f6cheverein Inn-Salzach e.V. besuchten am Montag, 12. August 2024 wieder traditionell mit bayerischer Fahne, ihrem \u201eKochl\u00f6ffel\u201c und \u201eGerhards Kochhutgru\u00df\u201c\u00a0 das\u00a0 Laurentiusfest in Salzburg! Ein wundersch\u00f6ner Tag in \u201ek\u00f6chelnder kollegialer Runde\u201c und geselliges Treffen mit den Salzburger Kollegen! Hier ein paar Bilder \u201eon tour\u201c mit unserem ZV K\u00f6cheverein Inn-Salzach e.V.!...\" \/>\n<meta property=\"og:url\" content=\"https:\/\/www.vkd.com\/lv-bayern\/news\/zweigverein-innsalzach-bei-den-salzburger-koechen\/\" \/>\n<meta property=\"og:site_name\" content=\"Landesverband der K\u00f6che Bayern\" \/>\n<meta property=\"article:published_time\" content=\"2024-08-13T13:22:13+00:00\" \/>\n<meta property=\"article:modified_time\" content=\"2024-08-13T13:25:38+00:00\" \/>\n<meta property=\"og:image\" content=\"https:\/\/www.vkd.com\/lv-bayern\/wp-content\/uploads\/sites\/14\/2024\/08\/Logo.jpg\" \/>\n\t<meta property=\"og:image:width\" content=\"655\" \/>\n\t<meta property=\"og:image:height\" content=\"762\" \/>\n\t<meta property=\"og:image:type\" content=\"image\/jpeg\" \/>\n<meta name=\"author\" content=\"Kostadinov Alexander\" \/>\n<meta name=\"twitter:card\" content=\"summary_large_image\" \/>\n<meta name=\"twitter:label1\" content=\"Verfasst von\" \/>\n\t<meta name=\"twitter:data1\" content=\"Kostadinov Alexander\" \/>\n\t<meta name=\"twitter:label2\" content=\"Gesch\u00e4tzte Lesezeit\" \/>\n\t<meta name=\"twitter:data2\" content=\"1\u00a0Minute\" \/>\n<script type=\"application\/ld+json\" class=\"yoast-schema-graph\">{\"@context\":\"https:\/\/schema.org\",\"@graph\":[{\"@type\":\"WebPage\",\"@id\":\"https:\/\/www.vkd.com\/lv-bayern\/news\/zweigverein-innsalzach-bei-den-salzburger-koechen\/\",\"url\":\"https:\/\/www.vkd.com\/lv-bayern\/news\/zweigverein-innsalzach-bei-den-salzburger-koechen\/\",\"name\":\"Zweigverein Innsalzach bei den Salzburger K\u00f6chen - Landesverband der K\u00f6che Bayern\",\"isPartOf\":{\"@id\":\"https:\/\/www.vkd.com\/lv-bayern\/#website\"},\"datePublished\":\"2024-08-13T13:22:13+00:00\",\"dateModified\":\"2024-08-13T13:25:38+00:00\",\"author\":{\"@id\":\"https:\/\/www.vkd.com\/lv-bayern\/#\/schema\/person\/19c4bb106ca4de98c60e2cb5ac7f572f\"},\"breadcrumb\":{\"@id\":\"https:\/\/www.vkd.com\/lv-bayern\/news\/zweigverein-innsalzach-bei-den-salzburger-koechen\/#breadcrumb\"},\"inLanguage\":\"de\",\"potentialAction\":[{\"@type\":\"ReadAction\",\"target\":[\"https:\/\/www.vkd.com\/lv-bayern\/news\/zweigverein-innsalzach-bei-den-salzburger-koechen\/\"]}]},{\"@type\":\"BreadcrumbList\",\"@id\":\"https:\/\/www.vkd.com\/lv-bayern\/news\/zweigverein-innsalzach-bei-den-salzburger-koechen\/#breadcrumb\",\"itemListElement\":[{\"@type\":\"ListItem\",\"position\":1,\"name\":\"Startseite\",\"item\":\"https:\/\/www.vkd.com\/lv-bayern\/\"},{\"@type\":\"ListItem\",\"position\":2,\"name\":\"Zweigverein Innsalzach bei den Salzburger K\u00f6chen\"}]},{\"@type\":\"WebSite\",\"@id\":\"https:\/\/www.vkd.com\/lv-bayern\/#website\",\"url\":\"https:\/\/www.vkd.com\/lv-bayern\/\",\"name\":\"Landesverband der K\u00f6che Bayern\",\"description\":\"Landesverband im Verband der K\u00f6che Deutschlands e.V.\",\"potentialAction\":[{\"@type\":\"SearchAction\",\"target\":{\"@type\":\"EntryPoint\",\"urlTemplate\":\"https:\/\/www.vkd.com\/lv-bayern\/?s={search_term_string}\"},\"query-input\":\"required name=search_term_string\"}],\"inLanguage\":\"de\"},{\"@type\":\"Person\",\"@id\":\"https:\/\/www.vkd.com\/lv-bayern\/#\/schema\/person\/19c4bb106ca4de98c60e2cb5ac7f572f\",\"name\":\"Kostadinov Alexander\",\"image\":{\"@type\":\"ImageObject\",\"inLanguage\":\"de\",\"@id\":\"https:\/\/www.vkd.com\/lv-bayern\/#\/schema\/person\/image\/\",\"url\":\"https:\/\/secure.gravatar.com\/avatar\/b0cb85e5c215fe1114e6d2404492358d?s=96&d=mm&r=g\",\"contentUrl\":\"https:\/\/secure.gravatar.com\/avatar\/b0cb85e5c215fe1114e6d2404492358d?s=96&d=mm&r=g\",\"caption\":\"Kostadinov Alexander\"},\"url\":\"https:\/\/www.vkd.com\/lv-bayern\/news\/author\/gentscher-jungentscher-de\/\"}]}<\/script>\n<!-- \/ Yoast SEO plugin. -->","yoast_head_json":{"title":"Zweigverein Innsalzach bei den Salzburger K\u00f6chen - Landesverband der K\u00f6che Bayern","robots":{"index":"noindex","follow":"follow","max-snippet":"max-snippet:-1","max-image-preview":"max-image-preview:large","max-video-preview":"max-video-preview:-1"},"og_locale":"de_DE","og_type":"article","og_title":"Zweigverein Innsalzach bei den Salzburger K\u00f6chen - Landesverband der K\u00f6che Bayern","og_description":"Die Kolleginnen und Kollegen vom ZV K\u00f6cheverein Inn-Salzach e.V. besuchten am Montag, 12. August 2024 wieder traditionell mit bayerischer Fahne, ihrem \u201eKochl\u00f6ffel\u201c und \u201eGerhards Kochhutgru\u00df\u201c\u00a0 das\u00a0 Laurentiusfest in Salzburg! Ein wundersch\u00f6ner Tag in \u201ek\u00f6chelnder kollegialer Runde\u201c und geselliges Treffen mit den Salzburger Kollegen! Hier ein paar Bilder \u201eon tour\u201c mit unserem ZV K\u00f6cheverein Inn-Salzach e.V.!...","og_url":"https:\/\/www.vkd.com\/lv-bayern\/news\/zweigverein-innsalzach-bei-den-salzburger-koechen\/","og_site_name":"Landesverband der K\u00f6che Bayern","article_published_time":"2024-08-13T13:22:13+00:00","article_modified_time":"2024-08-13T13:25:38+00:00","og_image":[{"width":655,"height":762,"url":"https:\/\/www.vkd.com\/lv-bayern\/wp-content\/uploads\/sites\/14\/2024\/08\/Logo.jpg","type":"image\/jpeg"}],"author":"Kostadinov Alexander","twitter_card":"summary_large_image","twitter_misc":{"Verfasst von":"Kostadinov Alexander","Gesch\u00e4tzte Lesezeit":"1\u00a0Minute"},"schema":{"@context":"https:\/\/schema.org","@graph":[{"@type":"WebPage","@id":"https:\/\/www.vkd.com\/lv-bayern\/news\/zweigverein-innsalzach-bei-den-salzburger-koechen\/","url":"https:\/\/www.vkd.com\/lv-bayern\/news\/zweigverein-innsalzach-bei-den-salzburger-koechen\/","name":"Zweigverein Innsalzach bei den Salzburger K\u00f6chen - Landesverband der K\u00f6che Bayern","isPartOf":{"@id":"https:\/\/www.vkd.com\/lv-bayern\/#website"},"datePublished":"2024-08-13T13:22:13+00:00","dateModified":"2024-08-13T13:25:38+00:00","author":{"@id":"https:\/\/www.vkd.com\/lv-bayern\/#\/schema\/person\/19c4bb106ca4de98c60e2cb5ac7f572f"},"breadcrumb":{"@id":"https:\/\/www.vkd.com\/lv-bayern\/news\/zweigverein-innsalzach-bei-den-salzburger-koechen\/#breadcrumb"},"inLanguage":"de","potentialAction":[{"@type":"ReadAction","target":["https:\/\/www.vkd.com\/lv-bayern\/news\/zweigverein-innsalzach-bei-den-salzburger-koechen\/"]}]},{"@type":"BreadcrumbList","@id":"https:\/\/www.vkd.com\/lv-bayern\/news\/zweigverein-innsalzach-bei-den-salzburger-koechen\/#breadcrumb","itemListElement":[{"@type":"ListItem","position":1,"name":"Startseite","item":"https:\/\/www.vkd.com\/lv-bayern\/"},{"@type":"ListItem","position":2,"name":"Zweigverein Innsalzach bei den Salzburger K\u00f6chen"}]},{"@type":"WebSite","@id":"https:\/\/www.vkd.com\/lv-bayern\/#website","url":"https:\/\/www.vkd.com\/lv-bayern\/","name":"Landesverband der K\u00f6che Bayern","description":"Landesverband im Verband der K\u00f6che Deutschlands e.V.","potentialAction":[{"@type":"SearchAction","target":{"@type":"EntryPoint","urlTemplate":"https:\/\/www.vkd.com\/lv-bayern\/?s={search_term_string}"},"query-input":"required name=search_term_string"}],"inLanguage":"de"},{"@type":"Person","@id":"https:\/\/www.vkd.com\/lv-bayern\/#\/schema\/person\/19c4bb106ca4de98c60e2cb5ac7f572f","name":"Kostadinov Alexander","image":{"@type":"ImageObject","inLanguage":"de","@id":"https:\/\/www.vkd.com\/lv-bayern\/#\/schema\/person\/image\/","url":"https:\/\/secure.gravatar.com\/avatar\/b0cb85e5c215fe1114e6d2404492358d?s=96&d=mm&r=g","contentUrl":"https:\/\/secure.gravatar.com\/avatar\/b0cb85e5c215fe1114e6d2404492358d?s=96&d=mm&r=g","caption":"Kostadinov Alexander"},"url":"https:\/\/www.vkd.com\/lv-bayern\/news\/author\/gentscher-jungentscher-de\/"}]}},"_links":{"self":[{"href":"https:\/\/www.vkd.com\/lv-bayern\/wp-json\/wp\/v2\/posts\/626"}],"collection":[{"href":"https:\/\/www.vkd.com\/lv-bayern\/wp-json\/wp\/v2\/posts"}],"about":[{"href":"https:\/\/www.vkd.com\/lv-bayern\/wp-json\/wp\/v2\/types\/post"}],"author":[{"embeddable":true,"href":"https:\/\/www.vkd.com\/lv-bayern\/wp-json\/wp\/v2\/users\/1955"}],"replies":[{"embeddable":true,"href":"https:\/\/www.vkd.com\/lv-bayern\/wp-json\/wp\/v2\/comments?post=626"}],"version-history":[{"count":5,"href":"https:\/\/www.vkd.com\/lv-bayern\/wp-json\/wp\/v2\/posts\/626\/revisions"}],"predecessor-version":[{"id":640,"href":"https:\/\/www.vkd.com\/lv-bayern\/wp-json\/wp\/v2\/posts\/626\/revisions\/640"}],"wp:featuredmedia":[{"embeddable":true,"href":"https:\/\/www.vkd.com\/lv-bayern\/wp-json\/wp\/v2\/media\/505"}],"wp:attachment":[{"href":"https:\/\/www.vkd.com\/lv-bayern\/wp-json\/wp\/v2\/media?parent=626"}],"wp:term":[{"taxonomy":"category","embeddable":true,"href":"https:\/\/www.vkd.com\/lv-bayern\/wp-json\/wp\/v2\/categories?post=626"},{"taxonomy":"post_tag","embeddable":true,"href":"https:\/\/www.vkd.com\/lv-bayern\/wp-json\/wp\/v2\/tags?post=626"}],"curies":[{"name":"wp","href":"https:\/\/api.w.org\/{rel}","templated":true}]}}