{"id":536,"date":"2024-08-08T08:05:01","date_gmt":"2024-08-08T06:05:01","guid":{"rendered":"https:\/\/www.vkd.com\/lv-bayern\/?p=536"},"modified":"2024-08-08T08:09:51","modified_gmt":"2024-08-08T06:09:51","slug":"%f0%9f%8c%9f-sei-dabei-und-erlebe-die-top-events-des-jahres-%f0%9f%8c%9f","status":"publish","type":"post","link":"https:\/\/www.vkd.com\/lv-bayern\/news\/%f0%9f%8c%9f-sei-dabei-und-erlebe-die-top-events-des-jahres-%f0%9f%8c%9f\/","title":{"rendered":"Sei dabei und erlebe die Top-Events des Jahres!"},"content":{"rendered":"<p>Du willst live bei den coolsten Koch-Events dabei sein? Der Landesverband der K\u00f6che Bayern hat Tickets f\u00fcr drei MEGA spannende Veranstaltungen und wir suchen genau DICH! \ud83d\udd25<\/p>\n<p>\u2728 *Koch des Jahres* \u2013 21. Oktober im Kameha Grand Bonn<br \/>\n\u2728 *Rolling Pin Convention* \u2013 30. September bis 1. Oktober in D\u00fcsseldorf<br \/>\n\u2728 *Young Chefs Unplugged* \u2013 15. bis 17. November in Rankweil, \u00d6sterreich<\/p>\n<p>Hier hast du die Chance, gro\u00dfartige Erfahrungen zu sammeln, neue Kontakte zu kn\u00fcpfen und jede Menge Spa\u00df zu haben. Ein Mitglied des Vorstands oder ein Betreuer wird immer dabei sein, damit du dich nicht allein f\u00fchlst.<\/p>\n<p>Was musst du tun? Ganz einfach:<br \/>\nSchreib uns, auf welches Event du Bock hast und erz\u00e4hl uns kurz, warum du dabei sein m\u00f6chtest!<\/p>\n<p>Gerne unter <a href=\"mailto:Ralf.Meneghini@vkd.com\">Ralf.Meneghini@vkd.com<\/a><\/p>\n<p>Obendrauf gibt\u2019s noch einen 50 \u20ac Gutschein f\u00fcr Fahrtkosten, Hotel\u00fcbernachtungen oder Verpflegung! \ud83c\udf9f\u2728<\/p>\n<p>Warte nicht lange, die Tickets sind hei\u00df begehrt und nur begrenzt verf\u00fcgbar! \ud83d\ude80<\/p>\n<p>#k\u00f6chebayern #eventtickets #youngchefs #kochdesjahres #rollingpinconvention #kochevents2024 #k\u00fcchentalente<br \/>\n#kochkunst #kochwettbewerb #foodInspiration #jugendkocht #k\u00fcchenteam<\/p>\n<p><a href=\"https:\/\/www.kochdesjahres.de\/\">@koch.des.jahres<\/a><br \/>\n<a href=\"https:\/\/www.rollingpin.de\/\">@rollingpin.co<\/a><br \/>\n<a href=\"https:\/\/www.cvent.com\/de\">@ycuevent<\/a><br \/>\n<a href=\"https:\/\/www.instagram.com\/vkd.insta\/\">@vkd.insta<\/a><\/p>\n","protected":false},"excerpt":{"rendered":"<p>Du willst live bei den coolsten Koch-Events dabei sein? Der Landesverband der K\u00f6che Bayern hat Tickets f\u00fcr drei MEGA spannende Veranstaltungen und wir suchen genau DICH! \ud83d\udd25 \u2728 *Koch des Jahres* \u2013 21. Oktober im Kameha Grand Bonn \u2728 *Rolling Pin Convention* \u2013 30. September bis 1. Oktober in D\u00fcsseldorf \u2728 *Young Chefs Unplugged* \u2013&#8230;<\/p>\n","protected":false},"author":1955,"featured_media":537,"comment_status":"closed","ping_status":"open","sticky":false,"template":"","format":"standard","meta":[],"categories":[1],"tags":[13],"yoast_head":"<!-- This site is optimized with the Yoast SEO plugin v20.0 - https:\/\/yoast.com\/wordpress\/plugins\/seo\/ -->\n<title>Sei dabei und erlebe die Top-Events des Jahres! - Landesverband der K\u00f6che Bayern<\/title>\n<meta name=\"robots\" content=\"noindex, follow, max-snippet:-1, max-image-preview:large, max-video-preview:-1\" \/>\n<meta property=\"og:locale\" content=\"de_DE\" \/>\n<meta property=\"og:type\" content=\"article\" \/>\n<meta property=\"og:title\" content=\"Sei dabei und erlebe die Top-Events des Jahres! - Landesverband der K\u00f6che Bayern\" \/>\n<meta property=\"og:description\" content=\"Du willst live bei den coolsten Koch-Events dabei sein? Der Landesverband der K\u00f6che Bayern hat Tickets f\u00fcr drei MEGA spannende Veranstaltungen und wir suchen genau DICH! \ud83d\udd25 \u2728 *Koch des Jahres* \u2013 21. Oktober im Kameha Grand Bonn \u2728 *Rolling Pin Convention* \u2013 30. September bis 1. Oktober in D\u00fcsseldorf \u2728 *Young Chefs Unplugged* \u2013...\" \/>\n<meta property=\"og:url\" content=\"https:\/\/www.vkd.com\/lv-bayern\/news\/\ud83c\udf1f-sei-dabei-und-erlebe-die-top-events-des-jahres-\ud83c\udf1f\/\" \/>\n<meta property=\"og:site_name\" content=\"Landesverband der K\u00f6che Bayern\" \/>\n<meta property=\"article:published_time\" content=\"2024-08-08T06:05:01+00:00\" \/>\n<meta property=\"article:modified_time\" content=\"2024-08-08T06:09:51+00:00\" \/>\n<meta property=\"og:image\" content=\"https:\/\/www.vkd.com\/lv-bayern\/wp-content\/uploads\/sites\/14\/2024\/08\/WhatsApp-Bild-2024-08-07-um-23.40.19_a48685c0.jpg\" \/>\n\t<meta property=\"og:image:width\" content=\"1080\" \/>\n\t<meta property=\"og:image:height\" content=\"1080\" \/>\n\t<meta property=\"og:image:type\" content=\"image\/jpeg\" \/>\n<meta name=\"author\" content=\"Kostadinov Alexander\" \/>\n<meta name=\"twitter:card\" content=\"summary_large_image\" \/>\n<meta name=\"twitter:label1\" content=\"Verfasst von\" \/>\n\t<meta name=\"twitter:data1\" content=\"Kostadinov Alexander\" \/>\n\t<meta name=\"twitter:label2\" content=\"Gesch\u00e4tzte Lesezeit\" \/>\n\t<meta name=\"twitter:data2\" content=\"1\u00a0Minute\" \/>\n<script type=\"application\/ld+json\" class=\"yoast-schema-graph\">{\"@context\":\"https:\/\/schema.org\",\"@graph\":[{\"@type\":\"WebPage\",\"@id\":\"https:\/\/www.vkd.com\/lv-bayern\/news\/%f0%9f%8c%9f-sei-dabei-und-erlebe-die-top-events-des-jahres-%f0%9f%8c%9f\/\",\"url\":\"https:\/\/www.vkd.com\/lv-bayern\/news\/%f0%9f%8c%9f-sei-dabei-und-erlebe-die-top-events-des-jahres-%f0%9f%8c%9f\/\",\"name\":\"Sei dabei und erlebe die Top-Events des Jahres! - Landesverband der K\u00f6che Bayern\",\"isPartOf\":{\"@id\":\"https:\/\/www.vkd.com\/lv-bayern\/#website\"},\"datePublished\":\"2024-08-08T06:05:01+00:00\",\"dateModified\":\"2024-08-08T06:09:51+00:00\",\"author\":{\"@id\":\"https:\/\/www.vkd.com\/lv-bayern\/#\/schema\/person\/19c4bb106ca4de98c60e2cb5ac7f572f\"},\"breadcrumb\":{\"@id\":\"https:\/\/www.vkd.com\/lv-bayern\/news\/%f0%9f%8c%9f-sei-dabei-und-erlebe-die-top-events-des-jahres-%f0%9f%8c%9f\/#breadcrumb\"},\"inLanguage\":\"de\",\"potentialAction\":[{\"@type\":\"ReadAction\",\"target\":[\"https:\/\/www.vkd.com\/lv-bayern\/news\/%f0%9f%8c%9f-sei-dabei-und-erlebe-die-top-events-des-jahres-%f0%9f%8c%9f\/\"]}]},{\"@type\":\"BreadcrumbList\",\"@id\":\"https:\/\/www.vkd.com\/lv-bayern\/news\/%f0%9f%8c%9f-sei-dabei-und-erlebe-die-top-events-des-jahres-%f0%9f%8c%9f\/#breadcrumb\",\"itemListElement\":[{\"@type\":\"ListItem\",\"position\":1,\"name\":\"Startseite\",\"item\":\"https:\/\/www.vkd.com\/lv-bayern\/\"},{\"@type\":\"ListItem\",\"position\":2,\"name\":\"Sei dabei und erlebe die Top-Events des Jahres!\"}]},{\"@type\":\"WebSite\",\"@id\":\"https:\/\/www.vkd.com\/lv-bayern\/#website\",\"url\":\"https:\/\/www.vkd.com\/lv-bayern\/\",\"name\":\"Landesverband der K\u00f6che Bayern\",\"description\":\"Landesverband im Verband der K\u00f6che Deutschlands e.V.\",\"potentialAction\":[{\"@type\":\"SearchAction\",\"target\":{\"@type\":\"EntryPoint\",\"urlTemplate\":\"https:\/\/www.vkd.com\/lv-bayern\/?s={search_term_string}\"},\"query-input\":\"required name=search_term_string\"}],\"inLanguage\":\"de\"},{\"@type\":\"Person\",\"@id\":\"https:\/\/www.vkd.com\/lv-bayern\/#\/schema\/person\/19c4bb106ca4de98c60e2cb5ac7f572f\",\"name\":\"Kostadinov Alexander\",\"image\":{\"@type\":\"ImageObject\",\"inLanguage\":\"de\",\"@id\":\"https:\/\/www.vkd.com\/lv-bayern\/#\/schema\/person\/image\/\",\"url\":\"https:\/\/secure.gravatar.com\/avatar\/b0cb85e5c215fe1114e6d2404492358d?s=96&d=mm&r=g\",\"contentUrl\":\"https:\/\/secure.gravatar.com\/avatar\/b0cb85e5c215fe1114e6d2404492358d?s=96&d=mm&r=g\",\"caption\":\"Kostadinov Alexander\"},\"url\":\"https:\/\/www.vkd.com\/lv-bayern\/news\/author\/gentscher-jungentscher-de\/\"}]}<\/script>\n<!-- \/ Yoast SEO plugin. -->","yoast_head_json":{"title":"Sei dabei und erlebe die Top-Events des Jahres! - Landesverband der K\u00f6che Bayern","robots":{"index":"noindex","follow":"follow","max-snippet":"max-snippet:-1","max-image-preview":"max-image-preview:large","max-video-preview":"max-video-preview:-1"},"og_locale":"de_DE","og_type":"article","og_title":"Sei dabei und erlebe die Top-Events des Jahres! - Landesverband der K\u00f6che Bayern","og_description":"Du willst live bei den coolsten Koch-Events dabei sein? Der Landesverband der K\u00f6che Bayern hat Tickets f\u00fcr drei MEGA spannende Veranstaltungen und wir suchen genau DICH! \ud83d\udd25 \u2728 *Koch des Jahres* \u2013 21. Oktober im Kameha Grand Bonn \u2728 *Rolling Pin Convention* \u2013 30. September bis 1. Oktober in D\u00fcsseldorf \u2728 *Young Chefs Unplugged* \u2013...","og_url":"https:\/\/www.vkd.com\/lv-bayern\/news\/\ud83c\udf1f-sei-dabei-und-erlebe-die-top-events-des-jahres-\ud83c\udf1f\/","og_site_name":"Landesverband der K\u00f6che Bayern","article_published_time":"2024-08-08T06:05:01+00:00","article_modified_time":"2024-08-08T06:09:51+00:00","og_image":[{"width":1080,"height":1080,"url":"https:\/\/www.vkd.com\/lv-bayern\/wp-content\/uploads\/sites\/14\/2024\/08\/WhatsApp-Bild-2024-08-07-um-23.40.19_a48685c0.jpg","type":"image\/jpeg"}],"author":"Kostadinov Alexander","twitter_card":"summary_large_image","twitter_misc":{"Verfasst von":"Kostadinov Alexander","Gesch\u00e4tzte Lesezeit":"1\u00a0Minute"},"schema":{"@context":"https:\/\/schema.org","@graph":[{"@type":"WebPage","@id":"https:\/\/www.vkd.com\/lv-bayern\/news\/%f0%9f%8c%9f-sei-dabei-und-erlebe-die-top-events-des-jahres-%f0%9f%8c%9f\/","url":"https:\/\/www.vkd.com\/lv-bayern\/news\/%f0%9f%8c%9f-sei-dabei-und-erlebe-die-top-events-des-jahres-%f0%9f%8c%9f\/","name":"Sei dabei und erlebe die Top-Events des Jahres! - Landesverband der K\u00f6che Bayern","isPartOf":{"@id":"https:\/\/www.vkd.com\/lv-bayern\/#website"},"datePublished":"2024-08-08T06:05:01+00:00","dateModified":"2024-08-08T06:09:51+00:00","author":{"@id":"https:\/\/www.vkd.com\/lv-bayern\/#\/schema\/person\/19c4bb106ca4de98c60e2cb5ac7f572f"},"breadcrumb":{"@id":"https:\/\/www.vkd.com\/lv-bayern\/news\/%f0%9f%8c%9f-sei-dabei-und-erlebe-die-top-events-des-jahres-%f0%9f%8c%9f\/#breadcrumb"},"inLanguage":"de","potentialAction":[{"@type":"ReadAction","target":["https:\/\/www.vkd.com\/lv-bayern\/news\/%f0%9f%8c%9f-sei-dabei-und-erlebe-die-top-events-des-jahres-%f0%9f%8c%9f\/"]}]},{"@type":"BreadcrumbList","@id":"https:\/\/www.vkd.com\/lv-bayern\/news\/%f0%9f%8c%9f-sei-dabei-und-erlebe-die-top-events-des-jahres-%f0%9f%8c%9f\/#breadcrumb","itemListElement":[{"@type":"ListItem","position":1,"name":"Startseite","item":"https:\/\/www.vkd.com\/lv-bayern\/"},{"@type":"ListItem","position":2,"name":"Sei dabei und erlebe die Top-Events des Jahres!"}]},{"@type":"WebSite","@id":"https:\/\/www.vkd.com\/lv-bayern\/#website","url":"https:\/\/www.vkd.com\/lv-bayern\/","name":"Landesverband der K\u00f6che Bayern","description":"Landesverband im Verband der K\u00f6che Deutschlands e.V.","potentialAction":[{"@type":"SearchAction","target":{"@type":"EntryPoint","urlTemplate":"https:\/\/www.vkd.com\/lv-bayern\/?s={search_term_string}"},"query-input":"required name=search_term_string"}],"inLanguage":"de"},{"@type":"Person","@id":"https:\/\/www.vkd.com\/lv-bayern\/#\/schema\/person\/19c4bb106ca4de98c60e2cb5ac7f572f","name":"Kostadinov Alexander","image":{"@type":"ImageObject","inLanguage":"de","@id":"https:\/\/www.vkd.com\/lv-bayern\/#\/schema\/person\/image\/","url":"https:\/\/secure.gravatar.com\/avatar\/b0cb85e5c215fe1114e6d2404492358d?s=96&d=mm&r=g","contentUrl":"https:\/\/secure.gravatar.com\/avatar\/b0cb85e5c215fe1114e6d2404492358d?s=96&d=mm&r=g","caption":"Kostadinov Alexander"},"url":"https:\/\/www.vkd.com\/lv-bayern\/news\/author\/gentscher-jungentscher-de\/"}]}},"_links":{"self":[{"href":"https:\/\/www.vkd.com\/lv-bayern\/wp-json\/wp\/v2\/posts\/536"}],"collection":[{"href":"https:\/\/www.vkd.com\/lv-bayern\/wp-json\/wp\/v2\/posts"}],"about":[{"href":"https:\/\/www.vkd.com\/lv-bayern\/wp-json\/wp\/v2\/types\/post"}],"author":[{"embeddable":true,"href":"https:\/\/www.vkd.com\/lv-bayern\/wp-json\/wp\/v2\/users\/1955"}],"replies":[{"embeddable":true,"href":"https:\/\/www.vkd.com\/lv-bayern\/wp-json\/wp\/v2\/comments?post=536"}],"version-history":[{"count":4,"href":"https:\/\/www.vkd.com\/lv-bayern\/wp-json\/wp\/v2\/posts\/536\/revisions"}],"predecessor-version":[{"id":541,"href":"https:\/\/www.vkd.com\/lv-bayern\/wp-json\/wp\/v2\/posts\/536\/revisions\/541"}],"wp:featuredmedia":[{"embeddable":true,"href":"https:\/\/www.vkd.com\/lv-bayern\/wp-json\/wp\/v2\/media\/537"}],"wp:attachment":[{"href":"https:\/\/www.vkd.com\/lv-bayern\/wp-json\/wp\/v2\/media?parent=536"}],"wp:term":[{"taxonomy":"category","embeddable":true,"href":"https:\/\/www.vkd.com\/lv-bayern\/wp-json\/wp\/v2\/categories?post=536"},{"taxonomy":"post_tag","embeddable":true,"href":"https:\/\/www.vkd.com\/lv-bayern\/wp-json\/wp\/v2\/tags?post=536"}],"curies":[{"name":"wp","href":"https:\/\/api.w.org\/{rel}","templated":true}]}}