{"id":504,"date":"2024-08-07T09:59:47","date_gmt":"2024-08-07T07:59:47","guid":{"rendered":"https:\/\/www.vkd.com\/lv-bayern\/?p=504"},"modified":"2024-08-07T10:22:25","modified_gmt":"2024-08-07T08:22:25","slug":"aus-den-zweigvereinen","status":"publish","type":"post","link":"https:\/\/www.vkd.com\/lv-bayern\/news\/aus-den-zweigvereinen\/","title":{"rendered":"Aus den Zweigvereinen"},"content":{"rendered":"<p>Liebe Kolleginnen und Kollegen,<br \/>\nliebe K\u00f6chevereinsmitglieder,<br \/>\nliebe Freunde der wei\u00dfen Zunft,<\/p>\n<p><strong>&#8230;die Vorfreude steigt&#8230;<\/strong>denn viele &#8222;k\u00f6chelnde&#8220; Gro\u00dfereignisse stehen auf unserem K\u00f6chevereinsprogramm August!<\/p>\n<p>Am <strong>kommenden Montag, 12. August<\/strong> fahren wir wieder gemeinsam mit dem Zug, traditionell in unserer Berufskleidung,<br \/>\nbayerischer Fahne, unserem &#8222;Kochl\u00f6ffel&#8220; und &#8222;Gerhards Kochhutgru\u00df&#8220;\u00a0 zum <strong>Laurentiusfest nach Salzburg!<\/strong><br \/>\nWir freuen uns sehr auf diesen Tag in &#8222;k\u00f6chelnder kollegialer Runde&#8220; und treffen uns wieder am Bahnhof T\u00fcssling oder wer m\u00f6chte auch in M\u00fchldorf!<br \/>\nUnser Vorsitzender Rainer Auer hat unseren Verein bei den Salzburger Kollegen angemeldet und k\u00fcmmert sich um die BahnTickets.<\/p>\n<p><strong>Abfahrt nach Salzburg ab M\u00fchldorf:\u00a0\u00a0\u00a0 10.43 Uhr\u00a0\u00a0\u00a0 \/\u00a0\u00a0\u00a0 T\u00fcssling\u00a0 10.49 Uhr\u00a0\u00a0\u00a0 \/\u00a0\u00a0 Ankunft in Salzburg:\u00a0\u00a0\u00a0 11.52 Uhr<\/strong><br \/>\nWir k\u00f6nnen dann ohne Eile zum Treffpunkt Caf\u00e9 Tomaselli gehen oder wer m\u00f6chte Bus oder Taxi nehmen.<br \/>\nR\u00fcckfahrt ab Bahnhof M\u00fclln ist f\u00fcr 20 Uhr geplant.<br \/>\nEin besonders sch\u00f6ner Tag f\u00fcr unsere wei\u00dfe Zunft und unserem Berufsstand!<\/p>\n<p><strong>Im Anhang<\/strong> findet ihr den Ablauf des Laurentiusfestes und die Einladung zur Hochzeit!<br \/>\nEin wunderbarer &#8222;k\u00f6chelnder August&#8220; mit &#8222;k\u00f6chelnden Treffs&#8220;!<\/p>\n<p>Also, jetzt hei\u00dft es nur noch die Kochuniform &#8222;aufb\u00fcgeln&#8220; und &#8222;on tour&#8220; mit unserem K\u00f6cheverein Inn-Salzach e.V.!<\/p>\n<p><strong>Mit herzlichen &#8222;k\u00f6chelnden&#8220; Gr\u00fc\u00dfen<\/strong><br \/>\nEure Vorstandschaft unseres K\u00f6cheverein Inn-Salzach e.V.<\/p>\n<p>&nbsp;<\/p>\n<p><img decoding=\"async\" loading=\"lazy\" class=\" wp-image-508\" src=\"https:\/\/www.vkd.com\/lv-bayern\/wp-content\/uploads\/sites\/14\/2024\/08\/Screenshot-2024-08-07-100138-207x300.png\" alt=\"Screenshot 2024 08 07 100138\" width=\"281\" height=\"407\" srcset=\"https:\/\/www.vkd.com\/lv-bayern\/wp-content\/uploads\/sites\/14\/2024\/08\/Screenshot-2024-08-07-100138-207x300.png 207w, https:\/\/www.vkd.com\/lv-bayern\/wp-content\/uploads\/sites\/14\/2024\/08\/Screenshot-2024-08-07-100138.png 630w\" sizes=\"(max-width: 281px) 100vw, 281px\" \/><\/p>\n","protected":false},"excerpt":{"rendered":"<p>Liebe Kolleginnen und Kollegen, liebe K\u00f6chevereinsmitglieder, liebe Freunde der wei\u00dfen Zunft, &#8230;die Vorfreude steigt&#8230;denn viele &#8222;k\u00f6chelnde&#8220; Gro\u00dfereignisse stehen auf unserem K\u00f6chevereinsprogramm August! Am kommenden Montag, 12. August fahren wir wieder gemeinsam mit dem Zug, traditionell in unserer Berufskleidung, bayerischer Fahne, unserem &#8222;Kochl\u00f6ffel&#8220; und &#8222;Gerhards Kochhutgru\u00df&#8220;\u00a0 zum Laurentiusfest nach Salzburg! Wir freuen uns sehr auf diesen&#8230;<\/p>\n","protected":false},"author":1955,"featured_media":505,"comment_status":"closed","ping_status":"open","sticky":false,"template":"","format":"standard","meta":[],"categories":[1],"tags":[6,12,5,7,9,11],"yoast_head":"<!-- This site is optimized with the Yoast SEO plugin v20.0 - https:\/\/yoast.com\/wordpress\/plugins\/seo\/ -->\n<title>Aus den Zweigvereinen - Landesverband der K\u00f6che Bayern<\/title>\n<meta name=\"robots\" content=\"noindex, follow, max-snippet:-1, max-image-preview:large, max-video-preview:-1\" \/>\n<meta property=\"og:locale\" content=\"de_DE\" \/>\n<meta property=\"og:type\" content=\"article\" \/>\n<meta property=\"og:title\" content=\"Aus den Zweigvereinen - Landesverband der K\u00f6che Bayern\" \/>\n<meta property=\"og:description\" content=\"Liebe Kolleginnen und Kollegen, liebe K\u00f6chevereinsmitglieder, liebe Freunde der wei\u00dfen Zunft, &#8230;die Vorfreude steigt&#8230;denn viele &#8222;k\u00f6chelnde&#8220; Gro\u00dfereignisse stehen auf unserem K\u00f6chevereinsprogramm August! Am kommenden Montag, 12. August fahren wir wieder gemeinsam mit dem Zug, traditionell in unserer Berufskleidung, bayerischer Fahne, unserem &#8222;Kochl\u00f6ffel&#8220; und &#8222;Gerhards Kochhutgru\u00df&#8220;\u00a0 zum Laurentiusfest nach Salzburg! Wir freuen uns sehr auf diesen...\" \/>\n<meta property=\"og:url\" content=\"https:\/\/www.vkd.com\/lv-bayern\/news\/aus-den-zweigvereinen\/\" \/>\n<meta property=\"og:site_name\" content=\"Landesverband der K\u00f6che Bayern\" \/>\n<meta property=\"article:published_time\" content=\"2024-08-07T07:59:47+00:00\" \/>\n<meta property=\"article:modified_time\" content=\"2024-08-07T08:22:25+00:00\" \/>\n<meta property=\"og:image\" content=\"https:\/\/www.vkd.com\/lv-bayern\/wp-content\/uploads\/sites\/14\/2024\/08\/Logo.jpg\" \/>\n\t<meta property=\"og:image:width\" content=\"655\" \/>\n\t<meta property=\"og:image:height\" content=\"762\" \/>\n\t<meta property=\"og:image:type\" content=\"image\/jpeg\" \/>\n<meta name=\"author\" content=\"Kostadinov Alexander\" \/>\n<meta name=\"twitter:card\" content=\"summary_large_image\" \/>\n<meta name=\"twitter:label1\" content=\"Verfasst von\" \/>\n\t<meta name=\"twitter:data1\" content=\"Kostadinov Alexander\" \/>\n\t<meta name=\"twitter:label2\" content=\"Gesch\u00e4tzte Lesezeit\" \/>\n\t<meta name=\"twitter:data2\" content=\"2\u00a0Minuten\" \/>\n<script type=\"application\/ld+json\" class=\"yoast-schema-graph\">{\"@context\":\"https:\/\/schema.org\",\"@graph\":[{\"@type\":\"WebPage\",\"@id\":\"https:\/\/www.vkd.com\/lv-bayern\/news\/aus-den-zweigvereinen\/\",\"url\":\"https:\/\/www.vkd.com\/lv-bayern\/news\/aus-den-zweigvereinen\/\",\"name\":\"Aus den Zweigvereinen - Landesverband der K\u00f6che Bayern\",\"isPartOf\":{\"@id\":\"https:\/\/www.vkd.com\/lv-bayern\/#website\"},\"datePublished\":\"2024-08-07T07:59:47+00:00\",\"dateModified\":\"2024-08-07T08:22:25+00:00\",\"author\":{\"@id\":\"https:\/\/www.vkd.com\/lv-bayern\/#\/schema\/person\/19c4bb106ca4de98c60e2cb5ac7f572f\"},\"breadcrumb\":{\"@id\":\"https:\/\/www.vkd.com\/lv-bayern\/news\/aus-den-zweigvereinen\/#breadcrumb\"},\"inLanguage\":\"de\",\"potentialAction\":[{\"@type\":\"ReadAction\",\"target\":[\"https:\/\/www.vkd.com\/lv-bayern\/news\/aus-den-zweigvereinen\/\"]}]},{\"@type\":\"BreadcrumbList\",\"@id\":\"https:\/\/www.vkd.com\/lv-bayern\/news\/aus-den-zweigvereinen\/#breadcrumb\",\"itemListElement\":[{\"@type\":\"ListItem\",\"position\":1,\"name\":\"Startseite\",\"item\":\"https:\/\/www.vkd.com\/lv-bayern\/\"},{\"@type\":\"ListItem\",\"position\":2,\"name\":\"Aus den Zweigvereinen\"}]},{\"@type\":\"WebSite\",\"@id\":\"https:\/\/www.vkd.com\/lv-bayern\/#website\",\"url\":\"https:\/\/www.vkd.com\/lv-bayern\/\",\"name\":\"Landesverband der K\u00f6che Bayern\",\"description\":\"Landesverband im Verband der K\u00f6che Deutschlands e.V.\",\"potentialAction\":[{\"@type\":\"SearchAction\",\"target\":{\"@type\":\"EntryPoint\",\"urlTemplate\":\"https:\/\/www.vkd.com\/lv-bayern\/?s={search_term_string}\"},\"query-input\":\"required name=search_term_string\"}],\"inLanguage\":\"de\"},{\"@type\":\"Person\",\"@id\":\"https:\/\/www.vkd.com\/lv-bayern\/#\/schema\/person\/19c4bb106ca4de98c60e2cb5ac7f572f\",\"name\":\"Kostadinov Alexander\",\"image\":{\"@type\":\"ImageObject\",\"inLanguage\":\"de\",\"@id\":\"https:\/\/www.vkd.com\/lv-bayern\/#\/schema\/person\/image\/\",\"url\":\"https:\/\/secure.gravatar.com\/avatar\/b0cb85e5c215fe1114e6d2404492358d?s=96&d=mm&r=g\",\"contentUrl\":\"https:\/\/secure.gravatar.com\/avatar\/b0cb85e5c215fe1114e6d2404492358d?s=96&d=mm&r=g\",\"caption\":\"Kostadinov Alexander\"},\"url\":\"https:\/\/www.vkd.com\/lv-bayern\/news\/author\/gentscher-jungentscher-de\/\"}]}<\/script>\n<!-- \/ Yoast SEO plugin. -->","yoast_head_json":{"title":"Aus den Zweigvereinen - Landesverband der K\u00f6che Bayern","robots":{"index":"noindex","follow":"follow","max-snippet":"max-snippet:-1","max-image-preview":"max-image-preview:large","max-video-preview":"max-video-preview:-1"},"og_locale":"de_DE","og_type":"article","og_title":"Aus den Zweigvereinen - Landesverband der K\u00f6che Bayern","og_description":"Liebe Kolleginnen und Kollegen, liebe K\u00f6chevereinsmitglieder, liebe Freunde der wei\u00dfen Zunft, &#8230;die Vorfreude steigt&#8230;denn viele &#8222;k\u00f6chelnde&#8220; Gro\u00dfereignisse stehen auf unserem K\u00f6chevereinsprogramm August! Am kommenden Montag, 12. August fahren wir wieder gemeinsam mit dem Zug, traditionell in unserer Berufskleidung, bayerischer Fahne, unserem &#8222;Kochl\u00f6ffel&#8220; und &#8222;Gerhards Kochhutgru\u00df&#8220;\u00a0 zum Laurentiusfest nach Salzburg! Wir freuen uns sehr auf diesen...","og_url":"https:\/\/www.vkd.com\/lv-bayern\/news\/aus-den-zweigvereinen\/","og_site_name":"Landesverband der K\u00f6che Bayern","article_published_time":"2024-08-07T07:59:47+00:00","article_modified_time":"2024-08-07T08:22:25+00:00","og_image":[{"width":655,"height":762,"url":"https:\/\/www.vkd.com\/lv-bayern\/wp-content\/uploads\/sites\/14\/2024\/08\/Logo.jpg","type":"image\/jpeg"}],"author":"Kostadinov Alexander","twitter_card":"summary_large_image","twitter_misc":{"Verfasst von":"Kostadinov Alexander","Gesch\u00e4tzte Lesezeit":"2\u00a0Minuten"},"schema":{"@context":"https:\/\/schema.org","@graph":[{"@type":"WebPage","@id":"https:\/\/www.vkd.com\/lv-bayern\/news\/aus-den-zweigvereinen\/","url":"https:\/\/www.vkd.com\/lv-bayern\/news\/aus-den-zweigvereinen\/","name":"Aus den Zweigvereinen - Landesverband der K\u00f6che Bayern","isPartOf":{"@id":"https:\/\/www.vkd.com\/lv-bayern\/#website"},"datePublished":"2024-08-07T07:59:47+00:00","dateModified":"2024-08-07T08:22:25+00:00","author":{"@id":"https:\/\/www.vkd.com\/lv-bayern\/#\/schema\/person\/19c4bb106ca4de98c60e2cb5ac7f572f"},"breadcrumb":{"@id":"https:\/\/www.vkd.com\/lv-bayern\/news\/aus-den-zweigvereinen\/#breadcrumb"},"inLanguage":"de","potentialAction":[{"@type":"ReadAction","target":["https:\/\/www.vkd.com\/lv-bayern\/news\/aus-den-zweigvereinen\/"]}]},{"@type":"BreadcrumbList","@id":"https:\/\/www.vkd.com\/lv-bayern\/news\/aus-den-zweigvereinen\/#breadcrumb","itemListElement":[{"@type":"ListItem","position":1,"name":"Startseite","item":"https:\/\/www.vkd.com\/lv-bayern\/"},{"@type":"ListItem","position":2,"name":"Aus den Zweigvereinen"}]},{"@type":"WebSite","@id":"https:\/\/www.vkd.com\/lv-bayern\/#website","url":"https:\/\/www.vkd.com\/lv-bayern\/","name":"Landesverband der K\u00f6che Bayern","description":"Landesverband im Verband der K\u00f6che Deutschlands e.V.","potentialAction":[{"@type":"SearchAction","target":{"@type":"EntryPoint","urlTemplate":"https:\/\/www.vkd.com\/lv-bayern\/?s={search_term_string}"},"query-input":"required name=search_term_string"}],"inLanguage":"de"},{"@type":"Person","@id":"https:\/\/www.vkd.com\/lv-bayern\/#\/schema\/person\/19c4bb106ca4de98c60e2cb5ac7f572f","name":"Kostadinov Alexander","image":{"@type":"ImageObject","inLanguage":"de","@id":"https:\/\/www.vkd.com\/lv-bayern\/#\/schema\/person\/image\/","url":"https:\/\/secure.gravatar.com\/avatar\/b0cb85e5c215fe1114e6d2404492358d?s=96&d=mm&r=g","contentUrl":"https:\/\/secure.gravatar.com\/avatar\/b0cb85e5c215fe1114e6d2404492358d?s=96&d=mm&r=g","caption":"Kostadinov Alexander"},"url":"https:\/\/www.vkd.com\/lv-bayern\/news\/author\/gentscher-jungentscher-de\/"}]}},"_links":{"self":[{"href":"https:\/\/www.vkd.com\/lv-bayern\/wp-json\/wp\/v2\/posts\/504"}],"collection":[{"href":"https:\/\/www.vkd.com\/lv-bayern\/wp-json\/wp\/v2\/posts"}],"about":[{"href":"https:\/\/www.vkd.com\/lv-bayern\/wp-json\/wp\/v2\/types\/post"}],"author":[{"embeddable":true,"href":"https:\/\/www.vkd.com\/lv-bayern\/wp-json\/wp\/v2\/users\/1955"}],"replies":[{"embeddable":true,"href":"https:\/\/www.vkd.com\/lv-bayern\/wp-json\/wp\/v2\/comments?post=504"}],"version-history":[{"count":4,"href":"https:\/\/www.vkd.com\/lv-bayern\/wp-json\/wp\/v2\/posts\/504\/revisions"}],"predecessor-version":[{"id":510,"href":"https:\/\/www.vkd.com\/lv-bayern\/wp-json\/wp\/v2\/posts\/504\/revisions\/510"}],"wp:featuredmedia":[{"embeddable":true,"href":"https:\/\/www.vkd.com\/lv-bayern\/wp-json\/wp\/v2\/media\/505"}],"wp:attachment":[{"href":"https:\/\/www.vkd.com\/lv-bayern\/wp-json\/wp\/v2\/media?parent=504"}],"wp:term":[{"taxonomy":"category","embeddable":true,"href":"https:\/\/www.vkd.com\/lv-bayern\/wp-json\/wp\/v2\/categories?post=504"},{"taxonomy":"post_tag","embeddable":true,"href":"https:\/\/www.vkd.com\/lv-bayern\/wp-json\/wp\/v2\/tags?post=504"}],"curies":[{"name":"wp","href":"https:\/\/api.w.org\/{rel}","templated":true}]}}