{"id":431,"date":"2024-04-21T19:43:20","date_gmt":"2024-04-21T17:43:20","guid":{"rendered":"https:\/\/www.vkd.com\/lv-bayern\/?p=431"},"modified":"2024-07-29T19:44:15","modified_gmt":"2024-07-29T17:44:15","slug":"unser-neuer-vorstand","status":"publish","type":"post","link":"https:\/\/www.vkd.com\/lv-bayern\/news\/unser-neuer-vorstand\/","title":{"rendered":"Unser neuer Vorstand"},"content":{"rendered":"<h4>Lernen Sie unser Team des Vorstandes. Unsere Arbeit ist unsere Leidenschaft. Der Erfolg unseres Handelns ist unseren Mitgliedern auf allen Ebenen geschuldet. Unser F\u00fchrungsteam ehrt seine verdienten und erfolgreichen Personen des K\u00f6chelebens mit einer Ehrenmitgliedschaft.<\/h4>\n<ul>\n<li class=\"text-align-center\">1.Vorsitzender &#8211; Ralf B. Meneghini<\/li>\n<li class=\"text-align-center\">2.Vorsitzender &#8211; Alexander Kostadinov<\/li>\n<li class=\"text-align-center\">Schriftf\u00fchrer &#8211; Lars L\u00e4ufer<\/li>\n<li class=\"text-align-center\">Kassier &#8211; Nicola Sch\u00f6nfeld<\/li>\n<li class=\"text-align-center\">1. Jugendbeauftragter &#8211; Stefan Dobrecht<\/li>\n<li class=\"text-align-center\">2. Jugendbeauftragter &#8211; Manuel Diemar<\/li>\n<li class=\"text-align-center\">Medienbeauftragte &#8211; Inna Yashchenko<\/li>\n<\/ul>\n<p><strong>Das Team vom Kochcamp<\/strong><\/p>\n<div id=\"jw-element-322192359\" class=\"jw-tree-node jw-element jw-column jw-tree-container jw-node-is-first-child jw-responsive lt300 lt400 lt480 lt540 lt600 lt640 lt800\" data-jw-element-id=\"322192359\">\n<div id=\"jw-element-322192579\" class=\"jw-tree-node jw-element jw-image-text\" data-jw-element-id=\"322192579\">\n<div class=\"jw-element-imagetext-text\">\n<p class=\"jw-heading-130\">Veronika Schiele<br \/>\nAndrea Moosburger<br \/>\nSimone Engelhardt<\/p>\n<\/div>\n<\/div>\n<\/div>\n","protected":false},"excerpt":{"rendered":"<p>Lernen Sie unser Team des Vorstandes. Unsere Arbeit ist unsere Leidenschaft. Der Erfolg unseres Handelns ist unseren Mitgliedern auf allen Ebenen geschuldet. Unser F\u00fchrungsteam ehrt seine verdienten und erfolgreichen Personen des K\u00f6chelebens mit einer Ehrenmitgliedschaft. 1.Vorsitzender &#8211; Ralf B. Meneghini 2.Vorsitzender &#8211; Alexander Kostadinov Schriftf\u00fchrer &#8211; Lars L\u00e4ufer Kassier &#8211; Nicola Sch\u00f6nfeld 1. Jugendbeauftragter &#8211;&#8230;<\/p>\n","protected":false},"author":1955,"featured_media":396,"comment_status":"closed","ping_status":"open","sticky":false,"template":"","format":"standard","meta":[],"categories":[1],"tags":[6,5,7,9,8],"yoast_head":"<!-- This site is optimized with the Yoast SEO plugin v20.0 - https:\/\/yoast.com\/wordpress\/plugins\/seo\/ -->\n<title>Unser neuer Vorstand - Landesverband der K\u00f6che Bayern<\/title>\n<meta name=\"robots\" content=\"noindex, follow, max-snippet:-1, max-image-preview:large, max-video-preview:-1\" \/>\n<meta property=\"og:locale\" content=\"de_DE\" \/>\n<meta property=\"og:type\" content=\"article\" \/>\n<meta property=\"og:title\" content=\"Unser neuer Vorstand - Landesverband der K\u00f6che Bayern\" \/>\n<meta property=\"og:description\" content=\"Lernen Sie unser Team des Vorstandes. Unsere Arbeit ist unsere Leidenschaft. Der Erfolg unseres Handelns ist unseren Mitgliedern auf allen Ebenen geschuldet. Unser F\u00fchrungsteam ehrt seine verdienten und erfolgreichen Personen des K\u00f6chelebens mit einer Ehrenmitgliedschaft. 1.Vorsitzender &#8211; Ralf B. Meneghini 2.Vorsitzender &#8211; Alexander Kostadinov Schriftf\u00fchrer &#8211; Lars L\u00e4ufer Kassier &#8211; Nicola Sch\u00f6nfeld 1. Jugendbeauftragter &#8211;...\" \/>\n<meta property=\"og:url\" content=\"https:\/\/www.vkd.com\/lv-bayern\/news\/unser-neuer-vorstand\/\" \/>\n<meta property=\"og:site_name\" content=\"Landesverband der K\u00f6che Bayern\" \/>\n<meta property=\"article:published_time\" content=\"2024-04-21T17:43:20+00:00\" \/>\n<meta property=\"article:modified_time\" content=\"2024-07-29T17:44:15+00:00\" \/>\n<meta property=\"og:image\" content=\"https:\/\/www.vkd.com\/lv-bayern\/wp-content\/uploads\/sites\/14\/2024\/07\/IMG-20240724-WA0035.jpg\" \/>\n\t<meta property=\"og:image:width\" content=\"1600\" \/>\n\t<meta property=\"og:image:height\" content=\"900\" \/>\n\t<meta property=\"og:image:type\" content=\"image\/jpeg\" \/>\n<meta name=\"author\" content=\"Kostadinov Alexander\" \/>\n<meta name=\"twitter:card\" content=\"summary_large_image\" \/>\n<meta name=\"twitter:label1\" content=\"Verfasst von\" \/>\n\t<meta name=\"twitter:data1\" content=\"Kostadinov Alexander\" \/>\n\t<meta name=\"twitter:label2\" content=\"Gesch\u00e4tzte Lesezeit\" \/>\n\t<meta name=\"twitter:data2\" content=\"1\u00a0Minute\" \/>\n<script type=\"application\/ld+json\" class=\"yoast-schema-graph\">{\"@context\":\"https:\/\/schema.org\",\"@graph\":[{\"@type\":\"WebPage\",\"@id\":\"https:\/\/www.vkd.com\/lv-bayern\/news\/unser-neuer-vorstand\/\",\"url\":\"https:\/\/www.vkd.com\/lv-bayern\/news\/unser-neuer-vorstand\/\",\"name\":\"Unser neuer Vorstand - Landesverband der K\u00f6che Bayern\",\"isPartOf\":{\"@id\":\"https:\/\/www.vkd.com\/lv-bayern\/#website\"},\"datePublished\":\"2024-04-21T17:43:20+00:00\",\"dateModified\":\"2024-07-29T17:44:15+00:00\",\"author\":{\"@id\":\"https:\/\/www.vkd.com\/lv-bayern\/#\/schema\/person\/19c4bb106ca4de98c60e2cb5ac7f572f\"},\"breadcrumb\":{\"@id\":\"https:\/\/www.vkd.com\/lv-bayern\/news\/unser-neuer-vorstand\/#breadcrumb\"},\"inLanguage\":\"de\",\"potentialAction\":[{\"@type\":\"ReadAction\",\"target\":[\"https:\/\/www.vkd.com\/lv-bayern\/news\/unser-neuer-vorstand\/\"]}]},{\"@type\":\"BreadcrumbList\",\"@id\":\"https:\/\/www.vkd.com\/lv-bayern\/news\/unser-neuer-vorstand\/#breadcrumb\",\"itemListElement\":[{\"@type\":\"ListItem\",\"position\":1,\"name\":\"Startseite\",\"item\":\"https:\/\/www.vkd.com\/lv-bayern\/\"},{\"@type\":\"ListItem\",\"position\":2,\"name\":\"Unser neuer Vorstand\"}]},{\"@type\":\"WebSite\",\"@id\":\"https:\/\/www.vkd.com\/lv-bayern\/#website\",\"url\":\"https:\/\/www.vkd.com\/lv-bayern\/\",\"name\":\"Landesverband der K\u00f6che Bayern\",\"description\":\"Landesverband im Verband der K\u00f6che Deutschlands e.V.\",\"potentialAction\":[{\"@type\":\"SearchAction\",\"target\":{\"@type\":\"EntryPoint\",\"urlTemplate\":\"https:\/\/www.vkd.com\/lv-bayern\/?s={search_term_string}\"},\"query-input\":\"required name=search_term_string\"}],\"inLanguage\":\"de\"},{\"@type\":\"Person\",\"@id\":\"https:\/\/www.vkd.com\/lv-bayern\/#\/schema\/person\/19c4bb106ca4de98c60e2cb5ac7f572f\",\"name\":\"Kostadinov Alexander\",\"image\":{\"@type\":\"ImageObject\",\"inLanguage\":\"de\",\"@id\":\"https:\/\/www.vkd.com\/lv-bayern\/#\/schema\/person\/image\/\",\"url\":\"https:\/\/secure.gravatar.com\/avatar\/b0cb85e5c215fe1114e6d2404492358d?s=96&d=mm&r=g\",\"contentUrl\":\"https:\/\/secure.gravatar.com\/avatar\/b0cb85e5c215fe1114e6d2404492358d?s=96&d=mm&r=g\",\"caption\":\"Kostadinov Alexander\"},\"url\":\"https:\/\/www.vkd.com\/lv-bayern\/news\/author\/gentscher-jungentscher-de\/\"}]}<\/script>\n<!-- \/ Yoast SEO plugin. -->","yoast_head_json":{"title":"Unser neuer Vorstand - Landesverband der K\u00f6che Bayern","robots":{"index":"noindex","follow":"follow","max-snippet":"max-snippet:-1","max-image-preview":"max-image-preview:large","max-video-preview":"max-video-preview:-1"},"og_locale":"de_DE","og_type":"article","og_title":"Unser neuer Vorstand - Landesverband der K\u00f6che Bayern","og_description":"Lernen Sie unser Team des Vorstandes. Unsere Arbeit ist unsere Leidenschaft. Der Erfolg unseres Handelns ist unseren Mitgliedern auf allen Ebenen geschuldet. Unser F\u00fchrungsteam ehrt seine verdienten und erfolgreichen Personen des K\u00f6chelebens mit einer Ehrenmitgliedschaft. 1.Vorsitzender &#8211; Ralf B. Meneghini 2.Vorsitzender &#8211; Alexander Kostadinov Schriftf\u00fchrer &#8211; Lars L\u00e4ufer Kassier &#8211; Nicola Sch\u00f6nfeld 1. Jugendbeauftragter &#8211;...","og_url":"https:\/\/www.vkd.com\/lv-bayern\/news\/unser-neuer-vorstand\/","og_site_name":"Landesverband der K\u00f6che Bayern","article_published_time":"2024-04-21T17:43:20+00:00","article_modified_time":"2024-07-29T17:44:15+00:00","og_image":[{"width":1600,"height":900,"url":"https:\/\/www.vkd.com\/lv-bayern\/wp-content\/uploads\/sites\/14\/2024\/07\/IMG-20240724-WA0035.jpg","type":"image\/jpeg"}],"author":"Kostadinov Alexander","twitter_card":"summary_large_image","twitter_misc":{"Verfasst von":"Kostadinov Alexander","Gesch\u00e4tzte Lesezeit":"1\u00a0Minute"},"schema":{"@context":"https:\/\/schema.org","@graph":[{"@type":"WebPage","@id":"https:\/\/www.vkd.com\/lv-bayern\/news\/unser-neuer-vorstand\/","url":"https:\/\/www.vkd.com\/lv-bayern\/news\/unser-neuer-vorstand\/","name":"Unser neuer Vorstand - Landesverband der K\u00f6che Bayern","isPartOf":{"@id":"https:\/\/www.vkd.com\/lv-bayern\/#website"},"datePublished":"2024-04-21T17:43:20+00:00","dateModified":"2024-07-29T17:44:15+00:00","author":{"@id":"https:\/\/www.vkd.com\/lv-bayern\/#\/schema\/person\/19c4bb106ca4de98c60e2cb5ac7f572f"},"breadcrumb":{"@id":"https:\/\/www.vkd.com\/lv-bayern\/news\/unser-neuer-vorstand\/#breadcrumb"},"inLanguage":"de","potentialAction":[{"@type":"ReadAction","target":["https:\/\/www.vkd.com\/lv-bayern\/news\/unser-neuer-vorstand\/"]}]},{"@type":"BreadcrumbList","@id":"https:\/\/www.vkd.com\/lv-bayern\/news\/unser-neuer-vorstand\/#breadcrumb","itemListElement":[{"@type":"ListItem","position":1,"name":"Startseite","item":"https:\/\/www.vkd.com\/lv-bayern\/"},{"@type":"ListItem","position":2,"name":"Unser neuer Vorstand"}]},{"@type":"WebSite","@id":"https:\/\/www.vkd.com\/lv-bayern\/#website","url":"https:\/\/www.vkd.com\/lv-bayern\/","name":"Landesverband der K\u00f6che Bayern","description":"Landesverband im Verband der K\u00f6che Deutschlands e.V.","potentialAction":[{"@type":"SearchAction","target":{"@type":"EntryPoint","urlTemplate":"https:\/\/www.vkd.com\/lv-bayern\/?s={search_term_string}"},"query-input":"required name=search_term_string"}],"inLanguage":"de"},{"@type":"Person","@id":"https:\/\/www.vkd.com\/lv-bayern\/#\/schema\/person\/19c4bb106ca4de98c60e2cb5ac7f572f","name":"Kostadinov Alexander","image":{"@type":"ImageObject","inLanguage":"de","@id":"https:\/\/www.vkd.com\/lv-bayern\/#\/schema\/person\/image\/","url":"https:\/\/secure.gravatar.com\/avatar\/b0cb85e5c215fe1114e6d2404492358d?s=96&d=mm&r=g","contentUrl":"https:\/\/secure.gravatar.com\/avatar\/b0cb85e5c215fe1114e6d2404492358d?s=96&d=mm&r=g","caption":"Kostadinov Alexander"},"url":"https:\/\/www.vkd.com\/lv-bayern\/news\/author\/gentscher-jungentscher-de\/"}]}},"_links":{"self":[{"href":"https:\/\/www.vkd.com\/lv-bayern\/wp-json\/wp\/v2\/posts\/431"}],"collection":[{"href":"https:\/\/www.vkd.com\/lv-bayern\/wp-json\/wp\/v2\/posts"}],"about":[{"href":"https:\/\/www.vkd.com\/lv-bayern\/wp-json\/wp\/v2\/types\/post"}],"author":[{"embeddable":true,"href":"https:\/\/www.vkd.com\/lv-bayern\/wp-json\/wp\/v2\/users\/1955"}],"replies":[{"embeddable":true,"href":"https:\/\/www.vkd.com\/lv-bayern\/wp-json\/wp\/v2\/comments?post=431"}],"version-history":[{"count":2,"href":"https:\/\/www.vkd.com\/lv-bayern\/wp-json\/wp\/v2\/posts\/431\/revisions"}],"predecessor-version":[{"id":433,"href":"https:\/\/www.vkd.com\/lv-bayern\/wp-json\/wp\/v2\/posts\/431\/revisions\/433"}],"wp:featuredmedia":[{"embeddable":true,"href":"https:\/\/www.vkd.com\/lv-bayern\/wp-json\/wp\/v2\/media\/396"}],"wp:attachment":[{"href":"https:\/\/www.vkd.com\/lv-bayern\/wp-json\/wp\/v2\/media?parent=431"}],"wp:term":[{"taxonomy":"category","embeddable":true,"href":"https:\/\/www.vkd.com\/lv-bayern\/wp-json\/wp\/v2\/categories?post=431"},{"taxonomy":"post_tag","embeddable":true,"href":"https:\/\/www.vkd.com\/lv-bayern\/wp-json\/wp\/v2\/tags?post=431"}],"curies":[{"name":"wp","href":"https:\/\/api.w.org\/{rel}","templated":true}]}}