{"id":2283,"date":"2026-04-22T17:22:00","date_gmt":"2026-04-22T15:22:00","guid":{"rendered":"https:\/\/www.vkd.com\/lv-bayern\/?p=2283"},"modified":"2026-04-22T17:22:00","modified_gmt":"2026-04-22T15:22:00","slug":"finale-informationen-der-fruehjahrstagung","status":"publish","type":"post","link":"https:\/\/www.vkd.com\/lv-bayern\/news\/finale-informationen-der-fruehjahrstagung\/","title":{"rendered":"Finale Informationen der Fr\u00fchjahrstagung"},"content":{"rendered":"<h3><strong>DIE LOCATION:<\/strong><br \/>\n<a href=\"https:\/\/www.pauliwirt.de\/\"><strong>LANDGASTHOF PAULIWIRT<\/strong><\/a><br \/>\nNeuh\u00e4usl 1<br \/>\n84513 Erharting<br \/>\nTelefon: \u202d08631 37820\u202c<br \/>\n<a href=\"mailto:info@pauliwirt.de\">info@pauliwirt.de<\/a><\/h3>\n<p><strong>Hier findet statt:<\/strong><\/p>\n<h4><b><span style=\"color: #99cc00\">Freitag, 24. April 2026<\/span><br \/>\n<\/b><b>Er\u00f6ffnungsabend im Landgasthof <\/b><b>Pauliwirt<\/b><b><br \/>\n<\/b><b>Begr\u00fc\u00dfung: 18:00 Uhr<\/b><\/h4>\n<p>Wir er\u00f6ffnen den Abend mit einer gem\u00fctlichen bayerischen Runde im Pauliwirt um 18:00 Uhr. Genie\u00dfen Sie eine urige Atmosph\u00e4re und tauchen Sie ein in bayerische Traditionen, Geschichten und Besonderheiten rund um unsere Region. Erfahren Sie Spannendes \u00fcber das lokale Brauchtum, h\u00f6ren Sie unterhaltsame Anekdoten und lassen Sie sich von der herzlichen Wirtshauskultur begeistern. Ein Abend, der Bayern lebendig macht und den Pauliwirt von seiner eindrucksvollsten, authentischen Seite zeigt.<\/p>\n<h4><b>Genie\u00dfen Sie den bayerischen Er\u00f6ffnungsabend mit einem reichhaltigen Buffet und Alt\u00f6ttinger Bierspezialit\u00e4ten.<\/p>\n<p><span style=\"color: #99cc00\">Samstag, 25. April 2026<\/span><br \/>\nVerbandstagung des Landesverbandes der K\u00f6che Bayern<br \/>\nBeginn: 8:30 Uhr &#8211; Ort: Landgasthof Pauliwirt<br \/>\n<\/b><\/h4>\n<h3><span style=\"color: #ff6600\"><strong>Kompakte, fokussierte Fachausstellung von 10:30 Uhr bis 18:00 Uhr<\/strong><\/span><b><br \/>\nUNSER NEUES TAGUNGS und AUSSTELLERKONZEPT<br \/>\n<\/b><u><b>OFFEN<\/b><\/u><u><b> f\u00fcr alle Kolleginnen und Kollegen<\/p>\n<p><\/b><\/u><\/h3>\n<h4><span style=\"color: #99cc00\"><b>Samstag, 25. April 2026<\/b><\/span><b><br \/>\nAbendprogramm (optional \u2013 Anmeldung erforderlich)<\/b><b><br \/>\n<\/b><\/h4>\n<p><b>Beginn: 18:00 Uhr<br \/>\n<\/b>Historische F\u00fchrung &#8211; Die Schlacht bei M\u00fchldorf \u2013 oft auch als Schlacht von Erharting bezeichnet \u2013 fand am 28. September 1322 statt. Sie war ein entscheidendes Gefecht im Thronstreit zwischen Ludwig IV. (dem Bayern) und Friedrich der Sch\u00f6ne von Habsburg. Auf dem Schlachtfeld nahe M\u00fchldorf am Inn siegte Ludwig IV. und nahm Friedrich gefangen. Damit sicherte er sich die K\u00f6nigsherrschaft im Heiligen R\u00f6mischen Reich und st\u00e4rkte nachhaltig die Macht der Wittelsbacher.<\/p>\n<p><b>Beginn: 19:30 Uhr<br \/>\nGemeinsames Abendessen im <\/b><b>Pauliwirt<\/b><b> \u2013 <\/b><b>a\u00b4la<\/b><b> carte \u2013 Selbstzahler inkl. Salonmusik<\/b><\/p>\n<h4>\n<b><span style=\"color: #99cc00\">Sonntag, 26. April 2026<\/span><\/b><\/h4>\n<p><b>Zum Abschluss<\/b><br \/>\nWei\u00dfwurst-Fr\u00fchschoppen im<br \/>\n<strong>Hotel Plankl<\/strong><br \/>\nSchlotthamer Stra\u00dfe 4<br \/>\nDE-84503 Alt\u00f6tting<br \/>\n<a class=\"fal fa-envelope\" href=\"mailto:info@hotel-plankl.de\">info@hotel-plankl.de<\/a><\/p>\n<p>Verabschiedung durch den ZV Inn-Salzach und den Landesverband Bayern<\/p>\n<p><b>Stadtf\u00fchrung<\/b> <b>Alt\u00f6tting<\/b><br \/>\n<b>12:30 Uhr \u2013 individuelle Teilnahme\u00a0<\/b><\/p>\n<p>&nbsp;<\/p>\n<p><strong>Wir freuen uns auf zahlreiche Besucher!<\/strong><\/p>\n","protected":false},"excerpt":{"rendered":"<p>DIE LOCATION: LANDGASTHOF PAULIWIRT Neuh\u00e4usl 1 84513 Erharting Telefon: \u202d08631 37820\u202c info@pauliwirt.de Hier findet statt: Freitag, 24. April 2026 Er\u00f6ffnungsabend im Landgasthof Pauliwirt Begr\u00fc\u00dfung: 18:00 Uhr Wir er\u00f6ffnen den Abend mit einer gem\u00fctlichen bayerischen Runde im Pauliwirt um 18:00 Uhr. Genie\u00dfen Sie eine urige Atmosph\u00e4re und tauchen Sie ein in bayerische Traditionen, Geschichten und Besonderheiten&#8230;<\/p>\n","protected":false},"author":1955,"featured_media":2182,"comment_status":"closed","ping_status":"open","sticky":false,"template":"","format":"standard","meta":[],"categories":[1],"tags":[6,24,12,5,7,19,8],"yoast_head":"<!-- This site is optimized with the Yoast SEO plugin v20.0 - https:\/\/yoast.com\/wordpress\/plugins\/seo\/ -->\n<title>Finale Informationen der Fr\u00fchjahrstagung - Landesverband der K\u00f6che Bayern<\/title>\n<meta name=\"robots\" content=\"noindex, follow, max-snippet:-1, max-image-preview:large, max-video-preview:-1\" \/>\n<meta property=\"og:locale\" content=\"de_DE\" \/>\n<meta property=\"og:type\" content=\"article\" \/>\n<meta property=\"og:title\" content=\"Finale Informationen der Fr\u00fchjahrstagung - Landesverband der K\u00f6che Bayern\" \/>\n<meta property=\"og:description\" content=\"DIE LOCATION: LANDGASTHOF PAULIWIRT Neuh\u00e4usl 1 84513 Erharting Telefon: \u202d08631 37820\u202c info@pauliwirt.de Hier findet statt: Freitag, 24. April 2026 Er\u00f6ffnungsabend im Landgasthof Pauliwirt Begr\u00fc\u00dfung: 18:00 Uhr Wir er\u00f6ffnen den Abend mit einer gem\u00fctlichen bayerischen Runde im Pauliwirt um 18:00 Uhr. Genie\u00dfen Sie eine urige Atmosph\u00e4re und tauchen Sie ein in bayerische Traditionen, Geschichten und Besonderheiten...\" \/>\n<meta property=\"og:url\" content=\"https:\/\/www.vkd.com\/lv-bayern\/news\/finale-informationen-der-fruehjahrstagung\/\" \/>\n<meta property=\"og:site_name\" content=\"Landesverband der K\u00f6che Bayern\" \/>\n<meta property=\"article:published_time\" content=\"2026-04-22T15:22:00+00:00\" \/>\n<meta property=\"og:image\" content=\"https:\/\/www.vkd.com\/lv-bayern\/wp-content\/uploads\/sites\/14\/2026\/03\/TagungJumbo-Desktop-1.png\" \/>\n\t<meta property=\"og:image:width\" content=\"1800\" \/>\n\t<meta property=\"og:image:height\" content=\"600\" \/>\n\t<meta property=\"og:image:type\" content=\"image\/png\" \/>\n<meta name=\"author\" content=\"Kostadinov Alexander\" \/>\n<meta name=\"twitter:card\" content=\"summary_large_image\" \/>\n<meta name=\"twitter:label1\" content=\"Verfasst von\" \/>\n\t<meta name=\"twitter:data1\" content=\"Kostadinov Alexander\" \/>\n\t<meta name=\"twitter:label2\" content=\"Gesch\u00e4tzte Lesezeit\" \/>\n\t<meta name=\"twitter:data2\" content=\"2\u00a0Minuten\" \/>\n<script type=\"application\/ld+json\" class=\"yoast-schema-graph\">{\"@context\":\"https:\/\/schema.org\",\"@graph\":[{\"@type\":\"WebPage\",\"@id\":\"https:\/\/www.vkd.com\/lv-bayern\/news\/finale-informationen-der-fruehjahrstagung\/\",\"url\":\"https:\/\/www.vkd.com\/lv-bayern\/news\/finale-informationen-der-fruehjahrstagung\/\",\"name\":\"Finale Informationen der Fr\u00fchjahrstagung - Landesverband der K\u00f6che Bayern\",\"isPartOf\":{\"@id\":\"https:\/\/www.vkd.com\/lv-bayern\/#website\"},\"datePublished\":\"2026-04-22T15:22:00+00:00\",\"dateModified\":\"2026-04-22T15:22:00+00:00\",\"author\":{\"@id\":\"https:\/\/www.vkd.com\/lv-bayern\/#\/schema\/person\/19c4bb106ca4de98c60e2cb5ac7f572f\"},\"breadcrumb\":{\"@id\":\"https:\/\/www.vkd.com\/lv-bayern\/news\/finale-informationen-der-fruehjahrstagung\/#breadcrumb\"},\"inLanguage\":\"de\",\"potentialAction\":[{\"@type\":\"ReadAction\",\"target\":[\"https:\/\/www.vkd.com\/lv-bayern\/news\/finale-informationen-der-fruehjahrstagung\/\"]}]},{\"@type\":\"BreadcrumbList\",\"@id\":\"https:\/\/www.vkd.com\/lv-bayern\/news\/finale-informationen-der-fruehjahrstagung\/#breadcrumb\",\"itemListElement\":[{\"@type\":\"ListItem\",\"position\":1,\"name\":\"Startseite\",\"item\":\"https:\/\/www.vkd.com\/lv-bayern\/\"},{\"@type\":\"ListItem\",\"position\":2,\"name\":\"Finale Informationen der Fr\u00fchjahrstagung\"}]},{\"@type\":\"WebSite\",\"@id\":\"https:\/\/www.vkd.com\/lv-bayern\/#website\",\"url\":\"https:\/\/www.vkd.com\/lv-bayern\/\",\"name\":\"Landesverband der K\u00f6che Bayern\",\"description\":\"Landesverband im Verband der K\u00f6che Deutschlands e.V.\",\"potentialAction\":[{\"@type\":\"SearchAction\",\"target\":{\"@type\":\"EntryPoint\",\"urlTemplate\":\"https:\/\/www.vkd.com\/lv-bayern\/?s={search_term_string}\"},\"query-input\":\"required name=search_term_string\"}],\"inLanguage\":\"de\"},{\"@type\":\"Person\",\"@id\":\"https:\/\/www.vkd.com\/lv-bayern\/#\/schema\/person\/19c4bb106ca4de98c60e2cb5ac7f572f\",\"name\":\"Kostadinov Alexander\",\"image\":{\"@type\":\"ImageObject\",\"inLanguage\":\"de\",\"@id\":\"https:\/\/www.vkd.com\/lv-bayern\/#\/schema\/person\/image\/\",\"url\":\"https:\/\/secure.gravatar.com\/avatar\/b0cb85e5c215fe1114e6d2404492358d?s=96&d=mm&r=g\",\"contentUrl\":\"https:\/\/secure.gravatar.com\/avatar\/b0cb85e5c215fe1114e6d2404492358d?s=96&d=mm&r=g\",\"caption\":\"Kostadinov Alexander\"},\"url\":\"https:\/\/www.vkd.com\/lv-bayern\/news\/author\/gentscher-jungentscher-de\/\"}]}<\/script>\n<!-- \/ Yoast SEO plugin. -->","yoast_head_json":{"title":"Finale Informationen der Fr\u00fchjahrstagung - Landesverband der K\u00f6che Bayern","robots":{"index":"noindex","follow":"follow","max-snippet":"max-snippet:-1","max-image-preview":"max-image-preview:large","max-video-preview":"max-video-preview:-1"},"og_locale":"de_DE","og_type":"article","og_title":"Finale Informationen der Fr\u00fchjahrstagung - Landesverband der K\u00f6che Bayern","og_description":"DIE LOCATION: LANDGASTHOF PAULIWIRT Neuh\u00e4usl 1 84513 Erharting Telefon: \u202d08631 37820\u202c info@pauliwirt.de Hier findet statt: Freitag, 24. April 2026 Er\u00f6ffnungsabend im Landgasthof Pauliwirt Begr\u00fc\u00dfung: 18:00 Uhr Wir er\u00f6ffnen den Abend mit einer gem\u00fctlichen bayerischen Runde im Pauliwirt um 18:00 Uhr. Genie\u00dfen Sie eine urige Atmosph\u00e4re und tauchen Sie ein in bayerische Traditionen, Geschichten und Besonderheiten...","og_url":"https:\/\/www.vkd.com\/lv-bayern\/news\/finale-informationen-der-fruehjahrstagung\/","og_site_name":"Landesverband der K\u00f6che Bayern","article_published_time":"2026-04-22T15:22:00+00:00","og_image":[{"width":1800,"height":600,"url":"https:\/\/www.vkd.com\/lv-bayern\/wp-content\/uploads\/sites\/14\/2026\/03\/TagungJumbo-Desktop-1.png","type":"image\/png"}],"author":"Kostadinov Alexander","twitter_card":"summary_large_image","twitter_misc":{"Verfasst von":"Kostadinov Alexander","Gesch\u00e4tzte Lesezeit":"2\u00a0Minuten"},"schema":{"@context":"https:\/\/schema.org","@graph":[{"@type":"WebPage","@id":"https:\/\/www.vkd.com\/lv-bayern\/news\/finale-informationen-der-fruehjahrstagung\/","url":"https:\/\/www.vkd.com\/lv-bayern\/news\/finale-informationen-der-fruehjahrstagung\/","name":"Finale Informationen der Fr\u00fchjahrstagung - Landesverband der K\u00f6che Bayern","isPartOf":{"@id":"https:\/\/www.vkd.com\/lv-bayern\/#website"},"datePublished":"2026-04-22T15:22:00+00:00","dateModified":"2026-04-22T15:22:00+00:00","author":{"@id":"https:\/\/www.vkd.com\/lv-bayern\/#\/schema\/person\/19c4bb106ca4de98c60e2cb5ac7f572f"},"breadcrumb":{"@id":"https:\/\/www.vkd.com\/lv-bayern\/news\/finale-informationen-der-fruehjahrstagung\/#breadcrumb"},"inLanguage":"de","potentialAction":[{"@type":"ReadAction","target":["https:\/\/www.vkd.com\/lv-bayern\/news\/finale-informationen-der-fruehjahrstagung\/"]}]},{"@type":"BreadcrumbList","@id":"https:\/\/www.vkd.com\/lv-bayern\/news\/finale-informationen-der-fruehjahrstagung\/#breadcrumb","itemListElement":[{"@type":"ListItem","position":1,"name":"Startseite","item":"https:\/\/www.vkd.com\/lv-bayern\/"},{"@type":"ListItem","position":2,"name":"Finale Informationen der Fr\u00fchjahrstagung"}]},{"@type":"WebSite","@id":"https:\/\/www.vkd.com\/lv-bayern\/#website","url":"https:\/\/www.vkd.com\/lv-bayern\/","name":"Landesverband der K\u00f6che Bayern","description":"Landesverband im Verband der K\u00f6che Deutschlands e.V.","potentialAction":[{"@type":"SearchAction","target":{"@type":"EntryPoint","urlTemplate":"https:\/\/www.vkd.com\/lv-bayern\/?s={search_term_string}"},"query-input":"required name=search_term_string"}],"inLanguage":"de"},{"@type":"Person","@id":"https:\/\/www.vkd.com\/lv-bayern\/#\/schema\/person\/19c4bb106ca4de98c60e2cb5ac7f572f","name":"Kostadinov Alexander","image":{"@type":"ImageObject","inLanguage":"de","@id":"https:\/\/www.vkd.com\/lv-bayern\/#\/schema\/person\/image\/","url":"https:\/\/secure.gravatar.com\/avatar\/b0cb85e5c215fe1114e6d2404492358d?s=96&d=mm&r=g","contentUrl":"https:\/\/secure.gravatar.com\/avatar\/b0cb85e5c215fe1114e6d2404492358d?s=96&d=mm&r=g","caption":"Kostadinov Alexander"},"url":"https:\/\/www.vkd.com\/lv-bayern\/news\/author\/gentscher-jungentscher-de\/"}]}},"_links":{"self":[{"href":"https:\/\/www.vkd.com\/lv-bayern\/wp-json\/wp\/v2\/posts\/2283"}],"collection":[{"href":"https:\/\/www.vkd.com\/lv-bayern\/wp-json\/wp\/v2\/posts"}],"about":[{"href":"https:\/\/www.vkd.com\/lv-bayern\/wp-json\/wp\/v2\/types\/post"}],"author":[{"embeddable":true,"href":"https:\/\/www.vkd.com\/lv-bayern\/wp-json\/wp\/v2\/users\/1955"}],"replies":[{"embeddable":true,"href":"https:\/\/www.vkd.com\/lv-bayern\/wp-json\/wp\/v2\/comments?post=2283"}],"version-history":[{"count":2,"href":"https:\/\/www.vkd.com\/lv-bayern\/wp-json\/wp\/v2\/posts\/2283\/revisions"}],"predecessor-version":[{"id":2285,"href":"https:\/\/www.vkd.com\/lv-bayern\/wp-json\/wp\/v2\/posts\/2283\/revisions\/2285"}],"wp:featuredmedia":[{"embeddable":true,"href":"https:\/\/www.vkd.com\/lv-bayern\/wp-json\/wp\/v2\/media\/2182"}],"wp:attachment":[{"href":"https:\/\/www.vkd.com\/lv-bayern\/wp-json\/wp\/v2\/media?parent=2283"}],"wp:term":[{"taxonomy":"category","embeddable":true,"href":"https:\/\/www.vkd.com\/lv-bayern\/wp-json\/wp\/v2\/categories?post=2283"},{"taxonomy":"post_tag","embeddable":true,"href":"https:\/\/www.vkd.com\/lv-bayern\/wp-json\/wp\/v2\/tags?post=2283"}],"curies":[{"name":"wp","href":"https:\/\/api.w.org\/{rel}","templated":true}]}}