{"id":2275,"date":"2026-04-22T13:01:51","date_gmt":"2026-04-22T11:01:51","guid":{"rendered":"https:\/\/www.vkd.com\/lv-bayern\/?p=2275"},"modified":"2026-04-22T13:09:33","modified_gmt":"2026-04-22T11:09:33","slug":"ehrungen-im-kochverein-frankonia-wuerzburg-e-v","status":"publish","type":"post","link":"https:\/\/www.vkd.com\/lv-bayern\/news\/ehrungen-im-kochverein-frankonia-wuerzburg-e-v\/","title":{"rendered":"Ehrungen im Kochverein Frankonia W\u00fcrzburg e. V."},"content":{"rendered":"<section class=\"text-token-text-primary w-full focus:outline-none [--shadow-height:45px] has-data-writing-block:pointer-events-none has-data-writing-block:-mt-(--shadow-height) has-data-writing-block:pt-(--shadow-height) [&amp;:has([data-writing-block])&gt;*]:pointer-events-auto [content-visibility:auto] supports-[content-visibility:auto]:[contain-intrinsic-size:auto_100lvh] R6Vx5W_threadScrollVars scroll-mb-[calc(var(--scroll-root-safe-area-inset-bottom,0px)+var(--thread-response-height))] scroll-mt-[calc(var(--header-height)+min(200px,max(70px,20svh)))]\" dir=\"auto\" data-turn-id=\"request-WEB:2c76e6e2-bf70-4cbd-bee0-398325063d95-1\" data-testid=\"conversation-turn-4\" data-scroll-anchor=\"false\" data-turn=\"assistant\">\n<div class=\"text-base my-auto mx-auto pb-10 [--thread-content-margin:var(--thread-content-margin-xs,calc(var(--spacing)*4))] @w-sm\/main:[--thread-content-margin:var(--thread-content-margin-sm,calc(var(--spacing)*6))] @w-lg\/main:[--thread-content-margin:var(--thread-content-margin-lg,calc(var(--spacing)*16))] px-(--thread-content-margin)\">\n<div class=\"[--thread-content-max-width:40rem] @w-lg\/main:[--thread-content-max-width:48rem] mx-auto max-w-(--thread-content-max-width) flex-1 group\/turn-messages focus-visible:outline-hidden relative flex w-full min-w-0 flex-col agent-turn\">\n<div class=\"flex max-w-full flex-col gap-4 grow\">\n<div class=\"min-h-8 text-message relative flex w-full flex-col items-end gap-2 text-start break-words whitespace-normal outline-none keyboard-focused:focus-ring [.text-message+&amp;]:mt-1\" dir=\"auto\" data-message-author-role=\"assistant\" data-message-id=\"2351645d-94b5-4b22-822d-7bda9ad8ddae\" data-message-model-slug=\"gpt-5-3\" data-turn-start-message=\"true\">\n<div class=\"flex w-full flex-col gap-1 empty:hidden\">\n<div class=\"markdown prose dark:prose-invert w-full wrap-break-word light markdown-new-styling\">\n<p data-start=\"0\" data-end=\"369\">Im festlichen Rahmen einer Vereinssitzung hat der <span class=\"hover:entity-accent entity-underline inline cursor-pointer align-baseline\"><span class=\"whitespace-normal\">Kochverein Frankonia W\u00fcrzburg e. V.<\/span><\/span> zwei seiner langj\u00e4hrigsten Mitglieder f\u00fcr ihre au\u00dfergew\u00f6hnliche Treue und ihr Engagement im Berufsstand geehrt. Die Ehrungen wurden durch den <span class=\"hover:entity-accent entity-underline inline cursor-pointer align-baseline\"><span class=\"whitespace-normal\">Landesverband der K\u00f6che Bayern<\/span><\/span> vorgenommen und feierlich vom 1. Vorsitzenden <span class=\"hover:entity-accent entity-underline inline cursor-pointer align-baseline\"><span class=\"whitespace-normal\">Ralf B. Meneghini<\/span><\/span> \u00fcberreicht.<\/p>\n<p data-start=\"371\" data-end=\"639\">Im Mittelpunkt der Veranstaltung standen Pers\u00f6nlichkeiten, die \u00fcber Jahrzehnte hinweg nicht nur dem Verein, sondern auch dem gesamten Kochberuf verbunden geblieben sind. F\u00fcr ihre langj\u00e4hrige Mitgliedschaft im <span class=\"hover:entity-accent entity-underline inline cursor-pointer align-baseline\"><span class=\"whitespace-normal\">Verband der K\u00f6che Deutschlands (VKD)<\/span><\/span> wurden ausgezeichnet:<\/p>\n<blockquote>\n<h3><strong><span class=\"hover:entity-accent entity-underline inline cursor-pointer align-baseline\"><span class=\"whitespace-normal\">Otmar Wander<\/span><\/span> f\u00fcr beeindruckende 50 Jahre Mitgliedschaft<br \/>\n<\/strong><strong><span class=\"hover:entity-accent entity-underline inline cursor-pointer align-baseline\"><span class=\"whitespace-normal\">Gerd Sturm<\/span><\/span> f\u00fcr 40 Jahre Mitgliedschaft<\/strong><\/h3>\n<\/blockquote>\n<p data-start=\"797\" data-end=\"1146\">In seiner Ansprache w\u00fcrdigte der Vorsitzende die Verdienste der Geehrten und hob insbesondere deren kontinuierlichen Einsatz f\u00fcr die F\u00f6rderung des kulinarischen Nachwuchses sowie die Pflege der Kochkultur hervor. \u00dcber viele Jahre hinweg haben beide Jubilare den Verein aktiv begleitet, ihr Fachwissen eingebracht und j\u00fcngere Generationen inspiriert.<\/p>\n<p data-start=\"1148\" data-end=\"1578\">Die Auszeichnungen stehen stellvertretend f\u00fcr ein halbes Jahrhundert beziehungsweise vier Jahrzehnte gelebte Leidenschaft f\u00fcr den Kochberuf. Sie sind Ausdruck von Best\u00e4ndigkeit, Professionalit\u00e4t und einer tiefen Verbundenheit mit den Werten des Handwerks. Gerade in einer sich stetig wandelnden Gastronomiewelt sind solche langj\u00e4hrigen Mitgliedschaften ein bedeutendes Zeichen f\u00fcr Zusammenhalt und Identit\u00e4t innerhalb der Branche.<\/p>\n<p data-start=\"1580\" data-end=\"1875\">Der <span class=\"hover:entity-accent entity-underline inline cursor-pointer align-baseline\"><span class=\"whitespace-normal\">Kochverein Frankonia W\u00fcrzburg e. V.<\/span><\/span> betonte in diesem Zusammenhang die gro\u00dfe Bedeutung ehrenamtlichen Engagements und pers\u00f6nlicher Hingabe f\u00fcr das Vereinsleben. Die Ehrung wurde von den Anwesenden mit gro\u00dfem Applaus begleitet und unterstrich die hohe Wertsch\u00e4tzung gegen\u00fcber den Jubilaren.<\/p>\n<p data-start=\"1877\" data-end=\"2105\" data-is-last-node=\"\" data-is-only-node=\"\">Mit diesen Auszeichnungen setzt der Verein ein klares Zeichen f\u00fcr die Anerkennung von Lebensleistung und Treue zum Beruf \u2013 Werte, die auch in Zukunft eine zentrale Rolle im Selbstverst\u00e4ndnis der K\u00f6chegemeinschaft spielen werden.<\/p>\n<\/div>\n<\/div>\n<\/div>\n<\/div>\n<div class=\"z-0 flex min-h-[46px] justify-start\"><\/div>\n<\/div>\n<\/div>\n<\/section>\n<div class=\"pointer-events-none -mt-px h-px translate-y-[calc(var(--scroll-root-safe-area-inset-bottom)-14*var(--spacing))]\" aria-hidden=\"true\"><\/div>\n","protected":false},"excerpt":{"rendered":"<p>Im festlichen Rahmen einer Vereinssitzung hat der Kochverein Frankonia W\u00fcrzburg e. V. zwei seiner langj\u00e4hrigsten Mitglieder f\u00fcr ihre au\u00dfergew\u00f6hnliche Treue und ihr Engagement im Berufsstand geehrt. Die Ehrungen wurden durch den Landesverband der K\u00f6che Bayern vorgenommen und feierlich vom 1. Vorsitzenden Ralf B. Meneghini \u00fcberreicht. Im Mittelpunkt der Veranstaltung standen Pers\u00f6nlichkeiten, die \u00fcber Jahrzehnte hinweg&#8230;<\/p>\n","protected":false},"author":1955,"featured_media":2276,"comment_status":"closed","ping_status":"open","sticky":false,"template":"","format":"standard","meta":[],"categories":[1],"tags":[6,23,5,20,7,19,32,11],"yoast_head":"<!-- This site is optimized with the Yoast SEO plugin v20.0 - https:\/\/yoast.com\/wordpress\/plugins\/seo\/ -->\n<title>Ehrungen im Kochverein Frankonia W\u00fcrzburg e. V. - Landesverband der K\u00f6che Bayern<\/title>\n<meta name=\"robots\" content=\"noindex, follow, max-snippet:-1, max-image-preview:large, max-video-preview:-1\" \/>\n<meta property=\"og:locale\" content=\"de_DE\" \/>\n<meta property=\"og:type\" content=\"article\" \/>\n<meta property=\"og:title\" content=\"Ehrungen im Kochverein Frankonia W\u00fcrzburg e. V. - Landesverband der K\u00f6che Bayern\" \/>\n<meta property=\"og:description\" content=\"Im festlichen Rahmen einer Vereinssitzung hat der Kochverein Frankonia W\u00fcrzburg e. V. zwei seiner langj\u00e4hrigsten Mitglieder f\u00fcr ihre au\u00dfergew\u00f6hnliche Treue und ihr Engagement im Berufsstand geehrt. Die Ehrungen wurden durch den Landesverband der K\u00f6che Bayern vorgenommen und feierlich vom 1. Vorsitzenden Ralf B. Meneghini \u00fcberreicht. Im Mittelpunkt der Veranstaltung standen Pers\u00f6nlichkeiten, die \u00fcber Jahrzehnte hinweg...\" \/>\n<meta property=\"og:url\" content=\"https:\/\/www.vkd.com\/lv-bayern\/news\/ehrungen-im-kochverein-frankonia-wuerzburg-e-v\/\" \/>\n<meta property=\"og:site_name\" content=\"Landesverband der K\u00f6che Bayern\" \/>\n<meta property=\"article:published_time\" content=\"2026-04-22T11:01:51+00:00\" \/>\n<meta property=\"article:modified_time\" content=\"2026-04-22T11:09:33+00:00\" \/>\n<meta property=\"og:image\" content=\"https:\/\/www.vkd.com\/lv-bayern\/wp-content\/uploads\/sites\/14\/2026\/04\/WhatsApp-Image-2026-04-22-at-08.51.24.jpeg\" \/>\n\t<meta property=\"og:image:width\" content=\"1536\" \/>\n\t<meta property=\"og:image:height\" content=\"2048\" \/>\n\t<meta property=\"og:image:type\" content=\"image\/jpeg\" \/>\n<meta name=\"author\" content=\"Kostadinov Alexander\" \/>\n<meta name=\"twitter:card\" content=\"summary_large_image\" \/>\n<meta name=\"twitter:label1\" content=\"Verfasst von\" \/>\n\t<meta name=\"twitter:data1\" content=\"Kostadinov Alexander\" \/>\n\t<meta name=\"twitter:label2\" content=\"Gesch\u00e4tzte Lesezeit\" \/>\n\t<meta name=\"twitter:data2\" content=\"2\u00a0Minuten\" \/>\n<script type=\"application\/ld+json\" class=\"yoast-schema-graph\">{\"@context\":\"https:\/\/schema.org\",\"@graph\":[{\"@type\":\"WebPage\",\"@id\":\"https:\/\/www.vkd.com\/lv-bayern\/news\/ehrungen-im-kochverein-frankonia-wuerzburg-e-v\/\",\"url\":\"https:\/\/www.vkd.com\/lv-bayern\/news\/ehrungen-im-kochverein-frankonia-wuerzburg-e-v\/\",\"name\":\"Ehrungen im Kochverein Frankonia W\u00fcrzburg e. V. - Landesverband der K\u00f6che Bayern\",\"isPartOf\":{\"@id\":\"https:\/\/www.vkd.com\/lv-bayern\/#website\"},\"datePublished\":\"2026-04-22T11:01:51+00:00\",\"dateModified\":\"2026-04-22T11:09:33+00:00\",\"author\":{\"@id\":\"https:\/\/www.vkd.com\/lv-bayern\/#\/schema\/person\/19c4bb106ca4de98c60e2cb5ac7f572f\"},\"breadcrumb\":{\"@id\":\"https:\/\/www.vkd.com\/lv-bayern\/news\/ehrungen-im-kochverein-frankonia-wuerzburg-e-v\/#breadcrumb\"},\"inLanguage\":\"de\",\"potentialAction\":[{\"@type\":\"ReadAction\",\"target\":[\"https:\/\/www.vkd.com\/lv-bayern\/news\/ehrungen-im-kochverein-frankonia-wuerzburg-e-v\/\"]}]},{\"@type\":\"BreadcrumbList\",\"@id\":\"https:\/\/www.vkd.com\/lv-bayern\/news\/ehrungen-im-kochverein-frankonia-wuerzburg-e-v\/#breadcrumb\",\"itemListElement\":[{\"@type\":\"ListItem\",\"position\":1,\"name\":\"Startseite\",\"item\":\"https:\/\/www.vkd.com\/lv-bayern\/\"},{\"@type\":\"ListItem\",\"position\":2,\"name\":\"Ehrungen im Kochverein Frankonia W\u00fcrzburg e. V.\"}]},{\"@type\":\"WebSite\",\"@id\":\"https:\/\/www.vkd.com\/lv-bayern\/#website\",\"url\":\"https:\/\/www.vkd.com\/lv-bayern\/\",\"name\":\"Landesverband der K\u00f6che Bayern\",\"description\":\"Landesverband im Verband der K\u00f6che Deutschlands e.V.\",\"potentialAction\":[{\"@type\":\"SearchAction\",\"target\":{\"@type\":\"EntryPoint\",\"urlTemplate\":\"https:\/\/www.vkd.com\/lv-bayern\/?s={search_term_string}\"},\"query-input\":\"required name=search_term_string\"}],\"inLanguage\":\"de\"},{\"@type\":\"Person\",\"@id\":\"https:\/\/www.vkd.com\/lv-bayern\/#\/schema\/person\/19c4bb106ca4de98c60e2cb5ac7f572f\",\"name\":\"Kostadinov Alexander\",\"image\":{\"@type\":\"ImageObject\",\"inLanguage\":\"de\",\"@id\":\"https:\/\/www.vkd.com\/lv-bayern\/#\/schema\/person\/image\/\",\"url\":\"https:\/\/secure.gravatar.com\/avatar\/b0cb85e5c215fe1114e6d2404492358d?s=96&d=mm&r=g\",\"contentUrl\":\"https:\/\/secure.gravatar.com\/avatar\/b0cb85e5c215fe1114e6d2404492358d?s=96&d=mm&r=g\",\"caption\":\"Kostadinov Alexander\"},\"url\":\"https:\/\/www.vkd.com\/lv-bayern\/news\/author\/gentscher-jungentscher-de\/\"}]}<\/script>\n<!-- \/ Yoast SEO plugin. -->","yoast_head_json":{"title":"Ehrungen im Kochverein Frankonia W\u00fcrzburg e. V. - Landesverband der K\u00f6che Bayern","robots":{"index":"noindex","follow":"follow","max-snippet":"max-snippet:-1","max-image-preview":"max-image-preview:large","max-video-preview":"max-video-preview:-1"},"og_locale":"de_DE","og_type":"article","og_title":"Ehrungen im Kochverein Frankonia W\u00fcrzburg e. V. - Landesverband der K\u00f6che Bayern","og_description":"Im festlichen Rahmen einer Vereinssitzung hat der Kochverein Frankonia W\u00fcrzburg e. V. zwei seiner langj\u00e4hrigsten Mitglieder f\u00fcr ihre au\u00dfergew\u00f6hnliche Treue und ihr Engagement im Berufsstand geehrt. Die Ehrungen wurden durch den Landesverband der K\u00f6che Bayern vorgenommen und feierlich vom 1. Vorsitzenden Ralf B. Meneghini \u00fcberreicht. Im Mittelpunkt der Veranstaltung standen Pers\u00f6nlichkeiten, die \u00fcber Jahrzehnte hinweg...","og_url":"https:\/\/www.vkd.com\/lv-bayern\/news\/ehrungen-im-kochverein-frankonia-wuerzburg-e-v\/","og_site_name":"Landesverband der K\u00f6che Bayern","article_published_time":"2026-04-22T11:01:51+00:00","article_modified_time":"2026-04-22T11:09:33+00:00","og_image":[{"width":1536,"height":2048,"url":"https:\/\/www.vkd.com\/lv-bayern\/wp-content\/uploads\/sites\/14\/2026\/04\/WhatsApp-Image-2026-04-22-at-08.51.24.jpeg","type":"image\/jpeg"}],"author":"Kostadinov Alexander","twitter_card":"summary_large_image","twitter_misc":{"Verfasst von":"Kostadinov Alexander","Gesch\u00e4tzte Lesezeit":"2\u00a0Minuten"},"schema":{"@context":"https:\/\/schema.org","@graph":[{"@type":"WebPage","@id":"https:\/\/www.vkd.com\/lv-bayern\/news\/ehrungen-im-kochverein-frankonia-wuerzburg-e-v\/","url":"https:\/\/www.vkd.com\/lv-bayern\/news\/ehrungen-im-kochverein-frankonia-wuerzburg-e-v\/","name":"Ehrungen im Kochverein Frankonia W\u00fcrzburg e. V. - Landesverband der K\u00f6che Bayern","isPartOf":{"@id":"https:\/\/www.vkd.com\/lv-bayern\/#website"},"datePublished":"2026-04-22T11:01:51+00:00","dateModified":"2026-04-22T11:09:33+00:00","author":{"@id":"https:\/\/www.vkd.com\/lv-bayern\/#\/schema\/person\/19c4bb106ca4de98c60e2cb5ac7f572f"},"breadcrumb":{"@id":"https:\/\/www.vkd.com\/lv-bayern\/news\/ehrungen-im-kochverein-frankonia-wuerzburg-e-v\/#breadcrumb"},"inLanguage":"de","potentialAction":[{"@type":"ReadAction","target":["https:\/\/www.vkd.com\/lv-bayern\/news\/ehrungen-im-kochverein-frankonia-wuerzburg-e-v\/"]}]},{"@type":"BreadcrumbList","@id":"https:\/\/www.vkd.com\/lv-bayern\/news\/ehrungen-im-kochverein-frankonia-wuerzburg-e-v\/#breadcrumb","itemListElement":[{"@type":"ListItem","position":1,"name":"Startseite","item":"https:\/\/www.vkd.com\/lv-bayern\/"},{"@type":"ListItem","position":2,"name":"Ehrungen im Kochverein Frankonia W\u00fcrzburg e. V."}]},{"@type":"WebSite","@id":"https:\/\/www.vkd.com\/lv-bayern\/#website","url":"https:\/\/www.vkd.com\/lv-bayern\/","name":"Landesverband der K\u00f6che Bayern","description":"Landesverband im Verband der K\u00f6che Deutschlands e.V.","potentialAction":[{"@type":"SearchAction","target":{"@type":"EntryPoint","urlTemplate":"https:\/\/www.vkd.com\/lv-bayern\/?s={search_term_string}"},"query-input":"required name=search_term_string"}],"inLanguage":"de"},{"@type":"Person","@id":"https:\/\/www.vkd.com\/lv-bayern\/#\/schema\/person\/19c4bb106ca4de98c60e2cb5ac7f572f","name":"Kostadinov Alexander","image":{"@type":"ImageObject","inLanguage":"de","@id":"https:\/\/www.vkd.com\/lv-bayern\/#\/schema\/person\/image\/","url":"https:\/\/secure.gravatar.com\/avatar\/b0cb85e5c215fe1114e6d2404492358d?s=96&d=mm&r=g","contentUrl":"https:\/\/secure.gravatar.com\/avatar\/b0cb85e5c215fe1114e6d2404492358d?s=96&d=mm&r=g","caption":"Kostadinov Alexander"},"url":"https:\/\/www.vkd.com\/lv-bayern\/news\/author\/gentscher-jungentscher-de\/"}]}},"_links":{"self":[{"href":"https:\/\/www.vkd.com\/lv-bayern\/wp-json\/wp\/v2\/posts\/2275"}],"collection":[{"href":"https:\/\/www.vkd.com\/lv-bayern\/wp-json\/wp\/v2\/posts"}],"about":[{"href":"https:\/\/www.vkd.com\/lv-bayern\/wp-json\/wp\/v2\/types\/post"}],"author":[{"embeddable":true,"href":"https:\/\/www.vkd.com\/lv-bayern\/wp-json\/wp\/v2\/users\/1955"}],"replies":[{"embeddable":true,"href":"https:\/\/www.vkd.com\/lv-bayern\/wp-json\/wp\/v2\/comments?post=2275"}],"version-history":[{"count":5,"href":"https:\/\/www.vkd.com\/lv-bayern\/wp-json\/wp\/v2\/posts\/2275\/revisions"}],"predecessor-version":[{"id":2280,"href":"https:\/\/www.vkd.com\/lv-bayern\/wp-json\/wp\/v2\/posts\/2275\/revisions\/2280"}],"wp:featuredmedia":[{"embeddable":true,"href":"https:\/\/www.vkd.com\/lv-bayern\/wp-json\/wp\/v2\/media\/2276"}],"wp:attachment":[{"href":"https:\/\/www.vkd.com\/lv-bayern\/wp-json\/wp\/v2\/media?parent=2275"}],"wp:term":[{"taxonomy":"category","embeddable":true,"href":"https:\/\/www.vkd.com\/lv-bayern\/wp-json\/wp\/v2\/categories?post=2275"},{"taxonomy":"post_tag","embeddable":true,"href":"https:\/\/www.vkd.com\/lv-bayern\/wp-json\/wp\/v2\/tags?post=2275"}],"curies":[{"name":"wp","href":"https:\/\/api.w.org\/{rel}","templated":true}]}}