{"id":2269,"date":"2026-04-17T13:00:23","date_gmt":"2026-04-17T11:00:23","guid":{"rendered":"https:\/\/www.vkd.com\/lv-bayern\/?p=2269"},"modified":"2026-04-17T16:39:33","modified_gmt":"2026-04-17T14:39:33","slug":"fruehjahrstagung-2026","status":"publish","type":"post","link":"https:\/\/www.vkd.com\/lv-bayern\/news\/fruehjahrstagung-2026\/","title":{"rendered":"Fr\u00fchjahrstagung 2026"},"content":{"rendered":"<p><strong>Liebe Kolleginnen und Kollegen,<\/strong><\/p>\n<p>wir m\u00f6chten Sie herzlich an die bevorstehende Fr\u00fchjahrstagung des Verband der K\u00f6che Deutschlands \u2013 Landesverband Bayern erinnern.<\/p>\n<p><strong>Nutzen Sie die Gelegenheit und melden Sie sich jetzt noch an! Die diesj\u00e4hrige Tagung steht ganz im Zeichen eines neuen, modernen Veranstaltungskonzepts, das Ihnen noch mehr Austausch, Praxisn\u00e4he und Inspiration bietet. Freuen Sie sich auf ein abwechslungsreiches Programm mit spannenden Fachthemen, innovativen Impulsen und wertvollen Begegnungen innerhalb unserer Branche.<\/strong><\/p>\n<p>Ein besonderes Highlight ist unsere umfangreiche und hochwertig organisierte Ausstellung, die wir gemeinsam mit engagierten Partnern und Ausstellern realisieren konnten. Unsere Aussteller freuen sich darauf, Ihnen ihre Produkte, Ideen und L\u00f6sungen pers\u00f6nlich vorzustellen \u2013 nehmen Sie sich Zeit f\u00fcr den Besuch!<\/p>\n<p>Dar\u00fcber hinaus m\u00f6chten wir Sie auf eine besondere Aktion aufmerksam machen:<br \/>\nDer Beitrag \u201eGenuss f\u00fcr den guten Zweck \u2013 Marzipanrosen f\u00fcr Sternstunden\u201c zeigt eindrucksvoll, wie Engagement, Handwerk und soziales Verantwortungsbewusstsein in unserem Verband gelebt werden.<\/p>\n<p><strong>Ihre Teilnahme ist von gro\u00dfer Bedeutung:<\/strong><br \/>\n<strong>Die Fr\u00fchjahrstagung ist nicht nur Treffpunkt und Netzwerkplattform, sondern auch ein entscheidender Baustein f\u00fcr die zuk\u00fcnftige Ausrichtung unseres Landesverbandes sowie f\u00fcr die F\u00f6rderung unserer Jugendarbeit.<\/strong><\/p>\n<p>\ud83d\udc49 Bitte seien Sie dabei und gestalten Sie die Zukunft unseres Berufsstandes aktiv mit!<\/p>\n<p>Wir freuen uns auf Ihren Besuch!<\/p>\n<p>&nbsp;<\/p>\n<p><img decoding=\"async\" loading=\"lazy\" class=\"size-large wp-image-2222\" src=\"https:\/\/www.vkd.com\/lv-bayern\/wp-content\/uploads\/sites\/14\/2026\/04\/1Ausstellerneu-1024x576.jpg\" alt=\"1ausstellerneu\" width=\"1024\" height=\"576\" srcset=\"https:\/\/www.vkd.com\/lv-bayern\/wp-content\/uploads\/sites\/14\/2026\/04\/1Ausstellerneu-1024x576.jpg 1024w, https:\/\/www.vkd.com\/lv-bayern\/wp-content\/uploads\/sites\/14\/2026\/04\/1Ausstellerneu-300x169.jpg 300w, https:\/\/www.vkd.com\/lv-bayern\/wp-content\/uploads\/sites\/14\/2026\/04\/1Ausstellerneu-768x432.jpg 768w, https:\/\/www.vkd.com\/lv-bayern\/wp-content\/uploads\/sites\/14\/2026\/04\/1Ausstellerneu-640x360.jpg 640w, https:\/\/www.vkd.com\/lv-bayern\/wp-content\/uploads\/sites\/14\/2026\/04\/1Ausstellerneu.jpg 1280w\" sizes=\"(max-width: 1024px) 100vw, 1024px\" \/><\/p>\n<p><img decoding=\"async\" loading=\"lazy\" class=\"alignleft size-large wp-image-2266\" src=\"https:\/\/www.vkd.com\/lv-bayern\/wp-content\/uploads\/sites\/14\/2026\/04\/Sternstunden-1024x576.png\" alt=\"Sternstunden\" width=\"1024\" height=\"576\" srcset=\"https:\/\/www.vkd.com\/lv-bayern\/wp-content\/uploads\/sites\/14\/2026\/04\/Sternstunden-1024x576.png 1024w, https:\/\/www.vkd.com\/lv-bayern\/wp-content\/uploads\/sites\/14\/2026\/04\/Sternstunden-300x169.png 300w, https:\/\/www.vkd.com\/lv-bayern\/wp-content\/uploads\/sites\/14\/2026\/04\/Sternstunden-768x432.png 768w, https:\/\/www.vkd.com\/lv-bayern\/wp-content\/uploads\/sites\/14\/2026\/04\/Sternstunden-640x360.png 640w, https:\/\/www.vkd.com\/lv-bayern\/wp-content\/uploads\/sites\/14\/2026\/04\/Sternstunden.png 1280w\" sizes=\"(max-width: 1024px) 100vw, 1024px\" \/><\/p>\n<p><img decoding=\"async\" loading=\"lazy\" class=\"size-large wp-image-2213\" src=\"https:\/\/www.vkd.com\/lv-bayern\/wp-content\/uploads\/sites\/14\/2026\/04\/Programm1-1024x576.jpg\" alt=\"Programm1\" width=\"1024\" height=\"576\" srcset=\"https:\/\/www.vkd.com\/lv-bayern\/wp-content\/uploads\/sites\/14\/2026\/04\/Programm1-1024x576.jpg 1024w, https:\/\/www.vkd.com\/lv-bayern\/wp-content\/uploads\/sites\/14\/2026\/04\/Programm1-300x169.jpg 300w, https:\/\/www.vkd.com\/lv-bayern\/wp-content\/uploads\/sites\/14\/2026\/04\/Programm1-768x432.jpg 768w, https:\/\/www.vkd.com\/lv-bayern\/wp-content\/uploads\/sites\/14\/2026\/04\/Programm1-640x360.jpg 640w, https:\/\/www.vkd.com\/lv-bayern\/wp-content\/uploads\/sites\/14\/2026\/04\/Programm1.jpg 1280w\" sizes=\"(max-width: 1024px) 100vw, 1024px\" \/><\/p>\n","protected":false},"excerpt":{"rendered":"<p>Liebe Kolleginnen und Kollegen, wir m\u00f6chten Sie herzlich an die bevorstehende Fr\u00fchjahrstagung des Verband der K\u00f6che Deutschlands \u2013 Landesverband Bayern erinnern. Nutzen Sie die Gelegenheit und melden Sie sich jetzt noch an! Die diesj\u00e4hrige Tagung steht ganz im Zeichen eines neuen, modernen Veranstaltungskonzepts, das Ihnen noch mehr Austausch, Praxisn\u00e4he und Inspiration bietet. Freuen Sie sich&#8230;<\/p>\n","protected":false},"author":1955,"featured_media":2093,"comment_status":"closed","ping_status":"open","sticky":false,"template":"","format":"standard","meta":[],"categories":[1],"tags":[6,24,12,5,7,19,9,11],"yoast_head":"<!-- This site is optimized with the Yoast SEO plugin v20.0 - https:\/\/yoast.com\/wordpress\/plugins\/seo\/ -->\n<title>Fr\u00fchjahrstagung 2026 - Landesverband der K\u00f6che Bayern<\/title>\n<meta name=\"robots\" content=\"noindex, follow, max-snippet:-1, max-image-preview:large, max-video-preview:-1\" \/>\n<meta property=\"og:locale\" content=\"de_DE\" \/>\n<meta property=\"og:type\" content=\"article\" \/>\n<meta property=\"og:title\" content=\"Fr\u00fchjahrstagung 2026 - Landesverband der K\u00f6che Bayern\" \/>\n<meta property=\"og:description\" content=\"Liebe Kolleginnen und Kollegen, wir m\u00f6chten Sie herzlich an die bevorstehende Fr\u00fchjahrstagung des Verband der K\u00f6che Deutschlands \u2013 Landesverband Bayern erinnern. Nutzen Sie die Gelegenheit und melden Sie sich jetzt noch an! Die diesj\u00e4hrige Tagung steht ganz im Zeichen eines neuen, modernen Veranstaltungskonzepts, das Ihnen noch mehr Austausch, Praxisn\u00e4he und Inspiration bietet. Freuen Sie sich...\" \/>\n<meta property=\"og:url\" content=\"https:\/\/www.vkd.com\/lv-bayern\/news\/fruehjahrstagung-2026\/\" \/>\n<meta property=\"og:site_name\" content=\"Landesverband der K\u00f6che Bayern\" \/>\n<meta property=\"article:published_time\" content=\"2026-04-17T11:00:23+00:00\" \/>\n<meta property=\"article:modified_time\" content=\"2026-04-17T14:39:33+00:00\" \/>\n<meta property=\"og:image\" content=\"https:\/\/www.vkd.com\/lv-bayern\/wp-content\/uploads\/sites\/14\/2026\/01\/SavethedateFT2026Altoetting.png\" \/>\n\t<meta property=\"og:image:width\" content=\"1280\" \/>\n\t<meta property=\"og:image:height\" content=\"720\" \/>\n\t<meta property=\"og:image:type\" content=\"image\/png\" \/>\n<meta name=\"author\" content=\"Kostadinov Alexander\" \/>\n<meta name=\"twitter:card\" content=\"summary_large_image\" \/>\n<meta name=\"twitter:label1\" content=\"Verfasst von\" \/>\n\t<meta name=\"twitter:data1\" content=\"Kostadinov Alexander\" \/>\n\t<meta name=\"twitter:label2\" content=\"Gesch\u00e4tzte Lesezeit\" \/>\n\t<meta name=\"twitter:data2\" content=\"2\u00a0Minuten\" \/>\n<script type=\"application\/ld+json\" class=\"yoast-schema-graph\">{\"@context\":\"https:\/\/schema.org\",\"@graph\":[{\"@type\":\"WebPage\",\"@id\":\"https:\/\/www.vkd.com\/lv-bayern\/news\/fruehjahrstagung-2026\/\",\"url\":\"https:\/\/www.vkd.com\/lv-bayern\/news\/fruehjahrstagung-2026\/\",\"name\":\"Fr\u00fchjahrstagung 2026 - Landesverband der K\u00f6che Bayern\",\"isPartOf\":{\"@id\":\"https:\/\/www.vkd.com\/lv-bayern\/#website\"},\"datePublished\":\"2026-04-17T11:00:23+00:00\",\"dateModified\":\"2026-04-17T14:39:33+00:00\",\"author\":{\"@id\":\"https:\/\/www.vkd.com\/lv-bayern\/#\/schema\/person\/19c4bb106ca4de98c60e2cb5ac7f572f\"},\"breadcrumb\":{\"@id\":\"https:\/\/www.vkd.com\/lv-bayern\/news\/fruehjahrstagung-2026\/#breadcrumb\"},\"inLanguage\":\"de\",\"potentialAction\":[{\"@type\":\"ReadAction\",\"target\":[\"https:\/\/www.vkd.com\/lv-bayern\/news\/fruehjahrstagung-2026\/\"]}]},{\"@type\":\"BreadcrumbList\",\"@id\":\"https:\/\/www.vkd.com\/lv-bayern\/news\/fruehjahrstagung-2026\/#breadcrumb\",\"itemListElement\":[{\"@type\":\"ListItem\",\"position\":1,\"name\":\"Startseite\",\"item\":\"https:\/\/www.vkd.com\/lv-bayern\/\"},{\"@type\":\"ListItem\",\"position\":2,\"name\":\"Fr\u00fchjahrstagung 2026\"}]},{\"@type\":\"WebSite\",\"@id\":\"https:\/\/www.vkd.com\/lv-bayern\/#website\",\"url\":\"https:\/\/www.vkd.com\/lv-bayern\/\",\"name\":\"Landesverband der K\u00f6che Bayern\",\"description\":\"Landesverband im Verband der K\u00f6che Deutschlands e.V.\",\"potentialAction\":[{\"@type\":\"SearchAction\",\"target\":{\"@type\":\"EntryPoint\",\"urlTemplate\":\"https:\/\/www.vkd.com\/lv-bayern\/?s={search_term_string}\"},\"query-input\":\"required name=search_term_string\"}],\"inLanguage\":\"de\"},{\"@type\":\"Person\",\"@id\":\"https:\/\/www.vkd.com\/lv-bayern\/#\/schema\/person\/19c4bb106ca4de98c60e2cb5ac7f572f\",\"name\":\"Kostadinov Alexander\",\"image\":{\"@type\":\"ImageObject\",\"inLanguage\":\"de\",\"@id\":\"https:\/\/www.vkd.com\/lv-bayern\/#\/schema\/person\/image\/\",\"url\":\"https:\/\/secure.gravatar.com\/avatar\/b0cb85e5c215fe1114e6d2404492358d?s=96&d=mm&r=g\",\"contentUrl\":\"https:\/\/secure.gravatar.com\/avatar\/b0cb85e5c215fe1114e6d2404492358d?s=96&d=mm&r=g\",\"caption\":\"Kostadinov Alexander\"},\"url\":\"https:\/\/www.vkd.com\/lv-bayern\/news\/author\/gentscher-jungentscher-de\/\"}]}<\/script>\n<!-- \/ Yoast SEO plugin. -->","yoast_head_json":{"title":"Fr\u00fchjahrstagung 2026 - Landesverband der K\u00f6che Bayern","robots":{"index":"noindex","follow":"follow","max-snippet":"max-snippet:-1","max-image-preview":"max-image-preview:large","max-video-preview":"max-video-preview:-1"},"og_locale":"de_DE","og_type":"article","og_title":"Fr\u00fchjahrstagung 2026 - Landesverband der K\u00f6che Bayern","og_description":"Liebe Kolleginnen und Kollegen, wir m\u00f6chten Sie herzlich an die bevorstehende Fr\u00fchjahrstagung des Verband der K\u00f6che Deutschlands \u2013 Landesverband Bayern erinnern. Nutzen Sie die Gelegenheit und melden Sie sich jetzt noch an! Die diesj\u00e4hrige Tagung steht ganz im Zeichen eines neuen, modernen Veranstaltungskonzepts, das Ihnen noch mehr Austausch, Praxisn\u00e4he und Inspiration bietet. Freuen Sie sich...","og_url":"https:\/\/www.vkd.com\/lv-bayern\/news\/fruehjahrstagung-2026\/","og_site_name":"Landesverband der K\u00f6che Bayern","article_published_time":"2026-04-17T11:00:23+00:00","article_modified_time":"2026-04-17T14:39:33+00:00","og_image":[{"width":1280,"height":720,"url":"https:\/\/www.vkd.com\/lv-bayern\/wp-content\/uploads\/sites\/14\/2026\/01\/SavethedateFT2026Altoetting.png","type":"image\/png"}],"author":"Kostadinov Alexander","twitter_card":"summary_large_image","twitter_misc":{"Verfasst von":"Kostadinov Alexander","Gesch\u00e4tzte Lesezeit":"2\u00a0Minuten"},"schema":{"@context":"https:\/\/schema.org","@graph":[{"@type":"WebPage","@id":"https:\/\/www.vkd.com\/lv-bayern\/news\/fruehjahrstagung-2026\/","url":"https:\/\/www.vkd.com\/lv-bayern\/news\/fruehjahrstagung-2026\/","name":"Fr\u00fchjahrstagung 2026 - Landesverband der K\u00f6che Bayern","isPartOf":{"@id":"https:\/\/www.vkd.com\/lv-bayern\/#website"},"datePublished":"2026-04-17T11:00:23+00:00","dateModified":"2026-04-17T14:39:33+00:00","author":{"@id":"https:\/\/www.vkd.com\/lv-bayern\/#\/schema\/person\/19c4bb106ca4de98c60e2cb5ac7f572f"},"breadcrumb":{"@id":"https:\/\/www.vkd.com\/lv-bayern\/news\/fruehjahrstagung-2026\/#breadcrumb"},"inLanguage":"de","potentialAction":[{"@type":"ReadAction","target":["https:\/\/www.vkd.com\/lv-bayern\/news\/fruehjahrstagung-2026\/"]}]},{"@type":"BreadcrumbList","@id":"https:\/\/www.vkd.com\/lv-bayern\/news\/fruehjahrstagung-2026\/#breadcrumb","itemListElement":[{"@type":"ListItem","position":1,"name":"Startseite","item":"https:\/\/www.vkd.com\/lv-bayern\/"},{"@type":"ListItem","position":2,"name":"Fr\u00fchjahrstagung 2026"}]},{"@type":"WebSite","@id":"https:\/\/www.vkd.com\/lv-bayern\/#website","url":"https:\/\/www.vkd.com\/lv-bayern\/","name":"Landesverband der K\u00f6che Bayern","description":"Landesverband im Verband der K\u00f6che Deutschlands e.V.","potentialAction":[{"@type":"SearchAction","target":{"@type":"EntryPoint","urlTemplate":"https:\/\/www.vkd.com\/lv-bayern\/?s={search_term_string}"},"query-input":"required name=search_term_string"}],"inLanguage":"de"},{"@type":"Person","@id":"https:\/\/www.vkd.com\/lv-bayern\/#\/schema\/person\/19c4bb106ca4de98c60e2cb5ac7f572f","name":"Kostadinov Alexander","image":{"@type":"ImageObject","inLanguage":"de","@id":"https:\/\/www.vkd.com\/lv-bayern\/#\/schema\/person\/image\/","url":"https:\/\/secure.gravatar.com\/avatar\/b0cb85e5c215fe1114e6d2404492358d?s=96&d=mm&r=g","contentUrl":"https:\/\/secure.gravatar.com\/avatar\/b0cb85e5c215fe1114e6d2404492358d?s=96&d=mm&r=g","caption":"Kostadinov Alexander"},"url":"https:\/\/www.vkd.com\/lv-bayern\/news\/author\/gentscher-jungentscher-de\/"}]}},"_links":{"self":[{"href":"https:\/\/www.vkd.com\/lv-bayern\/wp-json\/wp\/v2\/posts\/2269"}],"collection":[{"href":"https:\/\/www.vkd.com\/lv-bayern\/wp-json\/wp\/v2\/posts"}],"about":[{"href":"https:\/\/www.vkd.com\/lv-bayern\/wp-json\/wp\/v2\/types\/post"}],"author":[{"embeddable":true,"href":"https:\/\/www.vkd.com\/lv-bayern\/wp-json\/wp\/v2\/users\/1955"}],"replies":[{"embeddable":true,"href":"https:\/\/www.vkd.com\/lv-bayern\/wp-json\/wp\/v2\/comments?post=2269"}],"version-history":[{"count":3,"href":"https:\/\/www.vkd.com\/lv-bayern\/wp-json\/wp\/v2\/posts\/2269\/revisions"}],"predecessor-version":[{"id":2272,"href":"https:\/\/www.vkd.com\/lv-bayern\/wp-json\/wp\/v2\/posts\/2269\/revisions\/2272"}],"wp:featuredmedia":[{"embeddable":true,"href":"https:\/\/www.vkd.com\/lv-bayern\/wp-json\/wp\/v2\/media\/2093"}],"wp:attachment":[{"href":"https:\/\/www.vkd.com\/lv-bayern\/wp-json\/wp\/v2\/media?parent=2269"}],"wp:term":[{"taxonomy":"category","embeddable":true,"href":"https:\/\/www.vkd.com\/lv-bayern\/wp-json\/wp\/v2\/categories?post=2269"},{"taxonomy":"post_tag","embeddable":true,"href":"https:\/\/www.vkd.com\/lv-bayern\/wp-json\/wp\/v2\/tags?post=2269"}],"curies":[{"name":"wp","href":"https:\/\/api.w.org\/{rel}","templated":true}]}}