{"id":2240,"date":"2026-04-15T18:35:37","date_gmt":"2026-04-15T16:35:37","guid":{"rendered":"https:\/\/www.vkd.com\/lv-bayern\/?p=2240"},"modified":"2026-04-15T18:35:37","modified_gmt":"2026-04-15T16:35:37","slug":"60-jahre-kochverein-frankonia-wuerzburg-e-v","status":"publish","type":"post","link":"https:\/\/www.vkd.com\/lv-bayern\/news\/60-jahre-kochverein-frankonia-wuerzburg-e-v\/","title":{"rendered":"60 Jahre Kochverein Frankonia W\u00fcrzburg e. V."},"content":{"rendered":"<section class=\"text-token-text-primary w-full focus:outline-none [--shadow-height:45px] has-data-writing-block:pointer-events-none has-data-writing-block:-mt-(--shadow-height) has-data-writing-block:pt-(--shadow-height) [&amp;:has([data-writing-block])&gt;*]:pointer-events-auto [content-visibility:auto] supports-[content-visibility:auto]:[contain-intrinsic-size:auto_100lvh] R6Vx5W_threadScrollVars scroll-mb-[calc(var(--scroll-root-safe-area-inset-bottom,0px)+var(--thread-response-height))] scroll-mt-[calc(var(--header-height)+min(200px,max(70px,20svh)))]\" dir=\"auto\" data-turn-id=\"request-WEB:f438e8b9-bebe-4ab1-94be-e64de2ae3a85-7\" data-testid=\"conversation-turn-16\" data-scroll-anchor=\"false\" data-turn=\"assistant\">\n<div class=\"text-base my-auto mx-auto pb-10 [--thread-content-margin:var(--thread-content-margin-xs,calc(var(--spacing)*4))] @w-sm\/main:[--thread-content-margin:var(--thread-content-margin-sm,calc(var(--spacing)*6))] @w-lg\/main:[--thread-content-margin:var(--thread-content-margin-lg,calc(var(--spacing)*16))] px-(--thread-content-margin)\">\n<div class=\"[--thread-content-max-width:40rem] @w-lg\/main:[--thread-content-max-width:48rem] mx-auto max-w-(--thread-content-max-width) flex-1 group\/turn-messages focus-visible:outline-hidden relative flex w-full min-w-0 flex-col agent-turn\">\n<div class=\"flex max-w-full flex-col gap-4 grow\">\n<div class=\"min-h-8 text-message relative flex w-full flex-col items-end gap-2 text-start break-words whitespace-normal outline-none keyboard-focused:focus-ring [.text-message+&amp;]:mt-1\" dir=\"auto\" data-message-author-role=\"assistant\" data-message-id=\"5edfaff0-5b5f-49d7-b574-45034e9779bf\" data-message-model-slug=\"gpt-5-3\" data-turn-start-message=\"true\">\n<div class=\"flex w-full flex-col gap-1 empty:hidden\">\n<div class=\"markdown prose dark:prose-invert w-full wrap-break-word light markdown-new-styling\">\n<p data-start=\"0\" data-end=\"81\"><strong data-start=\"0\" data-end=\"81\">60 Jahre Kochverein Frankonia W\u00fcrzburg e. V. \u2013 Jubil\u00e4um mit besonderem Besuch<\/strong><\/p>\n<p data-start=\"83\" data-end=\"467\">Der Kochverein Frankonia W\u00fcrzburg e. V. feierte in diesem Jahr sein 60-j\u00e4hriges Bestehen und blickt damit auf eine lange Tradition, gro\u00dfes Engagement und gelebte Leidenschaft f\u00fcr die Kochkunst zur\u00fcck. Seit seiner Gr\u00fcndung hat sich der Verein als feste Gr\u00f6\u00dfe in der regionalen Gastronomieszene etabliert und steht f\u00fcr fachlichen Austausch, Nachwuchsf\u00f6rderung und kulinarische Qualit\u00e4t.<\/p>\n<p data-start=\"469\" data-end=\"768\">Im Rahmen der Jubil\u00e4umsfeierlichkeiten durfte der Verein einen besonderen Gast begr\u00fc\u00dfen: <span class=\"hover:entity-accent entity-underline inline cursor-pointer align-baseline\"><span class=\"whitespace-normal\">Ralf B. Meneghini<\/span><\/span>, den 1. Vorsitzenden der K\u00f6che Bayern. Sein Besuch unterstrich die Bedeutung des Vereins weit \u00fcber die Region hinaus und w\u00fcrdigte die kontinuierliche Arbeit der Mitglieder.<\/p>\n<p data-start=\"1084\" data-end=\"1372\">Die Jubil\u00e4umsveranstaltung bot den Mitgliedern und G\u00e4sten einen gelungenen Rahmen f\u00fcr pers\u00f6nliche Begegnungen, fachlichen Austausch und gemeinsame Erinnerungen. Neben einem abwechslungsreichen Programm stand vor allem das Miteinander im Mittelpunkt \u2013 ganz im Sinne der Vereinsphilosophie.<\/p>\n<p data-start=\"1374\" data-end=\"1689\" data-is-last-node=\"\" data-is-only-node=\"\">Der Kochverein Frankonia W\u00fcrzburg e. V. zeigt auch nach sechs Jahrzehnten, dass Tradition und Innovation keine Gegens\u00e4tze sind, sondern sich ideal erg\u00e4nzen. Mit viel Engagement und Leidenschaft blickt der Verein optimistisch in die Zukunft und setzt weiterhin Impulse f\u00fcr die regionale und \u00fcberregionale Kochkultur.<\/p>\n<\/div>\n<\/div>\n<\/div>\n<\/div>\n<div class=\"z-0 flex min-h-[46px] justify-start\">\n<div id=\"gallery-2261\" class=\"vkdgal-gallery-wrap gallery-grid \">\n    <div class=\"col-md-12\">\n        <div class=\"row\">\n            <div class=\"gal\" data-featherlight-gallery style=\"display: grid; grid-template-columns: repeat(3, 1fr); grid-column-gap: 10px;\">\n                                    <div class=\"item\">\n                        <a href=\"https:\/\/www.vkd.com\/lv-bayern\/wp-content\/uploads\/sites\/14\/2026\/04\/WhatsApp-Image-2026-04-15-at-17.36.30-1024x576.jpeg\" title=\"Whatsapp Image 2026 04 15 At 17.36.30\">\n                            <img class=\"img-full\" src=\"https:\/\/www.vkd.com\/lv-bayern\/wp-content\/uploads\/sites\/14\/2026\/04\/WhatsApp-Image-2026-04-15-at-17.36.30-1024x576.jpeg\" title=\"Galerie bei Bild 1 \u00f6ffnen\" alt=\"Whatsapp Image 2026 04 15 At 17.36.30\"\/>\n                        <\/a>\n                    <\/div>\n                                    <div class=\"item\">\n                        <a href=\"https:\/\/www.vkd.com\/lv-bayern\/wp-content\/uploads\/sites\/14\/2026\/04\/WhatsApp-Image-2026-04-15-at-17.37.32-1024x576.jpeg\" title=\"Whatsapp Image 2026 04 15 At 17.37.32\">\n                            <img class=\"img-full\" src=\"https:\/\/www.vkd.com\/lv-bayern\/wp-content\/uploads\/sites\/14\/2026\/04\/WhatsApp-Image-2026-04-15-at-17.37.32-1024x576.jpeg\" title=\"Galerie bei Bild 2 \u00f6ffnen\" alt=\"Whatsapp Image 2026 04 15 At 17.37.32\"\/>\n                        <\/a>\n                    <\/div>\n                                    <div class=\"item\">\n                        <a href=\"https:\/\/www.vkd.com\/lv-bayern\/wp-content\/uploads\/sites\/14\/2026\/04\/WhatsApp-Image-2026-04-15-at-17.37.08-576x1024.jpeg\" title=\"Whatsapp Image 2026 04 15 At 17.37.08\">\n                            <img class=\"img-full\" src=\"https:\/\/www.vkd.com\/lv-bayern\/wp-content\/uploads\/sites\/14\/2026\/04\/WhatsApp-Image-2026-04-15-at-17.37.08-576x1024.jpeg\" title=\"Galerie bei Bild 3 \u00f6ffnen\" alt=\"Whatsapp Image 2026 04 15 At 17.37.08\"\/>\n                        <\/a>\n                    <\/div>\n                                    <div class=\"item\">\n                        <a href=\"https:\/\/www.vkd.com\/lv-bayern\/wp-content\/uploads\/sites\/14\/2026\/04\/WhatsApp-Image-2026-04-15-at-17.36.32-4-576x1024.jpeg\" title=\"Whatsapp Image 2026 04 15 At 17.36.32 (4)\">\n                            <img class=\"img-full\" src=\"https:\/\/www.vkd.com\/lv-bayern\/wp-content\/uploads\/sites\/14\/2026\/04\/WhatsApp-Image-2026-04-15-at-17.36.32-4-576x1024.jpeg\" title=\"Galerie bei Bild 4 \u00f6ffnen\" alt=\"Whatsapp Image 2026 04 15 At 17.36.32 (4)\"\/>\n                        <\/a>\n                    <\/div>\n                                    <div class=\"item\">\n                        <a href=\"https:\/\/www.vkd.com\/lv-bayern\/wp-content\/uploads\/sites\/14\/2026\/04\/WhatsApp-Image-2026-04-15-at-17.36.31-3-576x1024.jpeg\" title=\"Whatsapp Image 2026 04 15 At 17.36.31 (3)\">\n                            <img class=\"img-full\" src=\"https:\/\/www.vkd.com\/lv-bayern\/wp-content\/uploads\/sites\/14\/2026\/04\/WhatsApp-Image-2026-04-15-at-17.36.31-3-576x1024.jpeg\" title=\"Galerie bei Bild 5 \u00f6ffnen\" alt=\"Whatsapp Image 2026 04 15 At 17.36.31 (3)\"\/>\n                        <\/a>\n                    <\/div>\n                                    <div class=\"item\">\n                        <a href=\"https:\/\/www.vkd.com\/lv-bayern\/wp-content\/uploads\/sites\/14\/2026\/04\/WhatsApp-Image-2026-04-15-at-17.36.32-1-576x1024.jpeg\" title=\"Whatsapp Image 2026 04 15 At 17.36.32 (1)\">\n                            <img class=\"img-full\" src=\"https:\/\/www.vkd.com\/lv-bayern\/wp-content\/uploads\/sites\/14\/2026\/04\/WhatsApp-Image-2026-04-15-at-17.36.32-1-576x1024.jpeg\" title=\"Galerie bei Bild 6 \u00f6ffnen\" alt=\"Whatsapp Image 2026 04 15 At 17.36.32 (1)\"\/>\n                        <\/a>\n                    <\/div>\n                                    <div class=\"item\">\n                        <a href=\"https:\/\/www.vkd.com\/lv-bayern\/wp-content\/uploads\/sites\/14\/2026\/04\/WhatsApp-Image-2026-04-15-at-17.36.31-1024x576.jpeg\" title=\"Whatsapp Image 2026 04 15 At 17.36.31\">\n                            <img class=\"img-full\" src=\"https:\/\/www.vkd.com\/lv-bayern\/wp-content\/uploads\/sites\/14\/2026\/04\/WhatsApp-Image-2026-04-15-at-17.36.31-1024x576.jpeg\" title=\"Galerie bei Bild 7 \u00f6ffnen\" alt=\"Whatsapp Image 2026 04 15 At 17.36.31\"\/>\n                        <\/a>\n                    <\/div>\n                                    <div class=\"item\">\n                        <a href=\"https:\/\/www.vkd.com\/lv-bayern\/wp-content\/uploads\/sites\/14\/2026\/04\/WhatsApp-Image-2026-04-15-at-17.36.32-3-1024x576.jpeg\" title=\"Whatsapp Image 2026 04 15 At 17.36.32 (3)\">\n                            <img class=\"img-full\" src=\"https:\/\/www.vkd.com\/lv-bayern\/wp-content\/uploads\/sites\/14\/2026\/04\/WhatsApp-Image-2026-04-15-at-17.36.32-3-1024x576.jpeg\" title=\"Galerie bei Bild 8 \u00f6ffnen\" alt=\"Whatsapp Image 2026 04 15 At 17.36.32 (3)\"\/>\n                        <\/a>\n                    <\/div>\n                                    <div class=\"item\">\n                        <a href=\"https:\/\/www.vkd.com\/lv-bayern\/wp-content\/uploads\/sites\/14\/2026\/04\/WhatsApp-Image-2026-04-15-at-17.36.32-1024x576.jpeg\" title=\"Whatsapp Image 2026 04 15 At 17.36.32\">\n                            <img class=\"img-full\" src=\"https:\/\/www.vkd.com\/lv-bayern\/wp-content\/uploads\/sites\/14\/2026\/04\/WhatsApp-Image-2026-04-15-at-17.36.32-1024x576.jpeg\" title=\"Galerie bei Bild 9 \u00f6ffnen\" alt=\"Whatsapp Image 2026 04 15 At 17.36.32\"\/>\n                        <\/a>\n                    <\/div>\n                                    <div class=\"item\">\n                        <a href=\"https:\/\/www.vkd.com\/lv-bayern\/wp-content\/uploads\/sites\/14\/2026\/04\/WhatsApp-Image-2026-04-15-at-17.36.31-6-576x1024.jpeg\" title=\"Whatsapp Image 2026 04 15 At 17.36.31 (6)\">\n                            <img class=\"img-full\" src=\"https:\/\/www.vkd.com\/lv-bayern\/wp-content\/uploads\/sites\/14\/2026\/04\/WhatsApp-Image-2026-04-15-at-17.36.31-6-576x1024.jpeg\" title=\"Galerie bei Bild 10 \u00f6ffnen\" alt=\"Whatsapp Image 2026 04 15 At 17.36.31 (6)\"\/>\n                        <\/a>\n                    <\/div>\n                            <\/div>\n        <\/div>\n    <\/div>\n<\/div>\n\n<\/div>\n<\/div>\n<\/div>\n<\/section>\n<div class=\"pointer-events-none -mt-px h-px translate-y-[calc(var(--scroll-root-safe-area-inset-bottom)-14*var(--spacing))]\" aria-hidden=\"true\"><\/div>\n","protected":false},"excerpt":{"rendered":"<p>60 Jahre Kochverein Frankonia W\u00fcrzburg e. V. \u2013 Jubil\u00e4um mit besonderem Besuch Der Kochverein Frankonia W\u00fcrzburg e. V. feierte in diesem Jahr sein 60-j\u00e4hriges Bestehen und blickt damit auf eine lange Tradition, gro\u00dfes Engagement und gelebte Leidenschaft f\u00fcr die Kochkunst zur\u00fcck. Seit seiner Gr\u00fcndung hat sich der Verein als feste Gr\u00f6\u00dfe in der regionalen Gastronomieszene&#8230;<\/p>\n","protected":false},"author":1955,"featured_media":2259,"comment_status":"closed","ping_status":"open","sticky":false,"template":"","format":"standard","meta":[],"categories":[1],"tags":[6,23,5,7,19,9,32,11],"yoast_head":"<!-- This site is optimized with the Yoast SEO plugin v20.0 - https:\/\/yoast.com\/wordpress\/plugins\/seo\/ -->\n<title>60 Jahre Kochverein Frankonia W\u00fcrzburg e. V. - Landesverband der K\u00f6che Bayern<\/title>\n<meta name=\"robots\" content=\"noindex, follow, max-snippet:-1, max-image-preview:large, max-video-preview:-1\" \/>\n<meta property=\"og:locale\" content=\"de_DE\" \/>\n<meta property=\"og:type\" content=\"article\" \/>\n<meta property=\"og:title\" content=\"60 Jahre Kochverein Frankonia W\u00fcrzburg e. V. - Landesverband der K\u00f6che Bayern\" \/>\n<meta property=\"og:description\" content=\"60 Jahre Kochverein Frankonia W\u00fcrzburg e. V. \u2013 Jubil\u00e4um mit besonderem Besuch Der Kochverein Frankonia W\u00fcrzburg e. V. feierte in diesem Jahr sein 60-j\u00e4hriges Bestehen und blickt damit auf eine lange Tradition, gro\u00dfes Engagement und gelebte Leidenschaft f\u00fcr die Kochkunst zur\u00fcck. Seit seiner Gr\u00fcndung hat sich der Verein als feste Gr\u00f6\u00dfe in der regionalen Gastronomieszene...\" \/>\n<meta property=\"og:url\" content=\"https:\/\/www.vkd.com\/lv-bayern\/news\/60-jahre-kochverein-frankonia-wuerzburg-e-v\/\" \/>\n<meta property=\"og:site_name\" content=\"Landesverband der K\u00f6che Bayern\" \/>\n<meta property=\"article:published_time\" content=\"2026-04-15T16:35:37+00:00\" \/>\n<meta property=\"og:image\" content=\"https:\/\/www.vkd.com\/lv-bayern\/wp-content\/uploads\/sites\/14\/2026\/04\/WhatsApp-Image-2026-04-15-at-17.37.32.jpeg\" \/>\n\t<meta property=\"og:image:width\" content=\"1600\" \/>\n\t<meta property=\"og:image:height\" content=\"900\" \/>\n\t<meta property=\"og:image:type\" content=\"image\/jpeg\" \/>\n<meta name=\"author\" content=\"Kostadinov Alexander\" \/>\n<meta name=\"twitter:card\" content=\"summary_large_image\" \/>\n<meta name=\"twitter:label1\" content=\"Verfasst von\" \/>\n\t<meta name=\"twitter:data1\" content=\"Kostadinov Alexander\" \/>\n\t<meta name=\"twitter:label2\" content=\"Gesch\u00e4tzte Lesezeit\" \/>\n\t<meta name=\"twitter:data2\" content=\"2\u00a0Minuten\" \/>\n<script type=\"application\/ld+json\" class=\"yoast-schema-graph\">{\"@context\":\"https:\/\/schema.org\",\"@graph\":[{\"@type\":\"WebPage\",\"@id\":\"https:\/\/www.vkd.com\/lv-bayern\/news\/60-jahre-kochverein-frankonia-wuerzburg-e-v\/\",\"url\":\"https:\/\/www.vkd.com\/lv-bayern\/news\/60-jahre-kochverein-frankonia-wuerzburg-e-v\/\",\"name\":\"60 Jahre Kochverein Frankonia W\u00fcrzburg e. V. - Landesverband der K\u00f6che Bayern\",\"isPartOf\":{\"@id\":\"https:\/\/www.vkd.com\/lv-bayern\/#website\"},\"datePublished\":\"2026-04-15T16:35:37+00:00\",\"dateModified\":\"2026-04-15T16:35:37+00:00\",\"author\":{\"@id\":\"https:\/\/www.vkd.com\/lv-bayern\/#\/schema\/person\/19c4bb106ca4de98c60e2cb5ac7f572f\"},\"breadcrumb\":{\"@id\":\"https:\/\/www.vkd.com\/lv-bayern\/news\/60-jahre-kochverein-frankonia-wuerzburg-e-v\/#breadcrumb\"},\"inLanguage\":\"de\",\"potentialAction\":[{\"@type\":\"ReadAction\",\"target\":[\"https:\/\/www.vkd.com\/lv-bayern\/news\/60-jahre-kochverein-frankonia-wuerzburg-e-v\/\"]}]},{\"@type\":\"BreadcrumbList\",\"@id\":\"https:\/\/www.vkd.com\/lv-bayern\/news\/60-jahre-kochverein-frankonia-wuerzburg-e-v\/#breadcrumb\",\"itemListElement\":[{\"@type\":\"ListItem\",\"position\":1,\"name\":\"Startseite\",\"item\":\"https:\/\/www.vkd.com\/lv-bayern\/\"},{\"@type\":\"ListItem\",\"position\":2,\"name\":\"60 Jahre Kochverein Frankonia W\u00fcrzburg e. V.\"}]},{\"@type\":\"WebSite\",\"@id\":\"https:\/\/www.vkd.com\/lv-bayern\/#website\",\"url\":\"https:\/\/www.vkd.com\/lv-bayern\/\",\"name\":\"Landesverband der K\u00f6che Bayern\",\"description\":\"Landesverband im Verband der K\u00f6che Deutschlands e.V.\",\"potentialAction\":[{\"@type\":\"SearchAction\",\"target\":{\"@type\":\"EntryPoint\",\"urlTemplate\":\"https:\/\/www.vkd.com\/lv-bayern\/?s={search_term_string}\"},\"query-input\":\"required name=search_term_string\"}],\"inLanguage\":\"de\"},{\"@type\":\"Person\",\"@id\":\"https:\/\/www.vkd.com\/lv-bayern\/#\/schema\/person\/19c4bb106ca4de98c60e2cb5ac7f572f\",\"name\":\"Kostadinov Alexander\",\"image\":{\"@type\":\"ImageObject\",\"inLanguage\":\"de\",\"@id\":\"https:\/\/www.vkd.com\/lv-bayern\/#\/schema\/person\/image\/\",\"url\":\"https:\/\/secure.gravatar.com\/avatar\/b0cb85e5c215fe1114e6d2404492358d?s=96&d=mm&r=g\",\"contentUrl\":\"https:\/\/secure.gravatar.com\/avatar\/b0cb85e5c215fe1114e6d2404492358d?s=96&d=mm&r=g\",\"caption\":\"Kostadinov Alexander\"},\"url\":\"https:\/\/www.vkd.com\/lv-bayern\/news\/author\/gentscher-jungentscher-de\/\"}]}<\/script>\n<!-- \/ Yoast SEO plugin. -->","yoast_head_json":{"title":"60 Jahre Kochverein Frankonia W\u00fcrzburg e. V. - Landesverband der K\u00f6che Bayern","robots":{"index":"noindex","follow":"follow","max-snippet":"max-snippet:-1","max-image-preview":"max-image-preview:large","max-video-preview":"max-video-preview:-1"},"og_locale":"de_DE","og_type":"article","og_title":"60 Jahre Kochverein Frankonia W\u00fcrzburg e. V. - Landesverband der K\u00f6che Bayern","og_description":"60 Jahre Kochverein Frankonia W\u00fcrzburg e. V. \u2013 Jubil\u00e4um mit besonderem Besuch Der Kochverein Frankonia W\u00fcrzburg e. V. feierte in diesem Jahr sein 60-j\u00e4hriges Bestehen und blickt damit auf eine lange Tradition, gro\u00dfes Engagement und gelebte Leidenschaft f\u00fcr die Kochkunst zur\u00fcck. Seit seiner Gr\u00fcndung hat sich der Verein als feste Gr\u00f6\u00dfe in der regionalen Gastronomieszene...","og_url":"https:\/\/www.vkd.com\/lv-bayern\/news\/60-jahre-kochverein-frankonia-wuerzburg-e-v\/","og_site_name":"Landesverband der K\u00f6che Bayern","article_published_time":"2026-04-15T16:35:37+00:00","og_image":[{"width":1600,"height":900,"url":"https:\/\/www.vkd.com\/lv-bayern\/wp-content\/uploads\/sites\/14\/2026\/04\/WhatsApp-Image-2026-04-15-at-17.37.32.jpeg","type":"image\/jpeg"}],"author":"Kostadinov Alexander","twitter_card":"summary_large_image","twitter_misc":{"Verfasst von":"Kostadinov Alexander","Gesch\u00e4tzte Lesezeit":"2\u00a0Minuten"},"schema":{"@context":"https:\/\/schema.org","@graph":[{"@type":"WebPage","@id":"https:\/\/www.vkd.com\/lv-bayern\/news\/60-jahre-kochverein-frankonia-wuerzburg-e-v\/","url":"https:\/\/www.vkd.com\/lv-bayern\/news\/60-jahre-kochverein-frankonia-wuerzburg-e-v\/","name":"60 Jahre Kochverein Frankonia W\u00fcrzburg e. V. - Landesverband der K\u00f6che Bayern","isPartOf":{"@id":"https:\/\/www.vkd.com\/lv-bayern\/#website"},"datePublished":"2026-04-15T16:35:37+00:00","dateModified":"2026-04-15T16:35:37+00:00","author":{"@id":"https:\/\/www.vkd.com\/lv-bayern\/#\/schema\/person\/19c4bb106ca4de98c60e2cb5ac7f572f"},"breadcrumb":{"@id":"https:\/\/www.vkd.com\/lv-bayern\/news\/60-jahre-kochverein-frankonia-wuerzburg-e-v\/#breadcrumb"},"inLanguage":"de","potentialAction":[{"@type":"ReadAction","target":["https:\/\/www.vkd.com\/lv-bayern\/news\/60-jahre-kochverein-frankonia-wuerzburg-e-v\/"]}]},{"@type":"BreadcrumbList","@id":"https:\/\/www.vkd.com\/lv-bayern\/news\/60-jahre-kochverein-frankonia-wuerzburg-e-v\/#breadcrumb","itemListElement":[{"@type":"ListItem","position":1,"name":"Startseite","item":"https:\/\/www.vkd.com\/lv-bayern\/"},{"@type":"ListItem","position":2,"name":"60 Jahre Kochverein Frankonia W\u00fcrzburg e. V."}]},{"@type":"WebSite","@id":"https:\/\/www.vkd.com\/lv-bayern\/#website","url":"https:\/\/www.vkd.com\/lv-bayern\/","name":"Landesverband der K\u00f6che Bayern","description":"Landesverband im Verband der K\u00f6che Deutschlands e.V.","potentialAction":[{"@type":"SearchAction","target":{"@type":"EntryPoint","urlTemplate":"https:\/\/www.vkd.com\/lv-bayern\/?s={search_term_string}"},"query-input":"required name=search_term_string"}],"inLanguage":"de"},{"@type":"Person","@id":"https:\/\/www.vkd.com\/lv-bayern\/#\/schema\/person\/19c4bb106ca4de98c60e2cb5ac7f572f","name":"Kostadinov Alexander","image":{"@type":"ImageObject","inLanguage":"de","@id":"https:\/\/www.vkd.com\/lv-bayern\/#\/schema\/person\/image\/","url":"https:\/\/secure.gravatar.com\/avatar\/b0cb85e5c215fe1114e6d2404492358d?s=96&d=mm&r=g","contentUrl":"https:\/\/secure.gravatar.com\/avatar\/b0cb85e5c215fe1114e6d2404492358d?s=96&d=mm&r=g","caption":"Kostadinov Alexander"},"url":"https:\/\/www.vkd.com\/lv-bayern\/news\/author\/gentscher-jungentscher-de\/"}]}},"_links":{"self":[{"href":"https:\/\/www.vkd.com\/lv-bayern\/wp-json\/wp\/v2\/posts\/2240"}],"collection":[{"href":"https:\/\/www.vkd.com\/lv-bayern\/wp-json\/wp\/v2\/posts"}],"about":[{"href":"https:\/\/www.vkd.com\/lv-bayern\/wp-json\/wp\/v2\/types\/post"}],"author":[{"embeddable":true,"href":"https:\/\/www.vkd.com\/lv-bayern\/wp-json\/wp\/v2\/users\/1955"}],"replies":[{"embeddable":true,"href":"https:\/\/www.vkd.com\/lv-bayern\/wp-json\/wp\/v2\/comments?post=2240"}],"version-history":[{"count":4,"href":"https:\/\/www.vkd.com\/lv-bayern\/wp-json\/wp\/v2\/posts\/2240\/revisions"}],"predecessor-version":[{"id":2264,"href":"https:\/\/www.vkd.com\/lv-bayern\/wp-json\/wp\/v2\/posts\/2240\/revisions\/2264"}],"wp:featuredmedia":[{"embeddable":true,"href":"https:\/\/www.vkd.com\/lv-bayern\/wp-json\/wp\/v2\/media\/2259"}],"wp:attachment":[{"href":"https:\/\/www.vkd.com\/lv-bayern\/wp-json\/wp\/v2\/media?parent=2240"}],"wp:term":[{"taxonomy":"category","embeddable":true,"href":"https:\/\/www.vkd.com\/lv-bayern\/wp-json\/wp\/v2\/categories?post=2240"},{"taxonomy":"post_tag","embeddable":true,"href":"https:\/\/www.vkd.com\/lv-bayern\/wp-json\/wp\/v2\/tags?post=2240"}],"curies":[{"name":"wp","href":"https:\/\/api.w.org\/{rel}","templated":true}]}}