{"id":2235,"date":"2026-04-15T13:37:18","date_gmt":"2026-04-15T11:37:18","guid":{"rendered":"https:\/\/www.vkd.com\/lv-bayern\/?p=2235"},"modified":"2026-04-15T13:37:18","modified_gmt":"2026-04-15T11:37:18","slug":"ein-leben-fuer-den-kochberuf","status":"publish","type":"post","link":"https:\/\/www.vkd.com\/lv-bayern\/news\/ein-leben-fuer-den-kochberuf\/","title":{"rendered":"Ein Leben f\u00fcr den Kochberuf"},"content":{"rendered":"<div class=\"custom-except\">\n<p>Gerhard Dammert, langj\u00e4hriger Teammanager der K\u00f6chenationalmannschaft, ist im Alter von 86 Jahren verstorben. Mit ihm verliert der VKD einen herausragenden Fachmann, engagierten Ehrenamtler und pr\u00e4genden Lehrer der Kochkunst. Ein Nachruf.<\/p>\n<\/div>\n<p><span data-contrast=\"auto\">K\u00fcchenmeister, Berufsschullehrer und\u00a0leidenschaftlicher\u00a0Kochk\u00fcnstler: Am Gr\u00fcndonnerstag ist Gerhard\u00a0Dammert\u00a0im Alter von 86 Jahren in Hannover verstorben.\u00a0<\/span><span data-contrast=\"auto\">Fast 68 Jahre lang geh\u00f6rte\u00a0er\u00a0dem VKD an. Sein Wirken war dabei stets von der \u00dcberzeugung getragen, dass fachliche Exzellenz, p\u00e4dagogisches Ethos und ehrenamtliches Engagement untrennbar zusammengeh\u00f6ren.\u00a0Dammert\u00a0lernte sein Handwerk von der Pike auf. Seine Ausbildung im \u201eAlten Dessauer\u201c in Magdeburg legte den Grundstein f\u00fcr eine Laufbahn, die ihn w\u00e4hrend seiner Wanderjahre in die Schweiz f\u00fchrte. Dort sammelte er im Hotel Walhalla in St. Gallen sowie im\u00a0Kongresshaus Z\u00fcrich wertvolle internationale Erfahrungen. Zur\u00fcck in Deutschland pr\u00e4gte er die gastronomische Landschaft Hannovers an namhaften Adressen: Er setzte fachliche Akzente in den\u00a0Maschseegastst\u00e4tten, im Georgspalast sowie\u00a0in den Herrenh\u00e4user\u00a0Brauereigastst\u00e4tten und wirkte schlie\u00dflich im Parkhotel Welfenhof in Isernhagen. Diese fundierte Praxis bildete das Fundament f\u00fcr seinen Wechsel in die Ausbildung, wo er als Berufsschullehrer in Hannover seine Berufung fand: die Weitergabe von Wissen an die n\u00e4chste Generation.<\/span><span data-ccp-props=\"{}\">\u00a0<\/span><\/p>\n<figure id=\"attachment_46397\" class=\"wp-caption alignright\" aria-describedby=\"caption-attachment-46397\"><img decoding=\"async\" loading=\"lazy\" class=\"wp-image-46397\" src=\"https:\/\/www.vkd.com\/wp-content\/uploads\/2026\/04\/German_National_Team-American_Culinary_Classic-1991.jpg\" alt=\"K\u00f6chenationalmannschaft bei den The\u00a0American\u00a0Culinary\u00a0Classic 1991. Foto: Champ Chefs\" width=\"350\" height=\"273\" \/><figcaption id=\"caption-attachment-46397\" class=\"wp-caption-text\">K\u00f6chenationalmannschaft bei den The\u00a0American\u00a0Culinary\u00a0Classic 1991. Foto: Champ Chefs<\/figcaption><\/figure>\n<p><b><span data-contrast=\"auto\">Engagiert im Ehrenamt<\/span><\/b><span data-ccp-props=\"{&quot;134233117&quot;:false,&quot;134233118&quot;:false,&quot;201341983&quot;:0,&quot;335559738&quot;:0,&quot;335559739&quot;:160,&quot;335559740&quot;:278}\">\u00a0<\/span><\/p>\n<p><span data-contrast=\"auto\">Als Vorsitzender des Verein Hannoverscher K\u00f6che 1891 e.\u00a0V. leitete er die Geschicke des Vereins von 1978 bis 2000 \u00fcber zwei Jahrzehnte lang ma\u00dfgeblich. In dieser Zeit organisierte er zahlreiche Fachveranstaltungen und Wettbewerbe, die den Austausch innerhalb der Branche f\u00f6rderten. Er verstand es,\u00a0Kolleg:innen\u00a0wie Auszubildende gleicherma\u00dfen zu motivieren, und stand immer dann an vorderster Stelle, wenn es galt, das Ansehen des Berufsstands in der Region zu st\u00e4rken.\u00a0Als Teammanager der\u00a0K\u00f6chenationalmannschaft\u00a0nahm\u00a0er zudem\u00a0an\u00a0bedeutenden internationalen Wettbewerben\u00a0teil. Unter seiner Leitung feierte das Team unter anderem bei den\u00a0The\u00a0American\u00a0Culinary\u00a0Classic\u00a0in den Jahren 1987 und 1991 gro\u00dfe Erfolge. Parallel dazu war er ma\u00dfgeblich an der Gr\u00fcndung und am Aufbau der Regionalmannschaft des VKD-Landesverbands Niedersachsen beteiligt, die er durch unz\u00e4hlige Stunden pers\u00f6nlicher Arbeit zu einer festen Gr\u00f6\u00dfe entwickelte. Au\u00dferdem engagierte sich der K\u00fcchenmeister als Jurymitglied bei diversen Wettbewerben und war als Mitglied im damaligen VKD-Beirat Kochkunst aktiv in die Verbandsarbeit eingebunden.\u00a0F\u00fcr sein unerm\u00fcdliches Wirken wurde er vom Verband der K\u00f6che Deutschlands mit der VKD-Goldmedaille und der Kulinarischen Medaille ausgezeichnet. Sein internationales Ansehen wurde 1998 durch die Ernennung zum \u201eHonorary\u00a0Life Member\u201c durch den Weltbund der Kochverb\u00e4nde (Worldchefs) in Melbourne unterstrichen.<\/span><span data-ccp-props=\"{}\">\u00a0<\/span><\/p>\n<p><span data-contrast=\"auto\">\u00dcber die praktische Arbeit hinaus hinterlie\u00df\u00a0Dammert\u00a0als Fachbuchautor bleibende Spuren. Sein Werk \u201eH\u00e4tten Sie\u2019s gewusst \u2013 Grundbegriffe der Kochkunst\u201c verdeutlicht seinen hohen Anspruch an Pr\u00e4zision und terminologische Klarheit.\u00a0<\/span><span data-contrast=\"none\">F\u00fcr viele war\u00a0Gerhard\u00a0Dammert\u00a0weit mehr als ein Ausbilder:\u00a0f\u00fcr die einen der \u201ebeste Lehrer\u201c, den sie je hatten, f\u00fcr die anderen ein \u201egro\u00dfer Meister\u201c, mit dem sie unvergessliche Momente bei Jugendmeisterschaften, Kochkunstwettbewerben und Trainings verbinden.<\/span><span data-ccp-props=\"{}\">\u00a0<\/span><\/p>\n<p><span data-contrast=\"none\">Der Verband der K\u00f6che Deutschlands und der Landesverband Niedersachsen verlieren mit Gerhard\u00a0Dammert\u00a0einen herausragenden Fachmann und viele Mitglieder einen gesch\u00e4tzten Freund. Sein Einsatz f\u00fcr den Berufsstand wird in dankbarer Erinnerung bleiben.\u00a0Den Angeh\u00f6rigen sprechen wir unser tiefempfundenes Mitgef\u00fchl aus.<\/span><span data-ccp-props=\"{}\">\u00a0<\/span><\/p>\n<hr \/>\n<blockquote><p><b><span data-contrast=\"none\">Kondolenzadresse<\/span><\/b><\/p>\n<p><span data-contrast=\"none\">K\u00f6nig Bestattungen<\/span><br \/>\n<span data-contrast=\"none\">Guts-Muths-Stra\u00dfe 1<\/span><br \/>\n<span data-contrast=\"none\">30165 Hannover<\/span><span data-ccp-props=\"{}\">\u00a0<\/span><\/p><\/blockquote>\n<hr \/>\n<blockquote><p><span data-contrast=\"auto\">Im Sinne des\u00a0Verstorbenen bittet die Familie\u00a0Dammert,\u00a0auf\u00a0Blumen\u00a0zu verzichten. Wer\u00a0sein Mitgef\u00fchl auf andere Weise ausdr\u00fccken\u00a0m\u00f6chte, kann\u00a0stattdessen einen\u00a0F\u00f6rderbeitrag\u00a0f\u00fcr die\u00a0Jugendarbeit im Verband der\u00a0K\u00f6che\u00a0Deutschlands\u00a0leisten.<\/span><span data-ccp-props=\"{}\">\u00a0<\/span><\/p>\n<p>&nbsp;<\/p>\n<p><b><span data-contrast=\"auto\">Spendenkonto:<\/span><\/b><span data-contrast=\"auto\">\u00a0DE82 5004 0000 0589 4183 00<\/span><br \/>\n<b><span data-contrast=\"auto\">Verwendungszweck:\u00a0<\/span><\/b><span data-contrast=\"auto\">\u201eJugendf\u00f6rderung\u00a0Dammert\u201c<\/span><span data-ccp-props=\"{}\">\u00a0<\/span><\/p><\/blockquote>\n","protected":false},"excerpt":{"rendered":"<p>Gerhard Dammert, langj\u00e4hriger Teammanager der K\u00f6chenationalmannschaft, ist im Alter von 86 Jahren verstorben. Mit ihm verliert der VKD einen herausragenden Fachmann, engagierten Ehrenamtler und pr\u00e4genden Lehrer der Kochkunst. Ein Nachruf. K\u00fcchenmeister, Berufsschullehrer und\u00a0leidenschaftlicher\u00a0Kochk\u00fcnstler: Am Gr\u00fcndonnerstag ist Gerhard\u00a0Dammert\u00a0im Alter von 86 Jahren in Hannover verstorben.\u00a0Fast 68 Jahre lang geh\u00f6rte\u00a0er\u00a0dem VKD an. Sein Wirken war dabei stets&#8230;<\/p>\n","protected":false},"author":1955,"featured_media":2236,"comment_status":"closed","ping_status":"open","sticky":false,"template":"","format":"standard","meta":[],"categories":[1],"tags":[],"yoast_head":"<!-- This site is optimized with the Yoast SEO plugin v20.0 - https:\/\/yoast.com\/wordpress\/plugins\/seo\/ -->\n<title>Ein Leben f\u00fcr den Kochberuf - Landesverband der K\u00f6che Bayern<\/title>\n<meta name=\"robots\" content=\"noindex, follow, max-snippet:-1, max-image-preview:large, max-video-preview:-1\" \/>\n<meta property=\"og:locale\" content=\"de_DE\" \/>\n<meta property=\"og:type\" content=\"article\" \/>\n<meta property=\"og:title\" content=\"Ein Leben f\u00fcr den Kochberuf - Landesverband der K\u00f6che Bayern\" \/>\n<meta property=\"og:description\" content=\"Gerhard Dammert, langj\u00e4hriger Teammanager der K\u00f6chenationalmannschaft, ist im Alter von 86 Jahren verstorben. Mit ihm verliert der VKD einen herausragenden Fachmann, engagierten Ehrenamtler und pr\u00e4genden Lehrer der Kochkunst. Ein Nachruf. K\u00fcchenmeister, Berufsschullehrer und\u00a0leidenschaftlicher\u00a0Kochk\u00fcnstler: Am Gr\u00fcndonnerstag ist Gerhard\u00a0Dammert\u00a0im Alter von 86 Jahren in Hannover verstorben.\u00a0Fast 68 Jahre lang geh\u00f6rte\u00a0er\u00a0dem VKD an. Sein Wirken war dabei stets...\" \/>\n<meta property=\"og:url\" content=\"https:\/\/www.vkd.com\/lv-bayern\/news\/ein-leben-fuer-den-kochberuf\/\" \/>\n<meta property=\"og:site_name\" content=\"Landesverband der K\u00f6che Bayern\" \/>\n<meta property=\"article:published_time\" content=\"2026-04-15T11:37:18+00:00\" \/>\n<meta property=\"og:image\" content=\"https:\/\/www.vkd.com\/lv-bayern\/wp-content\/uploads\/sites\/14\/2026\/04\/Nachruf-Gerhard-Dammert.jpg\" \/>\n\t<meta property=\"og:image:width\" content=\"900\" \/>\n\t<meta property=\"og:image:height\" content=\"600\" \/>\n\t<meta property=\"og:image:type\" content=\"image\/jpeg\" \/>\n<meta name=\"author\" content=\"Kostadinov Alexander\" \/>\n<meta name=\"twitter:card\" content=\"summary_large_image\" \/>\n<meta name=\"twitter:label1\" content=\"Verfasst von\" \/>\n\t<meta name=\"twitter:data1\" content=\"Kostadinov Alexander\" \/>\n\t<meta name=\"twitter:label2\" content=\"Gesch\u00e4tzte Lesezeit\" \/>\n\t<meta name=\"twitter:data2\" content=\"4\u00a0Minuten\" \/>\n<script type=\"application\/ld+json\" class=\"yoast-schema-graph\">{\"@context\":\"https:\/\/schema.org\",\"@graph\":[{\"@type\":\"WebPage\",\"@id\":\"https:\/\/www.vkd.com\/lv-bayern\/news\/ein-leben-fuer-den-kochberuf\/\",\"url\":\"https:\/\/www.vkd.com\/lv-bayern\/news\/ein-leben-fuer-den-kochberuf\/\",\"name\":\"Ein Leben f\u00fcr den Kochberuf - Landesverband der K\u00f6che Bayern\",\"isPartOf\":{\"@id\":\"https:\/\/www.vkd.com\/lv-bayern\/#website\"},\"datePublished\":\"2026-04-15T11:37:18+00:00\",\"dateModified\":\"2026-04-15T11:37:18+00:00\",\"author\":{\"@id\":\"https:\/\/www.vkd.com\/lv-bayern\/#\/schema\/person\/19c4bb106ca4de98c60e2cb5ac7f572f\"},\"breadcrumb\":{\"@id\":\"https:\/\/www.vkd.com\/lv-bayern\/news\/ein-leben-fuer-den-kochberuf\/#breadcrumb\"},\"inLanguage\":\"de\",\"potentialAction\":[{\"@type\":\"ReadAction\",\"target\":[\"https:\/\/www.vkd.com\/lv-bayern\/news\/ein-leben-fuer-den-kochberuf\/\"]}]},{\"@type\":\"BreadcrumbList\",\"@id\":\"https:\/\/www.vkd.com\/lv-bayern\/news\/ein-leben-fuer-den-kochberuf\/#breadcrumb\",\"itemListElement\":[{\"@type\":\"ListItem\",\"position\":1,\"name\":\"Startseite\",\"item\":\"https:\/\/www.vkd.com\/lv-bayern\/\"},{\"@type\":\"ListItem\",\"position\":2,\"name\":\"Ein Leben f\u00fcr den Kochberuf\"}]},{\"@type\":\"WebSite\",\"@id\":\"https:\/\/www.vkd.com\/lv-bayern\/#website\",\"url\":\"https:\/\/www.vkd.com\/lv-bayern\/\",\"name\":\"Landesverband der K\u00f6che Bayern\",\"description\":\"Landesverband im Verband der K\u00f6che Deutschlands e.V.\",\"potentialAction\":[{\"@type\":\"SearchAction\",\"target\":{\"@type\":\"EntryPoint\",\"urlTemplate\":\"https:\/\/www.vkd.com\/lv-bayern\/?s={search_term_string}\"},\"query-input\":\"required name=search_term_string\"}],\"inLanguage\":\"de\"},{\"@type\":\"Person\",\"@id\":\"https:\/\/www.vkd.com\/lv-bayern\/#\/schema\/person\/19c4bb106ca4de98c60e2cb5ac7f572f\",\"name\":\"Kostadinov Alexander\",\"image\":{\"@type\":\"ImageObject\",\"inLanguage\":\"de\",\"@id\":\"https:\/\/www.vkd.com\/lv-bayern\/#\/schema\/person\/image\/\",\"url\":\"https:\/\/secure.gravatar.com\/avatar\/b0cb85e5c215fe1114e6d2404492358d?s=96&d=mm&r=g\",\"contentUrl\":\"https:\/\/secure.gravatar.com\/avatar\/b0cb85e5c215fe1114e6d2404492358d?s=96&d=mm&r=g\",\"caption\":\"Kostadinov Alexander\"},\"url\":\"https:\/\/www.vkd.com\/lv-bayern\/news\/author\/gentscher-jungentscher-de\/\"}]}<\/script>\n<!-- \/ Yoast SEO plugin. -->","yoast_head_json":{"title":"Ein Leben f\u00fcr den Kochberuf - Landesverband der K\u00f6che Bayern","robots":{"index":"noindex","follow":"follow","max-snippet":"max-snippet:-1","max-image-preview":"max-image-preview:large","max-video-preview":"max-video-preview:-1"},"og_locale":"de_DE","og_type":"article","og_title":"Ein Leben f\u00fcr den Kochberuf - Landesverband der K\u00f6che Bayern","og_description":"Gerhard Dammert, langj\u00e4hriger Teammanager der K\u00f6chenationalmannschaft, ist im Alter von 86 Jahren verstorben. Mit ihm verliert der VKD einen herausragenden Fachmann, engagierten Ehrenamtler und pr\u00e4genden Lehrer der Kochkunst. Ein Nachruf. K\u00fcchenmeister, Berufsschullehrer und\u00a0leidenschaftlicher\u00a0Kochk\u00fcnstler: Am Gr\u00fcndonnerstag ist Gerhard\u00a0Dammert\u00a0im Alter von 86 Jahren in Hannover verstorben.\u00a0Fast 68 Jahre lang geh\u00f6rte\u00a0er\u00a0dem VKD an. Sein Wirken war dabei stets...","og_url":"https:\/\/www.vkd.com\/lv-bayern\/news\/ein-leben-fuer-den-kochberuf\/","og_site_name":"Landesverband der K\u00f6che Bayern","article_published_time":"2026-04-15T11:37:18+00:00","og_image":[{"width":900,"height":600,"url":"https:\/\/www.vkd.com\/lv-bayern\/wp-content\/uploads\/sites\/14\/2026\/04\/Nachruf-Gerhard-Dammert.jpg","type":"image\/jpeg"}],"author":"Kostadinov Alexander","twitter_card":"summary_large_image","twitter_misc":{"Verfasst von":"Kostadinov Alexander","Gesch\u00e4tzte Lesezeit":"4\u00a0Minuten"},"schema":{"@context":"https:\/\/schema.org","@graph":[{"@type":"WebPage","@id":"https:\/\/www.vkd.com\/lv-bayern\/news\/ein-leben-fuer-den-kochberuf\/","url":"https:\/\/www.vkd.com\/lv-bayern\/news\/ein-leben-fuer-den-kochberuf\/","name":"Ein Leben f\u00fcr den Kochberuf - Landesverband der K\u00f6che Bayern","isPartOf":{"@id":"https:\/\/www.vkd.com\/lv-bayern\/#website"},"datePublished":"2026-04-15T11:37:18+00:00","dateModified":"2026-04-15T11:37:18+00:00","author":{"@id":"https:\/\/www.vkd.com\/lv-bayern\/#\/schema\/person\/19c4bb106ca4de98c60e2cb5ac7f572f"},"breadcrumb":{"@id":"https:\/\/www.vkd.com\/lv-bayern\/news\/ein-leben-fuer-den-kochberuf\/#breadcrumb"},"inLanguage":"de","potentialAction":[{"@type":"ReadAction","target":["https:\/\/www.vkd.com\/lv-bayern\/news\/ein-leben-fuer-den-kochberuf\/"]}]},{"@type":"BreadcrumbList","@id":"https:\/\/www.vkd.com\/lv-bayern\/news\/ein-leben-fuer-den-kochberuf\/#breadcrumb","itemListElement":[{"@type":"ListItem","position":1,"name":"Startseite","item":"https:\/\/www.vkd.com\/lv-bayern\/"},{"@type":"ListItem","position":2,"name":"Ein Leben f\u00fcr den Kochberuf"}]},{"@type":"WebSite","@id":"https:\/\/www.vkd.com\/lv-bayern\/#website","url":"https:\/\/www.vkd.com\/lv-bayern\/","name":"Landesverband der K\u00f6che Bayern","description":"Landesverband im Verband der K\u00f6che Deutschlands e.V.","potentialAction":[{"@type":"SearchAction","target":{"@type":"EntryPoint","urlTemplate":"https:\/\/www.vkd.com\/lv-bayern\/?s={search_term_string}"},"query-input":"required name=search_term_string"}],"inLanguage":"de"},{"@type":"Person","@id":"https:\/\/www.vkd.com\/lv-bayern\/#\/schema\/person\/19c4bb106ca4de98c60e2cb5ac7f572f","name":"Kostadinov Alexander","image":{"@type":"ImageObject","inLanguage":"de","@id":"https:\/\/www.vkd.com\/lv-bayern\/#\/schema\/person\/image\/","url":"https:\/\/secure.gravatar.com\/avatar\/b0cb85e5c215fe1114e6d2404492358d?s=96&d=mm&r=g","contentUrl":"https:\/\/secure.gravatar.com\/avatar\/b0cb85e5c215fe1114e6d2404492358d?s=96&d=mm&r=g","caption":"Kostadinov Alexander"},"url":"https:\/\/www.vkd.com\/lv-bayern\/news\/author\/gentscher-jungentscher-de\/"}]}},"_links":{"self":[{"href":"https:\/\/www.vkd.com\/lv-bayern\/wp-json\/wp\/v2\/posts\/2235"}],"collection":[{"href":"https:\/\/www.vkd.com\/lv-bayern\/wp-json\/wp\/v2\/posts"}],"about":[{"href":"https:\/\/www.vkd.com\/lv-bayern\/wp-json\/wp\/v2\/types\/post"}],"author":[{"embeddable":true,"href":"https:\/\/www.vkd.com\/lv-bayern\/wp-json\/wp\/v2\/users\/1955"}],"replies":[{"embeddable":true,"href":"https:\/\/www.vkd.com\/lv-bayern\/wp-json\/wp\/v2\/comments?post=2235"}],"version-history":[{"count":2,"href":"https:\/\/www.vkd.com\/lv-bayern\/wp-json\/wp\/v2\/posts\/2235\/revisions"}],"predecessor-version":[{"id":2239,"href":"https:\/\/www.vkd.com\/lv-bayern\/wp-json\/wp\/v2\/posts\/2235\/revisions\/2239"}],"wp:featuredmedia":[{"embeddable":true,"href":"https:\/\/www.vkd.com\/lv-bayern\/wp-json\/wp\/v2\/media\/2236"}],"wp:attachment":[{"href":"https:\/\/www.vkd.com\/lv-bayern\/wp-json\/wp\/v2\/media?parent=2235"}],"wp:term":[{"taxonomy":"category","embeddable":true,"href":"https:\/\/www.vkd.com\/lv-bayern\/wp-json\/wp\/v2\/categories?post=2235"},{"taxonomy":"post_tag","embeddable":true,"href":"https:\/\/www.vkd.com\/lv-bayern\/wp-json\/wp\/v2\/tags?post=2235"}],"curies":[{"name":"wp","href":"https:\/\/api.w.org\/{rel}","templated":true}]}}