{"id":2229,"date":"2026-04-14T08:12:16","date_gmt":"2026-04-14T06:12:16","guid":{"rendered":"https:\/\/www.vkd.com\/lv-bayern\/?p=2229"},"modified":"2026-04-14T08:14:24","modified_gmt":"2026-04-14T06:14:24","slug":"neuer-vorstand-im-zv-inn-salzach","status":"publish","type":"post","link":"https:\/\/www.vkd.com\/lv-bayern\/news\/neuer-vorstand-im-zv-inn-salzach\/","title":{"rendered":"Neuer Vorstand im ZV Inn-Salzach"},"content":{"rendered":"<p class=\"isSelectedEnd\"><strong>Neue Vorstandschaft beim K\u00f6cheverein Inn-Salzach e.V.<\/strong><\/p>\n<p class=\"isSelectedEnd\">Der K\u00f6cheverein Inn-Salzach e.V. hat im Rahmen seiner Mitgliederversammlung die neue Vorstandschaft f\u00fcr die Amtsperiode 2026 bis 2028 gew\u00e4hlt. Der traditionsreiche Verein setzt damit weiterhin auf Engagement, Fachkompetenz und die F\u00f6rderung des kulinarischen Nachwuchses in der Region.<\/p>\n<p class=\"isSelectedEnd\">An der Spitze des Vereins steht erneut Anton Maier als 1. Vorsitzender. Unterst\u00fctzt wird er von der 2. Vorsitzenden Justine Selmaier. Gemeinsam wollen sie die erfolgreiche Arbeit der vergangenen Jahre fortf\u00fchren und neue Impulse f\u00fcr das regionale Kochhandwerk setzen.<\/p>\n<p class=\"isSelectedEnd\">F\u00fcr die organisatorischen Belange im Verein zeichnen sich die Schriftf\u00fchrer Simone Hell (1. Schriftf\u00fchrerin) und Thomas Hetzenecker (2. Schriftf\u00fchrer) verantwortlich. Die finanziellen Angelegenheiten liegen weiterhin in den bew\u00e4hrten H\u00e4nden von Kassier Helmut Burkert.<\/p>\n<p class=\"isSelectedEnd\">Ein besonderer Fokus des Vereins liegt auf der Nachwuchsarbeit. Diese wird von den Jugendwarten Tanja Haslinger, Moritz Rauschecker und Michael Selmaier betreut. Sie engagieren sich aktiv f\u00fcr die F\u00f6rderung junger Talente im Kochberuf und organisieren Schulungen, Wettbewerbe sowie gemeinsame Aktivit\u00e4ten.<\/p>\n<p class=\"isSelectedEnd\">Die ordnungsgem\u00e4\u00dfe Kassenf\u00fchrung wird von den Revisoren Klaus Hartmann und Gerhard Plankl \u00fcberwacht.<\/p>\n<p class=\"isSelectedEnd\">Als Pressereferent ist Alfons Maier f\u00fcr die \u00d6ffentlichkeitsarbeit des Vereins zust\u00e4ndig und sorgt daf\u00fcr, dass die Aktivit\u00e4ten und Erfolge des K\u00f6chevereins auch \u00fcberregional wahrgenommen werden.<\/p>\n<p class=\"isSelectedEnd\">Der K\u00f6cheverein Inn-Salzach e.V. freut sich zudem, mit Josef Rahm einen erfahrenen Ehrenvorsitzenden an seiner Seite zu wissen, der den Verein weiterhin mit Rat und Tat unterst\u00fctzt.<\/p>\n<p class=\"isSelectedEnd\">Mit dieser engagierten Vorstandschaft blickt der Verein optimistisch in die Zukunft und setzt sich weiterhin f\u00fcr die F\u00f6rderung der Kochkunst, die Pflege regionaler Traditionen sowie die St\u00e4rkung des gastronomischen Nachwuchses ein.<\/p>\n<p><strong>Kontakt:<\/strong><br \/>\nK\u00f6cheverein Inn-Salzach e.V.<br \/>\nFischerweg 8e<br \/>\n84547 Emmerting<br \/>\n<a href=\"http:\/\/www.koecheverein-innsalzach.de\">www.koecheverein-innsalzach.de<\/a><\/p>\n<p>&nbsp;<\/p>\n","protected":false},"excerpt":{"rendered":"<p>Neue Vorstandschaft beim K\u00f6cheverein Inn-Salzach e.V. Der K\u00f6cheverein Inn-Salzach e.V. hat im Rahmen seiner Mitgliederversammlung die neue Vorstandschaft f\u00fcr die Amtsperiode 2026 bis 2028 gew\u00e4hlt. Der traditionsreiche Verein setzt damit weiterhin auf Engagement, Fachkompetenz und die F\u00f6rderung des kulinarischen Nachwuchses in der Region. An der Spitze des Vereins steht erneut Anton Maier als 1. Vorsitzender&#8230;.<\/p>\n","protected":false},"author":1955,"featured_media":2230,"comment_status":"closed","ping_status":"open","sticky":false,"template":"","format":"standard","meta":[],"categories":[1],"tags":[],"yoast_head":"<!-- This site is optimized with the Yoast SEO plugin v20.0 - https:\/\/yoast.com\/wordpress\/plugins\/seo\/ -->\n<title>Neuer Vorstand im ZV Inn-Salzach - Landesverband der K\u00f6che Bayern<\/title>\n<meta name=\"robots\" content=\"noindex, follow, max-snippet:-1, max-image-preview:large, max-video-preview:-1\" \/>\n<meta property=\"og:locale\" content=\"de_DE\" \/>\n<meta property=\"og:type\" content=\"article\" \/>\n<meta property=\"og:title\" content=\"Neuer Vorstand im ZV Inn-Salzach - Landesverband der K\u00f6che Bayern\" \/>\n<meta property=\"og:description\" content=\"Neue Vorstandschaft beim K\u00f6cheverein Inn-Salzach e.V. Der K\u00f6cheverein Inn-Salzach e.V. hat im Rahmen seiner Mitgliederversammlung die neue Vorstandschaft f\u00fcr die Amtsperiode 2026 bis 2028 gew\u00e4hlt. Der traditionsreiche Verein setzt damit weiterhin auf Engagement, Fachkompetenz und die F\u00f6rderung des kulinarischen Nachwuchses in der Region. An der Spitze des Vereins steht erneut Anton Maier als 1. Vorsitzender....\" \/>\n<meta property=\"og:url\" content=\"https:\/\/www.vkd.com\/lv-bayern\/news\/neuer-vorstand-im-zv-inn-salzach\/\" \/>\n<meta property=\"og:site_name\" content=\"Landesverband der K\u00f6che Bayern\" \/>\n<meta property=\"article:published_time\" content=\"2026-04-14T06:12:16+00:00\" \/>\n<meta property=\"article:modified_time\" content=\"2026-04-14T06:14:24+00:00\" \/>\n<meta property=\"og:image\" content=\"https:\/\/www.vkd.com\/lv-bayern\/wp-content\/uploads\/sites\/14\/2026\/04\/Neu-gewaehlte-Vorstandschaft-und-Mitglieder-scaled.jpg\" \/>\n\t<meta property=\"og:image:width\" content=\"2560\" \/>\n\t<meta property=\"og:image:height\" content=\"1920\" \/>\n\t<meta property=\"og:image:type\" content=\"image\/jpeg\" \/>\n<meta name=\"author\" content=\"Kostadinov Alexander\" \/>\n<meta name=\"twitter:card\" content=\"summary_large_image\" \/>\n<meta name=\"twitter:label1\" content=\"Verfasst von\" \/>\n\t<meta name=\"twitter:data1\" content=\"Kostadinov Alexander\" \/>\n\t<meta name=\"twitter:label2\" content=\"Gesch\u00e4tzte Lesezeit\" \/>\n\t<meta name=\"twitter:data2\" content=\"2\u00a0Minuten\" \/>\n<script type=\"application\/ld+json\" class=\"yoast-schema-graph\">{\"@context\":\"https:\/\/schema.org\",\"@graph\":[{\"@type\":\"WebPage\",\"@id\":\"https:\/\/www.vkd.com\/lv-bayern\/news\/neuer-vorstand-im-zv-inn-salzach\/\",\"url\":\"https:\/\/www.vkd.com\/lv-bayern\/news\/neuer-vorstand-im-zv-inn-salzach\/\",\"name\":\"Neuer Vorstand im ZV Inn-Salzach - Landesverband der K\u00f6che Bayern\",\"isPartOf\":{\"@id\":\"https:\/\/www.vkd.com\/lv-bayern\/#website\"},\"datePublished\":\"2026-04-14T06:12:16+00:00\",\"dateModified\":\"2026-04-14T06:14:24+00:00\",\"author\":{\"@id\":\"https:\/\/www.vkd.com\/lv-bayern\/#\/schema\/person\/19c4bb106ca4de98c60e2cb5ac7f572f\"},\"breadcrumb\":{\"@id\":\"https:\/\/www.vkd.com\/lv-bayern\/news\/neuer-vorstand-im-zv-inn-salzach\/#breadcrumb\"},\"inLanguage\":\"de\",\"potentialAction\":[{\"@type\":\"ReadAction\",\"target\":[\"https:\/\/www.vkd.com\/lv-bayern\/news\/neuer-vorstand-im-zv-inn-salzach\/\"]}]},{\"@type\":\"BreadcrumbList\",\"@id\":\"https:\/\/www.vkd.com\/lv-bayern\/news\/neuer-vorstand-im-zv-inn-salzach\/#breadcrumb\",\"itemListElement\":[{\"@type\":\"ListItem\",\"position\":1,\"name\":\"Startseite\",\"item\":\"https:\/\/www.vkd.com\/lv-bayern\/\"},{\"@type\":\"ListItem\",\"position\":2,\"name\":\"Neuer Vorstand im ZV Inn-Salzach\"}]},{\"@type\":\"WebSite\",\"@id\":\"https:\/\/www.vkd.com\/lv-bayern\/#website\",\"url\":\"https:\/\/www.vkd.com\/lv-bayern\/\",\"name\":\"Landesverband der K\u00f6che Bayern\",\"description\":\"Landesverband im Verband der K\u00f6che Deutschlands e.V.\",\"potentialAction\":[{\"@type\":\"SearchAction\",\"target\":{\"@type\":\"EntryPoint\",\"urlTemplate\":\"https:\/\/www.vkd.com\/lv-bayern\/?s={search_term_string}\"},\"query-input\":\"required name=search_term_string\"}],\"inLanguage\":\"de\"},{\"@type\":\"Person\",\"@id\":\"https:\/\/www.vkd.com\/lv-bayern\/#\/schema\/person\/19c4bb106ca4de98c60e2cb5ac7f572f\",\"name\":\"Kostadinov Alexander\",\"image\":{\"@type\":\"ImageObject\",\"inLanguage\":\"de\",\"@id\":\"https:\/\/www.vkd.com\/lv-bayern\/#\/schema\/person\/image\/\",\"url\":\"https:\/\/secure.gravatar.com\/avatar\/b0cb85e5c215fe1114e6d2404492358d?s=96&d=mm&r=g\",\"contentUrl\":\"https:\/\/secure.gravatar.com\/avatar\/b0cb85e5c215fe1114e6d2404492358d?s=96&d=mm&r=g\",\"caption\":\"Kostadinov Alexander\"},\"url\":\"https:\/\/www.vkd.com\/lv-bayern\/news\/author\/gentscher-jungentscher-de\/\"}]}<\/script>\n<!-- \/ Yoast SEO plugin. -->","yoast_head_json":{"title":"Neuer Vorstand im ZV Inn-Salzach - Landesverband der K\u00f6che Bayern","robots":{"index":"noindex","follow":"follow","max-snippet":"max-snippet:-1","max-image-preview":"max-image-preview:large","max-video-preview":"max-video-preview:-1"},"og_locale":"de_DE","og_type":"article","og_title":"Neuer Vorstand im ZV Inn-Salzach - Landesverband der K\u00f6che Bayern","og_description":"Neue Vorstandschaft beim K\u00f6cheverein Inn-Salzach e.V. Der K\u00f6cheverein Inn-Salzach e.V. hat im Rahmen seiner Mitgliederversammlung die neue Vorstandschaft f\u00fcr die Amtsperiode 2026 bis 2028 gew\u00e4hlt. Der traditionsreiche Verein setzt damit weiterhin auf Engagement, Fachkompetenz und die F\u00f6rderung des kulinarischen Nachwuchses in der Region. An der Spitze des Vereins steht erneut Anton Maier als 1. Vorsitzender....","og_url":"https:\/\/www.vkd.com\/lv-bayern\/news\/neuer-vorstand-im-zv-inn-salzach\/","og_site_name":"Landesverband der K\u00f6che Bayern","article_published_time":"2026-04-14T06:12:16+00:00","article_modified_time":"2026-04-14T06:14:24+00:00","og_image":[{"width":2560,"height":1920,"url":"https:\/\/www.vkd.com\/lv-bayern\/wp-content\/uploads\/sites\/14\/2026\/04\/Neu-gewaehlte-Vorstandschaft-und-Mitglieder-scaled.jpg","type":"image\/jpeg"}],"author":"Kostadinov Alexander","twitter_card":"summary_large_image","twitter_misc":{"Verfasst von":"Kostadinov Alexander","Gesch\u00e4tzte Lesezeit":"2\u00a0Minuten"},"schema":{"@context":"https:\/\/schema.org","@graph":[{"@type":"WebPage","@id":"https:\/\/www.vkd.com\/lv-bayern\/news\/neuer-vorstand-im-zv-inn-salzach\/","url":"https:\/\/www.vkd.com\/lv-bayern\/news\/neuer-vorstand-im-zv-inn-salzach\/","name":"Neuer Vorstand im ZV Inn-Salzach - Landesverband der K\u00f6che Bayern","isPartOf":{"@id":"https:\/\/www.vkd.com\/lv-bayern\/#website"},"datePublished":"2026-04-14T06:12:16+00:00","dateModified":"2026-04-14T06:14:24+00:00","author":{"@id":"https:\/\/www.vkd.com\/lv-bayern\/#\/schema\/person\/19c4bb106ca4de98c60e2cb5ac7f572f"},"breadcrumb":{"@id":"https:\/\/www.vkd.com\/lv-bayern\/news\/neuer-vorstand-im-zv-inn-salzach\/#breadcrumb"},"inLanguage":"de","potentialAction":[{"@type":"ReadAction","target":["https:\/\/www.vkd.com\/lv-bayern\/news\/neuer-vorstand-im-zv-inn-salzach\/"]}]},{"@type":"BreadcrumbList","@id":"https:\/\/www.vkd.com\/lv-bayern\/news\/neuer-vorstand-im-zv-inn-salzach\/#breadcrumb","itemListElement":[{"@type":"ListItem","position":1,"name":"Startseite","item":"https:\/\/www.vkd.com\/lv-bayern\/"},{"@type":"ListItem","position":2,"name":"Neuer Vorstand im ZV Inn-Salzach"}]},{"@type":"WebSite","@id":"https:\/\/www.vkd.com\/lv-bayern\/#website","url":"https:\/\/www.vkd.com\/lv-bayern\/","name":"Landesverband der K\u00f6che Bayern","description":"Landesverband im Verband der K\u00f6che Deutschlands e.V.","potentialAction":[{"@type":"SearchAction","target":{"@type":"EntryPoint","urlTemplate":"https:\/\/www.vkd.com\/lv-bayern\/?s={search_term_string}"},"query-input":"required name=search_term_string"}],"inLanguage":"de"},{"@type":"Person","@id":"https:\/\/www.vkd.com\/lv-bayern\/#\/schema\/person\/19c4bb106ca4de98c60e2cb5ac7f572f","name":"Kostadinov Alexander","image":{"@type":"ImageObject","inLanguage":"de","@id":"https:\/\/www.vkd.com\/lv-bayern\/#\/schema\/person\/image\/","url":"https:\/\/secure.gravatar.com\/avatar\/b0cb85e5c215fe1114e6d2404492358d?s=96&d=mm&r=g","contentUrl":"https:\/\/secure.gravatar.com\/avatar\/b0cb85e5c215fe1114e6d2404492358d?s=96&d=mm&r=g","caption":"Kostadinov Alexander"},"url":"https:\/\/www.vkd.com\/lv-bayern\/news\/author\/gentscher-jungentscher-de\/"}]}},"_links":{"self":[{"href":"https:\/\/www.vkd.com\/lv-bayern\/wp-json\/wp\/v2\/posts\/2229"}],"collection":[{"href":"https:\/\/www.vkd.com\/lv-bayern\/wp-json\/wp\/v2\/posts"}],"about":[{"href":"https:\/\/www.vkd.com\/lv-bayern\/wp-json\/wp\/v2\/types\/post"}],"author":[{"embeddable":true,"href":"https:\/\/www.vkd.com\/lv-bayern\/wp-json\/wp\/v2\/users\/1955"}],"replies":[{"embeddable":true,"href":"https:\/\/www.vkd.com\/lv-bayern\/wp-json\/wp\/v2\/comments?post=2229"}],"version-history":[{"count":3,"href":"https:\/\/www.vkd.com\/lv-bayern\/wp-json\/wp\/v2\/posts\/2229\/revisions"}],"predecessor-version":[{"id":2233,"href":"https:\/\/www.vkd.com\/lv-bayern\/wp-json\/wp\/v2\/posts\/2229\/revisions\/2233"}],"wp:featuredmedia":[{"embeddable":true,"href":"https:\/\/www.vkd.com\/lv-bayern\/wp-json\/wp\/v2\/media\/2230"}],"wp:attachment":[{"href":"https:\/\/www.vkd.com\/lv-bayern\/wp-json\/wp\/v2\/media?parent=2229"}],"wp:term":[{"taxonomy":"category","embeddable":true,"href":"https:\/\/www.vkd.com\/lv-bayern\/wp-json\/wp\/v2\/categories?post=2229"},{"taxonomy":"post_tag","embeddable":true,"href":"https:\/\/www.vkd.com\/lv-bayern\/wp-json\/wp\/v2\/tags?post=2229"}],"curies":[{"name":"wp","href":"https:\/\/api.w.org\/{rel}","templated":true}]}}