{"id":2197,"date":"2026-03-11T08:16:11","date_gmt":"2026-03-11T07:16:11","guid":{"rendered":"https:\/\/www.vkd.com\/lv-bayern\/?p=2197"},"modified":"2026-03-11T08:16:11","modified_gmt":"2026-03-11T07:16:11","slug":"jahreshauptversammlung-mit-neuwahl-der-vorstandschaft-koecheverein-inn-salzach-e-v","status":"publish","type":"post","link":"https:\/\/www.vkd.com\/lv-bayern\/news\/jahreshauptversammlung-mit-neuwahl-der-vorstandschaft-koecheverein-inn-salzach-e-v\/","title":{"rendered":"Jahreshauptversammlung mit Neuwahl der Vorstandschaft &#8211; K\u00f6cheverein Inn-Salzach e.V."},"content":{"rendered":"<p><strong>Liebe Kolleginnen und Kollegen,<br \/>\nliebe K\u00f6chevereinsmitglieder,<em><br \/>\n<\/em><\/strong><br \/>\nherzliche Einladung zu unserer Jahreshauptversammlung mit Neuwahl der Vorstandschaft 2026\/2028<br \/>\nund der Fr\u00fchjahrstagung des Berufsfachverband der K\u00f6che Bayern.<br \/>\nIm Anhang erhaltet ihr die genauen Abl\u00e4ufe und Informationen.<\/p>\n<p>Wir freuen uns sehr \u00fcber Eure Teilnahme, Euer zahlreiches Kommen<br \/>\nund die Beteiligung an den verschiedenen Programmen und Aktionen der Tagung.<br \/>\n<em><br \/>\n<\/em><strong>Mit &#8222;k\u00f6chelnden&#8220; kollegialen Gr\u00fc\u00dfen<br \/>\nEure Vorstandschaft unseres K\u00f6cheverein Inn-Salzach e.V.<\/p>\n<p><\/strong><\/p>\n<h2><strong><a href=\"https:\/\/www.vkd.com\/lv-bayern\/wp-content\/uploads\/sites\/14\/2026\/03\/Einladung-Jahreshauptversammlung-2026.pdf\">Einladung Jahreshauptversammlung 2026<\/a><\/strong><\/h2>\n","protected":false},"excerpt":{"rendered":"<p>Liebe Kolleginnen und Kollegen, liebe K\u00f6chevereinsmitglieder, herzliche Einladung zu unserer Jahreshauptversammlung mit Neuwahl der Vorstandschaft 2026\/2028 und der Fr\u00fchjahrstagung des Berufsfachverband der K\u00f6che Bayern. Im Anhang erhaltet ihr die genauen Abl\u00e4ufe und Informationen. Wir freuen uns sehr \u00fcber Eure Teilnahme, Euer zahlreiches Kommen und die Beteiligung an den verschiedenen Programmen und Aktionen der Tagung. Mit&#8230;<\/p>\n","protected":false},"author":1955,"featured_media":834,"comment_status":"closed","ping_status":"open","sticky":false,"template":"","format":"standard","meta":[],"categories":[1],"tags":[],"yoast_head":"<!-- This site is optimized with the Yoast SEO plugin v20.0 - https:\/\/yoast.com\/wordpress\/plugins\/seo\/ -->\n<title>Jahreshauptversammlung mit Neuwahl der Vorstandschaft - K\u00f6cheverein Inn-Salzach e.V. - Landesverband der K\u00f6che Bayern<\/title>\n<meta name=\"robots\" content=\"noindex, follow, max-snippet:-1, max-image-preview:large, max-video-preview:-1\" \/>\n<meta property=\"og:locale\" content=\"de_DE\" \/>\n<meta property=\"og:type\" content=\"article\" \/>\n<meta property=\"og:title\" content=\"Jahreshauptversammlung mit Neuwahl der Vorstandschaft - K\u00f6cheverein Inn-Salzach e.V. - Landesverband der K\u00f6che Bayern\" \/>\n<meta property=\"og:description\" content=\"Liebe Kolleginnen und Kollegen, liebe K\u00f6chevereinsmitglieder, herzliche Einladung zu unserer Jahreshauptversammlung mit Neuwahl der Vorstandschaft 2026\/2028 und der Fr\u00fchjahrstagung des Berufsfachverband der K\u00f6che Bayern. Im Anhang erhaltet ihr die genauen Abl\u00e4ufe und Informationen. Wir freuen uns sehr \u00fcber Eure Teilnahme, Euer zahlreiches Kommen und die Beteiligung an den verschiedenen Programmen und Aktionen der Tagung. Mit...\" \/>\n<meta property=\"og:url\" content=\"https:\/\/www.vkd.com\/lv-bayern\/news\/jahreshauptversammlung-mit-neuwahl-der-vorstandschaft-koecheverein-inn-salzach-e-v\/\" \/>\n<meta property=\"og:site_name\" content=\"Landesverband der K\u00f6che Bayern\" \/>\n<meta property=\"article:published_time\" content=\"2026-03-11T07:16:11+00:00\" \/>\n<meta property=\"og:image\" content=\"https:\/\/www.vkd.com\/lv-bayern\/wp-content\/uploads\/sites\/14\/2024\/09\/Logoklein.jpg\" \/>\n\t<meta property=\"og:image:width\" content=\"328\" \/>\n\t<meta property=\"og:image:height\" content=\"382\" \/>\n\t<meta property=\"og:image:type\" content=\"image\/jpeg\" \/>\n<meta name=\"author\" content=\"Kostadinov Alexander\" \/>\n<meta name=\"twitter:card\" content=\"summary_large_image\" \/>\n<meta name=\"twitter:label1\" content=\"Verfasst von\" \/>\n\t<meta name=\"twitter:data1\" content=\"Kostadinov Alexander\" \/>\n\t<meta name=\"twitter:label2\" content=\"Gesch\u00e4tzte Lesezeit\" \/>\n\t<meta name=\"twitter:data2\" content=\"1\u00a0Minute\" \/>\n<script type=\"application\/ld+json\" class=\"yoast-schema-graph\">{\"@context\":\"https:\/\/schema.org\",\"@graph\":[{\"@type\":\"WebPage\",\"@id\":\"https:\/\/www.vkd.com\/lv-bayern\/news\/jahreshauptversammlung-mit-neuwahl-der-vorstandschaft-koecheverein-inn-salzach-e-v\/\",\"url\":\"https:\/\/www.vkd.com\/lv-bayern\/news\/jahreshauptversammlung-mit-neuwahl-der-vorstandschaft-koecheverein-inn-salzach-e-v\/\",\"name\":\"Jahreshauptversammlung mit Neuwahl der Vorstandschaft - K\u00f6cheverein Inn-Salzach e.V. - Landesverband der K\u00f6che Bayern\",\"isPartOf\":{\"@id\":\"https:\/\/www.vkd.com\/lv-bayern\/#website\"},\"datePublished\":\"2026-03-11T07:16:11+00:00\",\"dateModified\":\"2026-03-11T07:16:11+00:00\",\"author\":{\"@id\":\"https:\/\/www.vkd.com\/lv-bayern\/#\/schema\/person\/19c4bb106ca4de98c60e2cb5ac7f572f\"},\"breadcrumb\":{\"@id\":\"https:\/\/www.vkd.com\/lv-bayern\/news\/jahreshauptversammlung-mit-neuwahl-der-vorstandschaft-koecheverein-inn-salzach-e-v\/#breadcrumb\"},\"inLanguage\":\"de\",\"potentialAction\":[{\"@type\":\"ReadAction\",\"target\":[\"https:\/\/www.vkd.com\/lv-bayern\/news\/jahreshauptversammlung-mit-neuwahl-der-vorstandschaft-koecheverein-inn-salzach-e-v\/\"]}]},{\"@type\":\"BreadcrumbList\",\"@id\":\"https:\/\/www.vkd.com\/lv-bayern\/news\/jahreshauptversammlung-mit-neuwahl-der-vorstandschaft-koecheverein-inn-salzach-e-v\/#breadcrumb\",\"itemListElement\":[{\"@type\":\"ListItem\",\"position\":1,\"name\":\"Startseite\",\"item\":\"https:\/\/www.vkd.com\/lv-bayern\/\"},{\"@type\":\"ListItem\",\"position\":2,\"name\":\"Jahreshauptversammlung mit Neuwahl der Vorstandschaft &#8211; K\u00f6cheverein Inn-Salzach e.V.\"}]},{\"@type\":\"WebSite\",\"@id\":\"https:\/\/www.vkd.com\/lv-bayern\/#website\",\"url\":\"https:\/\/www.vkd.com\/lv-bayern\/\",\"name\":\"Landesverband der K\u00f6che Bayern\",\"description\":\"Landesverband im Verband der K\u00f6che Deutschlands e.V.\",\"potentialAction\":[{\"@type\":\"SearchAction\",\"target\":{\"@type\":\"EntryPoint\",\"urlTemplate\":\"https:\/\/www.vkd.com\/lv-bayern\/?s={search_term_string}\"},\"query-input\":\"required name=search_term_string\"}],\"inLanguage\":\"de\"},{\"@type\":\"Person\",\"@id\":\"https:\/\/www.vkd.com\/lv-bayern\/#\/schema\/person\/19c4bb106ca4de98c60e2cb5ac7f572f\",\"name\":\"Kostadinov Alexander\",\"image\":{\"@type\":\"ImageObject\",\"inLanguage\":\"de\",\"@id\":\"https:\/\/www.vkd.com\/lv-bayern\/#\/schema\/person\/image\/\",\"url\":\"https:\/\/secure.gravatar.com\/avatar\/b0cb85e5c215fe1114e6d2404492358d?s=96&d=mm&r=g\",\"contentUrl\":\"https:\/\/secure.gravatar.com\/avatar\/b0cb85e5c215fe1114e6d2404492358d?s=96&d=mm&r=g\",\"caption\":\"Kostadinov Alexander\"},\"url\":\"https:\/\/www.vkd.com\/lv-bayern\/news\/author\/gentscher-jungentscher-de\/\"}]}<\/script>\n<!-- \/ Yoast SEO plugin. -->","yoast_head_json":{"title":"Jahreshauptversammlung mit Neuwahl der Vorstandschaft - K\u00f6cheverein Inn-Salzach e.V. - Landesverband der K\u00f6che Bayern","robots":{"index":"noindex","follow":"follow","max-snippet":"max-snippet:-1","max-image-preview":"max-image-preview:large","max-video-preview":"max-video-preview:-1"},"og_locale":"de_DE","og_type":"article","og_title":"Jahreshauptversammlung mit Neuwahl der Vorstandschaft - K\u00f6cheverein Inn-Salzach e.V. - Landesverband der K\u00f6che Bayern","og_description":"Liebe Kolleginnen und Kollegen, liebe K\u00f6chevereinsmitglieder, herzliche Einladung zu unserer Jahreshauptversammlung mit Neuwahl der Vorstandschaft 2026\/2028 und der Fr\u00fchjahrstagung des Berufsfachverband der K\u00f6che Bayern. Im Anhang erhaltet ihr die genauen Abl\u00e4ufe und Informationen. Wir freuen uns sehr \u00fcber Eure Teilnahme, Euer zahlreiches Kommen und die Beteiligung an den verschiedenen Programmen und Aktionen der Tagung. Mit...","og_url":"https:\/\/www.vkd.com\/lv-bayern\/news\/jahreshauptversammlung-mit-neuwahl-der-vorstandschaft-koecheverein-inn-salzach-e-v\/","og_site_name":"Landesverband der K\u00f6che Bayern","article_published_time":"2026-03-11T07:16:11+00:00","og_image":[{"width":328,"height":382,"url":"https:\/\/www.vkd.com\/lv-bayern\/wp-content\/uploads\/sites\/14\/2024\/09\/Logoklein.jpg","type":"image\/jpeg"}],"author":"Kostadinov Alexander","twitter_card":"summary_large_image","twitter_misc":{"Verfasst von":"Kostadinov Alexander","Gesch\u00e4tzte Lesezeit":"1\u00a0Minute"},"schema":{"@context":"https:\/\/schema.org","@graph":[{"@type":"WebPage","@id":"https:\/\/www.vkd.com\/lv-bayern\/news\/jahreshauptversammlung-mit-neuwahl-der-vorstandschaft-koecheverein-inn-salzach-e-v\/","url":"https:\/\/www.vkd.com\/lv-bayern\/news\/jahreshauptversammlung-mit-neuwahl-der-vorstandschaft-koecheverein-inn-salzach-e-v\/","name":"Jahreshauptversammlung mit Neuwahl der Vorstandschaft - K\u00f6cheverein Inn-Salzach e.V. - Landesverband der K\u00f6che Bayern","isPartOf":{"@id":"https:\/\/www.vkd.com\/lv-bayern\/#website"},"datePublished":"2026-03-11T07:16:11+00:00","dateModified":"2026-03-11T07:16:11+00:00","author":{"@id":"https:\/\/www.vkd.com\/lv-bayern\/#\/schema\/person\/19c4bb106ca4de98c60e2cb5ac7f572f"},"breadcrumb":{"@id":"https:\/\/www.vkd.com\/lv-bayern\/news\/jahreshauptversammlung-mit-neuwahl-der-vorstandschaft-koecheverein-inn-salzach-e-v\/#breadcrumb"},"inLanguage":"de","potentialAction":[{"@type":"ReadAction","target":["https:\/\/www.vkd.com\/lv-bayern\/news\/jahreshauptversammlung-mit-neuwahl-der-vorstandschaft-koecheverein-inn-salzach-e-v\/"]}]},{"@type":"BreadcrumbList","@id":"https:\/\/www.vkd.com\/lv-bayern\/news\/jahreshauptversammlung-mit-neuwahl-der-vorstandschaft-koecheverein-inn-salzach-e-v\/#breadcrumb","itemListElement":[{"@type":"ListItem","position":1,"name":"Startseite","item":"https:\/\/www.vkd.com\/lv-bayern\/"},{"@type":"ListItem","position":2,"name":"Jahreshauptversammlung mit Neuwahl der Vorstandschaft &#8211; K\u00f6cheverein Inn-Salzach e.V."}]},{"@type":"WebSite","@id":"https:\/\/www.vkd.com\/lv-bayern\/#website","url":"https:\/\/www.vkd.com\/lv-bayern\/","name":"Landesverband der K\u00f6che Bayern","description":"Landesverband im Verband der K\u00f6che Deutschlands e.V.","potentialAction":[{"@type":"SearchAction","target":{"@type":"EntryPoint","urlTemplate":"https:\/\/www.vkd.com\/lv-bayern\/?s={search_term_string}"},"query-input":"required name=search_term_string"}],"inLanguage":"de"},{"@type":"Person","@id":"https:\/\/www.vkd.com\/lv-bayern\/#\/schema\/person\/19c4bb106ca4de98c60e2cb5ac7f572f","name":"Kostadinov Alexander","image":{"@type":"ImageObject","inLanguage":"de","@id":"https:\/\/www.vkd.com\/lv-bayern\/#\/schema\/person\/image\/","url":"https:\/\/secure.gravatar.com\/avatar\/b0cb85e5c215fe1114e6d2404492358d?s=96&d=mm&r=g","contentUrl":"https:\/\/secure.gravatar.com\/avatar\/b0cb85e5c215fe1114e6d2404492358d?s=96&d=mm&r=g","caption":"Kostadinov Alexander"},"url":"https:\/\/www.vkd.com\/lv-bayern\/news\/author\/gentscher-jungentscher-de\/"}]}},"_links":{"self":[{"href":"https:\/\/www.vkd.com\/lv-bayern\/wp-json\/wp\/v2\/posts\/2197"}],"collection":[{"href":"https:\/\/www.vkd.com\/lv-bayern\/wp-json\/wp\/v2\/posts"}],"about":[{"href":"https:\/\/www.vkd.com\/lv-bayern\/wp-json\/wp\/v2\/types\/post"}],"author":[{"embeddable":true,"href":"https:\/\/www.vkd.com\/lv-bayern\/wp-json\/wp\/v2\/users\/1955"}],"replies":[{"embeddable":true,"href":"https:\/\/www.vkd.com\/lv-bayern\/wp-json\/wp\/v2\/comments?post=2197"}],"version-history":[{"count":2,"href":"https:\/\/www.vkd.com\/lv-bayern\/wp-json\/wp\/v2\/posts\/2197\/revisions"}],"predecessor-version":[{"id":2200,"href":"https:\/\/www.vkd.com\/lv-bayern\/wp-json\/wp\/v2\/posts\/2197\/revisions\/2200"}],"wp:featuredmedia":[{"embeddable":true,"href":"https:\/\/www.vkd.com\/lv-bayern\/wp-json\/wp\/v2\/media\/834"}],"wp:attachment":[{"href":"https:\/\/www.vkd.com\/lv-bayern\/wp-json\/wp\/v2\/media?parent=2197"}],"wp:term":[{"taxonomy":"category","embeddable":true,"href":"https:\/\/www.vkd.com\/lv-bayern\/wp-json\/wp\/v2\/categories?post=2197"},{"taxonomy":"post_tag","embeddable":true,"href":"https:\/\/www.vkd.com\/lv-bayern\/wp-json\/wp\/v2\/tags?post=2197"}],"curies":[{"name":"wp","href":"https:\/\/api.w.org\/{rel}","templated":true}]}}