{"id":2184,"date":"2026-03-04T13:56:09","date_gmt":"2026-03-04T12:56:09","guid":{"rendered":"https:\/\/www.vkd.com\/lv-bayern\/?p=2184"},"modified":"2026-03-04T13:56:09","modified_gmt":"2026-03-04T12:56:09","slug":"koeche-tagen-in-altoetting-fruehjahrstagung-des-landesverbands-der-koeche-bayern","status":"publish","type":"post","link":"https:\/\/www.vkd.com\/lv-bayern\/news\/koeche-tagen-in-altoetting-fruehjahrstagung-des-landesverbands-der-koeche-bayern\/","title":{"rendered":"K\u00f6che tagen in Alt\u00f6tting \u2013 Fr\u00fchjahrstagung des Landesverbands der K\u00f6che Bayern"},"content":{"rendered":"<div class=\"flex flex-col text-sm pb-25\">\n<article class=\"text-token-text-primary w-full focus:outline-none [--shadow-height:45px] has-data-writing-block:pointer-events-none has-data-writing-block:-mt-(--shadow-height) has-data-writing-block:pt-(--shadow-height) [&amp;:has([data-writing-block])&gt;*]:pointer-events-auto scroll-mt-[calc(var(--header-height)+min(200px,max(70px,20svh)))]\" dir=\"auto\" data-turn-id=\"request-WEB:bb79ee18-d098-4d05-a1df-d39c430414fd-0\" data-testid=\"conversation-turn-2\" data-scroll-anchor=\"true\" data-turn=\"assistant\">\n<div class=\"text-base my-auto mx-auto pb-10 [--thread-content-margin:--spacing(4)] @w-sm\/main:[--thread-content-margin:--spacing(6)] @w-lg\/main:[--thread-content-margin:--spacing(16)] px-(--thread-content-margin)\">\n<div class=\"[--thread-content-max-width:40rem] @w-lg\/main:[--thread-content-max-width:48rem] mx-auto max-w-(--thread-content-max-width) flex-1 group\/turn-messages focus-visible:outline-hidden relative flex w-full min-w-0 flex-col agent-turn\">\n<div class=\"flex max-w-full flex-col grow\">\n<div class=\"min-h-8 text-message relative flex w-full flex-col items-end gap-2 text-start break-words whitespace-normal [.text-message+&amp;]:mt-1\" dir=\"auto\" data-message-author-role=\"assistant\" data-message-id=\"f15087d9-807e-4bd6-a2d5-765a85d49900\" data-message-model-slug=\"gpt-5-2\">\n<div class=\"flex w-full flex-col gap-1 empty:hidden first:pt-[1px]\">\n<div class=\"markdown prose dark:prose-invert w-full wrap-break-word light markdown-new-styling\">\n<h2 data-start=\"0\" data-end=\"81\">K\u00f6che tagen in Alt\u00f6tting \u2013 Fr\u00fchjahrstagung des Landesverbands der K\u00f6che Bayern<\/h2>\n<p data-start=\"83\" data-end=\"415\">Vom <strong data-start=\"87\" data-end=\"108\">24. bis 26. April<\/strong> wird Alt\u00f6tting zum Treffpunkt der bayerischen Kochszene: Der Landesverband der K\u00f6che Bayern veranstaltet seine Fr\u00fchjahrstagung mit innovativer Fachausstellung. Die Organisation und Durchf\u00fchrung vor Ort \u00fcbernimmt der K\u00f6cheverein Inn-Salzach e. V., der sich derzeit intensiv auf das Gro\u00dfereignis vorbereitet.<\/p>\n<p data-start=\"417\" data-end=\"872\">Zur finalen Abstimmung traf sich der Vorstand des K\u00f6chevereins Inn-Salzach mit dem 2. Vorsitzenden des Landesverbands der K\u00f6che Bayern, <strong data-start=\"553\" data-end=\"577\">Alexander Kostadinov<\/strong> (Gentscher Gourmetcatering &amp; more, Alt\u00f6tting). In der Besprechung wurden das Konzept der Fachmesse, organisatorische Rahmenbedingungen sowie die erwartete Teilnehmerzahl vorgestellt und gemeinsam abgestimmt. Ziel ist es, den G\u00e4sten aus ganz Bayern eine rundum gelungene Veranstaltung zu bieten.<\/p>\n<h3 data-start=\"874\" data-end=\"937\">Fachlicher Austausch und abwechslungsreiches Rahmenprogramm<\/h3>\n<p data-start=\"939\" data-end=\"1214\">Neben Fachmeetings und dem Austausch unter Kolleginnen und Kollegen erwartet die Teilnehmer ein vielf\u00e4ltiges Rahmenprogramm. Geplant sind unter anderem eine Stadt- und Themenf\u00fchrung sowie verschiedene Programmpunkte, die den Aufenthalt in Alt\u00f6tting auch kulturell bereichern.<\/p>\n<p data-start=\"1216\" data-end=\"1507\">Kulinarisch d\u00fcrfen sich die G\u00e4ste auf besondere Highlights freuen:<br data-start=\"1282\" data-end=\"1285\" \/>Ein traditioneller bayerischer Abend mit Buffet und Mundart-Live-Musik sorgt f\u00fcr gesellige Stimmung. Am zweiten Veranstaltungstag rundet ein Abendmen\u00fc mit regionalen Spezialit\u00e4ten und stilvoller Salonmusik das Programm ab.<\/p>\n<h3 data-start=\"1509\" data-end=\"1556\">Starke Zusammenarbeit f\u00fcr ein starkes Event<\/h3>\n<p data-start=\"1558\" data-end=\"1849\">Mit gro\u00dfem Engagement arbeitet der K\u00f6cheverein Inn-Salzach e. V. daran, optimale Bedingungen f\u00fcr die Fr\u00fchjahrstagung zu schaffen. Die Veranstaltung bietet nicht nur eine Plattform f\u00fcr fachlichen Austausch und Weiterbildung, sondern st\u00e4rkt auch das Netzwerk der K\u00f6chinnen und K\u00f6che in Bayern.<\/p>\n<p data-start=\"1851\" data-end=\"2032\" data-is-last-node=\"\" data-is-only-node=\"\">Alt\u00f6tting freut sich darauf, Gastgeber f\u00fcr zahlreiche Fachbesucherinnen und Fachbesucher zu sein und die Vielfalt sowie Innovationskraft der bayerischen Gastronomie zu pr\u00e4sentieren.<\/p>\n<\/div>\n<\/div>\n<\/div>\n<\/div>\n<div class=\"z-0 flex min-h-[46px] justify-start\"><\/div>\n<\/div>\n<\/div>\n<\/article>\n<\/div>\n<div class=\"pointer-events-none h-px w-px absolute bottom-0\" aria-hidden=\"true\" data-edge=\"true\"><\/div>\n","protected":false},"excerpt":{"rendered":"<p>K\u00f6che tagen in Alt\u00f6tting \u2013 Fr\u00fchjahrstagung des Landesverbands der K\u00f6che Bayern Vom 24. bis 26. April wird Alt\u00f6tting zum Treffpunkt der bayerischen Kochszene: Der Landesverband der K\u00f6che Bayern veranstaltet seine Fr\u00fchjahrstagung mit innovativer Fachausstellung. Die Organisation und Durchf\u00fchrung vor Ort \u00fcbernimmt der K\u00f6cheverein Inn-Salzach e. V., der sich derzeit intensiv auf das Gro\u00dfereignis vorbereitet. Zur&#8230;<\/p>\n","protected":false},"author":1955,"featured_media":2185,"comment_status":"closed","ping_status":"open","sticky":false,"template":"","format":"standard","meta":[],"categories":[1],"tags":[6,24,12,5,20,7,19,9,8,11],"yoast_head":"<!-- This site is optimized with the Yoast SEO plugin v20.0 - https:\/\/yoast.com\/wordpress\/plugins\/seo\/ -->\n<title>K\u00f6che tagen in Alt\u00f6tting \u2013 Fr\u00fchjahrstagung des Landesverbands der K\u00f6che Bayern - Landesverband der K\u00f6che Bayern<\/title>\n<meta name=\"robots\" content=\"noindex, follow, max-snippet:-1, max-image-preview:large, max-video-preview:-1\" \/>\n<meta property=\"og:locale\" content=\"de_DE\" \/>\n<meta property=\"og:type\" content=\"article\" \/>\n<meta property=\"og:title\" content=\"K\u00f6che tagen in Alt\u00f6tting \u2013 Fr\u00fchjahrstagung des Landesverbands der K\u00f6che Bayern - Landesverband der K\u00f6che Bayern\" \/>\n<meta property=\"og:description\" content=\"K\u00f6che tagen in Alt\u00f6tting \u2013 Fr\u00fchjahrstagung des Landesverbands der K\u00f6che Bayern Vom 24. bis 26. April wird Alt\u00f6tting zum Treffpunkt der bayerischen Kochszene: Der Landesverband der K\u00f6che Bayern veranstaltet seine Fr\u00fchjahrstagung mit innovativer Fachausstellung. Die Organisation und Durchf\u00fchrung vor Ort \u00fcbernimmt der K\u00f6cheverein Inn-Salzach e. V., der sich derzeit intensiv auf das Gro\u00dfereignis vorbereitet. Zur...\" \/>\n<meta property=\"og:url\" content=\"https:\/\/www.vkd.com\/lv-bayern\/news\/koeche-tagen-in-altoetting-fruehjahrstagung-des-landesverbands-der-koeche-bayern\/\" \/>\n<meta property=\"og:site_name\" content=\"Landesverband der K\u00f6che Bayern\" \/>\n<meta property=\"article:published_time\" content=\"2026-03-04T12:56:09+00:00\" \/>\n<meta property=\"og:image\" content=\"https:\/\/www.vkd.com\/lv-bayern\/wp-content\/uploads\/sites\/14\/2026\/03\/WhatsApp-Image-2026-03-04-at-07.34.12.jpeg\" \/>\n\t<meta property=\"og:image:width\" content=\"1396\" \/>\n\t<meta property=\"og:image:height\" content=\"1046\" \/>\n\t<meta property=\"og:image:type\" content=\"image\/jpeg\" \/>\n<meta name=\"author\" content=\"Kostadinov Alexander\" \/>\n<meta name=\"twitter:card\" content=\"summary_large_image\" \/>\n<meta name=\"twitter:label1\" content=\"Verfasst von\" \/>\n\t<meta name=\"twitter:data1\" content=\"Kostadinov Alexander\" \/>\n\t<meta name=\"twitter:label2\" content=\"Gesch\u00e4tzte Lesezeit\" \/>\n\t<meta name=\"twitter:data2\" content=\"2\u00a0Minuten\" \/>\n<script type=\"application\/ld+json\" class=\"yoast-schema-graph\">{\"@context\":\"https:\/\/schema.org\",\"@graph\":[{\"@type\":\"WebPage\",\"@id\":\"https:\/\/www.vkd.com\/lv-bayern\/news\/koeche-tagen-in-altoetting-fruehjahrstagung-des-landesverbands-der-koeche-bayern\/\",\"url\":\"https:\/\/www.vkd.com\/lv-bayern\/news\/koeche-tagen-in-altoetting-fruehjahrstagung-des-landesverbands-der-koeche-bayern\/\",\"name\":\"K\u00f6che tagen in Alt\u00f6tting \u2013 Fr\u00fchjahrstagung des Landesverbands der K\u00f6che Bayern - Landesverband der K\u00f6che Bayern\",\"isPartOf\":{\"@id\":\"https:\/\/www.vkd.com\/lv-bayern\/#website\"},\"datePublished\":\"2026-03-04T12:56:09+00:00\",\"dateModified\":\"2026-03-04T12:56:09+00:00\",\"author\":{\"@id\":\"https:\/\/www.vkd.com\/lv-bayern\/#\/schema\/person\/19c4bb106ca4de98c60e2cb5ac7f572f\"},\"breadcrumb\":{\"@id\":\"https:\/\/www.vkd.com\/lv-bayern\/news\/koeche-tagen-in-altoetting-fruehjahrstagung-des-landesverbands-der-koeche-bayern\/#breadcrumb\"},\"inLanguage\":\"de\",\"potentialAction\":[{\"@type\":\"ReadAction\",\"target\":[\"https:\/\/www.vkd.com\/lv-bayern\/news\/koeche-tagen-in-altoetting-fruehjahrstagung-des-landesverbands-der-koeche-bayern\/\"]}]},{\"@type\":\"BreadcrumbList\",\"@id\":\"https:\/\/www.vkd.com\/lv-bayern\/news\/koeche-tagen-in-altoetting-fruehjahrstagung-des-landesverbands-der-koeche-bayern\/#breadcrumb\",\"itemListElement\":[{\"@type\":\"ListItem\",\"position\":1,\"name\":\"Startseite\",\"item\":\"https:\/\/www.vkd.com\/lv-bayern\/\"},{\"@type\":\"ListItem\",\"position\":2,\"name\":\"K\u00f6che tagen in Alt\u00f6tting \u2013 Fr\u00fchjahrstagung des Landesverbands der K\u00f6che Bayern\"}]},{\"@type\":\"WebSite\",\"@id\":\"https:\/\/www.vkd.com\/lv-bayern\/#website\",\"url\":\"https:\/\/www.vkd.com\/lv-bayern\/\",\"name\":\"Landesverband der K\u00f6che Bayern\",\"description\":\"Landesverband im Verband der K\u00f6che Deutschlands e.V.\",\"potentialAction\":[{\"@type\":\"SearchAction\",\"target\":{\"@type\":\"EntryPoint\",\"urlTemplate\":\"https:\/\/www.vkd.com\/lv-bayern\/?s={search_term_string}\"},\"query-input\":\"required name=search_term_string\"}],\"inLanguage\":\"de\"},{\"@type\":\"Person\",\"@id\":\"https:\/\/www.vkd.com\/lv-bayern\/#\/schema\/person\/19c4bb106ca4de98c60e2cb5ac7f572f\",\"name\":\"Kostadinov Alexander\",\"image\":{\"@type\":\"ImageObject\",\"inLanguage\":\"de\",\"@id\":\"https:\/\/www.vkd.com\/lv-bayern\/#\/schema\/person\/image\/\",\"url\":\"https:\/\/secure.gravatar.com\/avatar\/b0cb85e5c215fe1114e6d2404492358d?s=96&d=mm&r=g\",\"contentUrl\":\"https:\/\/secure.gravatar.com\/avatar\/b0cb85e5c215fe1114e6d2404492358d?s=96&d=mm&r=g\",\"caption\":\"Kostadinov Alexander\"},\"url\":\"https:\/\/www.vkd.com\/lv-bayern\/news\/author\/gentscher-jungentscher-de\/\"}]}<\/script>\n<!-- \/ Yoast SEO plugin. -->","yoast_head_json":{"title":"K\u00f6che tagen in Alt\u00f6tting \u2013 Fr\u00fchjahrstagung des Landesverbands der K\u00f6che Bayern - Landesverband der K\u00f6che Bayern","robots":{"index":"noindex","follow":"follow","max-snippet":"max-snippet:-1","max-image-preview":"max-image-preview:large","max-video-preview":"max-video-preview:-1"},"og_locale":"de_DE","og_type":"article","og_title":"K\u00f6che tagen in Alt\u00f6tting \u2013 Fr\u00fchjahrstagung des Landesverbands der K\u00f6che Bayern - Landesverband der K\u00f6che Bayern","og_description":"K\u00f6che tagen in Alt\u00f6tting \u2013 Fr\u00fchjahrstagung des Landesverbands der K\u00f6che Bayern Vom 24. bis 26. April wird Alt\u00f6tting zum Treffpunkt der bayerischen Kochszene: Der Landesverband der K\u00f6che Bayern veranstaltet seine Fr\u00fchjahrstagung mit innovativer Fachausstellung. Die Organisation und Durchf\u00fchrung vor Ort \u00fcbernimmt der K\u00f6cheverein Inn-Salzach e. V., der sich derzeit intensiv auf das Gro\u00dfereignis vorbereitet. Zur...","og_url":"https:\/\/www.vkd.com\/lv-bayern\/news\/koeche-tagen-in-altoetting-fruehjahrstagung-des-landesverbands-der-koeche-bayern\/","og_site_name":"Landesverband der K\u00f6che Bayern","article_published_time":"2026-03-04T12:56:09+00:00","og_image":[{"width":1396,"height":1046,"url":"https:\/\/www.vkd.com\/lv-bayern\/wp-content\/uploads\/sites\/14\/2026\/03\/WhatsApp-Image-2026-03-04-at-07.34.12.jpeg","type":"image\/jpeg"}],"author":"Kostadinov Alexander","twitter_card":"summary_large_image","twitter_misc":{"Verfasst von":"Kostadinov Alexander","Gesch\u00e4tzte Lesezeit":"2\u00a0Minuten"},"schema":{"@context":"https:\/\/schema.org","@graph":[{"@type":"WebPage","@id":"https:\/\/www.vkd.com\/lv-bayern\/news\/koeche-tagen-in-altoetting-fruehjahrstagung-des-landesverbands-der-koeche-bayern\/","url":"https:\/\/www.vkd.com\/lv-bayern\/news\/koeche-tagen-in-altoetting-fruehjahrstagung-des-landesverbands-der-koeche-bayern\/","name":"K\u00f6che tagen in Alt\u00f6tting \u2013 Fr\u00fchjahrstagung des Landesverbands der K\u00f6che Bayern - Landesverband der K\u00f6che Bayern","isPartOf":{"@id":"https:\/\/www.vkd.com\/lv-bayern\/#website"},"datePublished":"2026-03-04T12:56:09+00:00","dateModified":"2026-03-04T12:56:09+00:00","author":{"@id":"https:\/\/www.vkd.com\/lv-bayern\/#\/schema\/person\/19c4bb106ca4de98c60e2cb5ac7f572f"},"breadcrumb":{"@id":"https:\/\/www.vkd.com\/lv-bayern\/news\/koeche-tagen-in-altoetting-fruehjahrstagung-des-landesverbands-der-koeche-bayern\/#breadcrumb"},"inLanguage":"de","potentialAction":[{"@type":"ReadAction","target":["https:\/\/www.vkd.com\/lv-bayern\/news\/koeche-tagen-in-altoetting-fruehjahrstagung-des-landesverbands-der-koeche-bayern\/"]}]},{"@type":"BreadcrumbList","@id":"https:\/\/www.vkd.com\/lv-bayern\/news\/koeche-tagen-in-altoetting-fruehjahrstagung-des-landesverbands-der-koeche-bayern\/#breadcrumb","itemListElement":[{"@type":"ListItem","position":1,"name":"Startseite","item":"https:\/\/www.vkd.com\/lv-bayern\/"},{"@type":"ListItem","position":2,"name":"K\u00f6che tagen in Alt\u00f6tting \u2013 Fr\u00fchjahrstagung des Landesverbands der K\u00f6che Bayern"}]},{"@type":"WebSite","@id":"https:\/\/www.vkd.com\/lv-bayern\/#website","url":"https:\/\/www.vkd.com\/lv-bayern\/","name":"Landesverband der K\u00f6che Bayern","description":"Landesverband im Verband der K\u00f6che Deutschlands e.V.","potentialAction":[{"@type":"SearchAction","target":{"@type":"EntryPoint","urlTemplate":"https:\/\/www.vkd.com\/lv-bayern\/?s={search_term_string}"},"query-input":"required name=search_term_string"}],"inLanguage":"de"},{"@type":"Person","@id":"https:\/\/www.vkd.com\/lv-bayern\/#\/schema\/person\/19c4bb106ca4de98c60e2cb5ac7f572f","name":"Kostadinov Alexander","image":{"@type":"ImageObject","inLanguage":"de","@id":"https:\/\/www.vkd.com\/lv-bayern\/#\/schema\/person\/image\/","url":"https:\/\/secure.gravatar.com\/avatar\/b0cb85e5c215fe1114e6d2404492358d?s=96&d=mm&r=g","contentUrl":"https:\/\/secure.gravatar.com\/avatar\/b0cb85e5c215fe1114e6d2404492358d?s=96&d=mm&r=g","caption":"Kostadinov Alexander"},"url":"https:\/\/www.vkd.com\/lv-bayern\/news\/author\/gentscher-jungentscher-de\/"}]}},"_links":{"self":[{"href":"https:\/\/www.vkd.com\/lv-bayern\/wp-json\/wp\/v2\/posts\/2184"}],"collection":[{"href":"https:\/\/www.vkd.com\/lv-bayern\/wp-json\/wp\/v2\/posts"}],"about":[{"href":"https:\/\/www.vkd.com\/lv-bayern\/wp-json\/wp\/v2\/types\/post"}],"author":[{"embeddable":true,"href":"https:\/\/www.vkd.com\/lv-bayern\/wp-json\/wp\/v2\/users\/1955"}],"replies":[{"embeddable":true,"href":"https:\/\/www.vkd.com\/lv-bayern\/wp-json\/wp\/v2\/comments?post=2184"}],"version-history":[{"count":2,"href":"https:\/\/www.vkd.com\/lv-bayern\/wp-json\/wp\/v2\/posts\/2184\/revisions"}],"predecessor-version":[{"id":2187,"href":"https:\/\/www.vkd.com\/lv-bayern\/wp-json\/wp\/v2\/posts\/2184\/revisions\/2187"}],"wp:featuredmedia":[{"embeddable":true,"href":"https:\/\/www.vkd.com\/lv-bayern\/wp-json\/wp\/v2\/media\/2185"}],"wp:attachment":[{"href":"https:\/\/www.vkd.com\/lv-bayern\/wp-json\/wp\/v2\/media?parent=2184"}],"wp:term":[{"taxonomy":"category","embeddable":true,"href":"https:\/\/www.vkd.com\/lv-bayern\/wp-json\/wp\/v2\/categories?post=2184"},{"taxonomy":"post_tag","embeddable":true,"href":"https:\/\/www.vkd.com\/lv-bayern\/wp-json\/wp\/v2\/tags?post=2184"}],"curies":[{"name":"wp","href":"https:\/\/api.w.org\/{rel}","templated":true}]}}