{"id":2151,"date":"2026-02-25T13:27:23","date_gmt":"2026-02-25T12:27:23","guid":{"rendered":"https:\/\/www.vkd.com\/lv-bayern\/?p=2151"},"modified":"2026-02-25T13:27:23","modified_gmt":"2026-02-25T12:27:23","slug":"club-der-koeche-donau-ries-e-v","status":"publish","type":"post","link":"https:\/\/www.vkd.com\/lv-bayern\/news\/club-der-koeche-donau-ries-e-v\/","title":{"rendered":"Club der K\u00f6che Donau-Ries e. V."},"content":{"rendered":"<h2><strong>Club der K\u00f6che Donau-Ries e. V. startet mit traditionellem Fischessen ins Jubil\u00e4umsjahr<\/strong><\/h2>\n<p>Mit einem eindrucksvollen Auftakt ist der <strong>Club der K\u00f6che Donau-Ries e. V.<\/strong> in das Jahr 2026 gestartet, das zugleich das <strong>55. Jubil\u00e4umsjahr<\/strong> des Vereins markiert. Im <strong>Festsaal des Meerfr\u00e4uleins in Wemding<\/strong> versammelten sich zahlreiche Mitglieder und G\u00e4ste zu einem traditionellen Fischessen. Der voll besetzte Saal spiegelte das gro\u00dfe Interesse und die anhaltende Verbundenheit mit dem Verein wider.<\/p>\n<p>Moderiert wurde der Abend von <strong>Vorstand Josef Meyer<\/strong>, der die G\u00e4ste herzlich begr\u00fc\u00dfte und in seiner Ansprache die Entwicklung des Clubs, dessen Bedeutung f\u00fcr das regionale Kochhandwerk sowie die Rolle des Vereins als Plattform f\u00fcr fachlichen Austausch und Gemeinschaft betonte. Gerade im Jubil\u00e4umsjahr, so Meyer, gelte es, Traditionen zu bewahren und zugleich offen f\u00fcr neue Impulse zu bleiben.<\/p>\n<p>Im weiteren Verlauf stellte <strong>Schriftf\u00fchrer David Huse<\/strong> das Jahresprogramm 2026 vor. Neben kulinarischen Veranstaltungen und geselligen Treffen liegt der Fokus auch im Jubil\u00e4umsjahr auf dem pers\u00f6nlichen Austausch, der Pflege des beruflichen Netzwerks sowie der F\u00f6rderung des gastronomischen Nachwuchses.<\/p>\n<p>Ein besonderer H\u00f6hepunkt des Abends war die <strong>kulinarische Gestaltung<\/strong>, die handwerkliche Qualit\u00e4t und Kreativit\u00e4t vereinte. Die G\u00e4ste genossen einen <strong>Octopus-Salat mit bunter Paprika und Kirschtomaten<\/strong>, gefolgt von einer <strong>Auberginencreme-Suppe mit Eismeergarnelen<\/strong>. Als Hauptgang wurde ein <strong>Saltimbocca vom Skrei mit Salbei und Parmaschinken<\/strong>, begleitet von <strong>Fenchel-Oliven-Gem\u00fcse und cremiger Polenta<\/strong>, serviert. Den s\u00fc\u00dfen Abschluss bildete eine <strong>Panna Cotta mit Limoncello-Gel und hausgemachtem Amarettini-Eis<\/strong>. Die Speisenfolge unterstrich eindrucksvoll den Anspruch des Clubs, klassische K\u00fcche mit zeitgem\u00e4\u00dfen Akzenten zu verbinden.<\/p>\n<p>Neben dem offiziellen Programm nutzte der Verein die Gelegenheit, <strong>gezielt um neue Mitglieder zu werben<\/strong>. Dabei wurde die Bedeutung des kollegialen Miteinanders, des fachlichen Austauschs sowie der Nachwuchsf\u00f6rderung hervorgehoben. F\u00fcr das Jubil\u00e4umsjahr sind unter anderem ein <strong>Spargelessen<\/strong>, ein <strong>Herbstessen<\/strong> sowie ein <strong>Wildessen<\/strong> geplant. Ein besonderer H\u00f6hepunkt wird die <strong>Ehrung des Schutzpatrons der K\u00f6che, des heiligen Laurentius<\/strong>, am <strong>10. August 2026<\/strong> sein. Zu den Veranstaltungen sind <strong>auch Nichtmitglieder herzlich willkommen<\/strong>.<\/p>\n<p>Weitere Informationen zum Jahresprogramm sowie ein <strong>Mitgliedsantrag<\/strong> sind auf der Homepage des Vereins unter <strong>www.kochclub-donau-ries.com<\/strong> abrufbar.<\/p>\n<p>Mit dem gelungenen Auftakt im Festsaal des Meerfr\u00e4uleins hat der Club der K\u00f6che Donau-Ries e. V. eindrucksvoll gezeigt, dass er auch nach 55 Jahren ein lebendiger Treffpunkt f\u00fcr engagierte K\u00f6chinnen und K\u00f6che ist und das Jubil\u00e4umsjahr mit vielen weiteren H\u00f6hepunkten bereith\u00e4lt.<\/p>\n<p>&nbsp;<\/p>\n\n<div id=\"gallery-2163\" class=\"vkdgal-gallery-wrap gallery-grid \">\n    <div class=\"col-md-12\">\n        <div class=\"row\">\n            <div class=\"gal\" data-featherlight-gallery style=\"display: grid; grid-template-columns: repeat(3, 1fr); grid-column-gap: 10px;\">\n                                    <div class=\"item\">\n                        <a href=\"https:\/\/www.vkd.com\/lv-bayern\/wp-content\/uploads\/sites\/14\/2026\/02\/Hauptgang-768x1024.jpg\" title=\"Hauptgang\">\n                            <img class=\"img-full\" src=\"https:\/\/www.vkd.com\/lv-bayern\/wp-content\/uploads\/sites\/14\/2026\/02\/Hauptgang-768x1024.jpg\" title=\"Galerie bei Bild 1 \u00f6ffnen\" alt=\"Hauptgang\"\/>\n                        <\/a>\n                    <\/div>\n                                    <div class=\"item\">\n                        <a href=\"https:\/\/www.vkd.com\/lv-bayern\/wp-content\/uploads\/sites\/14\/2026\/02\/Dessert-768x1024.jpg\" title=\"Dessert\">\n                            <img class=\"img-full\" src=\"https:\/\/www.vkd.com\/lv-bayern\/wp-content\/uploads\/sites\/14\/2026\/02\/Dessert-768x1024.jpg\" title=\"Galerie bei Bild 2 \u00f6ffnen\" alt=\"Dessert\"\/>\n                        <\/a>\n                    <\/div>\n                                    <div class=\"item\">\n                        <a href=\"https:\/\/www.vkd.com\/lv-bayern\/wp-content\/uploads\/sites\/14\/2026\/02\/Auberginensuppe-768x1024.jpg\" title=\"Auberginensuppe\">\n                            <img class=\"img-full\" src=\"https:\/\/www.vkd.com\/lv-bayern\/wp-content\/uploads\/sites\/14\/2026\/02\/Auberginensuppe-768x1024.jpg\" title=\"Galerie bei Bild 3 \u00f6ffnen\" alt=\"Auberginensuppe\"\/>\n                        <\/a>\n                    <\/div>\n                                    <div class=\"item\">\n                        <a href=\"https:\/\/www.vkd.com\/lv-bayern\/wp-content\/uploads\/sites\/14\/2026\/02\/Zutaten-640x1024.jpeg\" title=\"Zutaten\">\n                            <img class=\"img-full\" src=\"https:\/\/www.vkd.com\/lv-bayern\/wp-content\/uploads\/sites\/14\/2026\/02\/Zutaten-640x1024.jpeg\" title=\"Galerie bei Bild 4 \u00f6ffnen\" alt=\"Zutaten\"\/>\n                        <\/a>\n                    <\/div>\n                                    <div class=\"item\">\n                        <a href=\"https:\/\/www.vkd.com\/lv-bayern\/wp-content\/uploads\/sites\/14\/2026\/02\/Vorstand-1024x683.jpg\" title=\"Vorstand\">\n                            <img class=\"img-full\" src=\"https:\/\/www.vkd.com\/lv-bayern\/wp-content\/uploads\/sites\/14\/2026\/02\/Vorstand-1024x683.jpg\" title=\"Galerie bei Bild 5 \u00f6ffnen\" alt=\"Vorstand\"\/>\n                        <\/a>\n                    <\/div>\n                                    <div class=\"item\">\n                        <a href=\"https:\/\/www.vkd.com\/lv-bayern\/wp-content\/uploads\/sites\/14\/2026\/02\/Vorspeise-Vorbereitung-768x1024.jpg\" title=\"Vorspeise Vorbereitung\">\n                            <img class=\"img-full\" src=\"https:\/\/www.vkd.com\/lv-bayern\/wp-content\/uploads\/sites\/14\/2026\/02\/Vorspeise-Vorbereitung-768x1024.jpg\" title=\"Galerie bei Bild 6 \u00f6ffnen\" alt=\"Vorspeise Vorbereitung\"\/>\n                        <\/a>\n                    <\/div>\n                                    <div class=\"item\">\n                        <a href=\"https:\/\/www.vkd.com\/lv-bayern\/wp-content\/uploads\/sites\/14\/2026\/02\/Vorspeise-1-768x1024.jpg\" title=\"Vorspeise 1\">\n                            <img class=\"img-full\" src=\"https:\/\/www.vkd.com\/lv-bayern\/wp-content\/uploads\/sites\/14\/2026\/02\/Vorspeise-1-768x1024.jpg\" title=\"Galerie bei Bild 7 \u00f6ffnen\" alt=\"Vorspeise 1\"\/>\n                        <\/a>\n                    <\/div>\n                                    <div class=\"item\">\n                        <a href=\"https:\/\/www.vkd.com\/lv-bayern\/wp-content\/uploads\/sites\/14\/2026\/02\/Speisekarte-768x1024.jpg\" title=\"Speisekarte\">\n                            <img class=\"img-full\" src=\"https:\/\/www.vkd.com\/lv-bayern\/wp-content\/uploads\/sites\/14\/2026\/02\/Speisekarte-768x1024.jpg\" title=\"Galerie bei Bild 8 \u00f6ffnen\" alt=\"Speisekarte\"\/>\n                        <\/a>\n                    <\/div>\n                                    <div class=\"item\">\n                        <a href=\"https:\/\/www.vkd.com\/lv-bayern\/wp-content\/uploads\/sites\/14\/2026\/02\/Saltimbocca-vom-Skrei-1-512x1024.jpg\" title=\"Saltimbocca Vom Skrei 1\">\n                            <img class=\"img-full\" src=\"https:\/\/www.vkd.com\/lv-bayern\/wp-content\/uploads\/sites\/14\/2026\/02\/Saltimbocca-vom-Skrei-1-512x1024.jpg\" title=\"Galerie bei Bild 9 \u00f6ffnen\" alt=\"Saltimbocca Vom Skrei 1\"\/>\n                        <\/a>\n                    <\/div>\n                                    <div class=\"item\">\n                        <a href=\"https:\/\/www.vkd.com\/lv-bayern\/wp-content\/uploads\/sites\/14\/2026\/02\/Oktopusssalat-768x1024.jpg\" title=\"Oktopusssalat\">\n                            <img class=\"img-full\" src=\"https:\/\/www.vkd.com\/lv-bayern\/wp-content\/uploads\/sites\/14\/2026\/02\/Oktopusssalat-768x1024.jpg\" title=\"Galerie bei Bild 10 \u00f6ffnen\" alt=\"Oktopusssalat\"\/>\n                        <\/a>\n                    <\/div>\n                            <\/div>\n        <\/div>\n    <\/div>\n<\/div>\n\n\n<p>&nbsp;<\/p>\n","protected":false},"excerpt":{"rendered":"<p>Club der K\u00f6che Donau-Ries e. V. startet mit traditionellem Fischessen ins Jubil\u00e4umsjahr Mit einem eindrucksvollen Auftakt ist der Club der K\u00f6che Donau-Ries e. V. in das Jahr 2026 gestartet, das zugleich das 55. Jubil\u00e4umsjahr des Vereins markiert. Im Festsaal des Meerfr\u00e4uleins in Wemding versammelten sich zahlreiche Mitglieder und G\u00e4ste zu einem traditionellen Fischessen. Der voll&#8230;<\/p>\n","protected":false},"author":1955,"featured_media":708,"comment_status":"closed","ping_status":"open","sticky":false,"template":"","format":"standard","meta":[],"categories":[1],"tags":[],"yoast_head":"<!-- This site is optimized with the Yoast SEO plugin v20.0 - https:\/\/yoast.com\/wordpress\/plugins\/seo\/ -->\n<title>Club der K\u00f6che Donau-Ries e. V. - Landesverband der K\u00f6che Bayern<\/title>\n<meta name=\"robots\" content=\"noindex, follow, max-snippet:-1, max-image-preview:large, max-video-preview:-1\" \/>\n<meta property=\"og:locale\" content=\"de_DE\" \/>\n<meta property=\"og:type\" content=\"article\" \/>\n<meta property=\"og:title\" content=\"Club der K\u00f6che Donau-Ries e. V. - Landesverband der K\u00f6che Bayern\" \/>\n<meta property=\"og:description\" content=\"Club der K\u00f6che Donau-Ries e. V. startet mit traditionellem Fischessen ins Jubil\u00e4umsjahr Mit einem eindrucksvollen Auftakt ist der Club der K\u00f6che Donau-Ries e. V. in das Jahr 2026 gestartet, das zugleich das 55. Jubil\u00e4umsjahr des Vereins markiert. Im Festsaal des Meerfr\u00e4uleins in Wemding versammelten sich zahlreiche Mitglieder und G\u00e4ste zu einem traditionellen Fischessen. Der voll...\" \/>\n<meta property=\"og:url\" content=\"https:\/\/www.vkd.com\/lv-bayern\/news\/club-der-koeche-donau-ries-e-v\/\" \/>\n<meta property=\"og:site_name\" content=\"Landesverband der K\u00f6che Bayern\" \/>\n<meta property=\"article:published_time\" content=\"2026-02-25T12:27:23+00:00\" \/>\n<meta property=\"og:image\" content=\"https:\/\/www.vkd.com\/lv-bayern\/wp-content\/uploads\/sites\/14\/2024\/08\/logo-1.jpg\" \/>\n\t<meta property=\"og:image:width\" content=\"273\" \/>\n\t<meta property=\"og:image:height\" content=\"232\" \/>\n\t<meta property=\"og:image:type\" content=\"image\/jpeg\" \/>\n<meta name=\"author\" content=\"Kostadinov Alexander\" \/>\n<meta name=\"twitter:card\" content=\"summary_large_image\" \/>\n<meta name=\"twitter:label1\" content=\"Verfasst von\" \/>\n\t<meta name=\"twitter:data1\" content=\"Kostadinov Alexander\" \/>\n\t<meta name=\"twitter:label2\" content=\"Gesch\u00e4tzte Lesezeit\" \/>\n\t<meta name=\"twitter:data2\" content=\"3\u00a0Minuten\" \/>\n<script type=\"application\/ld+json\" class=\"yoast-schema-graph\">{\"@context\":\"https:\/\/schema.org\",\"@graph\":[{\"@type\":\"WebPage\",\"@id\":\"https:\/\/www.vkd.com\/lv-bayern\/news\/club-der-koeche-donau-ries-e-v\/\",\"url\":\"https:\/\/www.vkd.com\/lv-bayern\/news\/club-der-koeche-donau-ries-e-v\/\",\"name\":\"Club der K\u00f6che Donau-Ries e. V. - Landesverband der K\u00f6che Bayern\",\"isPartOf\":{\"@id\":\"https:\/\/www.vkd.com\/lv-bayern\/#website\"},\"datePublished\":\"2026-02-25T12:27:23+00:00\",\"dateModified\":\"2026-02-25T12:27:23+00:00\",\"author\":{\"@id\":\"https:\/\/www.vkd.com\/lv-bayern\/#\/schema\/person\/19c4bb106ca4de98c60e2cb5ac7f572f\"},\"breadcrumb\":{\"@id\":\"https:\/\/www.vkd.com\/lv-bayern\/news\/club-der-koeche-donau-ries-e-v\/#breadcrumb\"},\"inLanguage\":\"de\",\"potentialAction\":[{\"@type\":\"ReadAction\",\"target\":[\"https:\/\/www.vkd.com\/lv-bayern\/news\/club-der-koeche-donau-ries-e-v\/\"]}]},{\"@type\":\"BreadcrumbList\",\"@id\":\"https:\/\/www.vkd.com\/lv-bayern\/news\/club-der-koeche-donau-ries-e-v\/#breadcrumb\",\"itemListElement\":[{\"@type\":\"ListItem\",\"position\":1,\"name\":\"Startseite\",\"item\":\"https:\/\/www.vkd.com\/lv-bayern\/\"},{\"@type\":\"ListItem\",\"position\":2,\"name\":\"Club der K\u00f6che Donau-Ries e. V.\"}]},{\"@type\":\"WebSite\",\"@id\":\"https:\/\/www.vkd.com\/lv-bayern\/#website\",\"url\":\"https:\/\/www.vkd.com\/lv-bayern\/\",\"name\":\"Landesverband der K\u00f6che Bayern\",\"description\":\"Landesverband im Verband der K\u00f6che Deutschlands e.V.\",\"potentialAction\":[{\"@type\":\"SearchAction\",\"target\":{\"@type\":\"EntryPoint\",\"urlTemplate\":\"https:\/\/www.vkd.com\/lv-bayern\/?s={search_term_string}\"},\"query-input\":\"required name=search_term_string\"}],\"inLanguage\":\"de\"},{\"@type\":\"Person\",\"@id\":\"https:\/\/www.vkd.com\/lv-bayern\/#\/schema\/person\/19c4bb106ca4de98c60e2cb5ac7f572f\",\"name\":\"Kostadinov Alexander\",\"image\":{\"@type\":\"ImageObject\",\"inLanguage\":\"de\",\"@id\":\"https:\/\/www.vkd.com\/lv-bayern\/#\/schema\/person\/image\/\",\"url\":\"https:\/\/secure.gravatar.com\/avatar\/b0cb85e5c215fe1114e6d2404492358d?s=96&d=mm&r=g\",\"contentUrl\":\"https:\/\/secure.gravatar.com\/avatar\/b0cb85e5c215fe1114e6d2404492358d?s=96&d=mm&r=g\",\"caption\":\"Kostadinov Alexander\"},\"url\":\"https:\/\/www.vkd.com\/lv-bayern\/news\/author\/gentscher-jungentscher-de\/\"}]}<\/script>\n<!-- \/ Yoast SEO plugin. -->","yoast_head_json":{"title":"Club der K\u00f6che Donau-Ries e. V. - Landesverband der K\u00f6che Bayern","robots":{"index":"noindex","follow":"follow","max-snippet":"max-snippet:-1","max-image-preview":"max-image-preview:large","max-video-preview":"max-video-preview:-1"},"og_locale":"de_DE","og_type":"article","og_title":"Club der K\u00f6che Donau-Ries e. V. - Landesverband der K\u00f6che Bayern","og_description":"Club der K\u00f6che Donau-Ries e. V. startet mit traditionellem Fischessen ins Jubil\u00e4umsjahr Mit einem eindrucksvollen Auftakt ist der Club der K\u00f6che Donau-Ries e. V. in das Jahr 2026 gestartet, das zugleich das 55. Jubil\u00e4umsjahr des Vereins markiert. Im Festsaal des Meerfr\u00e4uleins in Wemding versammelten sich zahlreiche Mitglieder und G\u00e4ste zu einem traditionellen Fischessen. Der voll...","og_url":"https:\/\/www.vkd.com\/lv-bayern\/news\/club-der-koeche-donau-ries-e-v\/","og_site_name":"Landesverband der K\u00f6che Bayern","article_published_time":"2026-02-25T12:27:23+00:00","og_image":[{"width":273,"height":232,"url":"https:\/\/www.vkd.com\/lv-bayern\/wp-content\/uploads\/sites\/14\/2024\/08\/logo-1.jpg","type":"image\/jpeg"}],"author":"Kostadinov Alexander","twitter_card":"summary_large_image","twitter_misc":{"Verfasst von":"Kostadinov Alexander","Gesch\u00e4tzte Lesezeit":"3\u00a0Minuten"},"schema":{"@context":"https:\/\/schema.org","@graph":[{"@type":"WebPage","@id":"https:\/\/www.vkd.com\/lv-bayern\/news\/club-der-koeche-donau-ries-e-v\/","url":"https:\/\/www.vkd.com\/lv-bayern\/news\/club-der-koeche-donau-ries-e-v\/","name":"Club der K\u00f6che Donau-Ries e. V. - Landesverband der K\u00f6che Bayern","isPartOf":{"@id":"https:\/\/www.vkd.com\/lv-bayern\/#website"},"datePublished":"2026-02-25T12:27:23+00:00","dateModified":"2026-02-25T12:27:23+00:00","author":{"@id":"https:\/\/www.vkd.com\/lv-bayern\/#\/schema\/person\/19c4bb106ca4de98c60e2cb5ac7f572f"},"breadcrumb":{"@id":"https:\/\/www.vkd.com\/lv-bayern\/news\/club-der-koeche-donau-ries-e-v\/#breadcrumb"},"inLanguage":"de","potentialAction":[{"@type":"ReadAction","target":["https:\/\/www.vkd.com\/lv-bayern\/news\/club-der-koeche-donau-ries-e-v\/"]}]},{"@type":"BreadcrumbList","@id":"https:\/\/www.vkd.com\/lv-bayern\/news\/club-der-koeche-donau-ries-e-v\/#breadcrumb","itemListElement":[{"@type":"ListItem","position":1,"name":"Startseite","item":"https:\/\/www.vkd.com\/lv-bayern\/"},{"@type":"ListItem","position":2,"name":"Club der K\u00f6che Donau-Ries e. V."}]},{"@type":"WebSite","@id":"https:\/\/www.vkd.com\/lv-bayern\/#website","url":"https:\/\/www.vkd.com\/lv-bayern\/","name":"Landesverband der K\u00f6che Bayern","description":"Landesverband im Verband der K\u00f6che Deutschlands e.V.","potentialAction":[{"@type":"SearchAction","target":{"@type":"EntryPoint","urlTemplate":"https:\/\/www.vkd.com\/lv-bayern\/?s={search_term_string}"},"query-input":"required name=search_term_string"}],"inLanguage":"de"},{"@type":"Person","@id":"https:\/\/www.vkd.com\/lv-bayern\/#\/schema\/person\/19c4bb106ca4de98c60e2cb5ac7f572f","name":"Kostadinov Alexander","image":{"@type":"ImageObject","inLanguage":"de","@id":"https:\/\/www.vkd.com\/lv-bayern\/#\/schema\/person\/image\/","url":"https:\/\/secure.gravatar.com\/avatar\/b0cb85e5c215fe1114e6d2404492358d?s=96&d=mm&r=g","contentUrl":"https:\/\/secure.gravatar.com\/avatar\/b0cb85e5c215fe1114e6d2404492358d?s=96&d=mm&r=g","caption":"Kostadinov Alexander"},"url":"https:\/\/www.vkd.com\/lv-bayern\/news\/author\/gentscher-jungentscher-de\/"}]}},"_links":{"self":[{"href":"https:\/\/www.vkd.com\/lv-bayern\/wp-json\/wp\/v2\/posts\/2151"}],"collection":[{"href":"https:\/\/www.vkd.com\/lv-bayern\/wp-json\/wp\/v2\/posts"}],"about":[{"href":"https:\/\/www.vkd.com\/lv-bayern\/wp-json\/wp\/v2\/types\/post"}],"author":[{"embeddable":true,"href":"https:\/\/www.vkd.com\/lv-bayern\/wp-json\/wp\/v2\/users\/1955"}],"replies":[{"embeddable":true,"href":"https:\/\/www.vkd.com\/lv-bayern\/wp-json\/wp\/v2\/comments?post=2151"}],"version-history":[{"count":2,"href":"https:\/\/www.vkd.com\/lv-bayern\/wp-json\/wp\/v2\/posts\/2151\/revisions"}],"predecessor-version":[{"id":2165,"href":"https:\/\/www.vkd.com\/lv-bayern\/wp-json\/wp\/v2\/posts\/2151\/revisions\/2165"}],"wp:featuredmedia":[{"embeddable":true,"href":"https:\/\/www.vkd.com\/lv-bayern\/wp-json\/wp\/v2\/media\/708"}],"wp:attachment":[{"href":"https:\/\/www.vkd.com\/lv-bayern\/wp-json\/wp\/v2\/media?parent=2151"}],"wp:term":[{"taxonomy":"category","embeddable":true,"href":"https:\/\/www.vkd.com\/lv-bayern\/wp-json\/wp\/v2\/categories?post=2151"},{"taxonomy":"post_tag","embeddable":true,"href":"https:\/\/www.vkd.com\/lv-bayern\/wp-json\/wp\/v2\/tags?post=2151"}],"curies":[{"name":"wp","href":"https:\/\/api.w.org\/{rel}","templated":true}]}}