{"id":2146,"date":"2026-03-06T00:01:14","date_gmt":"2026-03-05T23:01:14","guid":{"rendered":"https:\/\/www.vkd.com\/lv-bayern\/?p=2146"},"modified":"2026-02-24T12:32:58","modified_gmt":"2026-02-24T11:32:58","slug":"%f0%9f%8e%89-herzlichen-glueckwunsch-zum-90-geburtstag-%f0%9f%8e%89","status":"publish","type":"post","link":"https:\/\/www.vkd.com\/lv-bayern\/news\/%f0%9f%8e%89-herzlichen-glueckwunsch-zum-90-geburtstag-%f0%9f%8e%89\/","title":{"rendered":"Herzlichen Gl\u00fcckwunsch zum 90. Geburtstag!"},"content":{"rendered":"<p data-start=\"99\" data-end=\"185\">Am <strong data-start=\"102\" data-end=\"113\">6. M\u00e4rz<\/strong> feiert <strong data-start=\"121\" data-end=\"162\"><span class=\"hover:entity-accent entity-underline inline cursor-pointer align-baseline\"><span class=\"whitespace-normal\">Rainer Ehrenschneider<\/span><\/span><\/strong> seinen 90. Geburtstag!<\/p>\n<p data-start=\"187\" data-end=\"404\">Neun Jahrzehnte voller Engagement, Einsatz und wertvoller Spuren, die er hinterlassen hat. Ein 90. Geburtstag ist ein ganz besonderer Meilenstein \u2013 und ein wunderbarer Anlass, Dankbarkeit und Anerkennung auszudr\u00fccken.<\/p>\n<p data-start=\"406\" data-end=\"508\">Wir m\u00f6chten diesen Ehrentag nutzen, um von Herzen zu gratulieren und unsere Wertsch\u00e4tzung zu zeigen.<\/p>\n<p data-start=\"510\" data-end=\"596\">Lieber Rainer, alles Gute, Gesundheit, Freude und weiterhin viele sch\u00f6ne Momente!<\/p>\n<p data-start=\"598\" data-end=\"662\">Dein Landesverband der K\u00f6che Bayern<\/p>\n","protected":false},"excerpt":{"rendered":"<p>Am 6. M\u00e4rz feiert Rainer Ehrenschneider seinen 90. Geburtstag! Neun Jahrzehnte voller Engagement, Einsatz und wertvoller Spuren, die er hinterlassen hat. Ein 90. Geburtstag ist ein ganz besonderer Meilenstein \u2013 und ein wunderbarer Anlass, Dankbarkeit und Anerkennung auszudr\u00fccken. Wir m\u00f6chten diesen Ehrentag nutzen, um von Herzen zu gratulieren und unsere Wertsch\u00e4tzung zu zeigen. Lieber Rainer,&#8230;<\/p>\n","protected":false},"author":1955,"featured_media":2147,"comment_status":"closed","ping_status":"open","sticky":false,"template":"","format":"standard","meta":[],"categories":[1],"tags":[23,5,7,19,11],"yoast_head":"<!-- This site is optimized with the Yoast SEO plugin v20.0 - https:\/\/yoast.com\/wordpress\/plugins\/seo\/ -->\n<title>Herzlichen Gl\u00fcckwunsch zum 90. Geburtstag! - Landesverband der K\u00f6che Bayern<\/title>\n<meta name=\"robots\" content=\"noindex, follow, max-snippet:-1, max-image-preview:large, max-video-preview:-1\" \/>\n<meta property=\"og:locale\" content=\"de_DE\" \/>\n<meta property=\"og:type\" content=\"article\" \/>\n<meta property=\"og:title\" content=\"Herzlichen Gl\u00fcckwunsch zum 90. Geburtstag! - Landesverband der K\u00f6che Bayern\" \/>\n<meta property=\"og:description\" content=\"Am 6. M\u00e4rz feiert Rainer Ehrenschneider seinen 90. Geburtstag! Neun Jahrzehnte voller Engagement, Einsatz und wertvoller Spuren, die er hinterlassen hat. Ein 90. Geburtstag ist ein ganz besonderer Meilenstein \u2013 und ein wunderbarer Anlass, Dankbarkeit und Anerkennung auszudr\u00fccken. Wir m\u00f6chten diesen Ehrentag nutzen, um von Herzen zu gratulieren und unsere Wertsch\u00e4tzung zu zeigen. Lieber Rainer,...\" \/>\n<meta property=\"og:url\" content=\"https:\/\/www.vkd.com\/lv-bayern\/news\/\ud83c\udf89-herzlichen-glueckwunsch-zum-90-geburtstag-\ud83c\udf89\/\" \/>\n<meta property=\"og:site_name\" content=\"Landesverband der K\u00f6che Bayern\" \/>\n<meta property=\"article:published_time\" content=\"2026-03-05T23:01:14+00:00\" \/>\n<meta property=\"article:modified_time\" content=\"2026-02-24T11:32:58+00:00\" \/>\n<meta property=\"og:image\" content=\"https:\/\/www.vkd.com\/lv-bayern\/wp-content\/uploads\/sites\/14\/2026\/02\/486598448_2119583035177512_6982210655374860323_n.jpg\" \/>\n\t<meta property=\"og:image:width\" content=\"906\" \/>\n\t<meta property=\"og:image:height\" content=\"906\" \/>\n\t<meta property=\"og:image:type\" content=\"image\/jpeg\" \/>\n<meta name=\"author\" content=\"Kostadinov Alexander\" \/>\n<meta name=\"twitter:card\" content=\"summary_large_image\" \/>\n<meta name=\"twitter:label1\" content=\"Verfasst von\" \/>\n\t<meta name=\"twitter:data1\" content=\"Kostadinov Alexander\" \/>\n\t<meta name=\"twitter:label2\" content=\"Gesch\u00e4tzte Lesezeit\" \/>\n\t<meta name=\"twitter:data2\" content=\"1\u00a0Minute\" \/>\n<script type=\"application\/ld+json\" class=\"yoast-schema-graph\">{\"@context\":\"https:\/\/schema.org\",\"@graph\":[{\"@type\":\"WebPage\",\"@id\":\"https:\/\/www.vkd.com\/lv-bayern\/news\/%f0%9f%8e%89-herzlichen-glueckwunsch-zum-90-geburtstag-%f0%9f%8e%89\/\",\"url\":\"https:\/\/www.vkd.com\/lv-bayern\/news\/%f0%9f%8e%89-herzlichen-glueckwunsch-zum-90-geburtstag-%f0%9f%8e%89\/\",\"name\":\"Herzlichen Gl\u00fcckwunsch zum 90. Geburtstag! - Landesverband der K\u00f6che Bayern\",\"isPartOf\":{\"@id\":\"https:\/\/www.vkd.com\/lv-bayern\/#website\"},\"datePublished\":\"2026-03-05T23:01:14+00:00\",\"dateModified\":\"2026-02-24T11:32:58+00:00\",\"author\":{\"@id\":\"https:\/\/www.vkd.com\/lv-bayern\/#\/schema\/person\/19c4bb106ca4de98c60e2cb5ac7f572f\"},\"breadcrumb\":{\"@id\":\"https:\/\/www.vkd.com\/lv-bayern\/news\/%f0%9f%8e%89-herzlichen-glueckwunsch-zum-90-geburtstag-%f0%9f%8e%89\/#breadcrumb\"},\"inLanguage\":\"de\",\"potentialAction\":[{\"@type\":\"ReadAction\",\"target\":[\"https:\/\/www.vkd.com\/lv-bayern\/news\/%f0%9f%8e%89-herzlichen-glueckwunsch-zum-90-geburtstag-%f0%9f%8e%89\/\"]}]},{\"@type\":\"BreadcrumbList\",\"@id\":\"https:\/\/www.vkd.com\/lv-bayern\/news\/%f0%9f%8e%89-herzlichen-glueckwunsch-zum-90-geburtstag-%f0%9f%8e%89\/#breadcrumb\",\"itemListElement\":[{\"@type\":\"ListItem\",\"position\":1,\"name\":\"Startseite\",\"item\":\"https:\/\/www.vkd.com\/lv-bayern\/\"},{\"@type\":\"ListItem\",\"position\":2,\"name\":\"Herzlichen Gl\u00fcckwunsch zum 90. Geburtstag!\"}]},{\"@type\":\"WebSite\",\"@id\":\"https:\/\/www.vkd.com\/lv-bayern\/#website\",\"url\":\"https:\/\/www.vkd.com\/lv-bayern\/\",\"name\":\"Landesverband der K\u00f6che Bayern\",\"description\":\"Landesverband im Verband der K\u00f6che Deutschlands e.V.\",\"potentialAction\":[{\"@type\":\"SearchAction\",\"target\":{\"@type\":\"EntryPoint\",\"urlTemplate\":\"https:\/\/www.vkd.com\/lv-bayern\/?s={search_term_string}\"},\"query-input\":\"required name=search_term_string\"}],\"inLanguage\":\"de\"},{\"@type\":\"Person\",\"@id\":\"https:\/\/www.vkd.com\/lv-bayern\/#\/schema\/person\/19c4bb106ca4de98c60e2cb5ac7f572f\",\"name\":\"Kostadinov Alexander\",\"image\":{\"@type\":\"ImageObject\",\"inLanguage\":\"de\",\"@id\":\"https:\/\/www.vkd.com\/lv-bayern\/#\/schema\/person\/image\/\",\"url\":\"https:\/\/secure.gravatar.com\/avatar\/b0cb85e5c215fe1114e6d2404492358d?s=96&d=mm&r=g\",\"contentUrl\":\"https:\/\/secure.gravatar.com\/avatar\/b0cb85e5c215fe1114e6d2404492358d?s=96&d=mm&r=g\",\"caption\":\"Kostadinov Alexander\"},\"url\":\"https:\/\/www.vkd.com\/lv-bayern\/news\/author\/gentscher-jungentscher-de\/\"}]}<\/script>\n<!-- \/ Yoast SEO plugin. -->","yoast_head_json":{"title":"Herzlichen Gl\u00fcckwunsch zum 90. Geburtstag! - Landesverband der K\u00f6che Bayern","robots":{"index":"noindex","follow":"follow","max-snippet":"max-snippet:-1","max-image-preview":"max-image-preview:large","max-video-preview":"max-video-preview:-1"},"og_locale":"de_DE","og_type":"article","og_title":"Herzlichen Gl\u00fcckwunsch zum 90. Geburtstag! - Landesverband der K\u00f6che Bayern","og_description":"Am 6. M\u00e4rz feiert Rainer Ehrenschneider seinen 90. Geburtstag! Neun Jahrzehnte voller Engagement, Einsatz und wertvoller Spuren, die er hinterlassen hat. Ein 90. Geburtstag ist ein ganz besonderer Meilenstein \u2013 und ein wunderbarer Anlass, Dankbarkeit und Anerkennung auszudr\u00fccken. Wir m\u00f6chten diesen Ehrentag nutzen, um von Herzen zu gratulieren und unsere Wertsch\u00e4tzung zu zeigen. Lieber Rainer,...","og_url":"https:\/\/www.vkd.com\/lv-bayern\/news\/\ud83c\udf89-herzlichen-glueckwunsch-zum-90-geburtstag-\ud83c\udf89\/","og_site_name":"Landesverband der K\u00f6che Bayern","article_published_time":"2026-03-05T23:01:14+00:00","article_modified_time":"2026-02-24T11:32:58+00:00","og_image":[{"width":906,"height":906,"url":"https:\/\/www.vkd.com\/lv-bayern\/wp-content\/uploads\/sites\/14\/2026\/02\/486598448_2119583035177512_6982210655374860323_n.jpg","type":"image\/jpeg"}],"author":"Kostadinov Alexander","twitter_card":"summary_large_image","twitter_misc":{"Verfasst von":"Kostadinov Alexander","Gesch\u00e4tzte Lesezeit":"1\u00a0Minute"},"schema":{"@context":"https:\/\/schema.org","@graph":[{"@type":"WebPage","@id":"https:\/\/www.vkd.com\/lv-bayern\/news\/%f0%9f%8e%89-herzlichen-glueckwunsch-zum-90-geburtstag-%f0%9f%8e%89\/","url":"https:\/\/www.vkd.com\/lv-bayern\/news\/%f0%9f%8e%89-herzlichen-glueckwunsch-zum-90-geburtstag-%f0%9f%8e%89\/","name":"Herzlichen Gl\u00fcckwunsch zum 90. Geburtstag! - Landesverband der K\u00f6che Bayern","isPartOf":{"@id":"https:\/\/www.vkd.com\/lv-bayern\/#website"},"datePublished":"2026-03-05T23:01:14+00:00","dateModified":"2026-02-24T11:32:58+00:00","author":{"@id":"https:\/\/www.vkd.com\/lv-bayern\/#\/schema\/person\/19c4bb106ca4de98c60e2cb5ac7f572f"},"breadcrumb":{"@id":"https:\/\/www.vkd.com\/lv-bayern\/news\/%f0%9f%8e%89-herzlichen-glueckwunsch-zum-90-geburtstag-%f0%9f%8e%89\/#breadcrumb"},"inLanguage":"de","potentialAction":[{"@type":"ReadAction","target":["https:\/\/www.vkd.com\/lv-bayern\/news\/%f0%9f%8e%89-herzlichen-glueckwunsch-zum-90-geburtstag-%f0%9f%8e%89\/"]}]},{"@type":"BreadcrumbList","@id":"https:\/\/www.vkd.com\/lv-bayern\/news\/%f0%9f%8e%89-herzlichen-glueckwunsch-zum-90-geburtstag-%f0%9f%8e%89\/#breadcrumb","itemListElement":[{"@type":"ListItem","position":1,"name":"Startseite","item":"https:\/\/www.vkd.com\/lv-bayern\/"},{"@type":"ListItem","position":2,"name":"Herzlichen Gl\u00fcckwunsch zum 90. Geburtstag!"}]},{"@type":"WebSite","@id":"https:\/\/www.vkd.com\/lv-bayern\/#website","url":"https:\/\/www.vkd.com\/lv-bayern\/","name":"Landesverband der K\u00f6che Bayern","description":"Landesverband im Verband der K\u00f6che Deutschlands e.V.","potentialAction":[{"@type":"SearchAction","target":{"@type":"EntryPoint","urlTemplate":"https:\/\/www.vkd.com\/lv-bayern\/?s={search_term_string}"},"query-input":"required name=search_term_string"}],"inLanguage":"de"},{"@type":"Person","@id":"https:\/\/www.vkd.com\/lv-bayern\/#\/schema\/person\/19c4bb106ca4de98c60e2cb5ac7f572f","name":"Kostadinov Alexander","image":{"@type":"ImageObject","inLanguage":"de","@id":"https:\/\/www.vkd.com\/lv-bayern\/#\/schema\/person\/image\/","url":"https:\/\/secure.gravatar.com\/avatar\/b0cb85e5c215fe1114e6d2404492358d?s=96&d=mm&r=g","contentUrl":"https:\/\/secure.gravatar.com\/avatar\/b0cb85e5c215fe1114e6d2404492358d?s=96&d=mm&r=g","caption":"Kostadinov Alexander"},"url":"https:\/\/www.vkd.com\/lv-bayern\/news\/author\/gentscher-jungentscher-de\/"}]}},"_links":{"self":[{"href":"https:\/\/www.vkd.com\/lv-bayern\/wp-json\/wp\/v2\/posts\/2146"}],"collection":[{"href":"https:\/\/www.vkd.com\/lv-bayern\/wp-json\/wp\/v2\/posts"}],"about":[{"href":"https:\/\/www.vkd.com\/lv-bayern\/wp-json\/wp\/v2\/types\/post"}],"author":[{"embeddable":true,"href":"https:\/\/www.vkd.com\/lv-bayern\/wp-json\/wp\/v2\/users\/1955"}],"replies":[{"embeddable":true,"href":"https:\/\/www.vkd.com\/lv-bayern\/wp-json\/wp\/v2\/comments?post=2146"}],"version-history":[{"count":3,"href":"https:\/\/www.vkd.com\/lv-bayern\/wp-json\/wp\/v2\/posts\/2146\/revisions"}],"predecessor-version":[{"id":2149,"href":"https:\/\/www.vkd.com\/lv-bayern\/wp-json\/wp\/v2\/posts\/2146\/revisions\/2149"}],"wp:featuredmedia":[{"embeddable":true,"href":"https:\/\/www.vkd.com\/lv-bayern\/wp-json\/wp\/v2\/media\/2147"}],"wp:attachment":[{"href":"https:\/\/www.vkd.com\/lv-bayern\/wp-json\/wp\/v2\/media?parent=2146"}],"wp:term":[{"taxonomy":"category","embeddable":true,"href":"https:\/\/www.vkd.com\/lv-bayern\/wp-json\/wp\/v2\/categories?post=2146"},{"taxonomy":"post_tag","embeddable":true,"href":"https:\/\/www.vkd.com\/lv-bayern\/wp-json\/wp\/v2\/tags?post=2146"}],"curies":[{"name":"wp","href":"https:\/\/api.w.org\/{rel}","templated":true}]}}