{"id":2137,"date":"2026-02-16T14:07:27","date_gmt":"2026-02-16T13:07:27","guid":{"rendered":"https:\/\/www.vkd.com\/lv-bayern\/?p=2137"},"modified":"2026-02-16T14:07:41","modified_gmt":"2026-02-16T13:07:41","slug":"ika2028-gaensehaut-garantiert","status":"publish","type":"post","link":"https:\/\/www.vkd.com\/lv-bayern\/news\/ika2028-gaensehaut-garantiert\/","title":{"rendered":"#IKA2028: G\u00e4nsehaut garantiert"},"content":{"rendered":"<div class=\"custom-except\">\n<blockquote><p>Vor zwei Jahren wurde die letzte IKA er\u00f6ffnet \u2013 heute geben wir das Datum f\u00fcr die n\u00e4chste bekannt. Die 27. IKA\/Olympiade der K\u00f6che findet vom 11. bis 16. Februar 2028 in Stuttgart statt.<\/p><\/blockquote>\n<\/div>\n<p><span data-contrast=\"auto\">Save\u00a0the\u00a0Date! Der Verband der K\u00f6che Deutschlands freut sich auf die 27.\u00a0<a href=\"https:\/\/www.olympiade-der-koeche.com\/\" target=\"_blank\" rel=\"noopener\">IKA\/Olympiade der K\u00f6che<\/a>, die vom 11. bis 16. Februar 2028 in Stuttgart stattfinden wird. Heute vor genau zwei Jahren wurde die letzte IKA offiziell er\u00f6ffnet \u2013 und wir bekommen immer noch G\u00e4nsehaut, wenn wir an die Eindr\u00fccke und Emotionen zur\u00fcckdenken.2028 findet das Mega-Kochevent erneut parallel zur\u00a0Intergastra\u00a0in der Messe Stuttgart statt. Merkt euch den Termin f\u00fcr die #IKA2028 schon einmal vor \u2013 wir freuen uns schon jetzt darauf!<\/span><span data-ccp-props=\"{}\">\u00a0<\/span><\/p>\n<p><span data-contrast=\"auto\">Gut zu wissen: Die Anmeldung f\u00fcr die Wettbewerbe wird voraussichtlich ab Winter 2026 m\u00f6glich sein und dann werden voraussichtlich auch die Regularien und Ausschreibungen ver\u00f6ffentlicht.\u00a0Stay\u00a0tuned\u00a0auf unserer Website und den\u00a0Social\u00a0Media-Kan\u00e4len, wir freuen uns sehr darauf, euch 2028 zu sehen \u2013 ob als Besuchende, Ausstellende oder G\u00e4ste im Restaurant der Nationen.<\/span><span data-ccp-props=\"{}\">\u00a0<\/span><\/p>\n","protected":false},"excerpt":{"rendered":"<p>Vor zwei Jahren wurde die letzte IKA er\u00f6ffnet \u2013 heute geben wir das Datum f\u00fcr die n\u00e4chste bekannt. Die 27. IKA\/Olympiade der K\u00f6che findet vom 11. bis 16. Februar 2028 in Stuttgart statt. Save\u00a0the\u00a0Date! Der Verband der K\u00f6che Deutschlands freut sich auf die 27.\u00a0IKA\/Olympiade der K\u00f6che, die vom 11. bis 16. Februar 2028 in Stuttgart&#8230;<\/p>\n","protected":false},"author":1955,"featured_media":2138,"comment_status":"closed","ping_status":"open","sticky":false,"template":"","format":"standard","meta":[],"categories":[1],"tags":[30,5,31,19,9],"yoast_head":"<!-- This site is optimized with the Yoast SEO plugin v20.0 - https:\/\/yoast.com\/wordpress\/plugins\/seo\/ -->\n<title>#IKA2028: G\u00e4nsehaut garantiert - Landesverband der K\u00f6che Bayern<\/title>\n<meta name=\"robots\" content=\"noindex, follow, max-snippet:-1, max-image-preview:large, max-video-preview:-1\" \/>\n<meta property=\"og:locale\" content=\"de_DE\" \/>\n<meta property=\"og:type\" content=\"article\" \/>\n<meta property=\"og:title\" content=\"#IKA2028: G\u00e4nsehaut garantiert - Landesverband der K\u00f6che Bayern\" \/>\n<meta property=\"og:description\" content=\"Vor zwei Jahren wurde die letzte IKA er\u00f6ffnet \u2013 heute geben wir das Datum f\u00fcr die n\u00e4chste bekannt. Die 27. IKA\/Olympiade der K\u00f6che findet vom 11. bis 16. Februar 2028 in Stuttgart statt. Save\u00a0the\u00a0Date! Der Verband der K\u00f6che Deutschlands freut sich auf die 27.\u00a0IKA\/Olympiade der K\u00f6che, die vom 11. bis 16. Februar 2028 in Stuttgart...\" \/>\n<meta property=\"og:url\" content=\"https:\/\/www.vkd.com\/lv-bayern\/news\/ika2028-gaensehaut-garantiert\/\" \/>\n<meta property=\"og:site_name\" content=\"Landesverband der K\u00f6che Bayern\" \/>\n<meta property=\"article:published_time\" content=\"2026-02-16T13:07:27+00:00\" \/>\n<meta property=\"article:modified_time\" content=\"2026-02-16T13:07:41+00:00\" \/>\n<meta property=\"og:image\" content=\"https:\/\/www.vkd.com\/lv-bayern\/wp-content\/uploads\/sites\/14\/2026\/02\/IKA-2028-Save-the-Date-1024x683-1.jpeg\" \/>\n\t<meta property=\"og:image:width\" content=\"1024\" \/>\n\t<meta property=\"og:image:height\" content=\"683\" \/>\n\t<meta property=\"og:image:type\" content=\"image\/jpeg\" \/>\n<meta name=\"author\" content=\"Kostadinov Alexander\" \/>\n<meta name=\"twitter:card\" content=\"summary_large_image\" \/>\n<meta name=\"twitter:label1\" content=\"Verfasst von\" \/>\n\t<meta name=\"twitter:data1\" content=\"Kostadinov Alexander\" \/>\n\t<meta name=\"twitter:label2\" content=\"Gesch\u00e4tzte Lesezeit\" \/>\n\t<meta name=\"twitter:data2\" content=\"1\u00a0Minute\" \/>\n<script type=\"application\/ld+json\" class=\"yoast-schema-graph\">{\"@context\":\"https:\/\/schema.org\",\"@graph\":[{\"@type\":\"WebPage\",\"@id\":\"https:\/\/www.vkd.com\/lv-bayern\/news\/ika2028-gaensehaut-garantiert\/\",\"url\":\"https:\/\/www.vkd.com\/lv-bayern\/news\/ika2028-gaensehaut-garantiert\/\",\"name\":\"#IKA2028: G\u00e4nsehaut garantiert - Landesverband der K\u00f6che Bayern\",\"isPartOf\":{\"@id\":\"https:\/\/www.vkd.com\/lv-bayern\/#website\"},\"datePublished\":\"2026-02-16T13:07:27+00:00\",\"dateModified\":\"2026-02-16T13:07:41+00:00\",\"author\":{\"@id\":\"https:\/\/www.vkd.com\/lv-bayern\/#\/schema\/person\/19c4bb106ca4de98c60e2cb5ac7f572f\"},\"breadcrumb\":{\"@id\":\"https:\/\/www.vkd.com\/lv-bayern\/news\/ika2028-gaensehaut-garantiert\/#breadcrumb\"},\"inLanguage\":\"de\",\"potentialAction\":[{\"@type\":\"ReadAction\",\"target\":[\"https:\/\/www.vkd.com\/lv-bayern\/news\/ika2028-gaensehaut-garantiert\/\"]}]},{\"@type\":\"BreadcrumbList\",\"@id\":\"https:\/\/www.vkd.com\/lv-bayern\/news\/ika2028-gaensehaut-garantiert\/#breadcrumb\",\"itemListElement\":[{\"@type\":\"ListItem\",\"position\":1,\"name\":\"Startseite\",\"item\":\"https:\/\/www.vkd.com\/lv-bayern\/\"},{\"@type\":\"ListItem\",\"position\":2,\"name\":\"#IKA2028: G\u00e4nsehaut garantiert\"}]},{\"@type\":\"WebSite\",\"@id\":\"https:\/\/www.vkd.com\/lv-bayern\/#website\",\"url\":\"https:\/\/www.vkd.com\/lv-bayern\/\",\"name\":\"Landesverband der K\u00f6che Bayern\",\"description\":\"Landesverband im Verband der K\u00f6che Deutschlands e.V.\",\"potentialAction\":[{\"@type\":\"SearchAction\",\"target\":{\"@type\":\"EntryPoint\",\"urlTemplate\":\"https:\/\/www.vkd.com\/lv-bayern\/?s={search_term_string}\"},\"query-input\":\"required name=search_term_string\"}],\"inLanguage\":\"de\"},{\"@type\":\"Person\",\"@id\":\"https:\/\/www.vkd.com\/lv-bayern\/#\/schema\/person\/19c4bb106ca4de98c60e2cb5ac7f572f\",\"name\":\"Kostadinov Alexander\",\"image\":{\"@type\":\"ImageObject\",\"inLanguage\":\"de\",\"@id\":\"https:\/\/www.vkd.com\/lv-bayern\/#\/schema\/person\/image\/\",\"url\":\"https:\/\/secure.gravatar.com\/avatar\/b0cb85e5c215fe1114e6d2404492358d?s=96&d=mm&r=g\",\"contentUrl\":\"https:\/\/secure.gravatar.com\/avatar\/b0cb85e5c215fe1114e6d2404492358d?s=96&d=mm&r=g\",\"caption\":\"Kostadinov Alexander\"},\"url\":\"https:\/\/www.vkd.com\/lv-bayern\/news\/author\/gentscher-jungentscher-de\/\"}]}<\/script>\n<!-- \/ Yoast SEO plugin. -->","yoast_head_json":{"title":"#IKA2028: G\u00e4nsehaut garantiert - Landesverband der K\u00f6che Bayern","robots":{"index":"noindex","follow":"follow","max-snippet":"max-snippet:-1","max-image-preview":"max-image-preview:large","max-video-preview":"max-video-preview:-1"},"og_locale":"de_DE","og_type":"article","og_title":"#IKA2028: G\u00e4nsehaut garantiert - Landesverband der K\u00f6che Bayern","og_description":"Vor zwei Jahren wurde die letzte IKA er\u00f6ffnet \u2013 heute geben wir das Datum f\u00fcr die n\u00e4chste bekannt. Die 27. IKA\/Olympiade der K\u00f6che findet vom 11. bis 16. Februar 2028 in Stuttgart statt. Save\u00a0the\u00a0Date! Der Verband der K\u00f6che Deutschlands freut sich auf die 27.\u00a0IKA\/Olympiade der K\u00f6che, die vom 11. bis 16. Februar 2028 in Stuttgart...","og_url":"https:\/\/www.vkd.com\/lv-bayern\/news\/ika2028-gaensehaut-garantiert\/","og_site_name":"Landesverband der K\u00f6che Bayern","article_published_time":"2026-02-16T13:07:27+00:00","article_modified_time":"2026-02-16T13:07:41+00:00","og_image":[{"width":1024,"height":683,"url":"https:\/\/www.vkd.com\/lv-bayern\/wp-content\/uploads\/sites\/14\/2026\/02\/IKA-2028-Save-the-Date-1024x683-1.jpeg","type":"image\/jpeg"}],"author":"Kostadinov Alexander","twitter_card":"summary_large_image","twitter_misc":{"Verfasst von":"Kostadinov Alexander","Gesch\u00e4tzte Lesezeit":"1\u00a0Minute"},"schema":{"@context":"https:\/\/schema.org","@graph":[{"@type":"WebPage","@id":"https:\/\/www.vkd.com\/lv-bayern\/news\/ika2028-gaensehaut-garantiert\/","url":"https:\/\/www.vkd.com\/lv-bayern\/news\/ika2028-gaensehaut-garantiert\/","name":"#IKA2028: G\u00e4nsehaut garantiert - Landesverband der K\u00f6che Bayern","isPartOf":{"@id":"https:\/\/www.vkd.com\/lv-bayern\/#website"},"datePublished":"2026-02-16T13:07:27+00:00","dateModified":"2026-02-16T13:07:41+00:00","author":{"@id":"https:\/\/www.vkd.com\/lv-bayern\/#\/schema\/person\/19c4bb106ca4de98c60e2cb5ac7f572f"},"breadcrumb":{"@id":"https:\/\/www.vkd.com\/lv-bayern\/news\/ika2028-gaensehaut-garantiert\/#breadcrumb"},"inLanguage":"de","potentialAction":[{"@type":"ReadAction","target":["https:\/\/www.vkd.com\/lv-bayern\/news\/ika2028-gaensehaut-garantiert\/"]}]},{"@type":"BreadcrumbList","@id":"https:\/\/www.vkd.com\/lv-bayern\/news\/ika2028-gaensehaut-garantiert\/#breadcrumb","itemListElement":[{"@type":"ListItem","position":1,"name":"Startseite","item":"https:\/\/www.vkd.com\/lv-bayern\/"},{"@type":"ListItem","position":2,"name":"#IKA2028: G\u00e4nsehaut garantiert"}]},{"@type":"WebSite","@id":"https:\/\/www.vkd.com\/lv-bayern\/#website","url":"https:\/\/www.vkd.com\/lv-bayern\/","name":"Landesverband der K\u00f6che Bayern","description":"Landesverband im Verband der K\u00f6che Deutschlands e.V.","potentialAction":[{"@type":"SearchAction","target":{"@type":"EntryPoint","urlTemplate":"https:\/\/www.vkd.com\/lv-bayern\/?s={search_term_string}"},"query-input":"required name=search_term_string"}],"inLanguage":"de"},{"@type":"Person","@id":"https:\/\/www.vkd.com\/lv-bayern\/#\/schema\/person\/19c4bb106ca4de98c60e2cb5ac7f572f","name":"Kostadinov Alexander","image":{"@type":"ImageObject","inLanguage":"de","@id":"https:\/\/www.vkd.com\/lv-bayern\/#\/schema\/person\/image\/","url":"https:\/\/secure.gravatar.com\/avatar\/b0cb85e5c215fe1114e6d2404492358d?s=96&d=mm&r=g","contentUrl":"https:\/\/secure.gravatar.com\/avatar\/b0cb85e5c215fe1114e6d2404492358d?s=96&d=mm&r=g","caption":"Kostadinov Alexander"},"url":"https:\/\/www.vkd.com\/lv-bayern\/news\/author\/gentscher-jungentscher-de\/"}]}},"_links":{"self":[{"href":"https:\/\/www.vkd.com\/lv-bayern\/wp-json\/wp\/v2\/posts\/2137"}],"collection":[{"href":"https:\/\/www.vkd.com\/lv-bayern\/wp-json\/wp\/v2\/posts"}],"about":[{"href":"https:\/\/www.vkd.com\/lv-bayern\/wp-json\/wp\/v2\/types\/post"}],"author":[{"embeddable":true,"href":"https:\/\/www.vkd.com\/lv-bayern\/wp-json\/wp\/v2\/users\/1955"}],"replies":[{"embeddable":true,"href":"https:\/\/www.vkd.com\/lv-bayern\/wp-json\/wp\/v2\/comments?post=2137"}],"version-history":[{"count":1,"href":"https:\/\/www.vkd.com\/lv-bayern\/wp-json\/wp\/v2\/posts\/2137\/revisions"}],"predecessor-version":[{"id":2139,"href":"https:\/\/www.vkd.com\/lv-bayern\/wp-json\/wp\/v2\/posts\/2137\/revisions\/2139"}],"wp:featuredmedia":[{"embeddable":true,"href":"https:\/\/www.vkd.com\/lv-bayern\/wp-json\/wp\/v2\/media\/2138"}],"wp:attachment":[{"href":"https:\/\/www.vkd.com\/lv-bayern\/wp-json\/wp\/v2\/media?parent=2137"}],"wp:term":[{"taxonomy":"category","embeddable":true,"href":"https:\/\/www.vkd.com\/lv-bayern\/wp-json\/wp\/v2\/categories?post=2137"},{"taxonomy":"post_tag","embeddable":true,"href":"https:\/\/www.vkd.com\/lv-bayern\/wp-json\/wp\/v2\/tags?post=2137"}],"curies":[{"name":"wp","href":"https:\/\/api.w.org\/{rel}","templated":true}]}}