{"id":2134,"date":"2026-02-16T13:55:09","date_gmt":"2026-02-16T12:55:09","guid":{"rendered":"https:\/\/www.vkd.com\/lv-bayern\/?p=2134"},"modified":"2026-02-16T13:55:09","modified_gmt":"2026-02-16T12:55:09","slug":"der-qualifizierte-ausbildungsbetrieb","status":"publish","type":"post","link":"https:\/\/www.vkd.com\/lv-bayern\/news\/der-qualifizierte-ausbildungsbetrieb\/","title":{"rendered":"Der Qualifizierte Ausbildungsbetrieb"},"content":{"rendered":"<p>Der Qualifizierte Ausbildungsbetrieb \u201e Zur Alten Freyung\u201c Brauerei G\u00f6ller in Zell am Main wurde heute vom Landesverband der K\u00f6che Bayern f\u00fcr eine herausragende Ausbildung des Kochberufs geehrt, mit dabei unsere Partner AMT mit den besten Pfannen der Welt , sowie Victorinox mit einem messerscharfen Geschenk.<\/p>\n","protected":false},"excerpt":{"rendered":"<p>Der Qualifizierte Ausbildungsbetrieb \u201e Zur Alten Freyung\u201c Brauerei G\u00f6ller in Zell am Main wurde heute vom Landesverband der K\u00f6che Bayern f\u00fcr eine herausragende Ausbildung des Kochberufs geehrt, mit dabei unsere Partner AMT mit den besten Pfannen der Welt , sowie Victorinox mit einem messerscharfen Geschenk.<\/p>\n","protected":false},"author":1955,"featured_media":2135,"comment_status":"closed","ping_status":"open","sticky":false,"template":"","format":"standard","meta":[],"categories":[1],"tags":[17,6,5,7,9,11],"yoast_head":"<!-- This site is optimized with the Yoast SEO plugin v20.0 - https:\/\/yoast.com\/wordpress\/plugins\/seo\/ -->\n<title>Der Qualifizierte Ausbildungsbetrieb - Landesverband der K\u00f6che Bayern<\/title>\n<meta name=\"robots\" content=\"noindex, follow, max-snippet:-1, max-image-preview:large, max-video-preview:-1\" \/>\n<meta property=\"og:locale\" content=\"de_DE\" \/>\n<meta property=\"og:type\" content=\"article\" \/>\n<meta property=\"og:title\" content=\"Der Qualifizierte Ausbildungsbetrieb - Landesverband der K\u00f6che Bayern\" \/>\n<meta property=\"og:description\" content=\"Der Qualifizierte Ausbildungsbetrieb \u201e Zur Alten Freyung\u201c Brauerei G\u00f6ller in Zell am Main wurde heute vom Landesverband der K\u00f6che Bayern f\u00fcr eine herausragende Ausbildung des Kochberufs geehrt, mit dabei unsere Partner AMT mit den besten Pfannen der Welt , sowie Victorinox mit einem messerscharfen Geschenk.\" \/>\n<meta property=\"og:url\" content=\"https:\/\/www.vkd.com\/lv-bayern\/news\/der-qualifizierte-ausbildungsbetrieb\/\" \/>\n<meta property=\"og:site_name\" content=\"Landesverband der K\u00f6che Bayern\" \/>\n<meta property=\"article:published_time\" content=\"2026-02-16T12:55:09+00:00\" \/>\n<meta property=\"og:image\" content=\"https:\/\/www.vkd.com\/lv-bayern\/wp-content\/uploads\/sites\/14\/2026\/02\/WhatsApp-Image-2026-02-10-at-16.54.33.jpeg\" \/>\n\t<meta property=\"og:image:width\" content=\"1600\" \/>\n\t<meta property=\"og:image:height\" content=\"1172\" \/>\n\t<meta property=\"og:image:type\" content=\"image\/jpeg\" \/>\n<meta name=\"author\" content=\"Kostadinov Alexander\" \/>\n<meta name=\"twitter:card\" content=\"summary_large_image\" \/>\n<meta name=\"twitter:label1\" content=\"Verfasst von\" \/>\n\t<meta name=\"twitter:data1\" content=\"Kostadinov Alexander\" \/>\n\t<meta name=\"twitter:label2\" content=\"Gesch\u00e4tzte Lesezeit\" \/>\n\t<meta name=\"twitter:data2\" content=\"1\u00a0Minute\" \/>\n<script type=\"application\/ld+json\" class=\"yoast-schema-graph\">{\"@context\":\"https:\/\/schema.org\",\"@graph\":[{\"@type\":\"WebPage\",\"@id\":\"https:\/\/www.vkd.com\/lv-bayern\/news\/der-qualifizierte-ausbildungsbetrieb\/\",\"url\":\"https:\/\/www.vkd.com\/lv-bayern\/news\/der-qualifizierte-ausbildungsbetrieb\/\",\"name\":\"Der Qualifizierte Ausbildungsbetrieb - Landesverband der K\u00f6che Bayern\",\"isPartOf\":{\"@id\":\"https:\/\/www.vkd.com\/lv-bayern\/#website\"},\"datePublished\":\"2026-02-16T12:55:09+00:00\",\"dateModified\":\"2026-02-16T12:55:09+00:00\",\"author\":{\"@id\":\"https:\/\/www.vkd.com\/lv-bayern\/#\/schema\/person\/19c4bb106ca4de98c60e2cb5ac7f572f\"},\"breadcrumb\":{\"@id\":\"https:\/\/www.vkd.com\/lv-bayern\/news\/der-qualifizierte-ausbildungsbetrieb\/#breadcrumb\"},\"inLanguage\":\"de\",\"potentialAction\":[{\"@type\":\"ReadAction\",\"target\":[\"https:\/\/www.vkd.com\/lv-bayern\/news\/der-qualifizierte-ausbildungsbetrieb\/\"]}]},{\"@type\":\"BreadcrumbList\",\"@id\":\"https:\/\/www.vkd.com\/lv-bayern\/news\/der-qualifizierte-ausbildungsbetrieb\/#breadcrumb\",\"itemListElement\":[{\"@type\":\"ListItem\",\"position\":1,\"name\":\"Startseite\",\"item\":\"https:\/\/www.vkd.com\/lv-bayern\/\"},{\"@type\":\"ListItem\",\"position\":2,\"name\":\"Der Qualifizierte Ausbildungsbetrieb\"}]},{\"@type\":\"WebSite\",\"@id\":\"https:\/\/www.vkd.com\/lv-bayern\/#website\",\"url\":\"https:\/\/www.vkd.com\/lv-bayern\/\",\"name\":\"Landesverband der K\u00f6che Bayern\",\"description\":\"Landesverband im Verband der K\u00f6che Deutschlands e.V.\",\"potentialAction\":[{\"@type\":\"SearchAction\",\"target\":{\"@type\":\"EntryPoint\",\"urlTemplate\":\"https:\/\/www.vkd.com\/lv-bayern\/?s={search_term_string}\"},\"query-input\":\"required name=search_term_string\"}],\"inLanguage\":\"de\"},{\"@type\":\"Person\",\"@id\":\"https:\/\/www.vkd.com\/lv-bayern\/#\/schema\/person\/19c4bb106ca4de98c60e2cb5ac7f572f\",\"name\":\"Kostadinov Alexander\",\"image\":{\"@type\":\"ImageObject\",\"inLanguage\":\"de\",\"@id\":\"https:\/\/www.vkd.com\/lv-bayern\/#\/schema\/person\/image\/\",\"url\":\"https:\/\/secure.gravatar.com\/avatar\/b0cb85e5c215fe1114e6d2404492358d?s=96&d=mm&r=g\",\"contentUrl\":\"https:\/\/secure.gravatar.com\/avatar\/b0cb85e5c215fe1114e6d2404492358d?s=96&d=mm&r=g\",\"caption\":\"Kostadinov Alexander\"},\"url\":\"https:\/\/www.vkd.com\/lv-bayern\/news\/author\/gentscher-jungentscher-de\/\"}]}<\/script>\n<!-- \/ Yoast SEO plugin. -->","yoast_head_json":{"title":"Der Qualifizierte Ausbildungsbetrieb - Landesverband der K\u00f6che Bayern","robots":{"index":"noindex","follow":"follow","max-snippet":"max-snippet:-1","max-image-preview":"max-image-preview:large","max-video-preview":"max-video-preview:-1"},"og_locale":"de_DE","og_type":"article","og_title":"Der Qualifizierte Ausbildungsbetrieb - Landesverband der K\u00f6che Bayern","og_description":"Der Qualifizierte Ausbildungsbetrieb \u201e Zur Alten Freyung\u201c Brauerei G\u00f6ller in Zell am Main wurde heute vom Landesverband der K\u00f6che Bayern f\u00fcr eine herausragende Ausbildung des Kochberufs geehrt, mit dabei unsere Partner AMT mit den besten Pfannen der Welt , sowie Victorinox mit einem messerscharfen Geschenk.","og_url":"https:\/\/www.vkd.com\/lv-bayern\/news\/der-qualifizierte-ausbildungsbetrieb\/","og_site_name":"Landesverband der K\u00f6che Bayern","article_published_time":"2026-02-16T12:55:09+00:00","og_image":[{"width":1600,"height":1172,"url":"https:\/\/www.vkd.com\/lv-bayern\/wp-content\/uploads\/sites\/14\/2026\/02\/WhatsApp-Image-2026-02-10-at-16.54.33.jpeg","type":"image\/jpeg"}],"author":"Kostadinov Alexander","twitter_card":"summary_large_image","twitter_misc":{"Verfasst von":"Kostadinov Alexander","Gesch\u00e4tzte Lesezeit":"1\u00a0Minute"},"schema":{"@context":"https:\/\/schema.org","@graph":[{"@type":"WebPage","@id":"https:\/\/www.vkd.com\/lv-bayern\/news\/der-qualifizierte-ausbildungsbetrieb\/","url":"https:\/\/www.vkd.com\/lv-bayern\/news\/der-qualifizierte-ausbildungsbetrieb\/","name":"Der Qualifizierte Ausbildungsbetrieb - Landesverband der K\u00f6che Bayern","isPartOf":{"@id":"https:\/\/www.vkd.com\/lv-bayern\/#website"},"datePublished":"2026-02-16T12:55:09+00:00","dateModified":"2026-02-16T12:55:09+00:00","author":{"@id":"https:\/\/www.vkd.com\/lv-bayern\/#\/schema\/person\/19c4bb106ca4de98c60e2cb5ac7f572f"},"breadcrumb":{"@id":"https:\/\/www.vkd.com\/lv-bayern\/news\/der-qualifizierte-ausbildungsbetrieb\/#breadcrumb"},"inLanguage":"de","potentialAction":[{"@type":"ReadAction","target":["https:\/\/www.vkd.com\/lv-bayern\/news\/der-qualifizierte-ausbildungsbetrieb\/"]}]},{"@type":"BreadcrumbList","@id":"https:\/\/www.vkd.com\/lv-bayern\/news\/der-qualifizierte-ausbildungsbetrieb\/#breadcrumb","itemListElement":[{"@type":"ListItem","position":1,"name":"Startseite","item":"https:\/\/www.vkd.com\/lv-bayern\/"},{"@type":"ListItem","position":2,"name":"Der Qualifizierte Ausbildungsbetrieb"}]},{"@type":"WebSite","@id":"https:\/\/www.vkd.com\/lv-bayern\/#website","url":"https:\/\/www.vkd.com\/lv-bayern\/","name":"Landesverband der K\u00f6che Bayern","description":"Landesverband im Verband der K\u00f6che Deutschlands e.V.","potentialAction":[{"@type":"SearchAction","target":{"@type":"EntryPoint","urlTemplate":"https:\/\/www.vkd.com\/lv-bayern\/?s={search_term_string}"},"query-input":"required name=search_term_string"}],"inLanguage":"de"},{"@type":"Person","@id":"https:\/\/www.vkd.com\/lv-bayern\/#\/schema\/person\/19c4bb106ca4de98c60e2cb5ac7f572f","name":"Kostadinov Alexander","image":{"@type":"ImageObject","inLanguage":"de","@id":"https:\/\/www.vkd.com\/lv-bayern\/#\/schema\/person\/image\/","url":"https:\/\/secure.gravatar.com\/avatar\/b0cb85e5c215fe1114e6d2404492358d?s=96&d=mm&r=g","contentUrl":"https:\/\/secure.gravatar.com\/avatar\/b0cb85e5c215fe1114e6d2404492358d?s=96&d=mm&r=g","caption":"Kostadinov Alexander"},"url":"https:\/\/www.vkd.com\/lv-bayern\/news\/author\/gentscher-jungentscher-de\/"}]}},"_links":{"self":[{"href":"https:\/\/www.vkd.com\/lv-bayern\/wp-json\/wp\/v2\/posts\/2134"}],"collection":[{"href":"https:\/\/www.vkd.com\/lv-bayern\/wp-json\/wp\/v2\/posts"}],"about":[{"href":"https:\/\/www.vkd.com\/lv-bayern\/wp-json\/wp\/v2\/types\/post"}],"author":[{"embeddable":true,"href":"https:\/\/www.vkd.com\/lv-bayern\/wp-json\/wp\/v2\/users\/1955"}],"replies":[{"embeddable":true,"href":"https:\/\/www.vkd.com\/lv-bayern\/wp-json\/wp\/v2\/comments?post=2134"}],"version-history":[{"count":1,"href":"https:\/\/www.vkd.com\/lv-bayern\/wp-json\/wp\/v2\/posts\/2134\/revisions"}],"predecessor-version":[{"id":2136,"href":"https:\/\/www.vkd.com\/lv-bayern\/wp-json\/wp\/v2\/posts\/2134\/revisions\/2136"}],"wp:featuredmedia":[{"embeddable":true,"href":"https:\/\/www.vkd.com\/lv-bayern\/wp-json\/wp\/v2\/media\/2135"}],"wp:attachment":[{"href":"https:\/\/www.vkd.com\/lv-bayern\/wp-json\/wp\/v2\/media?parent=2134"}],"wp:term":[{"taxonomy":"category","embeddable":true,"href":"https:\/\/www.vkd.com\/lv-bayern\/wp-json\/wp\/v2\/categories?post=2134"},{"taxonomy":"post_tag","embeddable":true,"href":"https:\/\/www.vkd.com\/lv-bayern\/wp-json\/wp\/v2\/tags?post=2134"}],"curies":[{"name":"wp","href":"https:\/\/api.w.org\/{rel}","templated":true}]}}