{"id":2096,"date":"2026-01-19T13:05:45","date_gmt":"2026-01-19T12:05:45","guid":{"rendered":"https:\/\/www.vkd.com\/lv-bayern\/?p=2096"},"modified":"2026-01-19T13:05:45","modified_gmt":"2026-01-19T12:05:45","slug":"save-the-date-fruehjahrstagung-lv-bayern","status":"publish","type":"post","link":"https:\/\/www.vkd.com\/lv-bayern\/news\/save-the-date-fruehjahrstagung-lv-bayern\/","title":{"rendered":"Save the date &#8211; Fr\u00fchjahrstagung LV Bayern"},"content":{"rendered":"<p class=\"isSelectedEnd\">Sehr geehrte Damen und Herren,<br \/>\nliebe Kolleginnen und Kollegen,<\/p>\n<p class=\"isSelectedEnd\">der Berufsfachverband der K\u00f6che Bayern freut sich au\u00dferordentlich, Sie schon heute herzlich zu unserer <strong>Fr\u00fchjahrs-Tagung 2026<\/strong> einladen zu d\u00fcrfen.<br \/>\nDiese wird vom <strong>24. bis 26. April 2026<\/strong> im geschichtstr\u00e4chtigen und gastfreundlichen <strong>Alt\u00f6tting<\/strong> stattfinden.<\/p>\n<p class=\"isSelectedEnd\">Unsere Fr\u00fchjahrs-Tagung ist seit vielen Jahren ein fester und bedeutender Bestandteil des Verbandslebens. Sie bietet nicht nur Raum f\u00fcr fachliche Informationen und berufspolitische Themen, sondern vor allem auch f\u00fcr den <strong>pers\u00f6nlichen Austausch<\/strong>, das <strong>gegenseitige Kennenlernen<\/strong> und die <strong>Pflege der Kollegialit\u00e4t<\/strong> innerhalb unseres Berufsstandes. Gerade in Zeiten stetiger Ver\u00e4nderungen in Gastronomie, Hotellerie und Gemeinschaftsverpflegung ist es wichtiger denn je, gemeinsam zu diskutieren, Erfahrungen zu teilen und neue Impulse mitzunehmen.<\/p>\n<p class=\"isSelectedEnd\">Freuen Sie sich auf ein abwechslungsreiches Programm mit interessanten Fachthemen, aktuellen Informationen aus dem Verbandsgeschehen sowie gen\u00fcgend Zeit f\u00fcr Gespr\u00e4che und Begegnungen in angenehmer Atmosph\u00e4re. Die Tagung soll Ihnen Gelegenheit geben, aktiv mitzuwirken, Ihre Meinungen einzubringen und die Zukunft unseres Berufsfachverbands mitzugestalten.<\/p>\n<p class=\"isSelectedEnd\">Wir bitten Sie daher schon heute herzlich um eine <strong>rege Teilnahme<\/strong> und eine <strong>zahlreiche Anmeldung<\/strong>. Ihre Pr\u00e4senz, Ihr Interesse und Ihr Engagement sind ein wichtiger Beitrag zum Erfolg dieser Veranstaltung und st\u00e4rken unseren Verband nachhaltig.<\/p>\n<p class=\"isSelectedEnd\">Detaillierte Informationen zur Organisation, zum Tagungsort sowie die <strong>ausf\u00fchrlichen Tagesprogramme<\/strong> werden Ihnen in K\u00fcrze gesondert \u00fcbermittelt.<\/p>\n<p class=\"isSelectedEnd\">Wir w\u00fcrden uns sehr freuen, Sie im April 2026 pers\u00f6nlich in Alt\u00f6tting begr\u00fc\u00dfen zu d\u00fcrfen, und sehen der Tagung mit gro\u00dfer Vorfreude entgegen. Lassen Sie uns gemeinsam konstruktive Gespr\u00e4che f\u00fchren, neue Ideen entwickeln und den Zusammenhalt unseres Berufsstandes weiter festigen.<\/p>\n<p class=\"isSelectedEnd\">Mit freundlichen Gr\u00fc\u00dfen<\/p>\n<p>Ihre Vorstandschaft<br \/>\n<strong>Berufsfachverband der K\u00f6che Bayern<\/strong><\/p>\n","protected":false},"excerpt":{"rendered":"<p>Sehr geehrte Damen und Herren, liebe Kolleginnen und Kollegen, der Berufsfachverband der K\u00f6che Bayern freut sich au\u00dferordentlich, Sie schon heute herzlich zu unserer Fr\u00fchjahrs-Tagung 2026 einladen zu d\u00fcrfen. Diese wird vom 24. bis 26. April 2026 im geschichtstr\u00e4chtigen und gastfreundlichen Alt\u00f6tting stattfinden. Unsere Fr\u00fchjahrs-Tagung ist seit vielen Jahren ein fester und bedeutender Bestandteil des Verbandslebens&#8230;.<\/p>\n","protected":false},"author":1955,"featured_media":2093,"comment_status":"closed","ping_status":"open","sticky":false,"template":"","format":"standard","meta":[],"categories":[1],"tags":[17,6,24,12,5,20,7,15,19,9,11],"yoast_head":"<!-- This site is optimized with the Yoast SEO plugin v20.0 - https:\/\/yoast.com\/wordpress\/plugins\/seo\/ -->\n<title>Save the date - Fr\u00fchjahrstagung LV Bayern - Landesverband der K\u00f6che Bayern<\/title>\n<meta name=\"robots\" content=\"noindex, follow, max-snippet:-1, max-image-preview:large, max-video-preview:-1\" \/>\n<meta property=\"og:locale\" content=\"de_DE\" \/>\n<meta property=\"og:type\" content=\"article\" \/>\n<meta property=\"og:title\" content=\"Save the date - Fr\u00fchjahrstagung LV Bayern - Landesverband der K\u00f6che Bayern\" \/>\n<meta property=\"og:description\" content=\"Sehr geehrte Damen und Herren, liebe Kolleginnen und Kollegen, der Berufsfachverband der K\u00f6che Bayern freut sich au\u00dferordentlich, Sie schon heute herzlich zu unserer Fr\u00fchjahrs-Tagung 2026 einladen zu d\u00fcrfen. Diese wird vom 24. bis 26. April 2026 im geschichtstr\u00e4chtigen und gastfreundlichen Alt\u00f6tting stattfinden. Unsere Fr\u00fchjahrs-Tagung ist seit vielen Jahren ein fester und bedeutender Bestandteil des Verbandslebens....\" \/>\n<meta property=\"og:url\" content=\"https:\/\/www.vkd.com\/lv-bayern\/news\/save-the-date-fruehjahrstagung-lv-bayern\/\" \/>\n<meta property=\"og:site_name\" content=\"Landesverband der K\u00f6che Bayern\" \/>\n<meta property=\"article:published_time\" content=\"2026-01-19T12:05:45+00:00\" \/>\n<meta property=\"og:image\" content=\"https:\/\/www.vkd.com\/lv-bayern\/wp-content\/uploads\/sites\/14\/2026\/01\/SavethedateFT2026Altoetting.png\" \/>\n\t<meta property=\"og:image:width\" content=\"1280\" \/>\n\t<meta property=\"og:image:height\" content=\"720\" \/>\n\t<meta property=\"og:image:type\" content=\"image\/png\" \/>\n<meta name=\"author\" content=\"Kostadinov Alexander\" \/>\n<meta name=\"twitter:card\" content=\"summary_large_image\" \/>\n<meta name=\"twitter:label1\" content=\"Verfasst von\" \/>\n\t<meta name=\"twitter:data1\" content=\"Kostadinov Alexander\" \/>\n\t<meta name=\"twitter:label2\" content=\"Gesch\u00e4tzte Lesezeit\" \/>\n\t<meta name=\"twitter:data2\" content=\"2\u00a0Minuten\" \/>\n<script type=\"application\/ld+json\" class=\"yoast-schema-graph\">{\"@context\":\"https:\/\/schema.org\",\"@graph\":[{\"@type\":\"WebPage\",\"@id\":\"https:\/\/www.vkd.com\/lv-bayern\/news\/save-the-date-fruehjahrstagung-lv-bayern\/\",\"url\":\"https:\/\/www.vkd.com\/lv-bayern\/news\/save-the-date-fruehjahrstagung-lv-bayern\/\",\"name\":\"Save the date - Fr\u00fchjahrstagung LV Bayern - Landesverband der K\u00f6che Bayern\",\"isPartOf\":{\"@id\":\"https:\/\/www.vkd.com\/lv-bayern\/#website\"},\"datePublished\":\"2026-01-19T12:05:45+00:00\",\"dateModified\":\"2026-01-19T12:05:45+00:00\",\"author\":{\"@id\":\"https:\/\/www.vkd.com\/lv-bayern\/#\/schema\/person\/19c4bb106ca4de98c60e2cb5ac7f572f\"},\"breadcrumb\":{\"@id\":\"https:\/\/www.vkd.com\/lv-bayern\/news\/save-the-date-fruehjahrstagung-lv-bayern\/#breadcrumb\"},\"inLanguage\":\"de\",\"potentialAction\":[{\"@type\":\"ReadAction\",\"target\":[\"https:\/\/www.vkd.com\/lv-bayern\/news\/save-the-date-fruehjahrstagung-lv-bayern\/\"]}]},{\"@type\":\"BreadcrumbList\",\"@id\":\"https:\/\/www.vkd.com\/lv-bayern\/news\/save-the-date-fruehjahrstagung-lv-bayern\/#breadcrumb\",\"itemListElement\":[{\"@type\":\"ListItem\",\"position\":1,\"name\":\"Startseite\",\"item\":\"https:\/\/www.vkd.com\/lv-bayern\/\"},{\"@type\":\"ListItem\",\"position\":2,\"name\":\"Save the date &#8211; Fr\u00fchjahrstagung LV Bayern\"}]},{\"@type\":\"WebSite\",\"@id\":\"https:\/\/www.vkd.com\/lv-bayern\/#website\",\"url\":\"https:\/\/www.vkd.com\/lv-bayern\/\",\"name\":\"Landesverband der K\u00f6che Bayern\",\"description\":\"Landesverband im Verband der K\u00f6che Deutschlands e.V.\",\"potentialAction\":[{\"@type\":\"SearchAction\",\"target\":{\"@type\":\"EntryPoint\",\"urlTemplate\":\"https:\/\/www.vkd.com\/lv-bayern\/?s={search_term_string}\"},\"query-input\":\"required name=search_term_string\"}],\"inLanguage\":\"de\"},{\"@type\":\"Person\",\"@id\":\"https:\/\/www.vkd.com\/lv-bayern\/#\/schema\/person\/19c4bb106ca4de98c60e2cb5ac7f572f\",\"name\":\"Kostadinov Alexander\",\"image\":{\"@type\":\"ImageObject\",\"inLanguage\":\"de\",\"@id\":\"https:\/\/www.vkd.com\/lv-bayern\/#\/schema\/person\/image\/\",\"url\":\"https:\/\/secure.gravatar.com\/avatar\/b0cb85e5c215fe1114e6d2404492358d?s=96&d=mm&r=g\",\"contentUrl\":\"https:\/\/secure.gravatar.com\/avatar\/b0cb85e5c215fe1114e6d2404492358d?s=96&d=mm&r=g\",\"caption\":\"Kostadinov Alexander\"},\"url\":\"https:\/\/www.vkd.com\/lv-bayern\/news\/author\/gentscher-jungentscher-de\/\"}]}<\/script>\n<!-- \/ Yoast SEO plugin. -->","yoast_head_json":{"title":"Save the date - Fr\u00fchjahrstagung LV Bayern - Landesverband der K\u00f6che Bayern","robots":{"index":"noindex","follow":"follow","max-snippet":"max-snippet:-1","max-image-preview":"max-image-preview:large","max-video-preview":"max-video-preview:-1"},"og_locale":"de_DE","og_type":"article","og_title":"Save the date - Fr\u00fchjahrstagung LV Bayern - Landesverband der K\u00f6che Bayern","og_description":"Sehr geehrte Damen und Herren, liebe Kolleginnen und Kollegen, der Berufsfachverband der K\u00f6che Bayern freut sich au\u00dferordentlich, Sie schon heute herzlich zu unserer Fr\u00fchjahrs-Tagung 2026 einladen zu d\u00fcrfen. Diese wird vom 24. bis 26. April 2026 im geschichtstr\u00e4chtigen und gastfreundlichen Alt\u00f6tting stattfinden. Unsere Fr\u00fchjahrs-Tagung ist seit vielen Jahren ein fester und bedeutender Bestandteil des Verbandslebens....","og_url":"https:\/\/www.vkd.com\/lv-bayern\/news\/save-the-date-fruehjahrstagung-lv-bayern\/","og_site_name":"Landesverband der K\u00f6che Bayern","article_published_time":"2026-01-19T12:05:45+00:00","og_image":[{"width":1280,"height":720,"url":"https:\/\/www.vkd.com\/lv-bayern\/wp-content\/uploads\/sites\/14\/2026\/01\/SavethedateFT2026Altoetting.png","type":"image\/png"}],"author":"Kostadinov Alexander","twitter_card":"summary_large_image","twitter_misc":{"Verfasst von":"Kostadinov Alexander","Gesch\u00e4tzte Lesezeit":"2\u00a0Minuten"},"schema":{"@context":"https:\/\/schema.org","@graph":[{"@type":"WebPage","@id":"https:\/\/www.vkd.com\/lv-bayern\/news\/save-the-date-fruehjahrstagung-lv-bayern\/","url":"https:\/\/www.vkd.com\/lv-bayern\/news\/save-the-date-fruehjahrstagung-lv-bayern\/","name":"Save the date - Fr\u00fchjahrstagung LV Bayern - Landesverband der K\u00f6che Bayern","isPartOf":{"@id":"https:\/\/www.vkd.com\/lv-bayern\/#website"},"datePublished":"2026-01-19T12:05:45+00:00","dateModified":"2026-01-19T12:05:45+00:00","author":{"@id":"https:\/\/www.vkd.com\/lv-bayern\/#\/schema\/person\/19c4bb106ca4de98c60e2cb5ac7f572f"},"breadcrumb":{"@id":"https:\/\/www.vkd.com\/lv-bayern\/news\/save-the-date-fruehjahrstagung-lv-bayern\/#breadcrumb"},"inLanguage":"de","potentialAction":[{"@type":"ReadAction","target":["https:\/\/www.vkd.com\/lv-bayern\/news\/save-the-date-fruehjahrstagung-lv-bayern\/"]}]},{"@type":"BreadcrumbList","@id":"https:\/\/www.vkd.com\/lv-bayern\/news\/save-the-date-fruehjahrstagung-lv-bayern\/#breadcrumb","itemListElement":[{"@type":"ListItem","position":1,"name":"Startseite","item":"https:\/\/www.vkd.com\/lv-bayern\/"},{"@type":"ListItem","position":2,"name":"Save the date &#8211; Fr\u00fchjahrstagung LV Bayern"}]},{"@type":"WebSite","@id":"https:\/\/www.vkd.com\/lv-bayern\/#website","url":"https:\/\/www.vkd.com\/lv-bayern\/","name":"Landesverband der K\u00f6che Bayern","description":"Landesverband im Verband der K\u00f6che Deutschlands e.V.","potentialAction":[{"@type":"SearchAction","target":{"@type":"EntryPoint","urlTemplate":"https:\/\/www.vkd.com\/lv-bayern\/?s={search_term_string}"},"query-input":"required name=search_term_string"}],"inLanguage":"de"},{"@type":"Person","@id":"https:\/\/www.vkd.com\/lv-bayern\/#\/schema\/person\/19c4bb106ca4de98c60e2cb5ac7f572f","name":"Kostadinov Alexander","image":{"@type":"ImageObject","inLanguage":"de","@id":"https:\/\/www.vkd.com\/lv-bayern\/#\/schema\/person\/image\/","url":"https:\/\/secure.gravatar.com\/avatar\/b0cb85e5c215fe1114e6d2404492358d?s=96&d=mm&r=g","contentUrl":"https:\/\/secure.gravatar.com\/avatar\/b0cb85e5c215fe1114e6d2404492358d?s=96&d=mm&r=g","caption":"Kostadinov Alexander"},"url":"https:\/\/www.vkd.com\/lv-bayern\/news\/author\/gentscher-jungentscher-de\/"}]}},"_links":{"self":[{"href":"https:\/\/www.vkd.com\/lv-bayern\/wp-json\/wp\/v2\/posts\/2096"}],"collection":[{"href":"https:\/\/www.vkd.com\/lv-bayern\/wp-json\/wp\/v2\/posts"}],"about":[{"href":"https:\/\/www.vkd.com\/lv-bayern\/wp-json\/wp\/v2\/types\/post"}],"author":[{"embeddable":true,"href":"https:\/\/www.vkd.com\/lv-bayern\/wp-json\/wp\/v2\/users\/1955"}],"replies":[{"embeddable":true,"href":"https:\/\/www.vkd.com\/lv-bayern\/wp-json\/wp\/v2\/comments?post=2096"}],"version-history":[{"count":2,"href":"https:\/\/www.vkd.com\/lv-bayern\/wp-json\/wp\/v2\/posts\/2096\/revisions"}],"predecessor-version":[{"id":2104,"href":"https:\/\/www.vkd.com\/lv-bayern\/wp-json\/wp\/v2\/posts\/2096\/revisions\/2104"}],"wp:featuredmedia":[{"embeddable":true,"href":"https:\/\/www.vkd.com\/lv-bayern\/wp-json\/wp\/v2\/media\/2093"}],"wp:attachment":[{"href":"https:\/\/www.vkd.com\/lv-bayern\/wp-json\/wp\/v2\/media?parent=2096"}],"wp:term":[{"taxonomy":"category","embeddable":true,"href":"https:\/\/www.vkd.com\/lv-bayern\/wp-json\/wp\/v2\/categories?post=2096"},{"taxonomy":"post_tag","embeddable":true,"href":"https:\/\/www.vkd.com\/lv-bayern\/wp-json\/wp\/v2\/tags?post=2096"}],"curies":[{"name":"wp","href":"https:\/\/api.w.org\/{rel}","templated":true}]}}