{"id":2074,"date":"2026-01-13T15:09:29","date_gmt":"2026-01-13T14:09:29","guid":{"rendered":"https:\/\/www.vkd.com\/lv-bayern\/?p=2074"},"modified":"2026-01-13T15:09:29","modified_gmt":"2026-01-13T14:09:29","slug":"adventsempfang-2025","status":"publish","type":"post","link":"https:\/\/www.vkd.com\/lv-bayern\/news\/adventsempfang-2025\/","title":{"rendered":"Adventsempfang 2025"},"content":{"rendered":"<h2>Adventsempfang 2025<\/h2>\n<p><strong>Club der K\u00f6che Donau-Ries e. V. &amp; BHG Donau-Ries<\/strong><\/p>\n<p>Mit einem festlichen und zugleich sehr pers\u00f6nlichen Adventsempfang haben der Club der K\u00f6che Donau-Ries e. V. und der BHG Donau-Ries das Vereinsjahr 2025 gemeinsam ausklingen lassen. \u00dcber 100 Mitglieder, Partner und geladene G\u00e4ste folgten der Einladung nach Wemding \u2013 ein starkes Zeichen f\u00fcr den Zusammenhalt und die Lebendigkeit beider Organisationen.<\/p>\n<h3>Festlicher Auftakt im Kino Wemding<\/h3>\n<p>Der Abend begann in besonderem Ambiente im Kino Wemding. Dort begr\u00fc\u00dften Ehrenvorsitzender Sepp Meyer f\u00fcr den Kochclub sowie Uli Gro\u00dfmann, Vorsitzender des BHG Donau-Ries, die G\u00e4ste herzlich. Beide blickten auf ein ereignisreiches Jahr zur\u00fcck und w\u00fcrdigten die Bedeutung der engen Zusammenarbeit zwischen Gastronomie, Handwerk und regionaler Wirtschaft.<\/p>\n<p>Im Anschluss gab Josef A. Meyer, Vorsitzender des Club der K\u00f6che Donau-Ries e. V., einen umfassenden R\u00fcckblick auf das Vereinsjahr 2025 sowie eine Vorschau auf die geplanten Aktivit\u00e4ten 2026. Er betonte, dass die erfolgreiche Arbeit des Vereins nur durch den gro\u00dfen Einsatz des gesamten Vorstandes m\u00f6glich sei. Namentlich dankte er:<\/p>\n<p>Getrud Perlich, Ruth Laber, Claudia Zwerger, Uli Gro\u00dfmann, Sepp Meyer, David Huse und Paul Trollmann.<\/p>\n<p>f\u00fcr ihr Engagement, ihre Verl\u00e4sslichkeit und ihren pers\u00f6nlichen Einsatz im Dienst des Vereins.<br \/>\nAls sichtbares Zeichen der Anerkennung \u00fcberreichte der Vorsitzende jedem Vorstandsmitglied ein kleines Weihnachtspr\u00e4sent.<\/p>\n<h3>Hochkar\u00e4tige G\u00e4ste aus Politik, Bildung und Wirtschaft<\/h3>\n<p>Der Adventsempfang wurde auch durch die Pr\u00e4senz zahlreicher Ehreng\u00e4ste aus Politik, Gesellschaft und Wirtschaft bereichert. Unter ihnen waren:<\/p>\n<ul>\n<li>Gottfried H\u00e4nsel, stellvertretender B\u00fcrgermeister der Stadt Wemding<\/li>\n<li>Gro\u00dfpfarrer Wolfgang Gebert<\/li>\n<li>OStRin Nadine Bach<\/li>\n<li>OStRin Bianca Walter<\/li>\n<li>Gerlinde Dirr und Johanna St\u00f6ckl, IHK-Gesch\u00e4ftsstelle Donauw\u00f6rth<\/li>\n<\/ul>\n<p>Ihre Teilnahme unterstrich die enge Vernetzung des Kochclubs und des BHG mit der Region sowie die hohe Wertsch\u00e4tzung f\u00fcr das gastronomische Handwerk und seine Ausbildungs- und Wirtschaftskraft.<\/p>\n<h3>Dank an die F\u00f6rderer und Partner<\/h3>\n<p>Ein besonderer Dank galt auch den Sponsoren und Unterst\u00fctzern, die diesen Abend m\u00f6glich gemacht haben:<\/p>\n<p>Omega-Sorg N\u00fcrnberg, Coffee-Shop N\u00f6rdlingen, Getr\u00e4nke Reitschuster Amerdingen, J. Oppmann W\u00fcrzburg, Resch &amp; Fresch, H\u00fcgli, Ziegelm\u00fcller Wemding, Neiber Harburg, Gasthof Wallfahrtswirt sowie das Hotel-Restaurant-Kino Meerfr\u00e4ulein.<\/p>\n<p>Ihr Engagement ist ein wichtiger Pfeiler f\u00fcr die erfolgreiche Arbeit der beiden Organisationen.<\/p>\n<h3>Ein Abend der Begegnung und Wertsch\u00e4tzung<\/h3>\n<p>Der Adventsempfang bot neben dem offiziellen Programm viel Raum f\u00fcr pers\u00f6nliche Gespr\u00e4che, Austausch und Begegnung. In vorweihnachtlicher Atmosph\u00e4re wurde einmal mehr deutlich, wof\u00fcr der Club der K\u00f6che Donau-Ries und der BHG stehen: f\u00fcr Gemeinschaft, Fachlichkeit, Regionalit\u00e4t und gelebte Partnerschaft.<\/p>\n<p>So wurde der Abend nicht nur zu einem R\u00fcckblick auf ein erfolgreiches Jahr, sondern auch zu einem Motivationsschub f\u00fcr die kommenden Aufgaben und Projekte im Jahr 2026.<\/p>\n\n<div id=\"gallery-2076\" class=\"vkdgal-gallery-wrap gallery-grid \">\n    <div class=\"col-md-12\">\n        <div class=\"row\">\n            <div class=\"gal\" data-featherlight-gallery style=\"display: grid; grid-template-columns: repeat(3, 1fr); grid-column-gap: 10px;\">\n                                    <div class=\"item\">\n                        <a href=\"https:\/\/www.vkd.com\/lv-bayern\/wp-content\/uploads\/sites\/14\/2026\/01\/IMG_1977-768x1024.jpg\" title=\"Img 1977\">\n                            <img class=\"img-full\" src=\"https:\/\/www.vkd.com\/lv-bayern\/wp-content\/uploads\/sites\/14\/2026\/01\/IMG_1977-768x1024.jpg\" title=\"Galerie bei Bild 1 \u00f6ffnen\" alt=\"Img 1977\"\/>\n                        <\/a>\n                    <\/div>\n                                    <div class=\"item\">\n                        <a href=\"https:\/\/www.vkd.com\/lv-bayern\/wp-content\/uploads\/sites\/14\/2026\/01\/IMG_1978-768x1024.jpg\" title=\"Img 1978\">\n                            <img class=\"img-full\" src=\"https:\/\/www.vkd.com\/lv-bayern\/wp-content\/uploads\/sites\/14\/2026\/01\/IMG_1978-768x1024.jpg\" title=\"Galerie bei Bild 2 \u00f6ffnen\" alt=\"Img 1978\"\/>\n                        <\/a>\n                    <\/div>\n                                    <div class=\"item\">\n                        <a href=\"https:\/\/www.vkd.com\/lv-bayern\/wp-content\/uploads\/sites\/14\/2026\/01\/IMG_1981-1024x768.jpg\" title=\"Img 1981\">\n                            <img class=\"img-full\" src=\"https:\/\/www.vkd.com\/lv-bayern\/wp-content\/uploads\/sites\/14\/2026\/01\/IMG_1981-1024x768.jpg\" title=\"Galerie bei Bild 3 \u00f6ffnen\" alt=\"Img 1981\"\/>\n                        <\/a>\n                    <\/div>\n                                    <div class=\"item\">\n                        <a href=\"https:\/\/www.vkd.com\/lv-bayern\/wp-content\/uploads\/sites\/14\/2026\/01\/IMG_1982-768x1024.jpg\" title=\"Img 1982\">\n                            <img class=\"img-full\" src=\"https:\/\/www.vkd.com\/lv-bayern\/wp-content\/uploads\/sites\/14\/2026\/01\/IMG_1982-768x1024.jpg\" title=\"Galerie bei Bild 4 \u00f6ffnen\" alt=\"Img 1982\"\/>\n                        <\/a>\n                    <\/div>\n                                    <div class=\"item\">\n                        <a href=\"https:\/\/www.vkd.com\/lv-bayern\/wp-content\/uploads\/sites\/14\/2026\/01\/IMG_1983-768x1024.jpg\" title=\"Img 1983\">\n                            <img class=\"img-full\" src=\"https:\/\/www.vkd.com\/lv-bayern\/wp-content\/uploads\/sites\/14\/2026\/01\/IMG_1983-768x1024.jpg\" title=\"Galerie bei Bild 5 \u00f6ffnen\" alt=\"Img 1983\"\/>\n                        <\/a>\n                    <\/div>\n                                    <div class=\"item\">\n                        <a href=\"https:\/\/www.vkd.com\/lv-bayern\/wp-content\/uploads\/sites\/14\/2026\/01\/IMG_1986-1024x768.jpg\" title=\"Img 1986\">\n                            <img class=\"img-full\" src=\"https:\/\/www.vkd.com\/lv-bayern\/wp-content\/uploads\/sites\/14\/2026\/01\/IMG_1986-1024x768.jpg\" title=\"Galerie bei Bild 6 \u00f6ffnen\" alt=\"Img 1986\"\/>\n                        <\/a>\n                    <\/div>\n                                    <div class=\"item\">\n                        <a href=\"https:\/\/www.vkd.com\/lv-bayern\/wp-content\/uploads\/sites\/14\/2026\/01\/IMG_1987-768x1024.jpg\" title=\"Img 1987\">\n                            <img class=\"img-full\" src=\"https:\/\/www.vkd.com\/lv-bayern\/wp-content\/uploads\/sites\/14\/2026\/01\/IMG_1987-768x1024.jpg\" title=\"Galerie bei Bild 7 \u00f6ffnen\" alt=\"Img 1987\"\/>\n                        <\/a>\n                    <\/div>\n                                    <div class=\"item\">\n                        <a href=\"https:\/\/www.vkd.com\/lv-bayern\/wp-content\/uploads\/sites\/14\/2026\/01\/IMG_1994-768x1024.jpg\" title=\"Img 1994\">\n                            <img class=\"img-full\" src=\"https:\/\/www.vkd.com\/lv-bayern\/wp-content\/uploads\/sites\/14\/2026\/01\/IMG_1994-768x1024.jpg\" title=\"Galerie bei Bild 8 \u00f6ffnen\" alt=\"Img 1994\"\/>\n                        <\/a>\n                    <\/div>\n                                    <div class=\"item\">\n                        <a href=\"https:\/\/www.vkd.com\/lv-bayern\/wp-content\/uploads\/sites\/14\/2026\/01\/IMG_2014-768x1024.jpg\" title=\"Img 2014\">\n                            <img class=\"img-full\" src=\"https:\/\/www.vkd.com\/lv-bayern\/wp-content\/uploads\/sites\/14\/2026\/01\/IMG_2014-768x1024.jpg\" title=\"Galerie bei Bild 9 \u00f6ffnen\" alt=\"Img 2014\"\/>\n                        <\/a>\n                    <\/div>\n                                    <div class=\"item\">\n                        <a href=\"https:\/\/www.vkd.com\/lv-bayern\/wp-content\/uploads\/sites\/14\/2026\/01\/IMG_2017-768x1024.jpg\" title=\"Img 2017\">\n                            <img class=\"img-full\" src=\"https:\/\/www.vkd.com\/lv-bayern\/wp-content\/uploads\/sites\/14\/2026\/01\/IMG_2017-768x1024.jpg\" title=\"Galerie bei Bild 10 \u00f6ffnen\" alt=\"Img 2017\"\/>\n                        <\/a>\n                    <\/div>\n                                    <div class=\"item\">\n                        <a href=\"https:\/\/www.vkd.com\/lv-bayern\/wp-content\/uploads\/sites\/14\/2026\/01\/IMG_2018-768x1024.jpg\" title=\"Img 2018\">\n                            <img class=\"img-full\" src=\"https:\/\/www.vkd.com\/lv-bayern\/wp-content\/uploads\/sites\/14\/2026\/01\/IMG_2018-768x1024.jpg\" title=\"Galerie bei Bild 11 \u00f6ffnen\" alt=\"Img 2018\"\/>\n                        <\/a>\n                    <\/div>\n                                    <div class=\"item\">\n                        <a href=\"https:\/\/www.vkd.com\/lv-bayern\/wp-content\/uploads\/sites\/14\/2026\/01\/IMG_2019-768x1024.jpg\" title=\"Img 2019\">\n                            <img class=\"img-full\" src=\"https:\/\/www.vkd.com\/lv-bayern\/wp-content\/uploads\/sites\/14\/2026\/01\/IMG_2019-768x1024.jpg\" title=\"Galerie bei Bild 12 \u00f6ffnen\" alt=\"Img 2019\"\/>\n                        <\/a>\n                    <\/div>\n                                    <div class=\"item\">\n                        <a href=\"https:\/\/www.vkd.com\/lv-bayern\/wp-content\/uploads\/sites\/14\/2026\/01\/IMG_2025-1024x768.jpg\" title=\"Img 2025\">\n                            <img class=\"img-full\" src=\"https:\/\/www.vkd.com\/lv-bayern\/wp-content\/uploads\/sites\/14\/2026\/01\/IMG_2025-1024x768.jpg\" title=\"Galerie bei Bild 13 \u00f6ffnen\" alt=\"Img 2025\"\/>\n                        <\/a>\n                    <\/div>\n                            <\/div>\n        <\/div>\n    <\/div>\n<\/div>\n\n\n","protected":false},"excerpt":{"rendered":"<p>Adventsempfang 2025 Club der K\u00f6che Donau-Ries e. V. &amp; BHG Donau-Ries Mit einem festlichen und zugleich sehr pers\u00f6nlichen Adventsempfang haben der Club der K\u00f6che Donau-Ries e. V. und der BHG Donau-Ries das Vereinsjahr 2025 gemeinsam ausklingen lassen. \u00dcber 100 Mitglieder, Partner und geladene G\u00e4ste folgten der Einladung nach Wemding \u2013 ein starkes Zeichen f\u00fcr den&#8230;<\/p>\n","protected":false},"author":1955,"featured_media":708,"comment_status":"closed","ping_status":"open","sticky":false,"template":"","format":"standard","meta":[],"categories":[1],"tags":[6,29,5,20,7,19,9,11],"yoast_head":"<!-- This site is optimized with the Yoast SEO plugin v20.0 - https:\/\/yoast.com\/wordpress\/plugins\/seo\/ -->\n<title>Adventsempfang 2025 - Landesverband der K\u00f6che Bayern<\/title>\n<meta name=\"robots\" content=\"noindex, follow, max-snippet:-1, max-image-preview:large, max-video-preview:-1\" \/>\n<meta property=\"og:locale\" content=\"de_DE\" \/>\n<meta property=\"og:type\" content=\"article\" \/>\n<meta property=\"og:title\" content=\"Adventsempfang 2025 - Landesverband der K\u00f6che Bayern\" \/>\n<meta property=\"og:description\" content=\"Adventsempfang 2025 Club der K\u00f6che Donau-Ries e. V. &amp; BHG Donau-Ries Mit einem festlichen und zugleich sehr pers\u00f6nlichen Adventsempfang haben der Club der K\u00f6che Donau-Ries e. V. und der BHG Donau-Ries das Vereinsjahr 2025 gemeinsam ausklingen lassen. \u00dcber 100 Mitglieder, Partner und geladene G\u00e4ste folgten der Einladung nach Wemding \u2013 ein starkes Zeichen f\u00fcr den...\" \/>\n<meta property=\"og:url\" content=\"https:\/\/www.vkd.com\/lv-bayern\/news\/adventsempfang-2025\/\" \/>\n<meta property=\"og:site_name\" content=\"Landesverband der K\u00f6che Bayern\" \/>\n<meta property=\"article:published_time\" content=\"2026-01-13T14:09:29+00:00\" \/>\n<meta property=\"og:image\" content=\"https:\/\/www.vkd.com\/lv-bayern\/wp-content\/uploads\/sites\/14\/2024\/08\/logo-1.jpg\" \/>\n\t<meta property=\"og:image:width\" content=\"273\" \/>\n\t<meta property=\"og:image:height\" content=\"232\" \/>\n\t<meta property=\"og:image:type\" content=\"image\/jpeg\" \/>\n<meta name=\"author\" content=\"Kostadinov Alexander\" \/>\n<meta name=\"twitter:card\" content=\"summary_large_image\" \/>\n<meta name=\"twitter:label1\" content=\"Verfasst von\" \/>\n\t<meta name=\"twitter:data1\" content=\"Kostadinov Alexander\" \/>\n\t<meta name=\"twitter:label2\" content=\"Gesch\u00e4tzte Lesezeit\" \/>\n\t<meta name=\"twitter:data2\" content=\"3\u00a0Minuten\" \/>\n<script type=\"application\/ld+json\" class=\"yoast-schema-graph\">{\"@context\":\"https:\/\/schema.org\",\"@graph\":[{\"@type\":\"WebPage\",\"@id\":\"https:\/\/www.vkd.com\/lv-bayern\/news\/adventsempfang-2025\/\",\"url\":\"https:\/\/www.vkd.com\/lv-bayern\/news\/adventsempfang-2025\/\",\"name\":\"Adventsempfang 2025 - Landesverband der K\u00f6che Bayern\",\"isPartOf\":{\"@id\":\"https:\/\/www.vkd.com\/lv-bayern\/#website\"},\"datePublished\":\"2026-01-13T14:09:29+00:00\",\"dateModified\":\"2026-01-13T14:09:29+00:00\",\"author\":{\"@id\":\"https:\/\/www.vkd.com\/lv-bayern\/#\/schema\/person\/19c4bb106ca4de98c60e2cb5ac7f572f\"},\"breadcrumb\":{\"@id\":\"https:\/\/www.vkd.com\/lv-bayern\/news\/adventsempfang-2025\/#breadcrumb\"},\"inLanguage\":\"de\",\"potentialAction\":[{\"@type\":\"ReadAction\",\"target\":[\"https:\/\/www.vkd.com\/lv-bayern\/news\/adventsempfang-2025\/\"]}]},{\"@type\":\"BreadcrumbList\",\"@id\":\"https:\/\/www.vkd.com\/lv-bayern\/news\/adventsempfang-2025\/#breadcrumb\",\"itemListElement\":[{\"@type\":\"ListItem\",\"position\":1,\"name\":\"Startseite\",\"item\":\"https:\/\/www.vkd.com\/lv-bayern\/\"},{\"@type\":\"ListItem\",\"position\":2,\"name\":\"Adventsempfang 2025\"}]},{\"@type\":\"WebSite\",\"@id\":\"https:\/\/www.vkd.com\/lv-bayern\/#website\",\"url\":\"https:\/\/www.vkd.com\/lv-bayern\/\",\"name\":\"Landesverband der K\u00f6che Bayern\",\"description\":\"Landesverband im Verband der K\u00f6che Deutschlands e.V.\",\"potentialAction\":[{\"@type\":\"SearchAction\",\"target\":{\"@type\":\"EntryPoint\",\"urlTemplate\":\"https:\/\/www.vkd.com\/lv-bayern\/?s={search_term_string}\"},\"query-input\":\"required name=search_term_string\"}],\"inLanguage\":\"de\"},{\"@type\":\"Person\",\"@id\":\"https:\/\/www.vkd.com\/lv-bayern\/#\/schema\/person\/19c4bb106ca4de98c60e2cb5ac7f572f\",\"name\":\"Kostadinov Alexander\",\"image\":{\"@type\":\"ImageObject\",\"inLanguage\":\"de\",\"@id\":\"https:\/\/www.vkd.com\/lv-bayern\/#\/schema\/person\/image\/\",\"url\":\"https:\/\/secure.gravatar.com\/avatar\/b0cb85e5c215fe1114e6d2404492358d?s=96&d=mm&r=g\",\"contentUrl\":\"https:\/\/secure.gravatar.com\/avatar\/b0cb85e5c215fe1114e6d2404492358d?s=96&d=mm&r=g\",\"caption\":\"Kostadinov Alexander\"},\"url\":\"https:\/\/www.vkd.com\/lv-bayern\/news\/author\/gentscher-jungentscher-de\/\"}]}<\/script>\n<!-- \/ Yoast SEO plugin. -->","yoast_head_json":{"title":"Adventsempfang 2025 - Landesverband der K\u00f6che Bayern","robots":{"index":"noindex","follow":"follow","max-snippet":"max-snippet:-1","max-image-preview":"max-image-preview:large","max-video-preview":"max-video-preview:-1"},"og_locale":"de_DE","og_type":"article","og_title":"Adventsempfang 2025 - Landesverband der K\u00f6che Bayern","og_description":"Adventsempfang 2025 Club der K\u00f6che Donau-Ries e. V. &amp; BHG Donau-Ries Mit einem festlichen und zugleich sehr pers\u00f6nlichen Adventsempfang haben der Club der K\u00f6che Donau-Ries e. V. und der BHG Donau-Ries das Vereinsjahr 2025 gemeinsam ausklingen lassen. \u00dcber 100 Mitglieder, Partner und geladene G\u00e4ste folgten der Einladung nach Wemding \u2013 ein starkes Zeichen f\u00fcr den...","og_url":"https:\/\/www.vkd.com\/lv-bayern\/news\/adventsempfang-2025\/","og_site_name":"Landesverband der K\u00f6che Bayern","article_published_time":"2026-01-13T14:09:29+00:00","og_image":[{"width":273,"height":232,"url":"https:\/\/www.vkd.com\/lv-bayern\/wp-content\/uploads\/sites\/14\/2024\/08\/logo-1.jpg","type":"image\/jpeg"}],"author":"Kostadinov Alexander","twitter_card":"summary_large_image","twitter_misc":{"Verfasst von":"Kostadinov Alexander","Gesch\u00e4tzte Lesezeit":"3\u00a0Minuten"},"schema":{"@context":"https:\/\/schema.org","@graph":[{"@type":"WebPage","@id":"https:\/\/www.vkd.com\/lv-bayern\/news\/adventsempfang-2025\/","url":"https:\/\/www.vkd.com\/lv-bayern\/news\/adventsempfang-2025\/","name":"Adventsempfang 2025 - Landesverband der K\u00f6che Bayern","isPartOf":{"@id":"https:\/\/www.vkd.com\/lv-bayern\/#website"},"datePublished":"2026-01-13T14:09:29+00:00","dateModified":"2026-01-13T14:09:29+00:00","author":{"@id":"https:\/\/www.vkd.com\/lv-bayern\/#\/schema\/person\/19c4bb106ca4de98c60e2cb5ac7f572f"},"breadcrumb":{"@id":"https:\/\/www.vkd.com\/lv-bayern\/news\/adventsempfang-2025\/#breadcrumb"},"inLanguage":"de","potentialAction":[{"@type":"ReadAction","target":["https:\/\/www.vkd.com\/lv-bayern\/news\/adventsempfang-2025\/"]}]},{"@type":"BreadcrumbList","@id":"https:\/\/www.vkd.com\/lv-bayern\/news\/adventsempfang-2025\/#breadcrumb","itemListElement":[{"@type":"ListItem","position":1,"name":"Startseite","item":"https:\/\/www.vkd.com\/lv-bayern\/"},{"@type":"ListItem","position":2,"name":"Adventsempfang 2025"}]},{"@type":"WebSite","@id":"https:\/\/www.vkd.com\/lv-bayern\/#website","url":"https:\/\/www.vkd.com\/lv-bayern\/","name":"Landesverband der K\u00f6che Bayern","description":"Landesverband im Verband der K\u00f6che Deutschlands e.V.","potentialAction":[{"@type":"SearchAction","target":{"@type":"EntryPoint","urlTemplate":"https:\/\/www.vkd.com\/lv-bayern\/?s={search_term_string}"},"query-input":"required name=search_term_string"}],"inLanguage":"de"},{"@type":"Person","@id":"https:\/\/www.vkd.com\/lv-bayern\/#\/schema\/person\/19c4bb106ca4de98c60e2cb5ac7f572f","name":"Kostadinov Alexander","image":{"@type":"ImageObject","inLanguage":"de","@id":"https:\/\/www.vkd.com\/lv-bayern\/#\/schema\/person\/image\/","url":"https:\/\/secure.gravatar.com\/avatar\/b0cb85e5c215fe1114e6d2404492358d?s=96&d=mm&r=g","contentUrl":"https:\/\/secure.gravatar.com\/avatar\/b0cb85e5c215fe1114e6d2404492358d?s=96&d=mm&r=g","caption":"Kostadinov Alexander"},"url":"https:\/\/www.vkd.com\/lv-bayern\/news\/author\/gentscher-jungentscher-de\/"}]}},"_links":{"self":[{"href":"https:\/\/www.vkd.com\/lv-bayern\/wp-json\/wp\/v2\/posts\/2074"}],"collection":[{"href":"https:\/\/www.vkd.com\/lv-bayern\/wp-json\/wp\/v2\/posts"}],"about":[{"href":"https:\/\/www.vkd.com\/lv-bayern\/wp-json\/wp\/v2\/types\/post"}],"author":[{"embeddable":true,"href":"https:\/\/www.vkd.com\/lv-bayern\/wp-json\/wp\/v2\/users\/1955"}],"replies":[{"embeddable":true,"href":"https:\/\/www.vkd.com\/lv-bayern\/wp-json\/wp\/v2\/comments?post=2074"}],"version-history":[{"count":3,"href":"https:\/\/www.vkd.com\/lv-bayern\/wp-json\/wp\/v2\/posts\/2074\/revisions"}],"predecessor-version":[{"id":2091,"href":"https:\/\/www.vkd.com\/lv-bayern\/wp-json\/wp\/v2\/posts\/2074\/revisions\/2091"}],"wp:featuredmedia":[{"embeddable":true,"href":"https:\/\/www.vkd.com\/lv-bayern\/wp-json\/wp\/v2\/media\/708"}],"wp:attachment":[{"href":"https:\/\/www.vkd.com\/lv-bayern\/wp-json\/wp\/v2\/media?parent=2074"}],"wp:term":[{"taxonomy":"category","embeddable":true,"href":"https:\/\/www.vkd.com\/lv-bayern\/wp-json\/wp\/v2\/categories?post=2074"},{"taxonomy":"post_tag","embeddable":true,"href":"https:\/\/www.vkd.com\/lv-bayern\/wp-json\/wp\/v2\/tags?post=2074"}],"curies":[{"name":"wp","href":"https:\/\/api.w.org\/{rel}","templated":true}]}}