{"id":2065,"date":"2026-01-12T16:52:31","date_gmt":"2026-01-12T15:52:31","guid":{"rendered":"https:\/\/www.vkd.com\/lv-bayern\/?p=2065"},"modified":"2026-01-12T16:52:31","modified_gmt":"2026-01-12T15:52:31","slug":"herbstessen-2025-im-hotel-meerfraeulein","status":"publish","type":"post","link":"https:\/\/www.vkd.com\/lv-bayern\/news\/herbstessen-2025-im-hotel-meerfraeulein\/","title":{"rendered":"Herbstessen 2025 im Hotel Meerfr\u00e4ulein"},"content":{"rendered":"<p>Am Donnerstag, den 2. Oktober 2025, fand das traditionelle Herbstessen des <strong>Clubs der K\u00f6che Donau-Ries e.V.<\/strong> im Br\u00e4uhaussaal des Hotels Meerfr\u00e4ulein in Wemding statt. In stimmungsvoller Atmosph\u00e4re genossen die Mitglieder und G\u00e4ste einen kulinarischen Abend, der ganz im Zeichen der herbstlichen Jahreszeit stand.<\/p>\n<p><strong>Die K\u00fcchenmeister Sepp Meyer (Ehrenvorsitzender Club der K\u00f6che Donau-Ries und Tr\u00e4ger des Bundesverdienstkreuzes) und Josef Meyer (1.Vorsitzender Club der K\u00f6che Donau-Ries) sowie David Huse (Schriftf\u00fchrer Club der K\u00f6che Donau-Ries) mit dem Team vom Hotel Meerfr\u00e4ulein verw\u00f6hnten die Anwesenden mit einem fein abgestimmten Men\u00fc, das saisonale Produkte und handwerkliche Kochkunst eindrucksvoll vereinte.<\/strong><\/p>\n<p>Den Auftakt bildete ein delikates Amuse Bouche, gefolgt von einer cremigen K\u00fcrbissuppe mit Kern\u00f6l und Croutons, die perfekt zur Jahreszeit passte. Als Hauptgang wurde eine knusprig gebratene Jungmast-Ente mit Apfelblaukraut, Kartoffelkn\u00f6deln und Eiersp\u00e4tzle serviert \u2013 klassisch, aromatisch und bis ins Detail liebevoll zubereitet. Den s\u00fc\u00dfen Abschluss bildeten Buchteln mit hausgemachtem Pfirsich-Sorbet und Vanilleschaum, die den Abend genussvoll abrundeten.<br \/>\nNeben dem kulinarischen Genuss stand wie immer die Gemeinschaft im Mittelpunkt. Bei guten Gespr\u00e4chen, Wiedersehen unter Kollegen und einem regen Austausch \u00fcber die Branche zeigte sich erneut der starke Zusammenhalt im Club.<\/p>\n<p><strong>Das Herbstessen 2025 war ein gelungener Beweis daf\u00fcr, dass Tradition, Kochkunst und Geselligkeit im Club der K\u00f6che Donau-Ries e.V. lebendig gepflegt werden \u2013 und ein fester H\u00f6hepunkt im Vereinsjahr bleiben.<\/strong><\/p>\n\n<div id=\"gallery-2072\" class=\"vkdgal-gallery-wrap gallery-grid \">\n    <div class=\"col-md-12\">\n        <div class=\"row\">\n            <div class=\"gal\" data-featherlight-gallery style=\"display: grid; grid-template-columns: repeat(3, 1fr); grid-column-gap: 10px;\">\n                                    <div class=\"item\">\n                        <a href=\"https:\/\/www.vkd.com\/lv-bayern\/wp-content\/uploads\/sites\/14\/2026\/01\/IMG_1477-768x1024.jpg\" title=\"Img 1477\">\n                            <img class=\"img-full\" src=\"https:\/\/www.vkd.com\/lv-bayern\/wp-content\/uploads\/sites\/14\/2026\/01\/IMG_1477-768x1024.jpg\" title=\"Galerie bei Bild 1 \u00f6ffnen\" alt=\"Img 1477\"\/>\n                        <\/a>\n                    <\/div>\n                                    <div class=\"item\">\n                        <a href=\"https:\/\/www.vkd.com\/lv-bayern\/wp-content\/uploads\/sites\/14\/2026\/01\/6073F8C4-2C46-41ED-9030-0D595D2B1D4F-1024x977.jpg\" title=\"6073f8c4 2c46 41ed 9030 0d595d2b1d4f\">\n                            <img class=\"img-full\" src=\"https:\/\/www.vkd.com\/lv-bayern\/wp-content\/uploads\/sites\/14\/2026\/01\/6073F8C4-2C46-41ED-9030-0D595D2B1D4F-1024x977.jpg\" title=\"Galerie bei Bild 2 \u00f6ffnen\" alt=\"6073f8c4 2c46 41ed 9030 0d595d2b1d4f\"\/>\n                        <\/a>\n                    <\/div>\n                                    <div class=\"item\">\n                        <a href=\"https:\/\/www.vkd.com\/lv-bayern\/wp-content\/uploads\/sites\/14\/2026\/01\/IMG_1478-891x1024.jpg\" title=\"Img 1478\">\n                            <img class=\"img-full\" src=\"https:\/\/www.vkd.com\/lv-bayern\/wp-content\/uploads\/sites\/14\/2026\/01\/IMG_1478-891x1024.jpg\" title=\"Galerie bei Bild 3 \u00f6ffnen\" alt=\"Img 1478\"\/>\n                        <\/a>\n                    <\/div>\n                                    <div class=\"item\">\n                        <a href=\"https:\/\/www.vkd.com\/lv-bayern\/wp-content\/uploads\/sites\/14\/2026\/01\/IMG_1517-768x1024.jpg\" title=\"Img 1517\">\n                            <img class=\"img-full\" src=\"https:\/\/www.vkd.com\/lv-bayern\/wp-content\/uploads\/sites\/14\/2026\/01\/IMG_1517-768x1024.jpg\" title=\"Galerie bei Bild 4 \u00f6ffnen\" alt=\"Img 1517\"\/>\n                        <\/a>\n                    <\/div>\n                                    <div class=\"item\">\n                        <a href=\"https:\/\/www.vkd.com\/lv-bayern\/wp-content\/uploads\/sites\/14\/2026\/01\/IMG_1989-1024x604.jpg\" title=\"Img 1989\">\n                            <img class=\"img-full\" src=\"https:\/\/www.vkd.com\/lv-bayern\/wp-content\/uploads\/sites\/14\/2026\/01\/IMG_1989-1024x604.jpg\" title=\"Galerie bei Bild 5 \u00f6ffnen\" alt=\"Img 1989\"\/>\n                        <\/a>\n                    <\/div>\n                            <\/div>\n        <\/div>\n    <\/div>\n<\/div>\n\n\n","protected":false},"excerpt":{"rendered":"<p>Am Donnerstag, den 2. Oktober 2025, fand das traditionelle Herbstessen des Clubs der K\u00f6che Donau-Ries e.V. im Br\u00e4uhaussaal des Hotels Meerfr\u00e4ulein in Wemding statt. In stimmungsvoller Atmosph\u00e4re genossen die Mitglieder und G\u00e4ste einen kulinarischen Abend, der ganz im Zeichen der herbstlichen Jahreszeit stand. Die K\u00fcchenmeister Sepp Meyer (Ehrenvorsitzender Club der K\u00f6che Donau-Ries und Tr\u00e4ger des&#8230;<\/p>\n","protected":false},"author":1955,"featured_media":708,"comment_status":"closed","ping_status":"open","sticky":false,"template":"","format":"standard","meta":[],"categories":[1],"tags":[6,29,5,20,7,19,9,11],"yoast_head":"<!-- This site is optimized with the Yoast SEO plugin v20.0 - https:\/\/yoast.com\/wordpress\/plugins\/seo\/ -->\n<title>Herbstessen 2025 im Hotel Meerfr\u00e4ulein - Landesverband der K\u00f6che Bayern<\/title>\n<meta name=\"robots\" content=\"noindex, follow, max-snippet:-1, max-image-preview:large, max-video-preview:-1\" \/>\n<meta property=\"og:locale\" content=\"de_DE\" \/>\n<meta property=\"og:type\" content=\"article\" \/>\n<meta property=\"og:title\" content=\"Herbstessen 2025 im Hotel Meerfr\u00e4ulein - Landesverband der K\u00f6che Bayern\" \/>\n<meta property=\"og:description\" content=\"Am Donnerstag, den 2. Oktober 2025, fand das traditionelle Herbstessen des Clubs der K\u00f6che Donau-Ries e.V. im Br\u00e4uhaussaal des Hotels Meerfr\u00e4ulein in Wemding statt. In stimmungsvoller Atmosph\u00e4re genossen die Mitglieder und G\u00e4ste einen kulinarischen Abend, der ganz im Zeichen der herbstlichen Jahreszeit stand. Die K\u00fcchenmeister Sepp Meyer (Ehrenvorsitzender Club der K\u00f6che Donau-Ries und Tr\u00e4ger des...\" \/>\n<meta property=\"og:url\" content=\"https:\/\/www.vkd.com\/lv-bayern\/news\/herbstessen-2025-im-hotel-meerfraeulein\/\" \/>\n<meta property=\"og:site_name\" content=\"Landesverband der K\u00f6che Bayern\" \/>\n<meta property=\"article:published_time\" content=\"2026-01-12T15:52:31+00:00\" \/>\n<meta property=\"og:image\" content=\"https:\/\/www.vkd.com\/lv-bayern\/wp-content\/uploads\/sites\/14\/2024\/08\/logo-1.jpg\" \/>\n\t<meta property=\"og:image:width\" content=\"273\" \/>\n\t<meta property=\"og:image:height\" content=\"232\" \/>\n\t<meta property=\"og:image:type\" content=\"image\/jpeg\" \/>\n<meta name=\"author\" content=\"Kostadinov Alexander\" \/>\n<meta name=\"twitter:card\" content=\"summary_large_image\" \/>\n<meta name=\"twitter:label1\" content=\"Verfasst von\" \/>\n\t<meta name=\"twitter:data1\" content=\"Kostadinov Alexander\" \/>\n\t<meta name=\"twitter:label2\" content=\"Gesch\u00e4tzte Lesezeit\" \/>\n\t<meta name=\"twitter:data2\" content=\"2\u00a0Minuten\" \/>\n<script type=\"application\/ld+json\" class=\"yoast-schema-graph\">{\"@context\":\"https:\/\/schema.org\",\"@graph\":[{\"@type\":\"WebPage\",\"@id\":\"https:\/\/www.vkd.com\/lv-bayern\/news\/herbstessen-2025-im-hotel-meerfraeulein\/\",\"url\":\"https:\/\/www.vkd.com\/lv-bayern\/news\/herbstessen-2025-im-hotel-meerfraeulein\/\",\"name\":\"Herbstessen 2025 im Hotel Meerfr\u00e4ulein - Landesverband der K\u00f6che Bayern\",\"isPartOf\":{\"@id\":\"https:\/\/www.vkd.com\/lv-bayern\/#website\"},\"datePublished\":\"2026-01-12T15:52:31+00:00\",\"dateModified\":\"2026-01-12T15:52:31+00:00\",\"author\":{\"@id\":\"https:\/\/www.vkd.com\/lv-bayern\/#\/schema\/person\/19c4bb106ca4de98c60e2cb5ac7f572f\"},\"breadcrumb\":{\"@id\":\"https:\/\/www.vkd.com\/lv-bayern\/news\/herbstessen-2025-im-hotel-meerfraeulein\/#breadcrumb\"},\"inLanguage\":\"de\",\"potentialAction\":[{\"@type\":\"ReadAction\",\"target\":[\"https:\/\/www.vkd.com\/lv-bayern\/news\/herbstessen-2025-im-hotel-meerfraeulein\/\"]}]},{\"@type\":\"BreadcrumbList\",\"@id\":\"https:\/\/www.vkd.com\/lv-bayern\/news\/herbstessen-2025-im-hotel-meerfraeulein\/#breadcrumb\",\"itemListElement\":[{\"@type\":\"ListItem\",\"position\":1,\"name\":\"Startseite\",\"item\":\"https:\/\/www.vkd.com\/lv-bayern\/\"},{\"@type\":\"ListItem\",\"position\":2,\"name\":\"Herbstessen 2025 im Hotel Meerfr\u00e4ulein\"}]},{\"@type\":\"WebSite\",\"@id\":\"https:\/\/www.vkd.com\/lv-bayern\/#website\",\"url\":\"https:\/\/www.vkd.com\/lv-bayern\/\",\"name\":\"Landesverband der K\u00f6che Bayern\",\"description\":\"Landesverband im Verband der K\u00f6che Deutschlands e.V.\",\"potentialAction\":[{\"@type\":\"SearchAction\",\"target\":{\"@type\":\"EntryPoint\",\"urlTemplate\":\"https:\/\/www.vkd.com\/lv-bayern\/?s={search_term_string}\"},\"query-input\":\"required name=search_term_string\"}],\"inLanguage\":\"de\"},{\"@type\":\"Person\",\"@id\":\"https:\/\/www.vkd.com\/lv-bayern\/#\/schema\/person\/19c4bb106ca4de98c60e2cb5ac7f572f\",\"name\":\"Kostadinov Alexander\",\"image\":{\"@type\":\"ImageObject\",\"inLanguage\":\"de\",\"@id\":\"https:\/\/www.vkd.com\/lv-bayern\/#\/schema\/person\/image\/\",\"url\":\"https:\/\/secure.gravatar.com\/avatar\/b0cb85e5c215fe1114e6d2404492358d?s=96&d=mm&r=g\",\"contentUrl\":\"https:\/\/secure.gravatar.com\/avatar\/b0cb85e5c215fe1114e6d2404492358d?s=96&d=mm&r=g\",\"caption\":\"Kostadinov Alexander\"},\"url\":\"https:\/\/www.vkd.com\/lv-bayern\/news\/author\/gentscher-jungentscher-de\/\"}]}<\/script>\n<!-- \/ Yoast SEO plugin. -->","yoast_head_json":{"title":"Herbstessen 2025 im Hotel Meerfr\u00e4ulein - Landesverband der K\u00f6che Bayern","robots":{"index":"noindex","follow":"follow","max-snippet":"max-snippet:-1","max-image-preview":"max-image-preview:large","max-video-preview":"max-video-preview:-1"},"og_locale":"de_DE","og_type":"article","og_title":"Herbstessen 2025 im Hotel Meerfr\u00e4ulein - Landesverband der K\u00f6che Bayern","og_description":"Am Donnerstag, den 2. Oktober 2025, fand das traditionelle Herbstessen des Clubs der K\u00f6che Donau-Ries e.V. im Br\u00e4uhaussaal des Hotels Meerfr\u00e4ulein in Wemding statt. In stimmungsvoller Atmosph\u00e4re genossen die Mitglieder und G\u00e4ste einen kulinarischen Abend, der ganz im Zeichen der herbstlichen Jahreszeit stand. Die K\u00fcchenmeister Sepp Meyer (Ehrenvorsitzender Club der K\u00f6che Donau-Ries und Tr\u00e4ger des...","og_url":"https:\/\/www.vkd.com\/lv-bayern\/news\/herbstessen-2025-im-hotel-meerfraeulein\/","og_site_name":"Landesverband der K\u00f6che Bayern","article_published_time":"2026-01-12T15:52:31+00:00","og_image":[{"width":273,"height":232,"url":"https:\/\/www.vkd.com\/lv-bayern\/wp-content\/uploads\/sites\/14\/2024\/08\/logo-1.jpg","type":"image\/jpeg"}],"author":"Kostadinov Alexander","twitter_card":"summary_large_image","twitter_misc":{"Verfasst von":"Kostadinov Alexander","Gesch\u00e4tzte Lesezeit":"2\u00a0Minuten"},"schema":{"@context":"https:\/\/schema.org","@graph":[{"@type":"WebPage","@id":"https:\/\/www.vkd.com\/lv-bayern\/news\/herbstessen-2025-im-hotel-meerfraeulein\/","url":"https:\/\/www.vkd.com\/lv-bayern\/news\/herbstessen-2025-im-hotel-meerfraeulein\/","name":"Herbstessen 2025 im Hotel Meerfr\u00e4ulein - Landesverband der K\u00f6che Bayern","isPartOf":{"@id":"https:\/\/www.vkd.com\/lv-bayern\/#website"},"datePublished":"2026-01-12T15:52:31+00:00","dateModified":"2026-01-12T15:52:31+00:00","author":{"@id":"https:\/\/www.vkd.com\/lv-bayern\/#\/schema\/person\/19c4bb106ca4de98c60e2cb5ac7f572f"},"breadcrumb":{"@id":"https:\/\/www.vkd.com\/lv-bayern\/news\/herbstessen-2025-im-hotel-meerfraeulein\/#breadcrumb"},"inLanguage":"de","potentialAction":[{"@type":"ReadAction","target":["https:\/\/www.vkd.com\/lv-bayern\/news\/herbstessen-2025-im-hotel-meerfraeulein\/"]}]},{"@type":"BreadcrumbList","@id":"https:\/\/www.vkd.com\/lv-bayern\/news\/herbstessen-2025-im-hotel-meerfraeulein\/#breadcrumb","itemListElement":[{"@type":"ListItem","position":1,"name":"Startseite","item":"https:\/\/www.vkd.com\/lv-bayern\/"},{"@type":"ListItem","position":2,"name":"Herbstessen 2025 im Hotel Meerfr\u00e4ulein"}]},{"@type":"WebSite","@id":"https:\/\/www.vkd.com\/lv-bayern\/#website","url":"https:\/\/www.vkd.com\/lv-bayern\/","name":"Landesverband der K\u00f6che Bayern","description":"Landesverband im Verband der K\u00f6che Deutschlands e.V.","potentialAction":[{"@type":"SearchAction","target":{"@type":"EntryPoint","urlTemplate":"https:\/\/www.vkd.com\/lv-bayern\/?s={search_term_string}"},"query-input":"required name=search_term_string"}],"inLanguage":"de"},{"@type":"Person","@id":"https:\/\/www.vkd.com\/lv-bayern\/#\/schema\/person\/19c4bb106ca4de98c60e2cb5ac7f572f","name":"Kostadinov Alexander","image":{"@type":"ImageObject","inLanguage":"de","@id":"https:\/\/www.vkd.com\/lv-bayern\/#\/schema\/person\/image\/","url":"https:\/\/secure.gravatar.com\/avatar\/b0cb85e5c215fe1114e6d2404492358d?s=96&d=mm&r=g","contentUrl":"https:\/\/secure.gravatar.com\/avatar\/b0cb85e5c215fe1114e6d2404492358d?s=96&d=mm&r=g","caption":"Kostadinov Alexander"},"url":"https:\/\/www.vkd.com\/lv-bayern\/news\/author\/gentscher-jungentscher-de\/"}]}},"_links":{"self":[{"href":"https:\/\/www.vkd.com\/lv-bayern\/wp-json\/wp\/v2\/posts\/2065"}],"collection":[{"href":"https:\/\/www.vkd.com\/lv-bayern\/wp-json\/wp\/v2\/posts"}],"about":[{"href":"https:\/\/www.vkd.com\/lv-bayern\/wp-json\/wp\/v2\/types\/post"}],"author":[{"embeddable":true,"href":"https:\/\/www.vkd.com\/lv-bayern\/wp-json\/wp\/v2\/users\/1955"}],"replies":[{"embeddable":true,"href":"https:\/\/www.vkd.com\/lv-bayern\/wp-json\/wp\/v2\/comments?post=2065"}],"version-history":[{"count":2,"href":"https:\/\/www.vkd.com\/lv-bayern\/wp-json\/wp\/v2\/posts\/2065\/revisions"}],"predecessor-version":[{"id":2073,"href":"https:\/\/www.vkd.com\/lv-bayern\/wp-json\/wp\/v2\/posts\/2065\/revisions\/2073"}],"wp:featuredmedia":[{"embeddable":true,"href":"https:\/\/www.vkd.com\/lv-bayern\/wp-json\/wp\/v2\/media\/708"}],"wp:attachment":[{"href":"https:\/\/www.vkd.com\/lv-bayern\/wp-json\/wp\/v2\/media?parent=2065"}],"wp:term":[{"taxonomy":"category","embeddable":true,"href":"https:\/\/www.vkd.com\/lv-bayern\/wp-json\/wp\/v2\/categories?post=2065"},{"taxonomy":"post_tag","embeddable":true,"href":"https:\/\/www.vkd.com\/lv-bayern\/wp-json\/wp\/v2\/tags?post=2065"}],"curies":[{"name":"wp","href":"https:\/\/api.w.org\/{rel}","templated":true}]}}