{"id":2055,"date":"2026-01-12T16:48:32","date_gmt":"2026-01-12T15:48:32","guid":{"rendered":"https:\/\/www.vkd.com\/lv-bayern\/?p=2055"},"modified":"2026-01-12T16:48:32","modified_gmt":"2026-01-12T15:48:32","slug":"erfolgreiche-teilnahme-am-berufswegekompass-bwk-in-harburg","status":"publish","type":"post","link":"https:\/\/www.vkd.com\/lv-bayern\/news\/erfolgreiche-teilnahme-am-berufswegekompass-bwk-in-harburg\/","title":{"rendered":"Erfolgreiche Teilnahme am Berufswegekompass (BWK) in Harburg"},"content":{"rendered":"<p>Bereits zum 22. Mal pr\u00e4sentierte sich der <strong>Club der K\u00f6che Donau-Ries e.V.<\/strong> auf dem Berufsinformationstag BWK in Harburg \u2013 in bew\u00e4hrter Kooperation mit dem Bayerischen Hotel- und Gastst\u00e4ttenverband (BHG) Donau-Ries. Der gemeinsame Doppelstand zog erneut zahlreiche Besucherinnen und Besucher an und bot eine lebendige Plattform, um \u00fcber die vielf\u00e4ltigen Ausbildungs- und Berufsm\u00f6glichkeiten im Gastgewerbe zu informieren.<\/p>\n<p>Gezieltes Interesse zeigten vor allem Jugendliche und Eltern, die sich \u00fcber die Perspektiven in K\u00fcche, Service und Hotellerie informierten. Mit einem Geruchstest und exotischen Fr\u00fcchten, die f\u00fcr manchen \u00fcberraschende Geschmackserlebnisse boten, gelang es, Neugier und Begeisterung zu wecken. Das Mitmachangebot wurde von den Besucherinnen und Besuchern wie auch von der Presse sehr positiv aufgenommen.<\/p>\n<p>F\u00fcr die engagierte Standbetreuung zeichneten Andrea Kleibel (Kleibel\u2019s Restaurant N\u00f6rdlingen, Kassiererin des BHG Donau-Ries), Uli Gro\u00dfmann (Ehrenvorsitzender des Clubs der K\u00f6che Donau-Ries, 2. Vorsitzender des BHG, Tr\u00e4ger des Bundesverdienstkreuzes) und Josef A. Meyer (Vorsitzender des Clubs der K\u00f6che Donau-Ries, Hotel Meerfr\u00e4ulein Wemding) verantwortlich.<br \/>\nMit ihrer langj\u00e4hrigen Erfahrung und pers\u00f6nlichem Einsatz trugen sie dazu bei, das Handwerk des Kochs und die Chancen der Gastronomie eindrucksvoll zu pr\u00e4sentieren. D<strong>er Club der K\u00f6che Donau-Ries e.V. leistete damit erneut einen wertvollen Beitrag zur Nachwuchswerbung und zur positiven Wahrnehmung der Branche in der Region.<\/strong><\/p>\n<h1><img decoding=\"async\" loading=\"lazy\" class=\"alignleft  wp-image-2063\" src=\"https:\/\/www.vkd.com\/lv-bayern\/wp-content\/uploads\/sites\/14\/2026\/01\/Screenshot-2026-01-12-170532-1024x717.jpg\" alt=\"Screenshot 2026 01 12 170532\" width=\"767\" height=\"537\" srcset=\"https:\/\/www.vkd.com\/lv-bayern\/wp-content\/uploads\/sites\/14\/2026\/01\/Screenshot-2026-01-12-170532-1024x717.jpg 1024w, https:\/\/www.vkd.com\/lv-bayern\/wp-content\/uploads\/sites\/14\/2026\/01\/Screenshot-2026-01-12-170532-300x210.jpg 300w, https:\/\/www.vkd.com\/lv-bayern\/wp-content\/uploads\/sites\/14\/2026\/01\/Screenshot-2026-01-12-170532-768x537.jpg 768w, https:\/\/www.vkd.com\/lv-bayern\/wp-content\/uploads\/sites\/14\/2026\/01\/Screenshot-2026-01-12-170532.jpg 1296w\" sizes=\"(max-width: 767px) 100vw, 767px\" \/><\/h1>\n<p><img decoding=\"async\" loading=\"lazy\" class=\"size-large wp-image-2057\" src=\"https:\/\/www.vkd.com\/lv-bayern\/wp-content\/uploads\/sites\/14\/2026\/01\/IMG_1766-768x1024.jpg\" alt=\"Img 1766\" width=\"768\" height=\"1024\" srcset=\"https:\/\/www.vkd.com\/lv-bayern\/wp-content\/uploads\/sites\/14\/2026\/01\/IMG_1766-768x1024.jpg 768w, https:\/\/www.vkd.com\/lv-bayern\/wp-content\/uploads\/sites\/14\/2026\/01\/IMG_1766-225x300.jpg 225w, https:\/\/www.vkd.com\/lv-bayern\/wp-content\/uploads\/sites\/14\/2026\/01\/IMG_1766-1152x1536.jpg 1152w, https:\/\/www.vkd.com\/lv-bayern\/wp-content\/uploads\/sites\/14\/2026\/01\/IMG_1766-1536x2048.jpg 1536w, https:\/\/www.vkd.com\/lv-bayern\/wp-content\/uploads\/sites\/14\/2026\/01\/IMG_1766-scaled.jpg 1920w\" sizes=\"(max-width: 768px) 100vw, 768px\" \/><\/p>\n<p><img decoding=\"async\" loading=\"lazy\" class=\"size-large wp-image-2058\" src=\"https:\/\/www.vkd.com\/lv-bayern\/wp-content\/uploads\/sites\/14\/2026\/01\/IMG_1774-768x1024.jpg\" alt=\"Img 1774\" width=\"768\" height=\"1024\" srcset=\"https:\/\/www.vkd.com\/lv-bayern\/wp-content\/uploads\/sites\/14\/2026\/01\/IMG_1774-768x1024.jpg 768w, https:\/\/www.vkd.com\/lv-bayern\/wp-content\/uploads\/sites\/14\/2026\/01\/IMG_1774-225x300.jpg 225w, https:\/\/www.vkd.com\/lv-bayern\/wp-content\/uploads\/sites\/14\/2026\/01\/IMG_1774-1152x1536.jpg 1152w, https:\/\/www.vkd.com\/lv-bayern\/wp-content\/uploads\/sites\/14\/2026\/01\/IMG_1774-1536x2048.jpg 1536w, https:\/\/www.vkd.com\/lv-bayern\/wp-content\/uploads\/sites\/14\/2026\/01\/IMG_1774-scaled.jpg 1920w\" sizes=\"(max-width: 768px) 100vw, 768px\" \/><\/p>\n<p><img decoding=\"async\" loading=\"lazy\" class=\"size-large wp-image-2059\" src=\"https:\/\/www.vkd.com\/lv-bayern\/wp-content\/uploads\/sites\/14\/2026\/01\/IMG_1780-768x1024.jpg\" alt=\"Img 1780\" width=\"768\" height=\"1024\" srcset=\"https:\/\/www.vkd.com\/lv-bayern\/wp-content\/uploads\/sites\/14\/2026\/01\/IMG_1780-768x1024.jpg 768w, https:\/\/www.vkd.com\/lv-bayern\/wp-content\/uploads\/sites\/14\/2026\/01\/IMG_1780-225x300.jpg 225w, https:\/\/www.vkd.com\/lv-bayern\/wp-content\/uploads\/sites\/14\/2026\/01\/IMG_1780-1152x1536.jpg 1152w, https:\/\/www.vkd.com\/lv-bayern\/wp-content\/uploads\/sites\/14\/2026\/01\/IMG_1780-1536x2048.jpg 1536w, https:\/\/www.vkd.com\/lv-bayern\/wp-content\/uploads\/sites\/14\/2026\/01\/IMG_1780-scaled.jpg 1920w\" sizes=\"(max-width: 768px) 100vw, 768px\" \/><\/p>\n<p><img decoding=\"async\" loading=\"lazy\" class=\"size-large wp-image-2060\" src=\"https:\/\/www.vkd.com\/lv-bayern\/wp-content\/uploads\/sites\/14\/2026\/01\/IMG_1787-768x1024.jpg\" alt=\"Img 1787\" width=\"768\" height=\"1024\" srcset=\"https:\/\/www.vkd.com\/lv-bayern\/wp-content\/uploads\/sites\/14\/2026\/01\/IMG_1787-768x1024.jpg 768w, https:\/\/www.vkd.com\/lv-bayern\/wp-content\/uploads\/sites\/14\/2026\/01\/IMG_1787-225x300.jpg 225w, https:\/\/www.vkd.com\/lv-bayern\/wp-content\/uploads\/sites\/14\/2026\/01\/IMG_1787-1152x1536.jpg 1152w, https:\/\/www.vkd.com\/lv-bayern\/wp-content\/uploads\/sites\/14\/2026\/01\/IMG_1787-1536x2048.jpg 1536w, https:\/\/www.vkd.com\/lv-bayern\/wp-content\/uploads\/sites\/14\/2026\/01\/IMG_1787-scaled.jpg 1920w\" sizes=\"(max-width: 768px) 100vw, 768px\" \/><\/p>\n","protected":false},"excerpt":{"rendered":"<p>Bereits zum 22. Mal pr\u00e4sentierte sich der Club der K\u00f6che Donau-Ries e.V. auf dem Berufsinformationstag BWK in Harburg \u2013 in bew\u00e4hrter Kooperation mit dem Bayerischen Hotel- und Gastst\u00e4ttenverband (BHG) Donau-Ries. Der gemeinsame Doppelstand zog erneut zahlreiche Besucherinnen und Besucher an und bot eine lebendige Plattform, um \u00fcber die vielf\u00e4ltigen Ausbildungs- und Berufsm\u00f6glichkeiten im Gastgewerbe zu&#8230;<\/p>\n","protected":false},"author":1955,"featured_media":708,"comment_status":"closed","ping_status":"open","sticky":false,"template":"","format":"standard","meta":[],"categories":[1],"tags":[17,6,29,5,20,7,18,19,9,11],"yoast_head":"<!-- This site is optimized with the Yoast SEO plugin v20.0 - https:\/\/yoast.com\/wordpress\/plugins\/seo\/ -->\n<title>Erfolgreiche Teilnahme am Berufswegekompass (BWK) in Harburg - Landesverband der K\u00f6che Bayern<\/title>\n<meta name=\"robots\" content=\"noindex, follow, max-snippet:-1, max-image-preview:large, max-video-preview:-1\" \/>\n<meta property=\"og:locale\" content=\"de_DE\" \/>\n<meta property=\"og:type\" content=\"article\" \/>\n<meta property=\"og:title\" content=\"Erfolgreiche Teilnahme am Berufswegekompass (BWK) in Harburg - Landesverband der K\u00f6che Bayern\" \/>\n<meta property=\"og:description\" content=\"Bereits zum 22. Mal pr\u00e4sentierte sich der Club der K\u00f6che Donau-Ries e.V. auf dem Berufsinformationstag BWK in Harburg \u2013 in bew\u00e4hrter Kooperation mit dem Bayerischen Hotel- und Gastst\u00e4ttenverband (BHG) Donau-Ries. Der gemeinsame Doppelstand zog erneut zahlreiche Besucherinnen und Besucher an und bot eine lebendige Plattform, um \u00fcber die vielf\u00e4ltigen Ausbildungs- und Berufsm\u00f6glichkeiten im Gastgewerbe zu...\" \/>\n<meta property=\"og:url\" content=\"https:\/\/www.vkd.com\/lv-bayern\/news\/erfolgreiche-teilnahme-am-berufswegekompass-bwk-in-harburg\/\" \/>\n<meta property=\"og:site_name\" content=\"Landesverband der K\u00f6che Bayern\" \/>\n<meta property=\"article:published_time\" content=\"2026-01-12T15:48:32+00:00\" \/>\n<meta property=\"og:image\" content=\"https:\/\/www.vkd.com\/lv-bayern\/wp-content\/uploads\/sites\/14\/2024\/08\/logo-1.jpg\" \/>\n\t<meta property=\"og:image:width\" content=\"273\" \/>\n\t<meta property=\"og:image:height\" content=\"232\" \/>\n\t<meta property=\"og:image:type\" content=\"image\/jpeg\" \/>\n<meta name=\"author\" content=\"Kostadinov Alexander\" \/>\n<meta name=\"twitter:card\" content=\"summary_large_image\" \/>\n<meta name=\"twitter:label1\" content=\"Verfasst von\" \/>\n\t<meta name=\"twitter:data1\" content=\"Kostadinov Alexander\" \/>\n\t<meta name=\"twitter:label2\" content=\"Gesch\u00e4tzte Lesezeit\" \/>\n\t<meta name=\"twitter:data2\" content=\"3\u00a0Minuten\" \/>\n<script type=\"application\/ld+json\" class=\"yoast-schema-graph\">{\"@context\":\"https:\/\/schema.org\",\"@graph\":[{\"@type\":\"WebPage\",\"@id\":\"https:\/\/www.vkd.com\/lv-bayern\/news\/erfolgreiche-teilnahme-am-berufswegekompass-bwk-in-harburg\/\",\"url\":\"https:\/\/www.vkd.com\/lv-bayern\/news\/erfolgreiche-teilnahme-am-berufswegekompass-bwk-in-harburg\/\",\"name\":\"Erfolgreiche Teilnahme am Berufswegekompass (BWK) in Harburg - Landesverband der K\u00f6che Bayern\",\"isPartOf\":{\"@id\":\"https:\/\/www.vkd.com\/lv-bayern\/#website\"},\"datePublished\":\"2026-01-12T15:48:32+00:00\",\"dateModified\":\"2026-01-12T15:48:32+00:00\",\"author\":{\"@id\":\"https:\/\/www.vkd.com\/lv-bayern\/#\/schema\/person\/19c4bb106ca4de98c60e2cb5ac7f572f\"},\"breadcrumb\":{\"@id\":\"https:\/\/www.vkd.com\/lv-bayern\/news\/erfolgreiche-teilnahme-am-berufswegekompass-bwk-in-harburg\/#breadcrumb\"},\"inLanguage\":\"de\",\"potentialAction\":[{\"@type\":\"ReadAction\",\"target\":[\"https:\/\/www.vkd.com\/lv-bayern\/news\/erfolgreiche-teilnahme-am-berufswegekompass-bwk-in-harburg\/\"]}]},{\"@type\":\"BreadcrumbList\",\"@id\":\"https:\/\/www.vkd.com\/lv-bayern\/news\/erfolgreiche-teilnahme-am-berufswegekompass-bwk-in-harburg\/#breadcrumb\",\"itemListElement\":[{\"@type\":\"ListItem\",\"position\":1,\"name\":\"Startseite\",\"item\":\"https:\/\/www.vkd.com\/lv-bayern\/\"},{\"@type\":\"ListItem\",\"position\":2,\"name\":\"Erfolgreiche Teilnahme am Berufswegekompass (BWK) in Harburg\"}]},{\"@type\":\"WebSite\",\"@id\":\"https:\/\/www.vkd.com\/lv-bayern\/#website\",\"url\":\"https:\/\/www.vkd.com\/lv-bayern\/\",\"name\":\"Landesverband der K\u00f6che Bayern\",\"description\":\"Landesverband im Verband der K\u00f6che Deutschlands e.V.\",\"potentialAction\":[{\"@type\":\"SearchAction\",\"target\":{\"@type\":\"EntryPoint\",\"urlTemplate\":\"https:\/\/www.vkd.com\/lv-bayern\/?s={search_term_string}\"},\"query-input\":\"required name=search_term_string\"}],\"inLanguage\":\"de\"},{\"@type\":\"Person\",\"@id\":\"https:\/\/www.vkd.com\/lv-bayern\/#\/schema\/person\/19c4bb106ca4de98c60e2cb5ac7f572f\",\"name\":\"Kostadinov Alexander\",\"image\":{\"@type\":\"ImageObject\",\"inLanguage\":\"de\",\"@id\":\"https:\/\/www.vkd.com\/lv-bayern\/#\/schema\/person\/image\/\",\"url\":\"https:\/\/secure.gravatar.com\/avatar\/b0cb85e5c215fe1114e6d2404492358d?s=96&d=mm&r=g\",\"contentUrl\":\"https:\/\/secure.gravatar.com\/avatar\/b0cb85e5c215fe1114e6d2404492358d?s=96&d=mm&r=g\",\"caption\":\"Kostadinov Alexander\"},\"url\":\"https:\/\/www.vkd.com\/lv-bayern\/news\/author\/gentscher-jungentscher-de\/\"}]}<\/script>\n<!-- \/ Yoast SEO plugin. -->","yoast_head_json":{"title":"Erfolgreiche Teilnahme am Berufswegekompass (BWK) in Harburg - Landesverband der K\u00f6che Bayern","robots":{"index":"noindex","follow":"follow","max-snippet":"max-snippet:-1","max-image-preview":"max-image-preview:large","max-video-preview":"max-video-preview:-1"},"og_locale":"de_DE","og_type":"article","og_title":"Erfolgreiche Teilnahme am Berufswegekompass (BWK) in Harburg - Landesverband der K\u00f6che Bayern","og_description":"Bereits zum 22. Mal pr\u00e4sentierte sich der Club der K\u00f6che Donau-Ries e.V. auf dem Berufsinformationstag BWK in Harburg \u2013 in bew\u00e4hrter Kooperation mit dem Bayerischen Hotel- und Gastst\u00e4ttenverband (BHG) Donau-Ries. Der gemeinsame Doppelstand zog erneut zahlreiche Besucherinnen und Besucher an und bot eine lebendige Plattform, um \u00fcber die vielf\u00e4ltigen Ausbildungs- und Berufsm\u00f6glichkeiten im Gastgewerbe zu...","og_url":"https:\/\/www.vkd.com\/lv-bayern\/news\/erfolgreiche-teilnahme-am-berufswegekompass-bwk-in-harburg\/","og_site_name":"Landesverband der K\u00f6che Bayern","article_published_time":"2026-01-12T15:48:32+00:00","og_image":[{"width":273,"height":232,"url":"https:\/\/www.vkd.com\/lv-bayern\/wp-content\/uploads\/sites\/14\/2024\/08\/logo-1.jpg","type":"image\/jpeg"}],"author":"Kostadinov Alexander","twitter_card":"summary_large_image","twitter_misc":{"Verfasst von":"Kostadinov Alexander","Gesch\u00e4tzte Lesezeit":"3\u00a0Minuten"},"schema":{"@context":"https:\/\/schema.org","@graph":[{"@type":"WebPage","@id":"https:\/\/www.vkd.com\/lv-bayern\/news\/erfolgreiche-teilnahme-am-berufswegekompass-bwk-in-harburg\/","url":"https:\/\/www.vkd.com\/lv-bayern\/news\/erfolgreiche-teilnahme-am-berufswegekompass-bwk-in-harburg\/","name":"Erfolgreiche Teilnahme am Berufswegekompass (BWK) in Harburg - Landesverband der K\u00f6che Bayern","isPartOf":{"@id":"https:\/\/www.vkd.com\/lv-bayern\/#website"},"datePublished":"2026-01-12T15:48:32+00:00","dateModified":"2026-01-12T15:48:32+00:00","author":{"@id":"https:\/\/www.vkd.com\/lv-bayern\/#\/schema\/person\/19c4bb106ca4de98c60e2cb5ac7f572f"},"breadcrumb":{"@id":"https:\/\/www.vkd.com\/lv-bayern\/news\/erfolgreiche-teilnahme-am-berufswegekompass-bwk-in-harburg\/#breadcrumb"},"inLanguage":"de","potentialAction":[{"@type":"ReadAction","target":["https:\/\/www.vkd.com\/lv-bayern\/news\/erfolgreiche-teilnahme-am-berufswegekompass-bwk-in-harburg\/"]}]},{"@type":"BreadcrumbList","@id":"https:\/\/www.vkd.com\/lv-bayern\/news\/erfolgreiche-teilnahme-am-berufswegekompass-bwk-in-harburg\/#breadcrumb","itemListElement":[{"@type":"ListItem","position":1,"name":"Startseite","item":"https:\/\/www.vkd.com\/lv-bayern\/"},{"@type":"ListItem","position":2,"name":"Erfolgreiche Teilnahme am Berufswegekompass (BWK) in Harburg"}]},{"@type":"WebSite","@id":"https:\/\/www.vkd.com\/lv-bayern\/#website","url":"https:\/\/www.vkd.com\/lv-bayern\/","name":"Landesverband der K\u00f6che Bayern","description":"Landesverband im Verband der K\u00f6che Deutschlands e.V.","potentialAction":[{"@type":"SearchAction","target":{"@type":"EntryPoint","urlTemplate":"https:\/\/www.vkd.com\/lv-bayern\/?s={search_term_string}"},"query-input":"required name=search_term_string"}],"inLanguage":"de"},{"@type":"Person","@id":"https:\/\/www.vkd.com\/lv-bayern\/#\/schema\/person\/19c4bb106ca4de98c60e2cb5ac7f572f","name":"Kostadinov Alexander","image":{"@type":"ImageObject","inLanguage":"de","@id":"https:\/\/www.vkd.com\/lv-bayern\/#\/schema\/person\/image\/","url":"https:\/\/secure.gravatar.com\/avatar\/b0cb85e5c215fe1114e6d2404492358d?s=96&d=mm&r=g","contentUrl":"https:\/\/secure.gravatar.com\/avatar\/b0cb85e5c215fe1114e6d2404492358d?s=96&d=mm&r=g","caption":"Kostadinov Alexander"},"url":"https:\/\/www.vkd.com\/lv-bayern\/news\/author\/gentscher-jungentscher-de\/"}]}},"_links":{"self":[{"href":"https:\/\/www.vkd.com\/lv-bayern\/wp-json\/wp\/v2\/posts\/2055"}],"collection":[{"href":"https:\/\/www.vkd.com\/lv-bayern\/wp-json\/wp\/v2\/posts"}],"about":[{"href":"https:\/\/www.vkd.com\/lv-bayern\/wp-json\/wp\/v2\/types\/post"}],"author":[{"embeddable":true,"href":"https:\/\/www.vkd.com\/lv-bayern\/wp-json\/wp\/v2\/users\/1955"}],"replies":[{"embeddable":true,"href":"https:\/\/www.vkd.com\/lv-bayern\/wp-json\/wp\/v2\/comments?post=2055"}],"version-history":[{"count":3,"href":"https:\/\/www.vkd.com\/lv-bayern\/wp-json\/wp\/v2\/posts\/2055\/revisions"}],"predecessor-version":[{"id":2064,"href":"https:\/\/www.vkd.com\/lv-bayern\/wp-json\/wp\/v2\/posts\/2055\/revisions\/2064"}],"wp:featuredmedia":[{"embeddable":true,"href":"https:\/\/www.vkd.com\/lv-bayern\/wp-json\/wp\/v2\/media\/708"}],"wp:attachment":[{"href":"https:\/\/www.vkd.com\/lv-bayern\/wp-json\/wp\/v2\/media?parent=2055"}],"wp:term":[{"taxonomy":"category","embeddable":true,"href":"https:\/\/www.vkd.com\/lv-bayern\/wp-json\/wp\/v2\/categories?post=2055"},{"taxonomy":"post_tag","embeddable":true,"href":"https:\/\/www.vkd.com\/lv-bayern\/wp-json\/wp\/v2\/tags?post=2055"}],"curies":[{"name":"wp","href":"https:\/\/api.w.org\/{rel}","templated":true}]}}