{"id":2008,"date":"2025-12-10T12:08:00","date_gmt":"2025-12-10T11:08:00","guid":{"rendered":"https:\/\/www.vkd.com\/lv-bayern\/?p=2008"},"modified":"2025-12-10T12:08:00","modified_gmt":"2025-12-10T11:08:00","slug":"innehalten-in-altoetting","status":"publish","type":"post","link":"https:\/\/www.vkd.com\/lv-bayern\/news\/innehalten-in-altoetting\/","title":{"rendered":"Innehalten in Alt\u00f6tting"},"content":{"rendered":"<div class=\"custom-except\">\n<p>Ende November hielt der K\u00f6cheverein Inn-Salzach seinen j\u00e4hrlichen Gedenkgottesdienst mit Totengedenken aller verstorbenen Mitglieder in der Kirche St. Magdalena in Alt\u00f6tting ab, organisiert von Vereinsmitglied Gerhard Plankl. Anwesend waren unter anderem der zweite Vorstand Alfons Maier und Thomas Hetzenecker vom VKD-Landesverband Bayern.<\/p>\n<\/div>\n<p><span data-contrast=\"auto\"><strong>Text\u00a0K\u00f6cheverein Inn-Salzach e. V.\u00a0<\/strong><br \/>\n<strong>Fotos: K\u00f6cheverein Inn-Salzach e. V.<\/strong><br \/>\n<\/span><\/p>\n","protected":false},"excerpt":{"rendered":"<p>Ende November hielt der K\u00f6cheverein Inn-Salzach seinen j\u00e4hrlichen Gedenkgottesdienst mit Totengedenken aller verstorbenen Mitglieder in der Kirche St. Magdalena in Alt\u00f6tting ab, organisiert von Vereinsmitglied Gerhard Plankl. Anwesend waren unter anderem der zweite Vorstand Alfons Maier und Thomas Hetzenecker vom VKD-Landesverband Bayern. Text\u00a0K\u00f6cheverein Inn-Salzach e. V.\u00a0 Fotos: K\u00f6cheverein Inn-Salzach e. V.<\/p>\n","protected":false},"author":1955,"featured_media":2009,"comment_status":"closed","ping_status":"open","sticky":false,"template":"","format":"standard","meta":[],"categories":[1],"tags":[6,12,7,25,9,11],"yoast_head":"<!-- This site is optimized with the Yoast SEO plugin v20.0 - https:\/\/yoast.com\/wordpress\/plugins\/seo\/ -->\n<title>Innehalten in Alt\u00f6tting - Landesverband der K\u00f6che Bayern<\/title>\n<meta name=\"robots\" content=\"noindex, follow, max-snippet:-1, max-image-preview:large, max-video-preview:-1\" \/>\n<meta property=\"og:locale\" content=\"de_DE\" \/>\n<meta property=\"og:type\" content=\"article\" \/>\n<meta property=\"og:title\" content=\"Innehalten in Alt\u00f6tting - Landesverband der K\u00f6che Bayern\" \/>\n<meta property=\"og:description\" content=\"Ende November hielt der K\u00f6cheverein Inn-Salzach seinen j\u00e4hrlichen Gedenkgottesdienst mit Totengedenken aller verstorbenen Mitglieder in der Kirche St. Magdalena in Alt\u00f6tting ab, organisiert von Vereinsmitglied Gerhard Plankl. Anwesend waren unter anderem der zweite Vorstand Alfons Maier und Thomas Hetzenecker vom VKD-Landesverband Bayern. Text\u00a0K\u00f6cheverein Inn-Salzach e. V.\u00a0 Fotos: K\u00f6cheverein Inn-Salzach e. V.\" \/>\n<meta property=\"og:url\" content=\"https:\/\/www.vkd.com\/lv-bayern\/news\/innehalten-in-altoetting\/\" \/>\n<meta property=\"og:site_name\" content=\"Landesverband der K\u00f6che Bayern\" \/>\n<meta property=\"article:published_time\" content=\"2025-12-10T11:08:00+00:00\" \/>\n<meta property=\"og:image\" content=\"https:\/\/www.vkd.com\/lv-bayern\/wp-content\/uploads\/sites\/14\/2025\/12\/ZV-Inn-Salzach-2025_11-1024x683-1.png\" \/>\n\t<meta property=\"og:image:width\" content=\"1024\" \/>\n\t<meta property=\"og:image:height\" content=\"683\" \/>\n\t<meta property=\"og:image:type\" content=\"image\/png\" \/>\n<meta name=\"author\" content=\"Kostadinov Alexander\" \/>\n<meta name=\"twitter:card\" content=\"summary_large_image\" \/>\n<meta name=\"twitter:label1\" content=\"Verfasst von\" \/>\n\t<meta name=\"twitter:data1\" content=\"Kostadinov Alexander\" \/>\n\t<meta name=\"twitter:label2\" content=\"Gesch\u00e4tzte Lesezeit\" \/>\n\t<meta name=\"twitter:data2\" content=\"1\u00a0Minute\" \/>\n<script type=\"application\/ld+json\" class=\"yoast-schema-graph\">{\"@context\":\"https:\/\/schema.org\",\"@graph\":[{\"@type\":\"WebPage\",\"@id\":\"https:\/\/www.vkd.com\/lv-bayern\/news\/innehalten-in-altoetting\/\",\"url\":\"https:\/\/www.vkd.com\/lv-bayern\/news\/innehalten-in-altoetting\/\",\"name\":\"Innehalten in Alt\u00f6tting - Landesverband der K\u00f6che Bayern\",\"isPartOf\":{\"@id\":\"https:\/\/www.vkd.com\/lv-bayern\/#website\"},\"datePublished\":\"2025-12-10T11:08:00+00:00\",\"dateModified\":\"2025-12-10T11:08:00+00:00\",\"author\":{\"@id\":\"https:\/\/www.vkd.com\/lv-bayern\/#\/schema\/person\/19c4bb106ca4de98c60e2cb5ac7f572f\"},\"breadcrumb\":{\"@id\":\"https:\/\/www.vkd.com\/lv-bayern\/news\/innehalten-in-altoetting\/#breadcrumb\"},\"inLanguage\":\"de\",\"potentialAction\":[{\"@type\":\"ReadAction\",\"target\":[\"https:\/\/www.vkd.com\/lv-bayern\/news\/innehalten-in-altoetting\/\"]}]},{\"@type\":\"BreadcrumbList\",\"@id\":\"https:\/\/www.vkd.com\/lv-bayern\/news\/innehalten-in-altoetting\/#breadcrumb\",\"itemListElement\":[{\"@type\":\"ListItem\",\"position\":1,\"name\":\"Startseite\",\"item\":\"https:\/\/www.vkd.com\/lv-bayern\/\"},{\"@type\":\"ListItem\",\"position\":2,\"name\":\"Innehalten in Alt\u00f6tting\"}]},{\"@type\":\"WebSite\",\"@id\":\"https:\/\/www.vkd.com\/lv-bayern\/#website\",\"url\":\"https:\/\/www.vkd.com\/lv-bayern\/\",\"name\":\"Landesverband der K\u00f6che Bayern\",\"description\":\"Landesverband im Verband der K\u00f6che Deutschlands e.V.\",\"potentialAction\":[{\"@type\":\"SearchAction\",\"target\":{\"@type\":\"EntryPoint\",\"urlTemplate\":\"https:\/\/www.vkd.com\/lv-bayern\/?s={search_term_string}\"},\"query-input\":\"required name=search_term_string\"}],\"inLanguage\":\"de\"},{\"@type\":\"Person\",\"@id\":\"https:\/\/www.vkd.com\/lv-bayern\/#\/schema\/person\/19c4bb106ca4de98c60e2cb5ac7f572f\",\"name\":\"Kostadinov Alexander\",\"image\":{\"@type\":\"ImageObject\",\"inLanguage\":\"de\",\"@id\":\"https:\/\/www.vkd.com\/lv-bayern\/#\/schema\/person\/image\/\",\"url\":\"https:\/\/secure.gravatar.com\/avatar\/b0cb85e5c215fe1114e6d2404492358d?s=96&d=mm&r=g\",\"contentUrl\":\"https:\/\/secure.gravatar.com\/avatar\/b0cb85e5c215fe1114e6d2404492358d?s=96&d=mm&r=g\",\"caption\":\"Kostadinov Alexander\"},\"url\":\"https:\/\/www.vkd.com\/lv-bayern\/news\/author\/gentscher-jungentscher-de\/\"}]}<\/script>\n<!-- \/ Yoast SEO plugin. -->","yoast_head_json":{"title":"Innehalten in Alt\u00f6tting - Landesverband der K\u00f6che Bayern","robots":{"index":"noindex","follow":"follow","max-snippet":"max-snippet:-1","max-image-preview":"max-image-preview:large","max-video-preview":"max-video-preview:-1"},"og_locale":"de_DE","og_type":"article","og_title":"Innehalten in Alt\u00f6tting - Landesverband der K\u00f6che Bayern","og_description":"Ende November hielt der K\u00f6cheverein Inn-Salzach seinen j\u00e4hrlichen Gedenkgottesdienst mit Totengedenken aller verstorbenen Mitglieder in der Kirche St. Magdalena in Alt\u00f6tting ab, organisiert von Vereinsmitglied Gerhard Plankl. Anwesend waren unter anderem der zweite Vorstand Alfons Maier und Thomas Hetzenecker vom VKD-Landesverband Bayern. Text\u00a0K\u00f6cheverein Inn-Salzach e. V.\u00a0 Fotos: K\u00f6cheverein Inn-Salzach e. V.","og_url":"https:\/\/www.vkd.com\/lv-bayern\/news\/innehalten-in-altoetting\/","og_site_name":"Landesverband der K\u00f6che Bayern","article_published_time":"2025-12-10T11:08:00+00:00","og_image":[{"width":1024,"height":683,"url":"https:\/\/www.vkd.com\/lv-bayern\/wp-content\/uploads\/sites\/14\/2025\/12\/ZV-Inn-Salzach-2025_11-1024x683-1.png","type":"image\/png"}],"author":"Kostadinov Alexander","twitter_card":"summary_large_image","twitter_misc":{"Verfasst von":"Kostadinov Alexander","Gesch\u00e4tzte Lesezeit":"1\u00a0Minute"},"schema":{"@context":"https:\/\/schema.org","@graph":[{"@type":"WebPage","@id":"https:\/\/www.vkd.com\/lv-bayern\/news\/innehalten-in-altoetting\/","url":"https:\/\/www.vkd.com\/lv-bayern\/news\/innehalten-in-altoetting\/","name":"Innehalten in Alt\u00f6tting - Landesverband der K\u00f6che Bayern","isPartOf":{"@id":"https:\/\/www.vkd.com\/lv-bayern\/#website"},"datePublished":"2025-12-10T11:08:00+00:00","dateModified":"2025-12-10T11:08:00+00:00","author":{"@id":"https:\/\/www.vkd.com\/lv-bayern\/#\/schema\/person\/19c4bb106ca4de98c60e2cb5ac7f572f"},"breadcrumb":{"@id":"https:\/\/www.vkd.com\/lv-bayern\/news\/innehalten-in-altoetting\/#breadcrumb"},"inLanguage":"de","potentialAction":[{"@type":"ReadAction","target":["https:\/\/www.vkd.com\/lv-bayern\/news\/innehalten-in-altoetting\/"]}]},{"@type":"BreadcrumbList","@id":"https:\/\/www.vkd.com\/lv-bayern\/news\/innehalten-in-altoetting\/#breadcrumb","itemListElement":[{"@type":"ListItem","position":1,"name":"Startseite","item":"https:\/\/www.vkd.com\/lv-bayern\/"},{"@type":"ListItem","position":2,"name":"Innehalten in Alt\u00f6tting"}]},{"@type":"WebSite","@id":"https:\/\/www.vkd.com\/lv-bayern\/#website","url":"https:\/\/www.vkd.com\/lv-bayern\/","name":"Landesverband der K\u00f6che Bayern","description":"Landesverband im Verband der K\u00f6che Deutschlands e.V.","potentialAction":[{"@type":"SearchAction","target":{"@type":"EntryPoint","urlTemplate":"https:\/\/www.vkd.com\/lv-bayern\/?s={search_term_string}"},"query-input":"required name=search_term_string"}],"inLanguage":"de"},{"@type":"Person","@id":"https:\/\/www.vkd.com\/lv-bayern\/#\/schema\/person\/19c4bb106ca4de98c60e2cb5ac7f572f","name":"Kostadinov Alexander","image":{"@type":"ImageObject","inLanguage":"de","@id":"https:\/\/www.vkd.com\/lv-bayern\/#\/schema\/person\/image\/","url":"https:\/\/secure.gravatar.com\/avatar\/b0cb85e5c215fe1114e6d2404492358d?s=96&d=mm&r=g","contentUrl":"https:\/\/secure.gravatar.com\/avatar\/b0cb85e5c215fe1114e6d2404492358d?s=96&d=mm&r=g","caption":"Kostadinov Alexander"},"url":"https:\/\/www.vkd.com\/lv-bayern\/news\/author\/gentscher-jungentscher-de\/"}]}},"_links":{"self":[{"href":"https:\/\/www.vkd.com\/lv-bayern\/wp-json\/wp\/v2\/posts\/2008"}],"collection":[{"href":"https:\/\/www.vkd.com\/lv-bayern\/wp-json\/wp\/v2\/posts"}],"about":[{"href":"https:\/\/www.vkd.com\/lv-bayern\/wp-json\/wp\/v2\/types\/post"}],"author":[{"embeddable":true,"href":"https:\/\/www.vkd.com\/lv-bayern\/wp-json\/wp\/v2\/users\/1955"}],"replies":[{"embeddable":true,"href":"https:\/\/www.vkd.com\/lv-bayern\/wp-json\/wp\/v2\/comments?post=2008"}],"version-history":[{"count":6,"href":"https:\/\/www.vkd.com\/lv-bayern\/wp-json\/wp\/v2\/posts\/2008\/revisions"}],"predecessor-version":[{"id":2016,"href":"https:\/\/www.vkd.com\/lv-bayern\/wp-json\/wp\/v2\/posts\/2008\/revisions\/2016"}],"wp:featuredmedia":[{"embeddable":true,"href":"https:\/\/www.vkd.com\/lv-bayern\/wp-json\/wp\/v2\/media\/2009"}],"wp:attachment":[{"href":"https:\/\/www.vkd.com\/lv-bayern\/wp-json\/wp\/v2\/media?parent=2008"}],"wp:term":[{"taxonomy":"category","embeddable":true,"href":"https:\/\/www.vkd.com\/lv-bayern\/wp-json\/wp\/v2\/categories?post=2008"},{"taxonomy":"post_tag","embeddable":true,"href":"https:\/\/www.vkd.com\/lv-bayern\/wp-json\/wp\/v2\/tags?post=2008"}],"curies":[{"name":"wp","href":"https:\/\/api.w.org\/{rel}","templated":true}]}}