{"id":2003,"date":"2025-12-08T14:30:00","date_gmt":"2025-12-08T13:30:00","guid":{"rendered":"https:\/\/www.vkd.com\/lv-bayern\/?p=2003"},"modified":"2025-12-08T14:30:00","modified_gmt":"2025-12-08T13:30:00","slug":"frohe-weihnachten","status":"publish","type":"post","link":"https:\/\/www.vkd.com\/lv-bayern\/news\/frohe-weihnachten\/","title":{"rendered":"Frohe Weihnachten"},"content":{"rendered":"<p><b>Sehr geehrte Kolleginnen und Kollegen,<br \/>\n<\/b><\/p>\n<p>im Namen des gesamten Vorstands des Landesverbands der K\u00f6che Bayern m\u00f6chten wir Ihnen eine besinnliche und erholsame Weihnachtszeit w\u00fcnschen. Das Jahr 2025 neigt sich dem Ende zu \u2013 ein Jahr, das uns erneut vor vielf\u00e4ltige Aufgaben gestellt hat, uns aber zugleich zahlreiche wertvolle Begegnungen, gemeinsame Erfolge und Momente des Zusammenhalts geschenkt hat.<\/p>\n<p>Gerade in diesen festlichen Tagen m\u00f6chten wir innehalten und Ihnen f\u00fcr Ihre stetige Einsatzbereitschaft, Ihre Leidenschaft f\u00fcr unseren Beruf und Ihr Engagement in unserem Verband danken. Sie alle tragen dazu bei, dass unsere Gemeinschaft stark bleibt, sich weiterentwickelt und auch in anspruchsvollen Zeiten ihren Weg findet.<\/p>\n<p>F\u00fcr das neue Jahr w\u00fcnschen wir Ihnen Gesundheit, Gl\u00fcck und viel Erfolg. Wir freuen uns darauf, auch 2026 gemeinsam mit Ihnen die Zukunft unseres Berufsfeldes aktiv zu gestalten und die kommenden Herausforderungen mit Optimismus und Tatkraft anzugehen.<\/p>\n<p>Genie\u00dfen Sie die Weihnachtszeit im Kreise Ihrer Liebsten und sch\u00f6pfen Sie neue Energie f\u00fcr das Jahr, das vor uns liegt.<\/p>\n<p><b>Mit herzlichen Gr\u00fc\u00dfen und den besten W\u00fcnschen<br \/>\nIhr Team vom Landesverband der K\u00f6che Bayern<\/b><\/p>\n","protected":false},"excerpt":{"rendered":"<p>Sehr geehrte Kolleginnen und Kollegen, im Namen des gesamten Vorstands des Landesverbands der K\u00f6che Bayern m\u00f6chten wir Ihnen eine besinnliche und erholsame Weihnachtszeit w\u00fcnschen. Das Jahr 2025 neigt sich dem Ende zu \u2013 ein Jahr, das uns erneut vor vielf\u00e4ltige Aufgaben gestellt hat, uns aber zugleich zahlreiche wertvolle Begegnungen, gemeinsame Erfolge und Momente des Zusammenhalts&#8230;<\/p>\n","protected":false},"author":1955,"featured_media":2004,"comment_status":"closed","ping_status":"open","sticky":false,"template":"","format":"standard","meta":[],"categories":[1],"tags":[7,19,9,8,11],"yoast_head":"<!-- This site is optimized with the Yoast SEO plugin v20.0 - https:\/\/yoast.com\/wordpress\/plugins\/seo\/ -->\n<title>Frohe Weihnachten - Landesverband der K\u00f6che Bayern<\/title>\n<meta name=\"robots\" content=\"noindex, follow, max-snippet:-1, max-image-preview:large, max-video-preview:-1\" \/>\n<meta property=\"og:locale\" content=\"de_DE\" \/>\n<meta property=\"og:type\" content=\"article\" \/>\n<meta property=\"og:title\" content=\"Frohe Weihnachten - Landesverband der K\u00f6che Bayern\" \/>\n<meta property=\"og:description\" content=\"Sehr geehrte Kolleginnen und Kollegen, im Namen des gesamten Vorstands des Landesverbands der K\u00f6che Bayern m\u00f6chten wir Ihnen eine besinnliche und erholsame Weihnachtszeit w\u00fcnschen. Das Jahr 2025 neigt sich dem Ende zu \u2013 ein Jahr, das uns erneut vor vielf\u00e4ltige Aufgaben gestellt hat, uns aber zugleich zahlreiche wertvolle Begegnungen, gemeinsame Erfolge und Momente des Zusammenhalts...\" \/>\n<meta property=\"og:url\" content=\"https:\/\/www.vkd.com\/lv-bayern\/news\/frohe-weihnachten\/\" \/>\n<meta property=\"og:site_name\" content=\"Landesverband der K\u00f6che Bayern\" \/>\n<meta property=\"article:published_time\" content=\"2025-12-08T13:30:00+00:00\" \/>\n<meta property=\"og:image\" content=\"https:\/\/www.vkd.com\/lv-bayern\/wp-content\/uploads\/sites\/14\/2025\/12\/Weihnachten2025.jpg\" \/>\n\t<meta property=\"og:image:width\" content=\"1280\" \/>\n\t<meta property=\"og:image:height\" content=\"720\" \/>\n\t<meta property=\"og:image:type\" content=\"image\/jpeg\" \/>\n<meta name=\"author\" content=\"Kostadinov Alexander\" \/>\n<meta name=\"twitter:card\" content=\"summary_large_image\" \/>\n<meta name=\"twitter:label1\" content=\"Verfasst von\" \/>\n\t<meta name=\"twitter:data1\" content=\"Kostadinov Alexander\" \/>\n\t<meta name=\"twitter:label2\" content=\"Gesch\u00e4tzte Lesezeit\" \/>\n\t<meta name=\"twitter:data2\" content=\"1\u00a0Minute\" \/>\n<script type=\"application\/ld+json\" class=\"yoast-schema-graph\">{\"@context\":\"https:\/\/schema.org\",\"@graph\":[{\"@type\":\"WebPage\",\"@id\":\"https:\/\/www.vkd.com\/lv-bayern\/news\/frohe-weihnachten\/\",\"url\":\"https:\/\/www.vkd.com\/lv-bayern\/news\/frohe-weihnachten\/\",\"name\":\"Frohe Weihnachten - Landesverband der K\u00f6che Bayern\",\"isPartOf\":{\"@id\":\"https:\/\/www.vkd.com\/lv-bayern\/#website\"},\"datePublished\":\"2025-12-08T13:30:00+00:00\",\"dateModified\":\"2025-12-08T13:30:00+00:00\",\"author\":{\"@id\":\"https:\/\/www.vkd.com\/lv-bayern\/#\/schema\/person\/19c4bb106ca4de98c60e2cb5ac7f572f\"},\"breadcrumb\":{\"@id\":\"https:\/\/www.vkd.com\/lv-bayern\/news\/frohe-weihnachten\/#breadcrumb\"},\"inLanguage\":\"de\",\"potentialAction\":[{\"@type\":\"ReadAction\",\"target\":[\"https:\/\/www.vkd.com\/lv-bayern\/news\/frohe-weihnachten\/\"]}]},{\"@type\":\"BreadcrumbList\",\"@id\":\"https:\/\/www.vkd.com\/lv-bayern\/news\/frohe-weihnachten\/#breadcrumb\",\"itemListElement\":[{\"@type\":\"ListItem\",\"position\":1,\"name\":\"Startseite\",\"item\":\"https:\/\/www.vkd.com\/lv-bayern\/\"},{\"@type\":\"ListItem\",\"position\":2,\"name\":\"Frohe Weihnachten\"}]},{\"@type\":\"WebSite\",\"@id\":\"https:\/\/www.vkd.com\/lv-bayern\/#website\",\"url\":\"https:\/\/www.vkd.com\/lv-bayern\/\",\"name\":\"Landesverband der K\u00f6che Bayern\",\"description\":\"Landesverband im Verband der K\u00f6che Deutschlands e.V.\",\"potentialAction\":[{\"@type\":\"SearchAction\",\"target\":{\"@type\":\"EntryPoint\",\"urlTemplate\":\"https:\/\/www.vkd.com\/lv-bayern\/?s={search_term_string}\"},\"query-input\":\"required name=search_term_string\"}],\"inLanguage\":\"de\"},{\"@type\":\"Person\",\"@id\":\"https:\/\/www.vkd.com\/lv-bayern\/#\/schema\/person\/19c4bb106ca4de98c60e2cb5ac7f572f\",\"name\":\"Kostadinov Alexander\",\"image\":{\"@type\":\"ImageObject\",\"inLanguage\":\"de\",\"@id\":\"https:\/\/www.vkd.com\/lv-bayern\/#\/schema\/person\/image\/\",\"url\":\"https:\/\/secure.gravatar.com\/avatar\/b0cb85e5c215fe1114e6d2404492358d?s=96&d=mm&r=g\",\"contentUrl\":\"https:\/\/secure.gravatar.com\/avatar\/b0cb85e5c215fe1114e6d2404492358d?s=96&d=mm&r=g\",\"caption\":\"Kostadinov Alexander\"},\"url\":\"https:\/\/www.vkd.com\/lv-bayern\/news\/author\/gentscher-jungentscher-de\/\"}]}<\/script>\n<!-- \/ Yoast SEO plugin. -->","yoast_head_json":{"title":"Frohe Weihnachten - Landesverband der K\u00f6che Bayern","robots":{"index":"noindex","follow":"follow","max-snippet":"max-snippet:-1","max-image-preview":"max-image-preview:large","max-video-preview":"max-video-preview:-1"},"og_locale":"de_DE","og_type":"article","og_title":"Frohe Weihnachten - Landesverband der K\u00f6che Bayern","og_description":"Sehr geehrte Kolleginnen und Kollegen, im Namen des gesamten Vorstands des Landesverbands der K\u00f6che Bayern m\u00f6chten wir Ihnen eine besinnliche und erholsame Weihnachtszeit w\u00fcnschen. Das Jahr 2025 neigt sich dem Ende zu \u2013 ein Jahr, das uns erneut vor vielf\u00e4ltige Aufgaben gestellt hat, uns aber zugleich zahlreiche wertvolle Begegnungen, gemeinsame Erfolge und Momente des Zusammenhalts...","og_url":"https:\/\/www.vkd.com\/lv-bayern\/news\/frohe-weihnachten\/","og_site_name":"Landesverband der K\u00f6che Bayern","article_published_time":"2025-12-08T13:30:00+00:00","og_image":[{"width":1280,"height":720,"url":"https:\/\/www.vkd.com\/lv-bayern\/wp-content\/uploads\/sites\/14\/2025\/12\/Weihnachten2025.jpg","type":"image\/jpeg"}],"author":"Kostadinov Alexander","twitter_card":"summary_large_image","twitter_misc":{"Verfasst von":"Kostadinov Alexander","Gesch\u00e4tzte Lesezeit":"1\u00a0Minute"},"schema":{"@context":"https:\/\/schema.org","@graph":[{"@type":"WebPage","@id":"https:\/\/www.vkd.com\/lv-bayern\/news\/frohe-weihnachten\/","url":"https:\/\/www.vkd.com\/lv-bayern\/news\/frohe-weihnachten\/","name":"Frohe Weihnachten - Landesverband der K\u00f6che Bayern","isPartOf":{"@id":"https:\/\/www.vkd.com\/lv-bayern\/#website"},"datePublished":"2025-12-08T13:30:00+00:00","dateModified":"2025-12-08T13:30:00+00:00","author":{"@id":"https:\/\/www.vkd.com\/lv-bayern\/#\/schema\/person\/19c4bb106ca4de98c60e2cb5ac7f572f"},"breadcrumb":{"@id":"https:\/\/www.vkd.com\/lv-bayern\/news\/frohe-weihnachten\/#breadcrumb"},"inLanguage":"de","potentialAction":[{"@type":"ReadAction","target":["https:\/\/www.vkd.com\/lv-bayern\/news\/frohe-weihnachten\/"]}]},{"@type":"BreadcrumbList","@id":"https:\/\/www.vkd.com\/lv-bayern\/news\/frohe-weihnachten\/#breadcrumb","itemListElement":[{"@type":"ListItem","position":1,"name":"Startseite","item":"https:\/\/www.vkd.com\/lv-bayern\/"},{"@type":"ListItem","position":2,"name":"Frohe Weihnachten"}]},{"@type":"WebSite","@id":"https:\/\/www.vkd.com\/lv-bayern\/#website","url":"https:\/\/www.vkd.com\/lv-bayern\/","name":"Landesverband der K\u00f6che Bayern","description":"Landesverband im Verband der K\u00f6che Deutschlands e.V.","potentialAction":[{"@type":"SearchAction","target":{"@type":"EntryPoint","urlTemplate":"https:\/\/www.vkd.com\/lv-bayern\/?s={search_term_string}"},"query-input":"required name=search_term_string"}],"inLanguage":"de"},{"@type":"Person","@id":"https:\/\/www.vkd.com\/lv-bayern\/#\/schema\/person\/19c4bb106ca4de98c60e2cb5ac7f572f","name":"Kostadinov Alexander","image":{"@type":"ImageObject","inLanguage":"de","@id":"https:\/\/www.vkd.com\/lv-bayern\/#\/schema\/person\/image\/","url":"https:\/\/secure.gravatar.com\/avatar\/b0cb85e5c215fe1114e6d2404492358d?s=96&d=mm&r=g","contentUrl":"https:\/\/secure.gravatar.com\/avatar\/b0cb85e5c215fe1114e6d2404492358d?s=96&d=mm&r=g","caption":"Kostadinov Alexander"},"url":"https:\/\/www.vkd.com\/lv-bayern\/news\/author\/gentscher-jungentscher-de\/"}]}},"_links":{"self":[{"href":"https:\/\/www.vkd.com\/lv-bayern\/wp-json\/wp\/v2\/posts\/2003"}],"collection":[{"href":"https:\/\/www.vkd.com\/lv-bayern\/wp-json\/wp\/v2\/posts"}],"about":[{"href":"https:\/\/www.vkd.com\/lv-bayern\/wp-json\/wp\/v2\/types\/post"}],"author":[{"embeddable":true,"href":"https:\/\/www.vkd.com\/lv-bayern\/wp-json\/wp\/v2\/users\/1955"}],"replies":[{"embeddable":true,"href":"https:\/\/www.vkd.com\/lv-bayern\/wp-json\/wp\/v2\/comments?post=2003"}],"version-history":[{"count":1,"href":"https:\/\/www.vkd.com\/lv-bayern\/wp-json\/wp\/v2\/posts\/2003\/revisions"}],"predecessor-version":[{"id":2005,"href":"https:\/\/www.vkd.com\/lv-bayern\/wp-json\/wp\/v2\/posts\/2003\/revisions\/2005"}],"wp:featuredmedia":[{"embeddable":true,"href":"https:\/\/www.vkd.com\/lv-bayern\/wp-json\/wp\/v2\/media\/2004"}],"wp:attachment":[{"href":"https:\/\/www.vkd.com\/lv-bayern\/wp-json\/wp\/v2\/media?parent=2003"}],"wp:term":[{"taxonomy":"category","embeddable":true,"href":"https:\/\/www.vkd.com\/lv-bayern\/wp-json\/wp\/v2\/categories?post=2003"},{"taxonomy":"post_tag","embeddable":true,"href":"https:\/\/www.vkd.com\/lv-bayern\/wp-json\/wp\/v2\/tags?post=2003"}],"curies":[{"name":"wp","href":"https:\/\/api.w.org\/{rel}","templated":true}]}}