{"id":1969,"date":"2025-11-25T09:38:22","date_gmt":"2025-11-25T08:38:22","guid":{"rendered":"https:\/\/www.vkd.com\/lv-bayern\/?p=1969"},"modified":"2025-11-25T09:38:22","modified_gmt":"2025-11-25T08:38:22","slug":"herbsttagung-2025-in-fischen-im-allgaeu","status":"publish","type":"post","link":"https:\/\/www.vkd.com\/lv-bayern\/news\/herbsttagung-2025-in-fischen-im-allgaeu\/","title":{"rendered":"Herbsttagung 2025 in Fischen im Allg\u00e4u"},"content":{"rendered":"<p data-start=\"0\" data-end=\"97\"><strong data-start=\"0\" data-end=\"20\">Pressemitteilung<\/strong><br data-start=\"20\" data-end=\"23\" \/><strong data-start=\"23\" data-end=\"97\">Unsere Herbsttagung 2025 in Fischen im Allg\u00e4u \u2013 R\u00fcckblick und Ausblick<\/strong><\/p>\n<p data-start=\"99\" data-end=\"361\">Fischen im Allg\u00e4u, Herbst 2025 \u2013 Wir blicken mit gro\u00dfer Freude und Dank zur\u00fcck auf unsere Herbsttagung 2025 in Fischen im Allg\u00e4u. Der rege Austausch, die motivierten Diskussionen und die positive Atmosph\u00e4re haben die Veranstaltung zu einem echten Erfolg gemacht.<\/p>\n<hr data-start=\"363\" data-end=\"366\" \/>\n<h3 data-start=\"368\" data-end=\"399\">1. Dank an alle Beteiligten<\/h3>\n<p data-start=\"401\" data-end=\"748\">Ein ganz herzliches Dankesch\u00f6n gilt allen <strong data-start=\"443\" data-end=\"478\">Teilnehmerinnen und Teilnehmern<\/strong> f\u00fcr ihren Besuch und ihr gro\u00dfes Interesse. Ein besonderer Applaus geht an den <strong data-start=\"557\" data-end=\"583\">Zweigverein Oberallg\u00e4u<\/strong>, der mit seiner exzellenten Organisation und reibungslosen Durchf\u00fchrung den Rahmen f\u00fcr produktive Gespr\u00e4che geschaffen hat \u2013 ihr habt gro\u00dfartige Arbeit geleistet!<\/p>\n<p data-start=\"750\" data-end=\"1009\">Ebenfalls m\u00f6chten wir allen Kolleginnen und Kollegen <strong data-start=\"776\" data-end=\"794\">Landesvorstand<\/strong> sowie in <strong>allen Zweigvereinen<\/strong> f\u00fcr ihr unerm\u00fcdliches Engagement danken, sowohl im Vorfeld als auch w\u00e4hrend der Tagung. Der Beitrag aller Teams war entscheidend, damit wir diese Herbsttagung als kraftvolles Gemeinschaftserlebnis erleben konnten.<\/p>\n<hr data-start=\"1011\" data-end=\"1014\" \/>\n<h3 data-start=\"1016\" data-end=\"1073\">2. Medienpr\u00e4senz \u2013 Interviews &amp; \u00d6ffentlichkeitsarbeit<\/h3>\n<p data-start=\"1075\" data-end=\"1464\">W\u00e4hrend der Tagung gab der Landesvorstand <strong data-start=\"1117\" data-end=\"1144\">verschiedene Interviews<\/strong> in der lokalen Allg\u00e4uer Presse sowie im Radio. Diese mediale Begleitung hat nicht nur die Sichtbarkeit unserer Themen erh\u00f6ht, sondern auch das Bewusstsein f\u00fcr unsere Gemeinschaft gest\u00e4rkt. Durch die Berichterstattung konnten wir wichtige Anliegen einem breiteren Publikum nahebringen und unser Netzwerk weiter ausbauen.<\/p>\n<hr data-start=\"1466\" data-end=\"1469\" \/>\n<h3 data-start=\"1471\" data-end=\"1536\">3. Kulinarisches Highlight: \u201eKochende Sterne \u2013 Winteredition\u201c<\/h3>\n<p data-start=\"1538\" data-end=\"1720\">Als besonderes kulturelles und kulinarisches Highlight fand im <strong data-start=\"1601\" data-end=\"1620\">Kurhaus Fiskina<\/strong> in Fischen die <strong data-start=\"1636\" data-end=\"1673\">\u201eKochende Sterne \u2013 Winteredition\u201c<\/strong> statt.<\/p>\n<p data-start=\"1722\" data-end=\"2083\">Dieser exklusive Abend \u2013 veranstaltet vom Verein der K\u00f6che Oberallg\u00e4u \u2013 brachte zehn talentierte Auszubildende der Gastronomie zusammen. Sie zelebrierten ihre Kochkunst an verschiedenen Stationen und bereiteten kreative Gerichte aus regionalen Zutaten zu: Fleisch, Fisch und vegetarische Speisen standen auf dem Programm.<\/p>\n<p data-start=\"2085\" data-end=\"2644\">Begleitet wurden die Men\u00fcs von s\u00fc\u00dfen Kreationen aus der P\u00e2tisserie, lokalen K\u00e4sesorten sowie erlesenen Weinen und regionalen Bieren. Der Abend begann um 18:30 Uhr und war als Walking Dinner \u00fcber etwa 4 Stunden angelegt. Der Eintritt betrug ca. 55 \u20ac, inklusive 10-G\u00e4nge-Men\u00fc und alkoholfreier Getr\u00e4nke. Besonders hervorzuheben:<br \/>\nDer Erl\u00f6s dieser Veranstaltung wird f\u00fcr einen guten Zweck im Allg\u00e4u gespendet.<\/p>\n<p data-start=\"2646\" data-end=\"2831\">Mit dieser Winteredition setzt der Koch-Verein ein starkes Zeichen f\u00fcr Nachwuchsf\u00f6rderung, Regionalit\u00e4t und kulinarische Exzellenz \u2013 und bereichert so unser Umfeld um wertvolle Impulse.<\/p>\n<hr data-start=\"2833\" data-end=\"2836\" \/>\n<h3 data-start=\"2838\" data-end=\"2868\">4. Gemeinschaft &amp; Ausblick<\/h3>\n<p data-start=\"2870\" data-end=\"3162\">Wir freuen uns sehr, dass der Austausch w\u00e4hrend der Tagung nicht nur fachlich inspirierend war, sondern auch dazu beigetragen hat, unsere Gemeinschaft zu st\u00e4rken. Die Gespr\u00e4che und Ideen, die hier entstanden sind, werden uns in den kommenden Monaten begleiten und in unsere Arbeit einflie\u00dfen.<\/p>\n<p data-start=\"3164\" data-end=\"3261\">Wir hoffen, dass sich alle G\u00e4ste wohlgef\u00fchlt haben und eine angenehme Heimreise antreten konnten.<\/p>\n<p data-start=\"3263\" data-end=\"3414\">Mit Vorfreude blicken wir auf die n\u00e4chste <strong data-start=\"3305\" data-end=\"3337\">Fr\u00fchjahrstagung in Alt\u00f6tting<\/strong> und sagen schon jetzt:<br \/>\nBis bald \u2013 wir freuen uns sehr auf unser Wiedersehen!<\/p>\n<p data-start=\"3421\" data-end=\"3576\">\n<div id=\"gallery-1995\" class=\"vkdgal-gallery-wrap gallery-grid \">\n    <div class=\"col-md-12\">\n        <div class=\"row\">\n            <div class=\"gal\" data-featherlight-gallery style=\"display: grid; grid-template-columns: repeat(3, 1fr); grid-column-gap: 10px;\">\n                                    <div class=\"item\">\n                        <a href=\"https:\/\/www.vkd.com\/lv-bayern\/wp-content\/uploads\/sites\/14\/2025\/11\/IMG-20251123-WA0030-1024x619.jpg\" title=\"Img 20251123 Wa0030\">\n                            <img class=\"img-full\" src=\"https:\/\/www.vkd.com\/lv-bayern\/wp-content\/uploads\/sites\/14\/2025\/11\/IMG-20251123-WA0030-1024x619.jpg\" title=\"Galerie bei Bild 1 \u00f6ffnen\" alt=\"Img 20251123 Wa0030\"\/>\n                        <\/a>\n                    <\/div>\n                                    <div class=\"item\">\n                        <a href=\"https:\/\/www.vkd.com\/lv-bayern\/wp-content\/uploads\/sites\/14\/2025\/11\/IMG-20251123-WA0031-1024x790.jpg\" title=\"Img 20251123 Wa0031\">\n                            <img class=\"img-full\" src=\"https:\/\/www.vkd.com\/lv-bayern\/wp-content\/uploads\/sites\/14\/2025\/11\/IMG-20251123-WA0031-1024x790.jpg\" title=\"Galerie bei Bild 2 \u00f6ffnen\" alt=\"Img 20251123 Wa0031\"\/>\n                        <\/a>\n                    <\/div>\n                                    <div class=\"item\">\n                        <a href=\"https:\/\/www.vkd.com\/lv-bayern\/wp-content\/uploads\/sites\/14\/2025\/11\/IMG-20251123-WA0029-1024x622.jpg\" title=\"Img 20251123 Wa0029\">\n                            <img class=\"img-full\" src=\"https:\/\/www.vkd.com\/lv-bayern\/wp-content\/uploads\/sites\/14\/2025\/11\/IMG-20251123-WA0029-1024x622.jpg\" title=\"Galerie bei Bild 3 \u00f6ffnen\" alt=\"Img 20251123 Wa0029\"\/>\n                        <\/a>\n                    <\/div>\n                                    <div class=\"item\">\n                        <a href=\"https:\/\/www.vkd.com\/lv-bayern\/wp-content\/uploads\/sites\/14\/2025\/11\/IMG-20251123-WA0026-472x1024.jpg\" title=\"Img 20251123 Wa0026\">\n                            <img class=\"img-full\" src=\"https:\/\/www.vkd.com\/lv-bayern\/wp-content\/uploads\/sites\/14\/2025\/11\/IMG-20251123-WA0026-472x1024.jpg\" title=\"Galerie bei Bild 4 \u00f6ffnen\" alt=\"Img 20251123 Wa0026\"\/>\n                        <\/a>\n                    <\/div>\n                                    <div class=\"item\">\n                        <a href=\"https:\/\/www.vkd.com\/lv-bayern\/wp-content\/uploads\/sites\/14\/2025\/11\/IMG-20251123-WA0024-472x1024.jpg\" title=\"Img 20251123 Wa0024\">\n                            <img class=\"img-full\" src=\"https:\/\/www.vkd.com\/lv-bayern\/wp-content\/uploads\/sites\/14\/2025\/11\/IMG-20251123-WA0024-472x1024.jpg\" title=\"Galerie bei Bild 5 \u00f6ffnen\" alt=\"Img 20251123 Wa0024\"\/>\n                        <\/a>\n                    <\/div>\n                                    <div class=\"item\">\n                        <a href=\"https:\/\/www.vkd.com\/lv-bayern\/wp-content\/uploads\/sites\/14\/2025\/11\/IMG-20251123-WA0022-472x1024.jpg\" title=\"Img 20251123 Wa0022\">\n                            <img class=\"img-full\" src=\"https:\/\/www.vkd.com\/lv-bayern\/wp-content\/uploads\/sites\/14\/2025\/11\/IMG-20251123-WA0022-472x1024.jpg\" title=\"Galerie bei Bild 6 \u00f6ffnen\" alt=\"Img 20251123 Wa0022\"\/>\n                        <\/a>\n                    <\/div>\n                                    <div class=\"item\">\n                        <a href=\"https:\/\/www.vkd.com\/lv-bayern\/wp-content\/uploads\/sites\/14\/2025\/11\/IMG-20251123-WA0013-472x1024.jpg\" title=\"Img 20251123 Wa0013\">\n                            <img class=\"img-full\" src=\"https:\/\/www.vkd.com\/lv-bayern\/wp-content\/uploads\/sites\/14\/2025\/11\/IMG-20251123-WA0013-472x1024.jpg\" title=\"Galerie bei Bild 7 \u00f6ffnen\" alt=\"Img 20251123 Wa0013\"\/>\n                        <\/a>\n                    <\/div>\n                                    <div class=\"item\">\n                        <a href=\"https:\/\/www.vkd.com\/lv-bayern\/wp-content\/uploads\/sites\/14\/2025\/11\/IMG-20251123-WA0012-472x1024.jpg\" title=\"Img 20251123 Wa0012\">\n                            <img class=\"img-full\" src=\"https:\/\/www.vkd.com\/lv-bayern\/wp-content\/uploads\/sites\/14\/2025\/11\/IMG-20251123-WA0012-472x1024.jpg\" title=\"Galerie bei Bild 8 \u00f6ffnen\" alt=\"Img 20251123 Wa0012\"\/>\n                        <\/a>\n                    <\/div>\n                                    <div class=\"item\">\n                        <a href=\"https:\/\/www.vkd.com\/lv-bayern\/wp-content\/uploads\/sites\/14\/2025\/11\/IMG-20251123-WA0015-473x1024.jpg\" title=\"Img 20251123 Wa0015\">\n                            <img class=\"img-full\" src=\"https:\/\/www.vkd.com\/lv-bayern\/wp-content\/uploads\/sites\/14\/2025\/11\/IMG-20251123-WA0015-473x1024.jpg\" title=\"Galerie bei Bild 9 \u00f6ffnen\" alt=\"Img 20251123 Wa0015\"\/>\n                        <\/a>\n                    <\/div>\n                                    <div class=\"item\">\n                        <a href=\"https:\/\/www.vkd.com\/lv-bayern\/wp-content\/uploads\/sites\/14\/2025\/11\/IMG-20251123-WA0014-473x1024.jpg\" title=\"Img 20251123 Wa0014\">\n                            <img class=\"img-full\" src=\"https:\/\/www.vkd.com\/lv-bayern\/wp-content\/uploads\/sites\/14\/2025\/11\/IMG-20251123-WA0014-473x1024.jpg\" title=\"Galerie bei Bild 10 \u00f6ffnen\" alt=\"Img 20251123 Wa0014\"\/>\n                        <\/a>\n                    <\/div>\n                                    <div class=\"item\">\n                        <a href=\"https:\/\/www.vkd.com\/lv-bayern\/wp-content\/uploads\/sites\/14\/2025\/11\/IMG-20251123-WA0016-592x1024.jpg\" title=\"Img 20251123 Wa0016\">\n                            <img class=\"img-full\" src=\"https:\/\/www.vkd.com\/lv-bayern\/wp-content\/uploads\/sites\/14\/2025\/11\/IMG-20251123-WA0016-592x1024.jpg\" title=\"Galerie bei Bild 11 \u00f6ffnen\" alt=\"Img 20251123 Wa0016\"\/>\n                        <\/a>\n                    <\/div>\n                                    <div class=\"item\">\n                        <a href=\"https:\/\/www.vkd.com\/lv-bayern\/wp-content\/uploads\/sites\/14\/2025\/11\/IMG-20251123-WA0018-472x1024.jpg\" title=\"Img 20251123 Wa0018\">\n                            <img class=\"img-full\" src=\"https:\/\/www.vkd.com\/lv-bayern\/wp-content\/uploads\/sites\/14\/2025\/11\/IMG-20251123-WA0018-472x1024.jpg\" title=\"Galerie bei Bild 12 \u00f6ffnen\" alt=\"Img 20251123 Wa0018\"\/>\n                        <\/a>\n                    <\/div>\n                                    <div class=\"item\">\n                        <a href=\"https:\/\/www.vkd.com\/lv-bayern\/wp-content\/uploads\/sites\/14\/2025\/11\/IMG-20251123-WA0021-473x1024.jpg\" title=\"Img 20251123 Wa0021\">\n                            <img class=\"img-full\" src=\"https:\/\/www.vkd.com\/lv-bayern\/wp-content\/uploads\/sites\/14\/2025\/11\/IMG-20251123-WA0021-473x1024.jpg\" title=\"Galerie bei Bild 13 \u00f6ffnen\" alt=\"Img 20251123 Wa0021\"\/>\n                        <\/a>\n                    <\/div>\n                                    <div class=\"item\">\n                        <a href=\"https:\/\/www.vkd.com\/lv-bayern\/wp-content\/uploads\/sites\/14\/2025\/11\/IMG-20251123-WA0019-769x1024.jpg\" title=\"Img 20251123 Wa0019\">\n                            <img class=\"img-full\" src=\"https:\/\/www.vkd.com\/lv-bayern\/wp-content\/uploads\/sites\/14\/2025\/11\/IMG-20251123-WA0019-769x1024.jpg\" title=\"Galerie bei Bild 14 \u00f6ffnen\" alt=\"Img 20251123 Wa0019\"\/>\n                        <\/a>\n                    <\/div>\n                                    <div class=\"item\">\n                        <a href=\"https:\/\/www.vkd.com\/lv-bayern\/wp-content\/uploads\/sites\/14\/2025\/11\/IMG-20251123-WA0010-668x1024.jpg\" title=\"Img 20251123 Wa0010\">\n                            <img class=\"img-full\" src=\"https:\/\/www.vkd.com\/lv-bayern\/wp-content\/uploads\/sites\/14\/2025\/11\/IMG-20251123-WA0010-668x1024.jpg\" title=\"Galerie bei Bild 15 \u00f6ffnen\" alt=\"Img 20251123 Wa0010\"\/>\n                        <\/a>\n                    <\/div>\n                                    <div class=\"item\">\n                        <a href=\"https:\/\/www.vkd.com\/lv-bayern\/wp-content\/uploads\/sites\/14\/2025\/11\/IMG-20251123-WA0009-620x1024.jpg\" title=\"Img 20251123 Wa0009\">\n                            <img class=\"img-full\" src=\"https:\/\/www.vkd.com\/lv-bayern\/wp-content\/uploads\/sites\/14\/2025\/11\/IMG-20251123-WA0009-620x1024.jpg\" title=\"Galerie bei Bild 16 \u00f6ffnen\" alt=\"Img 20251123 Wa0009\"\/>\n                        <\/a>\n                    <\/div>\n                                    <div class=\"item\">\n                        <a href=\"https:\/\/www.vkd.com\/lv-bayern\/wp-content\/uploads\/sites\/14\/2025\/11\/IMG-20251123-WA0027-1024x472.jpg\" title=\"Img 20251123 Wa0027\">\n                            <img class=\"img-full\" src=\"https:\/\/www.vkd.com\/lv-bayern\/wp-content\/uploads\/sites\/14\/2025\/11\/IMG-20251123-WA0027-1024x472.jpg\" title=\"Galerie bei Bild 17 \u00f6ffnen\" alt=\"Img 20251123 Wa0027\"\/>\n                        <\/a>\n                    <\/div>\n                                    <div class=\"item\">\n                        <a href=\"https:\/\/www.vkd.com\/lv-bayern\/wp-content\/uploads\/sites\/14\/2025\/11\/IMG-20251123-WA0025-1024x493.jpg\" title=\"Img 20251123 Wa0025\">\n                            <img class=\"img-full\" src=\"https:\/\/www.vkd.com\/lv-bayern\/wp-content\/uploads\/sites\/14\/2025\/11\/IMG-20251123-WA0025-1024x493.jpg\" title=\"Galerie bei Bild 18 \u00f6ffnen\" alt=\"Img 20251123 Wa0025\"\/>\n                        <\/a>\n                    <\/div>\n                            <\/div>\n        <\/div>\n    <\/div>\n<\/div>\n\n<\/p>\n","protected":false},"excerpt":{"rendered":"<p>PressemitteilungUnsere Herbsttagung 2025 in Fischen im Allg\u00e4u \u2013 R\u00fcckblick und Ausblick Fischen im Allg\u00e4u, Herbst 2025 \u2013 Wir blicken mit gro\u00dfer Freude und Dank zur\u00fcck auf unsere Herbsttagung 2025 in Fischen im Allg\u00e4u. Der rege Austausch, die motivierten Diskussionen und die positive Atmosph\u00e4re haben die Veranstaltung zu einem echten Erfolg gemacht. 1. Dank an alle&#8230;<\/p>\n","protected":false},"author":1955,"featured_media":1963,"comment_status":"closed","ping_status":"open","sticky":false,"template":"","format":"standard","meta":[],"categories":[1],"tags":[6,14,5,20,7,27,15,19,9,8,11],"yoast_head":"<!-- This site is optimized with the Yoast SEO plugin v20.0 - https:\/\/yoast.com\/wordpress\/plugins\/seo\/ -->\n<title>Herbsttagung 2025 in Fischen im Allg\u00e4u - Landesverband der K\u00f6che Bayern<\/title>\n<meta name=\"robots\" content=\"noindex, follow, max-snippet:-1, max-image-preview:large, max-video-preview:-1\" \/>\n<meta property=\"og:locale\" content=\"de_DE\" \/>\n<meta property=\"og:type\" content=\"article\" \/>\n<meta property=\"og:title\" content=\"Herbsttagung 2025 in Fischen im Allg\u00e4u - Landesverband der K\u00f6che Bayern\" \/>\n<meta property=\"og:description\" content=\"PressemitteilungUnsere Herbsttagung 2025 in Fischen im Allg\u00e4u \u2013 R\u00fcckblick und Ausblick Fischen im Allg\u00e4u, Herbst 2025 \u2013 Wir blicken mit gro\u00dfer Freude und Dank zur\u00fcck auf unsere Herbsttagung 2025 in Fischen im Allg\u00e4u. Der rege Austausch, die motivierten Diskussionen und die positive Atmosph\u00e4re haben die Veranstaltung zu einem echten Erfolg gemacht. 1. Dank an alle...\" \/>\n<meta property=\"og:url\" content=\"https:\/\/www.vkd.com\/lv-bayern\/news\/herbsttagung-2025-in-fischen-im-allgaeu\/\" \/>\n<meta property=\"og:site_name\" content=\"Landesverband der K\u00f6che Bayern\" \/>\n<meta property=\"article:published_time\" content=\"2025-11-25T08:38:22+00:00\" \/>\n<meta property=\"og:image\" content=\"https:\/\/www.vkd.com\/lv-bayern\/wp-content\/uploads\/sites\/14\/2025\/11\/Screenshot-2025-11-23-173910.png\" \/>\n\t<meta property=\"og:image:width\" content=\"1576\" \/>\n\t<meta property=\"og:image:height\" content=\"882\" \/>\n\t<meta property=\"og:image:type\" content=\"image\/png\" \/>\n<meta name=\"author\" content=\"Kostadinov Alexander\" \/>\n<meta name=\"twitter:card\" content=\"summary_large_image\" \/>\n<meta name=\"twitter:label1\" content=\"Verfasst von\" \/>\n\t<meta name=\"twitter:data1\" content=\"Kostadinov Alexander\" \/>\n\t<meta name=\"twitter:label2\" content=\"Gesch\u00e4tzte Lesezeit\" \/>\n\t<meta name=\"twitter:data2\" content=\"3\u00a0Minuten\" \/>\n<script type=\"application\/ld+json\" class=\"yoast-schema-graph\">{\"@context\":\"https:\/\/schema.org\",\"@graph\":[{\"@type\":\"WebPage\",\"@id\":\"https:\/\/www.vkd.com\/lv-bayern\/news\/herbsttagung-2025-in-fischen-im-allgaeu\/\",\"url\":\"https:\/\/www.vkd.com\/lv-bayern\/news\/herbsttagung-2025-in-fischen-im-allgaeu\/\",\"name\":\"Herbsttagung 2025 in Fischen im Allg\u00e4u - Landesverband der K\u00f6che Bayern\",\"isPartOf\":{\"@id\":\"https:\/\/www.vkd.com\/lv-bayern\/#website\"},\"datePublished\":\"2025-11-25T08:38:22+00:00\",\"dateModified\":\"2025-11-25T08:38:22+00:00\",\"author\":{\"@id\":\"https:\/\/www.vkd.com\/lv-bayern\/#\/schema\/person\/19c4bb106ca4de98c60e2cb5ac7f572f\"},\"breadcrumb\":{\"@id\":\"https:\/\/www.vkd.com\/lv-bayern\/news\/herbsttagung-2025-in-fischen-im-allgaeu\/#breadcrumb\"},\"inLanguage\":\"de\",\"potentialAction\":[{\"@type\":\"ReadAction\",\"target\":[\"https:\/\/www.vkd.com\/lv-bayern\/news\/herbsttagung-2025-in-fischen-im-allgaeu\/\"]}]},{\"@type\":\"BreadcrumbList\",\"@id\":\"https:\/\/www.vkd.com\/lv-bayern\/news\/herbsttagung-2025-in-fischen-im-allgaeu\/#breadcrumb\",\"itemListElement\":[{\"@type\":\"ListItem\",\"position\":1,\"name\":\"Startseite\",\"item\":\"https:\/\/www.vkd.com\/lv-bayern\/\"},{\"@type\":\"ListItem\",\"position\":2,\"name\":\"Herbsttagung 2025 in Fischen im Allg\u00e4u\"}]},{\"@type\":\"WebSite\",\"@id\":\"https:\/\/www.vkd.com\/lv-bayern\/#website\",\"url\":\"https:\/\/www.vkd.com\/lv-bayern\/\",\"name\":\"Landesverband der K\u00f6che Bayern\",\"description\":\"Landesverband im Verband der K\u00f6che Deutschlands e.V.\",\"potentialAction\":[{\"@type\":\"SearchAction\",\"target\":{\"@type\":\"EntryPoint\",\"urlTemplate\":\"https:\/\/www.vkd.com\/lv-bayern\/?s={search_term_string}\"},\"query-input\":\"required name=search_term_string\"}],\"inLanguage\":\"de\"},{\"@type\":\"Person\",\"@id\":\"https:\/\/www.vkd.com\/lv-bayern\/#\/schema\/person\/19c4bb106ca4de98c60e2cb5ac7f572f\",\"name\":\"Kostadinov Alexander\",\"image\":{\"@type\":\"ImageObject\",\"inLanguage\":\"de\",\"@id\":\"https:\/\/www.vkd.com\/lv-bayern\/#\/schema\/person\/image\/\",\"url\":\"https:\/\/secure.gravatar.com\/avatar\/b0cb85e5c215fe1114e6d2404492358d?s=96&d=mm&r=g\",\"contentUrl\":\"https:\/\/secure.gravatar.com\/avatar\/b0cb85e5c215fe1114e6d2404492358d?s=96&d=mm&r=g\",\"caption\":\"Kostadinov Alexander\"},\"url\":\"https:\/\/www.vkd.com\/lv-bayern\/news\/author\/gentscher-jungentscher-de\/\"}]}<\/script>\n<!-- \/ Yoast SEO plugin. -->","yoast_head_json":{"title":"Herbsttagung 2025 in Fischen im Allg\u00e4u - Landesverband der K\u00f6che Bayern","robots":{"index":"noindex","follow":"follow","max-snippet":"max-snippet:-1","max-image-preview":"max-image-preview:large","max-video-preview":"max-video-preview:-1"},"og_locale":"de_DE","og_type":"article","og_title":"Herbsttagung 2025 in Fischen im Allg\u00e4u - Landesverband der K\u00f6che Bayern","og_description":"PressemitteilungUnsere Herbsttagung 2025 in Fischen im Allg\u00e4u \u2013 R\u00fcckblick und Ausblick Fischen im Allg\u00e4u, Herbst 2025 \u2013 Wir blicken mit gro\u00dfer Freude und Dank zur\u00fcck auf unsere Herbsttagung 2025 in Fischen im Allg\u00e4u. Der rege Austausch, die motivierten Diskussionen und die positive Atmosph\u00e4re haben die Veranstaltung zu einem echten Erfolg gemacht. 1. Dank an alle...","og_url":"https:\/\/www.vkd.com\/lv-bayern\/news\/herbsttagung-2025-in-fischen-im-allgaeu\/","og_site_name":"Landesverband der K\u00f6che Bayern","article_published_time":"2025-11-25T08:38:22+00:00","og_image":[{"width":1576,"height":882,"url":"https:\/\/www.vkd.com\/lv-bayern\/wp-content\/uploads\/sites\/14\/2025\/11\/Screenshot-2025-11-23-173910.png","type":"image\/png"}],"author":"Kostadinov Alexander","twitter_card":"summary_large_image","twitter_misc":{"Verfasst von":"Kostadinov Alexander","Gesch\u00e4tzte Lesezeit":"3\u00a0Minuten"},"schema":{"@context":"https:\/\/schema.org","@graph":[{"@type":"WebPage","@id":"https:\/\/www.vkd.com\/lv-bayern\/news\/herbsttagung-2025-in-fischen-im-allgaeu\/","url":"https:\/\/www.vkd.com\/lv-bayern\/news\/herbsttagung-2025-in-fischen-im-allgaeu\/","name":"Herbsttagung 2025 in Fischen im Allg\u00e4u - Landesverband der K\u00f6che Bayern","isPartOf":{"@id":"https:\/\/www.vkd.com\/lv-bayern\/#website"},"datePublished":"2025-11-25T08:38:22+00:00","dateModified":"2025-11-25T08:38:22+00:00","author":{"@id":"https:\/\/www.vkd.com\/lv-bayern\/#\/schema\/person\/19c4bb106ca4de98c60e2cb5ac7f572f"},"breadcrumb":{"@id":"https:\/\/www.vkd.com\/lv-bayern\/news\/herbsttagung-2025-in-fischen-im-allgaeu\/#breadcrumb"},"inLanguage":"de","potentialAction":[{"@type":"ReadAction","target":["https:\/\/www.vkd.com\/lv-bayern\/news\/herbsttagung-2025-in-fischen-im-allgaeu\/"]}]},{"@type":"BreadcrumbList","@id":"https:\/\/www.vkd.com\/lv-bayern\/news\/herbsttagung-2025-in-fischen-im-allgaeu\/#breadcrumb","itemListElement":[{"@type":"ListItem","position":1,"name":"Startseite","item":"https:\/\/www.vkd.com\/lv-bayern\/"},{"@type":"ListItem","position":2,"name":"Herbsttagung 2025 in Fischen im Allg\u00e4u"}]},{"@type":"WebSite","@id":"https:\/\/www.vkd.com\/lv-bayern\/#website","url":"https:\/\/www.vkd.com\/lv-bayern\/","name":"Landesverband der K\u00f6che Bayern","description":"Landesverband im Verband der K\u00f6che Deutschlands e.V.","potentialAction":[{"@type":"SearchAction","target":{"@type":"EntryPoint","urlTemplate":"https:\/\/www.vkd.com\/lv-bayern\/?s={search_term_string}"},"query-input":"required name=search_term_string"}],"inLanguage":"de"},{"@type":"Person","@id":"https:\/\/www.vkd.com\/lv-bayern\/#\/schema\/person\/19c4bb106ca4de98c60e2cb5ac7f572f","name":"Kostadinov Alexander","image":{"@type":"ImageObject","inLanguage":"de","@id":"https:\/\/www.vkd.com\/lv-bayern\/#\/schema\/person\/image\/","url":"https:\/\/secure.gravatar.com\/avatar\/b0cb85e5c215fe1114e6d2404492358d?s=96&d=mm&r=g","contentUrl":"https:\/\/secure.gravatar.com\/avatar\/b0cb85e5c215fe1114e6d2404492358d?s=96&d=mm&r=g","caption":"Kostadinov Alexander"},"url":"https:\/\/www.vkd.com\/lv-bayern\/news\/author\/gentscher-jungentscher-de\/"}]}},"_links":{"self":[{"href":"https:\/\/www.vkd.com\/lv-bayern\/wp-json\/wp\/v2\/posts\/1969"}],"collection":[{"href":"https:\/\/www.vkd.com\/lv-bayern\/wp-json\/wp\/v2\/posts"}],"about":[{"href":"https:\/\/www.vkd.com\/lv-bayern\/wp-json\/wp\/v2\/types\/post"}],"author":[{"embeddable":true,"href":"https:\/\/www.vkd.com\/lv-bayern\/wp-json\/wp\/v2\/users\/1955"}],"replies":[{"embeddable":true,"href":"https:\/\/www.vkd.com\/lv-bayern\/wp-json\/wp\/v2\/comments?post=1969"}],"version-history":[{"count":4,"href":"https:\/\/www.vkd.com\/lv-bayern\/wp-json\/wp\/v2\/posts\/1969\/revisions"}],"predecessor-version":[{"id":2024,"href":"https:\/\/www.vkd.com\/lv-bayern\/wp-json\/wp\/v2\/posts\/1969\/revisions\/2024"}],"wp:featuredmedia":[{"embeddable":true,"href":"https:\/\/www.vkd.com\/lv-bayern\/wp-json\/wp\/v2\/media\/1963"}],"wp:attachment":[{"href":"https:\/\/www.vkd.com\/lv-bayern\/wp-json\/wp\/v2\/media?parent=1969"}],"wp:term":[{"taxonomy":"category","embeddable":true,"href":"https:\/\/www.vkd.com\/lv-bayern\/wp-json\/wp\/v2\/categories?post=1969"},{"taxonomy":"post_tag","embeddable":true,"href":"https:\/\/www.vkd.com\/lv-bayern\/wp-json\/wp\/v2\/tags?post=1969"}],"curies":[{"name":"wp","href":"https:\/\/api.w.org\/{rel}","templated":true}]}}