{"id":1947,"date":"2025-11-18T07:51:42","date_gmt":"2025-11-18T06:51:42","guid":{"rendered":"https:\/\/www.vkd.com\/lv-bayern\/?p=1947"},"modified":"2025-11-18T07:51:42","modified_gmt":"2025-11-18T06:51:42","slug":"ihk-bildungsexpress-2025-der-ihk-muenchen","status":"publish","type":"post","link":"https:\/\/www.vkd.com\/lv-bayern\/news\/ihk-bildungsexpress-2025-der-ihk-muenchen\/","title":{"rendered":"IHK Bildungsexpress 2025 &#8211; der IHK M\u00fcnchen"},"content":{"rendered":"<p><span class=\"TextRun SCXW136338528 BCX0\" lang=\"DE-DE\" xml:lang=\"DE-DE\" data-contrast=\"auto\"><span class=\"NormalTextRun SCXW136338528 BCX0\" data-ccp-parastyle=\"Normal (Web)\"><strong>Im diesj\u00e4hrigen IHK-Bildungsexpress pr\u00e4sentierten sich Ausbildungsbetriebe der Region Inn-Salzach und der K\u00f6cheverein war mit dabei.<\/strong><\/p>\n<p>Zum zw\u00f6lften Mal startete<\/span><span class=\"NormalTextRun SCXW136338528 BCX0\" data-ccp-parastyle=\"Normal (Web)\">\u00a0Mitte November der<\/span><span class=\"NormalTextRun SCXW136338528 BCX0\" data-ccp-parastyle=\"Normal (Web)\">\u00a0IHK-Bildungsexpress<\/span><span class=\"NormalTextRun SCXW136338528 BCX0\" data-ccp-parastyle=\"Normal (Web)\">,\u00a0<\/span><span class=\"NormalTextRun SCXW136338528 BCX0\" data-ccp-parastyle=\"Normal (Web)\">Deutschlands einzige rollende Ausbildungsmesse<\/span><span class=\"NormalTextRun SCXW136338528 BCX0\" data-ccp-parastyle=\"Normal (Web)\">,<\/span><span class=\"NormalTextRun SCXW136338528 BCX0\" data-ccp-parastyle=\"Normal (Web)\">\u00a0und brachte \u00fcber 200 Sch\u00fclerinnen und Sch\u00fcler aus der Region Inn-Salzach<\/span><span class=\"NormalTextRun SCXW136338528 BCX0\" data-ccp-parastyle=\"Normal (Web)\">\u00a0<\/span><span class=\"NormalTextRun SCXW136338528 BCX0\" data-ccp-parastyle=\"Normal (Web)\">auf den Weg in Richtung Berufsorientierung.<\/span>\u00a0<span class=\"NormalTextRun SCXW136338528 BCX0\" data-ccp-parastyle=\"Normal (Web)\">A<\/span><span class=\"NormalTextRun SCXW136338528 BCX0\" data-ccp-parastyle=\"Normal (Web)\">ls Vertretende des\u00a0<\/span><span class=\"NormalTextRun SpellingErrorV2Themed SCXW136338528 BCX0\" data-ccp-parastyle=\"Normal (Web)\">K\u00f6chevereins<\/span><span class=\"NormalTextRun SCXW136338528 BCX0\" data-ccp-parastyle=\"Normal (Web)\">\u00a0Inn-Salzach<\/span>\u00a0<span class=\"NormalTextRun SCXW136338528 BCX0\" data-ccp-parastyle=\"Normal (Web)\">e. V.\u00a0<\/span><span class=\"NormalTextRun SCXW136338528 BCX0\" data-ccp-parastyle=\"Normal (Web)\">mit dabei waren\u00a0<\/span><span class=\"NormalTextRun SCXW136338528 BCX0\" data-ccp-parastyle=\"Normal (Web)\">Thomas\u00a0<\/span><span class=\"NormalTextRun SCXW136338528 BCX0\" data-ccp-parastyle=\"Normal (Web)\">Hetzenecker<\/span><span class=\"NormalTextRun SCXW136338528 BCX0\" data-ccp-parastyle=\"Normal (Web)\">, Schriftf\u00fchrer des\u00a0<\/span><span class=\"NormalTextRun SCXW136338528 BCX0\" data-ccp-parastyle=\"Normal (Web)\">VKD-<\/span><span class=\"NormalTextRun SCXW136338528 BCX0\" data-ccp-parastyle=\"Normal (Web)\">Landesverbands Bayern, sowie die Jugendwarte Tanja Haslinger und Moritz Rauschecker<\/span><span class=\"NormalTextRun SCXW136338528 BCX0\" data-ccp-parastyle=\"Normal (Web)\">, sie\u00a0<\/span><span class=\"NormalTextRun SCXW136338528 BCX0\" data-ccp-parastyle=\"Normal (Web)\">standen den\u00a0<\/span><span class=\"NormalTextRun SCXW136338528 BCX0\" data-ccp-parastyle=\"Normal (Web)\">Teilnehmenden<\/span><span class=\"NormalTextRun SCXW136338528 BCX0\" data-ccp-parastyle=\"Normal (Web)\">\u00a0pers\u00f6nlich Rede und Antwort<\/span><span class=\"NormalTextRun SCXW136338528 BCX0\" data-ccp-parastyle=\"Normal (Web)\">.<\/span><span class=\"NormalTextRun SCXW136338528 BCX0\" data-ccp-parastyle=\"Normal (Web)\">\u00a0Mit Erfolg:<\/span><span class=\"NormalTextRun SCXW136338528 BCX0\" data-ccp-parastyle=\"Normal (Web)\">\u00a0Zahlreiche\u00a0<\/span><span class=\"NormalTextRun SpellingErrorV2Themed SCXW136338528 BCX0\" data-ccp-parastyle=\"Normal (Web)\">Sch\u00fcler<\/span><span class=\"NormalTextRun SpellingErrorV2Themed SCXW136338528 BCX0\" data-ccp-parastyle=\"Normal (Web)\">:<\/span><span class=\"NormalTextRun SpellingErrorV2Themed SCXW136338528 BCX0\" data-ccp-parastyle=\"Normal (Web)\">innen<\/span><span class=\"NormalTextRun SCXW136338528 BCX0\" data-ccp-parastyle=\"Normal (Web)\">\u00a0zeigten\u00a0<\/span><span class=\"NormalTextRun SCXW136338528 BCX0\" data-ccp-parastyle=\"Normal (Web)\">gro\u00dfes\u00a0<\/span><span class=\"NormalTextRun SCXW136338528 BCX0\" data-ccp-parastyle=\"Normal (Web)\">Interesse und informierten sich \u00fcber verschiedene Gastronomieberufe.<\/span><span class=\"NormalTextRun SCXW136338528 BCX0\" data-ccp-parastyle=\"Normal (Web)\">\u00a0Im\u00a0<\/span><span class=\"NormalTextRun SCXW136338528 BCX0\" data-ccp-parastyle=\"Normal (Web)\">Sonderzug der S\u00fcdostbayernbahn<\/span>\u00a0<span class=\"NormalTextRun SCXW136338528 BCX0\" data-ccp-parastyle=\"Normal (Web)\">pr\u00e4sentierten<\/span>\u00a0<\/span><span class=\"TextRun SCXW136338528 BCX0\" lang=\"DE-DE\" xml:lang=\"DE-DE\" data-contrast=\"auto\"><span class=\"NormalTextRun SCXW136338528 BCX0\" data-ccp-charstyle=\"Strong\">35 Ausbildungsbetriebe aus den Landkreisen Alt\u00f6tting und M\u00fchldorf<\/span><\/span><span class=\"TextRun SCXW136338528 BCX0\" lang=\"DE-DE\" xml:lang=\"DE-DE\" data-contrast=\"auto\">\u00a0<span class=\"NormalTextRun SCXW136338528 BCX0\" data-ccp-parastyle=\"Normal (Web)\">mehr als<\/span>\u00a0<\/span><span class=\"TextRun SCXW136338528 BCX0\" lang=\"DE-DE\" xml:lang=\"DE-DE\" data-contrast=\"auto\"><span class=\"NormalTextRun SCXW136338528 BCX0\" data-ccp-charstyle=\"Strong\">100 Ausbildungsberufe<\/span><\/span><span class=\"TextRun SCXW136338528 BCX0\" lang=\"DE-DE\" xml:lang=\"DE-DE\" data-contrast=\"auto\">\u00a0<span class=\"NormalTextRun SCXW136338528 BCX0\" data-ccp-parastyle=\"Normal (Web)\">sowie vielf\u00e4ltige Karrierechancen in der Region.\u00a0<\/span><span class=\"NormalTextRun SCXW136338528 BCX0\" data-ccp-parastyle=\"Normal (Web)\">W\u00e4hrend der\u00a0<\/span><span class=\"NormalTextRun SCXW136338528 BCX0\" data-ccp-parastyle=\"Normal (Web)\">Fahrt<\/span>\u00a0<span class=\"NormalTextRun SCXW136338528 BCX0\" data-ccp-parastyle=\"Normal (Web)\">von M\u00fchldorf nach Regensburg und zur\u00fcck\u00a0<\/span><span class=\"NormalTextRun SCXW136338528 BCX0\" data-ccp-parastyle=\"Normal (Web)\">nutzten die Jugendlichen die Gelegenheit, sich direkt im Zug \u00fcber regionale Ausbildungsangebote zu informieren.<\/span><\/span><span class=\"EOP SCXW136338528 BCX0\" data-ccp-props=\"{&quot;134233117&quot;:false,&quot;134233118&quot;:false,&quot;335557856&quot;:16777215,&quot;335559738&quot;:100,&quot;335559739&quot;:100}\">\u00a0<\/span><\/p>\n<div class=\"custom-except\">\n<p>&nbsp;<\/p>\n<\/div>\n<p><span data-contrast=\"auto\"><strong>Text<\/strong>\u00a0K\u00f6cheverein Inn-Salzach e. V.\u00a0<strong>\u00a0Fotos<\/strong>\u00a0<span class=\"TextRun Highlight SCXW186283681 BCX4\" lang=\"DE-DE\" xml:lang=\"DE-DE\" data-contrast=\"auto\"><span class=\"NormalTextRun SCXW186283681 BCX4\" data-ccp-parastyle=\"Normal (Web)\">Thomas und Jessica\u00a0<\/span><span class=\"NormalTextRun SpellingErrorV2Themed SpellingErrorHighlight SCXW186283681 BCX4\" data-ccp-parastyle=\"Normal (Web)\">Hetzenecker<\/span><\/span><span class=\"EOP SCXW186283681 BCX4\" data-ccp-props=\"{&quot;134233117&quot;:false,&quot;134233118&quot;:false,&quot;335557856&quot;:16777215,&quot;335559738&quot;:100,&quot;335559739&quot;:100}\">\u00a0<\/span><\/span><\/p>\n","protected":false},"excerpt":{"rendered":"<p>Im diesj\u00e4hrigen IHK-Bildungsexpress pr\u00e4sentierten sich Ausbildungsbetriebe der Region Inn-Salzach und der K\u00f6cheverein war mit dabei. Zum zw\u00f6lften Mal startete\u00a0Mitte November der\u00a0IHK-Bildungsexpress,\u00a0Deutschlands einzige rollende Ausbildungsmesse,\u00a0und brachte \u00fcber 200 Sch\u00fclerinnen und Sch\u00fcler aus der Region Inn-Salzach\u00a0auf den Weg in Richtung Berufsorientierung.\u00a0Als Vertretende des\u00a0K\u00f6chevereins\u00a0Inn-Salzach\u00a0e. V.\u00a0mit dabei waren\u00a0Thomas\u00a0Hetzenecker, Schriftf\u00fchrer des\u00a0VKD-Landesverbands Bayern, sowie die Jugendwarte Tanja Haslinger und Moritz Rauschecker,&#8230;<\/p>\n","protected":false},"author":1955,"featured_media":1950,"comment_status":"closed","ping_status":"open","sticky":false,"template":"","format":"standard","meta":[],"categories":[1],"tags":[],"yoast_head":"<!-- This site is optimized with the Yoast SEO plugin v20.0 - https:\/\/yoast.com\/wordpress\/plugins\/seo\/ -->\n<title>IHK Bildungsexpress 2025 - der IHK M\u00fcnchen - Landesverband der K\u00f6che Bayern<\/title>\n<meta name=\"robots\" content=\"noindex, follow, max-snippet:-1, max-image-preview:large, max-video-preview:-1\" \/>\n<meta property=\"og:locale\" content=\"de_DE\" \/>\n<meta property=\"og:type\" content=\"article\" \/>\n<meta property=\"og:title\" content=\"IHK Bildungsexpress 2025 - der IHK M\u00fcnchen - Landesverband der K\u00f6che Bayern\" \/>\n<meta property=\"og:description\" content=\"Im diesj\u00e4hrigen IHK-Bildungsexpress pr\u00e4sentierten sich Ausbildungsbetriebe der Region Inn-Salzach und der K\u00f6cheverein war mit dabei. Zum zw\u00f6lften Mal startete\u00a0Mitte November der\u00a0IHK-Bildungsexpress,\u00a0Deutschlands einzige rollende Ausbildungsmesse,\u00a0und brachte \u00fcber 200 Sch\u00fclerinnen und Sch\u00fcler aus der Region Inn-Salzach\u00a0auf den Weg in Richtung Berufsorientierung.\u00a0Als Vertretende des\u00a0K\u00f6chevereins\u00a0Inn-Salzach\u00a0e. V.\u00a0mit dabei waren\u00a0Thomas\u00a0Hetzenecker, Schriftf\u00fchrer des\u00a0VKD-Landesverbands Bayern, sowie die Jugendwarte Tanja Haslinger und Moritz Rauschecker,...\" \/>\n<meta property=\"og:url\" content=\"https:\/\/www.vkd.com\/lv-bayern\/news\/ihk-bildungsexpress-2025-der-ihk-muenchen\/\" \/>\n<meta property=\"og:site_name\" content=\"Landesverband der K\u00f6che Bayern\" \/>\n<meta property=\"article:published_time\" content=\"2025-11-18T06:51:42+00:00\" \/>\n<meta property=\"og:image\" content=\"https:\/\/www.vkd.com\/lv-bayern\/wp-content\/uploads\/sites\/14\/2025\/11\/13858-scaled.jpg\" \/>\n\t<meta property=\"og:image:width\" content=\"1920\" \/>\n\t<meta property=\"og:image:height\" content=\"2560\" \/>\n\t<meta property=\"og:image:type\" content=\"image\/jpeg\" \/>\n<meta name=\"author\" content=\"Kostadinov Alexander\" \/>\n<meta name=\"twitter:card\" content=\"summary_large_image\" \/>\n<meta name=\"twitter:label1\" content=\"Verfasst von\" \/>\n\t<meta name=\"twitter:data1\" content=\"Kostadinov Alexander\" \/>\n\t<meta name=\"twitter:label2\" content=\"Gesch\u00e4tzte Lesezeit\" \/>\n\t<meta name=\"twitter:data2\" content=\"1\u00a0Minute\" \/>\n<script type=\"application\/ld+json\" class=\"yoast-schema-graph\">{\"@context\":\"https:\/\/schema.org\",\"@graph\":[{\"@type\":\"WebPage\",\"@id\":\"https:\/\/www.vkd.com\/lv-bayern\/news\/ihk-bildungsexpress-2025-der-ihk-muenchen\/\",\"url\":\"https:\/\/www.vkd.com\/lv-bayern\/news\/ihk-bildungsexpress-2025-der-ihk-muenchen\/\",\"name\":\"IHK Bildungsexpress 2025 - der IHK M\u00fcnchen - Landesverband der K\u00f6che Bayern\",\"isPartOf\":{\"@id\":\"https:\/\/www.vkd.com\/lv-bayern\/#website\"},\"datePublished\":\"2025-11-18T06:51:42+00:00\",\"dateModified\":\"2025-11-18T06:51:42+00:00\",\"author\":{\"@id\":\"https:\/\/www.vkd.com\/lv-bayern\/#\/schema\/person\/19c4bb106ca4de98c60e2cb5ac7f572f\"},\"breadcrumb\":{\"@id\":\"https:\/\/www.vkd.com\/lv-bayern\/news\/ihk-bildungsexpress-2025-der-ihk-muenchen\/#breadcrumb\"},\"inLanguage\":\"de\",\"potentialAction\":[{\"@type\":\"ReadAction\",\"target\":[\"https:\/\/www.vkd.com\/lv-bayern\/news\/ihk-bildungsexpress-2025-der-ihk-muenchen\/\"]}]},{\"@type\":\"BreadcrumbList\",\"@id\":\"https:\/\/www.vkd.com\/lv-bayern\/news\/ihk-bildungsexpress-2025-der-ihk-muenchen\/#breadcrumb\",\"itemListElement\":[{\"@type\":\"ListItem\",\"position\":1,\"name\":\"Startseite\",\"item\":\"https:\/\/www.vkd.com\/lv-bayern\/\"},{\"@type\":\"ListItem\",\"position\":2,\"name\":\"IHK Bildungsexpress 2025 &#8211; der IHK M\u00fcnchen\"}]},{\"@type\":\"WebSite\",\"@id\":\"https:\/\/www.vkd.com\/lv-bayern\/#website\",\"url\":\"https:\/\/www.vkd.com\/lv-bayern\/\",\"name\":\"Landesverband der K\u00f6che Bayern\",\"description\":\"Landesverband im Verband der K\u00f6che Deutschlands e.V.\",\"potentialAction\":[{\"@type\":\"SearchAction\",\"target\":{\"@type\":\"EntryPoint\",\"urlTemplate\":\"https:\/\/www.vkd.com\/lv-bayern\/?s={search_term_string}\"},\"query-input\":\"required name=search_term_string\"}],\"inLanguage\":\"de\"},{\"@type\":\"Person\",\"@id\":\"https:\/\/www.vkd.com\/lv-bayern\/#\/schema\/person\/19c4bb106ca4de98c60e2cb5ac7f572f\",\"name\":\"Kostadinov Alexander\",\"image\":{\"@type\":\"ImageObject\",\"inLanguage\":\"de\",\"@id\":\"https:\/\/www.vkd.com\/lv-bayern\/#\/schema\/person\/image\/\",\"url\":\"https:\/\/secure.gravatar.com\/avatar\/b0cb85e5c215fe1114e6d2404492358d?s=96&d=mm&r=g\",\"contentUrl\":\"https:\/\/secure.gravatar.com\/avatar\/b0cb85e5c215fe1114e6d2404492358d?s=96&d=mm&r=g\",\"caption\":\"Kostadinov Alexander\"},\"url\":\"https:\/\/www.vkd.com\/lv-bayern\/news\/author\/gentscher-jungentscher-de\/\"}]}<\/script>\n<!-- \/ Yoast SEO plugin. -->","yoast_head_json":{"title":"IHK Bildungsexpress 2025 - der IHK M\u00fcnchen - Landesverband der K\u00f6che Bayern","robots":{"index":"noindex","follow":"follow","max-snippet":"max-snippet:-1","max-image-preview":"max-image-preview:large","max-video-preview":"max-video-preview:-1"},"og_locale":"de_DE","og_type":"article","og_title":"IHK Bildungsexpress 2025 - der IHK M\u00fcnchen - Landesverband der K\u00f6che Bayern","og_description":"Im diesj\u00e4hrigen IHK-Bildungsexpress pr\u00e4sentierten sich Ausbildungsbetriebe der Region Inn-Salzach und der K\u00f6cheverein war mit dabei. Zum zw\u00f6lften Mal startete\u00a0Mitte November der\u00a0IHK-Bildungsexpress,\u00a0Deutschlands einzige rollende Ausbildungsmesse,\u00a0und brachte \u00fcber 200 Sch\u00fclerinnen und Sch\u00fcler aus der Region Inn-Salzach\u00a0auf den Weg in Richtung Berufsorientierung.\u00a0Als Vertretende des\u00a0K\u00f6chevereins\u00a0Inn-Salzach\u00a0e. V.\u00a0mit dabei waren\u00a0Thomas\u00a0Hetzenecker, Schriftf\u00fchrer des\u00a0VKD-Landesverbands Bayern, sowie die Jugendwarte Tanja Haslinger und Moritz Rauschecker,...","og_url":"https:\/\/www.vkd.com\/lv-bayern\/news\/ihk-bildungsexpress-2025-der-ihk-muenchen\/","og_site_name":"Landesverband der K\u00f6che Bayern","article_published_time":"2025-11-18T06:51:42+00:00","og_image":[{"width":1920,"height":2560,"url":"https:\/\/www.vkd.com\/lv-bayern\/wp-content\/uploads\/sites\/14\/2025\/11\/13858-scaled.jpg","type":"image\/jpeg"}],"author":"Kostadinov Alexander","twitter_card":"summary_large_image","twitter_misc":{"Verfasst von":"Kostadinov Alexander","Gesch\u00e4tzte Lesezeit":"1\u00a0Minute"},"schema":{"@context":"https:\/\/schema.org","@graph":[{"@type":"WebPage","@id":"https:\/\/www.vkd.com\/lv-bayern\/news\/ihk-bildungsexpress-2025-der-ihk-muenchen\/","url":"https:\/\/www.vkd.com\/lv-bayern\/news\/ihk-bildungsexpress-2025-der-ihk-muenchen\/","name":"IHK Bildungsexpress 2025 - der IHK M\u00fcnchen - Landesverband der K\u00f6che Bayern","isPartOf":{"@id":"https:\/\/www.vkd.com\/lv-bayern\/#website"},"datePublished":"2025-11-18T06:51:42+00:00","dateModified":"2025-11-18T06:51:42+00:00","author":{"@id":"https:\/\/www.vkd.com\/lv-bayern\/#\/schema\/person\/19c4bb106ca4de98c60e2cb5ac7f572f"},"breadcrumb":{"@id":"https:\/\/www.vkd.com\/lv-bayern\/news\/ihk-bildungsexpress-2025-der-ihk-muenchen\/#breadcrumb"},"inLanguage":"de","potentialAction":[{"@type":"ReadAction","target":["https:\/\/www.vkd.com\/lv-bayern\/news\/ihk-bildungsexpress-2025-der-ihk-muenchen\/"]}]},{"@type":"BreadcrumbList","@id":"https:\/\/www.vkd.com\/lv-bayern\/news\/ihk-bildungsexpress-2025-der-ihk-muenchen\/#breadcrumb","itemListElement":[{"@type":"ListItem","position":1,"name":"Startseite","item":"https:\/\/www.vkd.com\/lv-bayern\/"},{"@type":"ListItem","position":2,"name":"IHK Bildungsexpress 2025 &#8211; der IHK M\u00fcnchen"}]},{"@type":"WebSite","@id":"https:\/\/www.vkd.com\/lv-bayern\/#website","url":"https:\/\/www.vkd.com\/lv-bayern\/","name":"Landesverband der K\u00f6che Bayern","description":"Landesverband im Verband der K\u00f6che Deutschlands e.V.","potentialAction":[{"@type":"SearchAction","target":{"@type":"EntryPoint","urlTemplate":"https:\/\/www.vkd.com\/lv-bayern\/?s={search_term_string}"},"query-input":"required name=search_term_string"}],"inLanguage":"de"},{"@type":"Person","@id":"https:\/\/www.vkd.com\/lv-bayern\/#\/schema\/person\/19c4bb106ca4de98c60e2cb5ac7f572f","name":"Kostadinov Alexander","image":{"@type":"ImageObject","inLanguage":"de","@id":"https:\/\/www.vkd.com\/lv-bayern\/#\/schema\/person\/image\/","url":"https:\/\/secure.gravatar.com\/avatar\/b0cb85e5c215fe1114e6d2404492358d?s=96&d=mm&r=g","contentUrl":"https:\/\/secure.gravatar.com\/avatar\/b0cb85e5c215fe1114e6d2404492358d?s=96&d=mm&r=g","caption":"Kostadinov Alexander"},"url":"https:\/\/www.vkd.com\/lv-bayern\/news\/author\/gentscher-jungentscher-de\/"}]}},"_links":{"self":[{"href":"https:\/\/www.vkd.com\/lv-bayern\/wp-json\/wp\/v2\/posts\/1947"}],"collection":[{"href":"https:\/\/www.vkd.com\/lv-bayern\/wp-json\/wp\/v2\/posts"}],"about":[{"href":"https:\/\/www.vkd.com\/lv-bayern\/wp-json\/wp\/v2\/types\/post"}],"author":[{"embeddable":true,"href":"https:\/\/www.vkd.com\/lv-bayern\/wp-json\/wp\/v2\/users\/1955"}],"replies":[{"embeddable":true,"href":"https:\/\/www.vkd.com\/lv-bayern\/wp-json\/wp\/v2\/comments?post=1947"}],"version-history":[{"count":2,"href":"https:\/\/www.vkd.com\/lv-bayern\/wp-json\/wp\/v2\/posts\/1947\/revisions"}],"predecessor-version":[{"id":1952,"href":"https:\/\/www.vkd.com\/lv-bayern\/wp-json\/wp\/v2\/posts\/1947\/revisions\/1952"}],"wp:featuredmedia":[{"embeddable":true,"href":"https:\/\/www.vkd.com\/lv-bayern\/wp-json\/wp\/v2\/media\/1950"}],"wp:attachment":[{"href":"https:\/\/www.vkd.com\/lv-bayern\/wp-json\/wp\/v2\/media?parent=1947"}],"wp:term":[{"taxonomy":"category","embeddable":true,"href":"https:\/\/www.vkd.com\/lv-bayern\/wp-json\/wp\/v2\/categories?post=1947"},{"taxonomy":"post_tag","embeddable":true,"href":"https:\/\/www.vkd.com\/lv-bayern\/wp-json\/wp\/v2\/tags?post=1947"}],"curies":[{"name":"wp","href":"https:\/\/api.w.org\/{rel}","templated":true}]}}