{"id":1939,"date":"2025-11-12T15:42:07","date_gmt":"2025-11-12T14:42:07","guid":{"rendered":"https:\/\/www.vkd.com\/lv-bayern\/?p=1939"},"modified":"2025-11-12T16:45:07","modified_gmt":"2025-11-12T15:45:07","slug":"buero-und-verwaltungsassistenz-m-w-d-in-teilzeit","status":"publish","type":"post","link":"https:\/\/www.vkd.com\/lv-bayern\/news\/buero-und-verwaltungsassistenz-m-w-d-in-teilzeit\/","title":{"rendered":"B\u00fcro- und Verwaltungsassistenz (m\/w\/d) in Teilzeit."},"content":{"rendered":"<p>Das Team der VKD-Gesch\u00e4ftsstelle sucht Verst\u00e4rkung \u2013 und zwar eine <strong>B\u00fcro- und Verwaltungsassistenz (m\/w\/d) in Teilzeit<\/strong>.<\/p>\n<p>&nbsp;<\/p>\n<ol>\n<li>ab sofort<\/li>\n<li>ca. 20 Stunden\/Woche, flexibel einteilbar<\/li>\n<li>vor Ort (Steinlestra\u00dfe 32, Frankfurt am Main)<\/li>\n<li>Aufgaben u. a.: Unterst\u00fctzung bei allen anfallenden Aufgaben in der Gesch\u00e4ftsstelle, Organisation und Bearbeitung von Schriftverkehr, E-Mails und Post, Vorbereitung und Nachbereitung von Seminaren und Veranstaltungen, Aktualisierung von Inhalten auf der VKD-Website, Telefondienst, Unterst\u00fctzung der Abteilungen Gesch\u00e4ftsf\u00fchrung, Buchhaltung, Weiterbildung, Mitgliederverwaltung und Kommunikation bei Projekten und t\u00e4glichen Aufgaben, Zuarbeit an das ehrenamtliche Pr\u00e4sidium und den Vorstand<\/li>\n<li><strong>Bewerbung an <a href=\"mailto:koeche@vkd.com\">koeche@vkd.com<\/a> <\/strong><\/li>\n<\/ol>\n<p>&nbsp;<\/p>\n<p>Wir freuen uns, wenn Sie die Anzeige in Ihr Netzwerk streuen. Vielleicht kennen Sie jemanden, der jemanden kennt \u2013 und wir finden so die passende Erg\u00e4nzung f\u00fcr unser VKD-Team.<\/p>\n<p>&nbsp;<\/p>\n<p>\u27a1Stellenanzeige online: <a href=\"https:\/\/bit.ly\/Stellenausschreibung-VKD_Bueroassistenz\">https:\/\/bit.ly\/Stellenausschreibung-VKD_Bueroassistenz<\/a> &amp; im Anhang.<\/p>\n","protected":false},"excerpt":{"rendered":"<p>Das Team der VKD-Gesch\u00e4ftsstelle sucht Verst\u00e4rkung \u2013 und zwar eine B\u00fcro- und Verwaltungsassistenz (m\/w\/d) in Teilzeit. &nbsp; ab sofort ca. 20 Stunden\/Woche, flexibel einteilbar vor Ort (Steinlestra\u00dfe 32, Frankfurt am Main) Aufgaben u. a.: Unterst\u00fctzung bei allen anfallenden Aufgaben in der Gesch\u00e4ftsstelle, Organisation und Bearbeitung von Schriftverkehr, E-Mails und Post, Vorbereitung und Nachbereitung von Seminaren&#8230;<\/p>\n","protected":false},"author":1955,"featured_media":332,"comment_status":"closed","ping_status":"open","sticky":false,"template":"","format":"standard","meta":[],"categories":[1],"tags":[],"yoast_head":"<!-- This site is optimized with the Yoast SEO plugin v20.0 - https:\/\/yoast.com\/wordpress\/plugins\/seo\/ -->\n<title>B\u00fcro- und Verwaltungsassistenz (m\/w\/d) in Teilzeit. - Landesverband der K\u00f6che Bayern<\/title>\n<meta name=\"robots\" content=\"noindex, follow, max-snippet:-1, max-image-preview:large, max-video-preview:-1\" \/>\n<meta property=\"og:locale\" content=\"de_DE\" \/>\n<meta property=\"og:type\" content=\"article\" \/>\n<meta property=\"og:title\" content=\"B\u00fcro- und Verwaltungsassistenz (m\/w\/d) in Teilzeit. - Landesverband der K\u00f6che Bayern\" \/>\n<meta property=\"og:description\" content=\"Das Team der VKD-Gesch\u00e4ftsstelle sucht Verst\u00e4rkung \u2013 und zwar eine B\u00fcro- und Verwaltungsassistenz (m\/w\/d) in Teilzeit. &nbsp; ab sofort ca. 20 Stunden\/Woche, flexibel einteilbar vor Ort (Steinlestra\u00dfe 32, Frankfurt am Main) Aufgaben u. a.: Unterst\u00fctzung bei allen anfallenden Aufgaben in der Gesch\u00e4ftsstelle, Organisation und Bearbeitung von Schriftverkehr, E-Mails und Post, Vorbereitung und Nachbereitung von Seminaren...\" \/>\n<meta property=\"og:url\" content=\"https:\/\/www.vkd.com\/lv-bayern\/news\/buero-und-verwaltungsassistenz-m-w-d-in-teilzeit\/\" \/>\n<meta property=\"og:site_name\" content=\"Landesverband der K\u00f6che Bayern\" \/>\n<meta property=\"article:published_time\" content=\"2025-11-12T14:42:07+00:00\" \/>\n<meta property=\"article:modified_time\" content=\"2025-11-12T15:45:07+00:00\" \/>\n<meta property=\"og:image\" content=\"https:\/\/www.vkd.com\/lv-bayern\/wp-content\/uploads\/sites\/14\/2022\/02\/logo-beispiel.png\" \/>\n\t<meta property=\"og:image:width\" content=\"250\" \/>\n\t<meta property=\"og:image:height\" content=\"250\" \/>\n\t<meta property=\"og:image:type\" content=\"image\/png\" \/>\n<meta name=\"author\" content=\"Kostadinov Alexander\" \/>\n<meta name=\"twitter:card\" content=\"summary_large_image\" \/>\n<meta name=\"twitter:label1\" content=\"Verfasst von\" \/>\n\t<meta name=\"twitter:data1\" content=\"Kostadinov Alexander\" \/>\n\t<meta name=\"twitter:label2\" content=\"Gesch\u00e4tzte Lesezeit\" \/>\n\t<meta name=\"twitter:data2\" content=\"1\u00a0Minute\" \/>\n<script type=\"application\/ld+json\" class=\"yoast-schema-graph\">{\"@context\":\"https:\/\/schema.org\",\"@graph\":[{\"@type\":\"WebPage\",\"@id\":\"https:\/\/www.vkd.com\/lv-bayern\/news\/buero-und-verwaltungsassistenz-m-w-d-in-teilzeit\/\",\"url\":\"https:\/\/www.vkd.com\/lv-bayern\/news\/buero-und-verwaltungsassistenz-m-w-d-in-teilzeit\/\",\"name\":\"B\u00fcro- und Verwaltungsassistenz (m\/w\/d) in Teilzeit. - Landesverband der K\u00f6che Bayern\",\"isPartOf\":{\"@id\":\"https:\/\/www.vkd.com\/lv-bayern\/#website\"},\"datePublished\":\"2025-11-12T14:42:07+00:00\",\"dateModified\":\"2025-11-12T15:45:07+00:00\",\"author\":{\"@id\":\"https:\/\/www.vkd.com\/lv-bayern\/#\/schema\/person\/19c4bb106ca4de98c60e2cb5ac7f572f\"},\"breadcrumb\":{\"@id\":\"https:\/\/www.vkd.com\/lv-bayern\/news\/buero-und-verwaltungsassistenz-m-w-d-in-teilzeit\/#breadcrumb\"},\"inLanguage\":\"de\",\"potentialAction\":[{\"@type\":\"ReadAction\",\"target\":[\"https:\/\/www.vkd.com\/lv-bayern\/news\/buero-und-verwaltungsassistenz-m-w-d-in-teilzeit\/\"]}]},{\"@type\":\"BreadcrumbList\",\"@id\":\"https:\/\/www.vkd.com\/lv-bayern\/news\/buero-und-verwaltungsassistenz-m-w-d-in-teilzeit\/#breadcrumb\",\"itemListElement\":[{\"@type\":\"ListItem\",\"position\":1,\"name\":\"Startseite\",\"item\":\"https:\/\/www.vkd.com\/lv-bayern\/\"},{\"@type\":\"ListItem\",\"position\":2,\"name\":\"B\u00fcro- und Verwaltungsassistenz (m\/w\/d) in Teilzeit.\"}]},{\"@type\":\"WebSite\",\"@id\":\"https:\/\/www.vkd.com\/lv-bayern\/#website\",\"url\":\"https:\/\/www.vkd.com\/lv-bayern\/\",\"name\":\"Landesverband der K\u00f6che Bayern\",\"description\":\"Landesverband im Verband der K\u00f6che Deutschlands e.V.\",\"potentialAction\":[{\"@type\":\"SearchAction\",\"target\":{\"@type\":\"EntryPoint\",\"urlTemplate\":\"https:\/\/www.vkd.com\/lv-bayern\/?s={search_term_string}\"},\"query-input\":\"required name=search_term_string\"}],\"inLanguage\":\"de\"},{\"@type\":\"Person\",\"@id\":\"https:\/\/www.vkd.com\/lv-bayern\/#\/schema\/person\/19c4bb106ca4de98c60e2cb5ac7f572f\",\"name\":\"Kostadinov Alexander\",\"image\":{\"@type\":\"ImageObject\",\"inLanguage\":\"de\",\"@id\":\"https:\/\/www.vkd.com\/lv-bayern\/#\/schema\/person\/image\/\",\"url\":\"https:\/\/secure.gravatar.com\/avatar\/b0cb85e5c215fe1114e6d2404492358d?s=96&d=mm&r=g\",\"contentUrl\":\"https:\/\/secure.gravatar.com\/avatar\/b0cb85e5c215fe1114e6d2404492358d?s=96&d=mm&r=g\",\"caption\":\"Kostadinov Alexander\"},\"url\":\"https:\/\/www.vkd.com\/lv-bayern\/news\/author\/gentscher-jungentscher-de\/\"}]}<\/script>\n<!-- \/ Yoast SEO plugin. -->","yoast_head_json":{"title":"B\u00fcro- und Verwaltungsassistenz (m\/w\/d) in Teilzeit. - Landesverband der K\u00f6che Bayern","robots":{"index":"noindex","follow":"follow","max-snippet":"max-snippet:-1","max-image-preview":"max-image-preview:large","max-video-preview":"max-video-preview:-1"},"og_locale":"de_DE","og_type":"article","og_title":"B\u00fcro- und Verwaltungsassistenz (m\/w\/d) in Teilzeit. - Landesverband der K\u00f6che Bayern","og_description":"Das Team der VKD-Gesch\u00e4ftsstelle sucht Verst\u00e4rkung \u2013 und zwar eine B\u00fcro- und Verwaltungsassistenz (m\/w\/d) in Teilzeit. &nbsp; ab sofort ca. 20 Stunden\/Woche, flexibel einteilbar vor Ort (Steinlestra\u00dfe 32, Frankfurt am Main) Aufgaben u. a.: Unterst\u00fctzung bei allen anfallenden Aufgaben in der Gesch\u00e4ftsstelle, Organisation und Bearbeitung von Schriftverkehr, E-Mails und Post, Vorbereitung und Nachbereitung von Seminaren...","og_url":"https:\/\/www.vkd.com\/lv-bayern\/news\/buero-und-verwaltungsassistenz-m-w-d-in-teilzeit\/","og_site_name":"Landesverband der K\u00f6che Bayern","article_published_time":"2025-11-12T14:42:07+00:00","article_modified_time":"2025-11-12T15:45:07+00:00","og_image":[{"width":250,"height":250,"url":"https:\/\/www.vkd.com\/lv-bayern\/wp-content\/uploads\/sites\/14\/2022\/02\/logo-beispiel.png","type":"image\/png"}],"author":"Kostadinov Alexander","twitter_card":"summary_large_image","twitter_misc":{"Verfasst von":"Kostadinov Alexander","Gesch\u00e4tzte Lesezeit":"1\u00a0Minute"},"schema":{"@context":"https:\/\/schema.org","@graph":[{"@type":"WebPage","@id":"https:\/\/www.vkd.com\/lv-bayern\/news\/buero-und-verwaltungsassistenz-m-w-d-in-teilzeit\/","url":"https:\/\/www.vkd.com\/lv-bayern\/news\/buero-und-verwaltungsassistenz-m-w-d-in-teilzeit\/","name":"B\u00fcro- und Verwaltungsassistenz (m\/w\/d) in Teilzeit. - Landesverband der K\u00f6che Bayern","isPartOf":{"@id":"https:\/\/www.vkd.com\/lv-bayern\/#website"},"datePublished":"2025-11-12T14:42:07+00:00","dateModified":"2025-11-12T15:45:07+00:00","author":{"@id":"https:\/\/www.vkd.com\/lv-bayern\/#\/schema\/person\/19c4bb106ca4de98c60e2cb5ac7f572f"},"breadcrumb":{"@id":"https:\/\/www.vkd.com\/lv-bayern\/news\/buero-und-verwaltungsassistenz-m-w-d-in-teilzeit\/#breadcrumb"},"inLanguage":"de","potentialAction":[{"@type":"ReadAction","target":["https:\/\/www.vkd.com\/lv-bayern\/news\/buero-und-verwaltungsassistenz-m-w-d-in-teilzeit\/"]}]},{"@type":"BreadcrumbList","@id":"https:\/\/www.vkd.com\/lv-bayern\/news\/buero-und-verwaltungsassistenz-m-w-d-in-teilzeit\/#breadcrumb","itemListElement":[{"@type":"ListItem","position":1,"name":"Startseite","item":"https:\/\/www.vkd.com\/lv-bayern\/"},{"@type":"ListItem","position":2,"name":"B\u00fcro- und Verwaltungsassistenz (m\/w\/d) in Teilzeit."}]},{"@type":"WebSite","@id":"https:\/\/www.vkd.com\/lv-bayern\/#website","url":"https:\/\/www.vkd.com\/lv-bayern\/","name":"Landesverband der K\u00f6che Bayern","description":"Landesverband im Verband der K\u00f6che Deutschlands e.V.","potentialAction":[{"@type":"SearchAction","target":{"@type":"EntryPoint","urlTemplate":"https:\/\/www.vkd.com\/lv-bayern\/?s={search_term_string}"},"query-input":"required name=search_term_string"}],"inLanguage":"de"},{"@type":"Person","@id":"https:\/\/www.vkd.com\/lv-bayern\/#\/schema\/person\/19c4bb106ca4de98c60e2cb5ac7f572f","name":"Kostadinov Alexander","image":{"@type":"ImageObject","inLanguage":"de","@id":"https:\/\/www.vkd.com\/lv-bayern\/#\/schema\/person\/image\/","url":"https:\/\/secure.gravatar.com\/avatar\/b0cb85e5c215fe1114e6d2404492358d?s=96&d=mm&r=g","contentUrl":"https:\/\/secure.gravatar.com\/avatar\/b0cb85e5c215fe1114e6d2404492358d?s=96&d=mm&r=g","caption":"Kostadinov Alexander"},"url":"https:\/\/www.vkd.com\/lv-bayern\/news\/author\/gentscher-jungentscher-de\/"}]}},"_links":{"self":[{"href":"https:\/\/www.vkd.com\/lv-bayern\/wp-json\/wp\/v2\/posts\/1939"}],"collection":[{"href":"https:\/\/www.vkd.com\/lv-bayern\/wp-json\/wp\/v2\/posts"}],"about":[{"href":"https:\/\/www.vkd.com\/lv-bayern\/wp-json\/wp\/v2\/types\/post"}],"author":[{"embeddable":true,"href":"https:\/\/www.vkd.com\/lv-bayern\/wp-json\/wp\/v2\/users\/1955"}],"replies":[{"embeddable":true,"href":"https:\/\/www.vkd.com\/lv-bayern\/wp-json\/wp\/v2\/comments?post=1939"}],"version-history":[{"count":3,"href":"https:\/\/www.vkd.com\/lv-bayern\/wp-json\/wp\/v2\/posts\/1939\/revisions"}],"predecessor-version":[{"id":1941,"href":"https:\/\/www.vkd.com\/lv-bayern\/wp-json\/wp\/v2\/posts\/1939\/revisions\/1941"}],"wp:featuredmedia":[{"embeddable":true,"href":"https:\/\/www.vkd.com\/lv-bayern\/wp-json\/wp\/v2\/media\/332"}],"wp:attachment":[{"href":"https:\/\/www.vkd.com\/lv-bayern\/wp-json\/wp\/v2\/media?parent=1939"}],"wp:term":[{"taxonomy":"category","embeddable":true,"href":"https:\/\/www.vkd.com\/lv-bayern\/wp-json\/wp\/v2\/categories?post=1939"},{"taxonomy":"post_tag","embeddable":true,"href":"https:\/\/www.vkd.com\/lv-bayern\/wp-json\/wp\/v2\/tags?post=1939"}],"curies":[{"name":"wp","href":"https:\/\/api.w.org\/{rel}","templated":true}]}}