{"id":1930,"date":"2025-10-29T09:08:24","date_gmt":"2025-10-29T08:08:24","guid":{"rendered":"https:\/\/www.vkd.com\/lv-bayern\/?p=1930"},"modified":"2025-10-29T09:14:24","modified_gmt":"2025-10-29T08:14:24","slug":"landesverband-der-koeche-bayern-erfolgreiche-vorstandssitzung-mit-blick-in-die-zukunft","status":"publish","type":"post","link":"https:\/\/www.vkd.com\/lv-bayern\/news\/landesverband-der-koeche-bayern-erfolgreiche-vorstandssitzung-mit-blick-in-die-zukunft\/","title":{"rendered":"Landesverband der K\u00f6che Bayern \u2013 Erfolgreiche Vorstandssitzung mit Blick in die Zukunft"},"content":{"rendered":"<p data-start=\"0\" data-end=\"116\"><strong data-start=\"0\" data-end=\"20\">Pressemitteilung<\/strong><\/p>\n<p data-start=\"118\" data-end=\"471\">Bayern, Oktober 2025 \u2013 Der <strong data-start=\"145\" data-end=\"184\">Landesverband der K\u00f6che Bayern e.V.<\/strong> hielt am vergangenen Wochenende seine turnusm\u00e4\u00dfige Vorstandssitzung im Hotel &#8222;Das G\u00f6tzfried&#8220; in Regensburg ab. Vielen Dank f\u00fcr die tolle Unterst\u00fctzung und das Entgegenkommen f\u00fcr unser Ehrenamt. In einer sehr konstruktiven Atmosph\u00e4re wurden zahlreiche <strong data-start=\"314\" data-end=\"349\">zukunftsweisende Entscheidungen<\/strong> getroffen, die den Verband und seine Mitglieder in den kommenden Jahren nachhaltig st\u00e4rken und weiterentwickeln werden.<\/p>\n<p data-start=\"473\" data-end=\"749\">Im Mittelpunkt der Sitzung standen Themen wie <strong data-start=\"519\" data-end=\"603\">Nachwuchsf\u00f6rderung, Weiterbildung, Nachhaltigkeit und die Zukunft des Kochberufs<\/strong> in Bayern. Der Vorstand blickt mit gro\u00dfer Zuversicht auf die kommenden Projekte und Initiativen, die in den n\u00e4chsten Wochen vorgestellt werden.<\/p>\n<p data-start=\"751\" data-end=\"973\">\u201eWir sind stolz auf das engagierte Miteinander im Verband und die vielen Ideen, die in dieser Sitzung entstanden sind. Jetzt gilt es, sie mit Leben zu f\u00fcllen und gemeinsam umzusetzen\u201c, so der Vorstand des Landesverbands.<\/p>\n<p data-start=\"975\" data-end=\"1046\">Weitere Informationen und Details zu den Beschl\u00fcssen folgen in K\u00fcrze.<\/p>\n<p data-start=\"1048\" data-end=\"1143\"><strong data-start=\"1048\" data-end=\"1087\">Landesverband der K\u00f6che Bayern e.V.<\/strong><br data-start=\"1087\" data-end=\"1090\" \/>\u2013 Leidenschaft, Handwerk und Zukunftsorientierung \u2013<\/p>\n<p data-start=\"1145\" data-end=\"1240\">\ud83d\udc49 <a class=\"decorated-link cursor-pointer\" href=\"http:\/\/www.koeche-bayern.de\" target=\"_blank\" rel=\"noopener\" data-start=\"1148\" data-end=\"1199\">www.koeche-bayern.de<\/a><\/p>\n<p>&nbsp;<\/p>\n<p data-start=\"1145\" data-end=\"1240\">\n","protected":false},"excerpt":{"rendered":"<p>Pressemitteilung Bayern, Oktober 2025 \u2013 Der Landesverband der K\u00f6che Bayern e.V. hielt am vergangenen Wochenende seine turnusm\u00e4\u00dfige Vorstandssitzung im Hotel &#8222;Das G\u00f6tzfried&#8220; in Regensburg ab. Vielen Dank f\u00fcr die tolle Unterst\u00fctzung und das Entgegenkommen f\u00fcr unser Ehrenamt. In einer sehr konstruktiven Atmosph\u00e4re wurden zahlreiche zukunftsweisende Entscheidungen getroffen, die den Verband und seine Mitglieder in den&#8230;<\/p>\n","protected":false},"author":1955,"featured_media":1932,"comment_status":"closed","ping_status":"open","sticky":false,"template":"","format":"standard","meta":[],"categories":[1],"tags":[6,5,7,15,19,9,8],"yoast_head":"<!-- This site is optimized with the Yoast SEO plugin v20.0 - https:\/\/yoast.com\/wordpress\/plugins\/seo\/ -->\n<title>Landesverband der K\u00f6che Bayern \u2013 Erfolgreiche Vorstandssitzung mit Blick in die Zukunft - Landesverband der K\u00f6che Bayern<\/title>\n<meta name=\"robots\" content=\"noindex, follow, max-snippet:-1, max-image-preview:large, max-video-preview:-1\" \/>\n<meta property=\"og:locale\" content=\"de_DE\" \/>\n<meta property=\"og:type\" content=\"article\" \/>\n<meta property=\"og:title\" content=\"Landesverband der K\u00f6che Bayern \u2013 Erfolgreiche Vorstandssitzung mit Blick in die Zukunft - Landesverband der K\u00f6che Bayern\" \/>\n<meta property=\"og:description\" content=\"Pressemitteilung Bayern, Oktober 2025 \u2013 Der Landesverband der K\u00f6che Bayern e.V. hielt am vergangenen Wochenende seine turnusm\u00e4\u00dfige Vorstandssitzung im Hotel &#8222;Das G\u00f6tzfried&#8220; in Regensburg ab. Vielen Dank f\u00fcr die tolle Unterst\u00fctzung und das Entgegenkommen f\u00fcr unser Ehrenamt. In einer sehr konstruktiven Atmosph\u00e4re wurden zahlreiche zukunftsweisende Entscheidungen getroffen, die den Verband und seine Mitglieder in den...\" \/>\n<meta property=\"og:url\" content=\"https:\/\/www.vkd.com\/lv-bayern\/news\/landesverband-der-koeche-bayern-erfolgreiche-vorstandssitzung-mit-blick-in-die-zukunft\/\" \/>\n<meta property=\"og:site_name\" content=\"Landesverband der K\u00f6che Bayern\" \/>\n<meta property=\"article:published_time\" content=\"2025-10-29T08:08:24+00:00\" \/>\n<meta property=\"article:modified_time\" content=\"2025-10-29T08:14:24+00:00\" \/>\n<meta property=\"og:image\" content=\"https:\/\/www.vkd.com\/lv-bayern\/wp-content\/uploads\/sites\/14\/2025\/10\/IMG-20251029-WA0038.jpg\" \/>\n\t<meta property=\"og:image:width\" content=\"1600\" \/>\n\t<meta property=\"og:image:height\" content=\"1200\" \/>\n\t<meta property=\"og:image:type\" content=\"image\/jpeg\" \/>\n<meta name=\"author\" content=\"Kostadinov Alexander\" \/>\n<meta name=\"twitter:card\" content=\"summary_large_image\" \/>\n<meta name=\"twitter:label1\" content=\"Verfasst von\" \/>\n\t<meta name=\"twitter:data1\" content=\"Kostadinov Alexander\" \/>\n\t<meta name=\"twitter:label2\" content=\"Gesch\u00e4tzte Lesezeit\" \/>\n\t<meta name=\"twitter:data2\" content=\"1\u00a0Minute\" \/>\n<script type=\"application\/ld+json\" class=\"yoast-schema-graph\">{\"@context\":\"https:\/\/schema.org\",\"@graph\":[{\"@type\":\"WebPage\",\"@id\":\"https:\/\/www.vkd.com\/lv-bayern\/news\/landesverband-der-koeche-bayern-erfolgreiche-vorstandssitzung-mit-blick-in-die-zukunft\/\",\"url\":\"https:\/\/www.vkd.com\/lv-bayern\/news\/landesverband-der-koeche-bayern-erfolgreiche-vorstandssitzung-mit-blick-in-die-zukunft\/\",\"name\":\"Landesverband der K\u00f6che Bayern \u2013 Erfolgreiche Vorstandssitzung mit Blick in die Zukunft - Landesverband der K\u00f6che Bayern\",\"isPartOf\":{\"@id\":\"https:\/\/www.vkd.com\/lv-bayern\/#website\"},\"datePublished\":\"2025-10-29T08:08:24+00:00\",\"dateModified\":\"2025-10-29T08:14:24+00:00\",\"author\":{\"@id\":\"https:\/\/www.vkd.com\/lv-bayern\/#\/schema\/person\/19c4bb106ca4de98c60e2cb5ac7f572f\"},\"breadcrumb\":{\"@id\":\"https:\/\/www.vkd.com\/lv-bayern\/news\/landesverband-der-koeche-bayern-erfolgreiche-vorstandssitzung-mit-blick-in-die-zukunft\/#breadcrumb\"},\"inLanguage\":\"de\",\"potentialAction\":[{\"@type\":\"ReadAction\",\"target\":[\"https:\/\/www.vkd.com\/lv-bayern\/news\/landesverband-der-koeche-bayern-erfolgreiche-vorstandssitzung-mit-blick-in-die-zukunft\/\"]}]},{\"@type\":\"BreadcrumbList\",\"@id\":\"https:\/\/www.vkd.com\/lv-bayern\/news\/landesverband-der-koeche-bayern-erfolgreiche-vorstandssitzung-mit-blick-in-die-zukunft\/#breadcrumb\",\"itemListElement\":[{\"@type\":\"ListItem\",\"position\":1,\"name\":\"Startseite\",\"item\":\"https:\/\/www.vkd.com\/lv-bayern\/\"},{\"@type\":\"ListItem\",\"position\":2,\"name\":\"Landesverband der K\u00f6che Bayern \u2013 Erfolgreiche Vorstandssitzung mit Blick in die Zukunft\"}]},{\"@type\":\"WebSite\",\"@id\":\"https:\/\/www.vkd.com\/lv-bayern\/#website\",\"url\":\"https:\/\/www.vkd.com\/lv-bayern\/\",\"name\":\"Landesverband der K\u00f6che Bayern\",\"description\":\"Landesverband im Verband der K\u00f6che Deutschlands e.V.\",\"potentialAction\":[{\"@type\":\"SearchAction\",\"target\":{\"@type\":\"EntryPoint\",\"urlTemplate\":\"https:\/\/www.vkd.com\/lv-bayern\/?s={search_term_string}\"},\"query-input\":\"required name=search_term_string\"}],\"inLanguage\":\"de\"},{\"@type\":\"Person\",\"@id\":\"https:\/\/www.vkd.com\/lv-bayern\/#\/schema\/person\/19c4bb106ca4de98c60e2cb5ac7f572f\",\"name\":\"Kostadinov Alexander\",\"image\":{\"@type\":\"ImageObject\",\"inLanguage\":\"de\",\"@id\":\"https:\/\/www.vkd.com\/lv-bayern\/#\/schema\/person\/image\/\",\"url\":\"https:\/\/secure.gravatar.com\/avatar\/b0cb85e5c215fe1114e6d2404492358d?s=96&d=mm&r=g\",\"contentUrl\":\"https:\/\/secure.gravatar.com\/avatar\/b0cb85e5c215fe1114e6d2404492358d?s=96&d=mm&r=g\",\"caption\":\"Kostadinov Alexander\"},\"url\":\"https:\/\/www.vkd.com\/lv-bayern\/news\/author\/gentscher-jungentscher-de\/\"}]}<\/script>\n<!-- \/ Yoast SEO plugin. -->","yoast_head_json":{"title":"Landesverband der K\u00f6che Bayern \u2013 Erfolgreiche Vorstandssitzung mit Blick in die Zukunft - Landesverband der K\u00f6che Bayern","robots":{"index":"noindex","follow":"follow","max-snippet":"max-snippet:-1","max-image-preview":"max-image-preview:large","max-video-preview":"max-video-preview:-1"},"og_locale":"de_DE","og_type":"article","og_title":"Landesverband der K\u00f6che Bayern \u2013 Erfolgreiche Vorstandssitzung mit Blick in die Zukunft - Landesverband der K\u00f6che Bayern","og_description":"Pressemitteilung Bayern, Oktober 2025 \u2013 Der Landesverband der K\u00f6che Bayern e.V. hielt am vergangenen Wochenende seine turnusm\u00e4\u00dfige Vorstandssitzung im Hotel &#8222;Das G\u00f6tzfried&#8220; in Regensburg ab. Vielen Dank f\u00fcr die tolle Unterst\u00fctzung und das Entgegenkommen f\u00fcr unser Ehrenamt. In einer sehr konstruktiven Atmosph\u00e4re wurden zahlreiche zukunftsweisende Entscheidungen getroffen, die den Verband und seine Mitglieder in den...","og_url":"https:\/\/www.vkd.com\/lv-bayern\/news\/landesverband-der-koeche-bayern-erfolgreiche-vorstandssitzung-mit-blick-in-die-zukunft\/","og_site_name":"Landesverband der K\u00f6che Bayern","article_published_time":"2025-10-29T08:08:24+00:00","article_modified_time":"2025-10-29T08:14:24+00:00","og_image":[{"width":1600,"height":1200,"url":"https:\/\/www.vkd.com\/lv-bayern\/wp-content\/uploads\/sites\/14\/2025\/10\/IMG-20251029-WA0038.jpg","type":"image\/jpeg"}],"author":"Kostadinov Alexander","twitter_card":"summary_large_image","twitter_misc":{"Verfasst von":"Kostadinov Alexander","Gesch\u00e4tzte Lesezeit":"1\u00a0Minute"},"schema":{"@context":"https:\/\/schema.org","@graph":[{"@type":"WebPage","@id":"https:\/\/www.vkd.com\/lv-bayern\/news\/landesverband-der-koeche-bayern-erfolgreiche-vorstandssitzung-mit-blick-in-die-zukunft\/","url":"https:\/\/www.vkd.com\/lv-bayern\/news\/landesverband-der-koeche-bayern-erfolgreiche-vorstandssitzung-mit-blick-in-die-zukunft\/","name":"Landesverband der K\u00f6che Bayern \u2013 Erfolgreiche Vorstandssitzung mit Blick in die Zukunft - Landesverband der K\u00f6che Bayern","isPartOf":{"@id":"https:\/\/www.vkd.com\/lv-bayern\/#website"},"datePublished":"2025-10-29T08:08:24+00:00","dateModified":"2025-10-29T08:14:24+00:00","author":{"@id":"https:\/\/www.vkd.com\/lv-bayern\/#\/schema\/person\/19c4bb106ca4de98c60e2cb5ac7f572f"},"breadcrumb":{"@id":"https:\/\/www.vkd.com\/lv-bayern\/news\/landesverband-der-koeche-bayern-erfolgreiche-vorstandssitzung-mit-blick-in-die-zukunft\/#breadcrumb"},"inLanguage":"de","potentialAction":[{"@type":"ReadAction","target":["https:\/\/www.vkd.com\/lv-bayern\/news\/landesverband-der-koeche-bayern-erfolgreiche-vorstandssitzung-mit-blick-in-die-zukunft\/"]}]},{"@type":"BreadcrumbList","@id":"https:\/\/www.vkd.com\/lv-bayern\/news\/landesverband-der-koeche-bayern-erfolgreiche-vorstandssitzung-mit-blick-in-die-zukunft\/#breadcrumb","itemListElement":[{"@type":"ListItem","position":1,"name":"Startseite","item":"https:\/\/www.vkd.com\/lv-bayern\/"},{"@type":"ListItem","position":2,"name":"Landesverband der K\u00f6che Bayern \u2013 Erfolgreiche Vorstandssitzung mit Blick in die Zukunft"}]},{"@type":"WebSite","@id":"https:\/\/www.vkd.com\/lv-bayern\/#website","url":"https:\/\/www.vkd.com\/lv-bayern\/","name":"Landesverband der K\u00f6che Bayern","description":"Landesverband im Verband der K\u00f6che Deutschlands e.V.","potentialAction":[{"@type":"SearchAction","target":{"@type":"EntryPoint","urlTemplate":"https:\/\/www.vkd.com\/lv-bayern\/?s={search_term_string}"},"query-input":"required name=search_term_string"}],"inLanguage":"de"},{"@type":"Person","@id":"https:\/\/www.vkd.com\/lv-bayern\/#\/schema\/person\/19c4bb106ca4de98c60e2cb5ac7f572f","name":"Kostadinov Alexander","image":{"@type":"ImageObject","inLanguage":"de","@id":"https:\/\/www.vkd.com\/lv-bayern\/#\/schema\/person\/image\/","url":"https:\/\/secure.gravatar.com\/avatar\/b0cb85e5c215fe1114e6d2404492358d?s=96&d=mm&r=g","contentUrl":"https:\/\/secure.gravatar.com\/avatar\/b0cb85e5c215fe1114e6d2404492358d?s=96&d=mm&r=g","caption":"Kostadinov Alexander"},"url":"https:\/\/www.vkd.com\/lv-bayern\/news\/author\/gentscher-jungentscher-de\/"}]}},"_links":{"self":[{"href":"https:\/\/www.vkd.com\/lv-bayern\/wp-json\/wp\/v2\/posts\/1930"}],"collection":[{"href":"https:\/\/www.vkd.com\/lv-bayern\/wp-json\/wp\/v2\/posts"}],"about":[{"href":"https:\/\/www.vkd.com\/lv-bayern\/wp-json\/wp\/v2\/types\/post"}],"author":[{"embeddable":true,"href":"https:\/\/www.vkd.com\/lv-bayern\/wp-json\/wp\/v2\/users\/1955"}],"replies":[{"embeddable":true,"href":"https:\/\/www.vkd.com\/lv-bayern\/wp-json\/wp\/v2\/comments?post=1930"}],"version-history":[{"count":3,"href":"https:\/\/www.vkd.com\/lv-bayern\/wp-json\/wp\/v2\/posts\/1930\/revisions"}],"predecessor-version":[{"id":1934,"href":"https:\/\/www.vkd.com\/lv-bayern\/wp-json\/wp\/v2\/posts\/1930\/revisions\/1934"}],"wp:featuredmedia":[{"embeddable":true,"href":"https:\/\/www.vkd.com\/lv-bayern\/wp-json\/wp\/v2\/media\/1932"}],"wp:attachment":[{"href":"https:\/\/www.vkd.com\/lv-bayern\/wp-json\/wp\/v2\/media?parent=1930"}],"wp:term":[{"taxonomy":"category","embeddable":true,"href":"https:\/\/www.vkd.com\/lv-bayern\/wp-json\/wp\/v2\/categories?post=1930"},{"taxonomy":"post_tag","embeddable":true,"href":"https:\/\/www.vkd.com\/lv-bayern\/wp-json\/wp\/v2\/tags?post=1930"}],"curies":[{"name":"wp","href":"https:\/\/api.w.org\/{rel}","templated":true}]}}