{"id":1927,"date":"2025-10-29T08:04:46","date_gmt":"2025-10-29T07:04:46","guid":{"rendered":"https:\/\/www.vkd.com\/lv-bayern\/?p=1927"},"modified":"2025-10-29T08:04:46","modified_gmt":"2025-10-29T07:04:46","slug":"scheckuebergabe-an-die-stiftung-attl-von-der-alljaehrlichen-spargelschaelaktion","status":"publish","type":"post","link":"https:\/\/www.vkd.com\/lv-bayern\/news\/scheckuebergabe-an-die-stiftung-attl-von-der-alljaehrlichen-spargelschaelaktion\/","title":{"rendered":"Scheck\u00fcbergabe an die Stiftung Attl von der allj\u00e4hrlichen Spargelsch\u00e4laktion."},"content":{"rendered":"<p>Wasserburg\/Attel, 22.10.2025<\/p>\n<p>K\u00f6cheaktion unterst\u00fctzt Stiftung Attl &#8211;\u00a0<strong>1200 Euro f\u00fcr eine bessere Verst\u00e4ndigung<\/strong><\/p>\n<p><strong>Wasserburg<\/strong> &#8211; Am Samstag vor dem Muttertag standen die Mitglieder des Vereins K\u00f6che Stadt und Land Rosenheim wieder bereit, um im Edeka Center Singer f\u00fcr den guten Zweck Spargel zu sch\u00e4len. Der Erl\u00f6s dieser Aktion, erg\u00e4nzt durch eine Spende der Firma Adelholzener Alpenquellen, brachte in diesem Jahr 1200 Euro f\u00fcr die Stiftung Attl ein.<\/p>\n<p>Unter anderem sollen Kommunikationstafeln mit diesem Beitrag an \u00f6ffentlichen Pl\u00e4tzen der Stiftung Attl aufgestellt werden. Die klaren Piktogramme auf diesen Tafeln erm\u00f6glichen Menschen, die nicht sprechen k\u00f6nnen, sich mitzuteilen \u2013 etwa am Wasserspielplatz.<\/p>\n<p><strong>Arbeitseinsatz f\u00fcr den guten Zweck<\/strong><\/p>\n<p>Seit mehreren Jahrzehnten schon engagieren sich die K\u00f6che beim Singer in Wasserburg. In diesem Jahr sch\u00e4lten sie rund 200 Kilogramm Spargel f\u00fcr die Kunden. Dazu gab es wieder traditionell die frische Spargelsuppe aus der Attler K\u00fcche zum Probieren.<\/p>\n<p>\u201eDas ist eine liebgewordene Aktion\u201c, sagt Karl-Heinz K\u00f6hler vom K\u00f6cheverein. Und auch Franz Schuster, Leiter des Wasserburger Singers, steht hinter der Idee: \u201eUnsere Kunden fragen schon vorher, ob die Aktion wieder stattfindet.\u201c<\/p>\n<p>Einen wichtigen Beitrag leistete wieder die Firma Adelholzener Alpenquellen mit dem Erl\u00f6s aus Getr\u00e4nketaschen. \u201eDas Unternehmen ist einem sozialen Zweck verpflichtet. Es ist sch\u00f6n zu sehen, welche Projekte wir damit ansto\u00dfen k\u00f6nnen\u201c, so Peter Wroblowski vom Unternehmen.<\/p>\n<p><strong>Eine Stimme geben<\/strong><\/p>\n<p>Die Spende nahmen Vorst\u00e4ndin Manuela Keml und Nina Scherer, Leiterin des Fachdienstes Wohnen in der Stiftung Attl, entgegen. \u201eF\u00fcr viele unserer Bewohnerinnen und Bewohner sind Kommunikationstafeln wie eine Stimme\u201c, erkl\u00e4rt Nina Scherer. \u201eSie helfen, W\u00fcnsche auszudr\u00fccken, Bed\u00fcrfnisse mitzuteilen oder einfach um Gef\u00fchle zu zeigen.\u201c Die Tafeln tragen damit zu einer besseren Verst\u00e4ndigung bei.<\/p>\n<p>\u00a9 Stiftung Attl<\/p>\n<p>Text: 2050 Zeichen<\/p>\n<p>Foto: von links: Peter Wroblowski, Manuela Keml, Nina Scherer, Franz Schuster, Ida Marx, Bernd Seidel und Karl-Heinz Kohler bei der Spenden\u00fcbergabe.<\/p>\n","protected":false},"excerpt":{"rendered":"<p>Wasserburg\/Attel, 22.10.2025 K\u00f6cheaktion unterst\u00fctzt Stiftung Attl &#8211;\u00a01200 Euro f\u00fcr eine bessere Verst\u00e4ndigung Wasserburg &#8211; Am Samstag vor dem Muttertag standen die Mitglieder des Vereins K\u00f6che Stadt und Land Rosenheim wieder bereit, um im Edeka Center Singer f\u00fcr den guten Zweck Spargel zu sch\u00e4len. Der Erl\u00f6s dieser Aktion, erg\u00e4nzt durch eine Spende der Firma Adelholzener Alpenquellen,&#8230;<\/p>\n","protected":false},"author":1955,"featured_media":1928,"comment_status":"closed","ping_status":"open","sticky":false,"template":"","format":"standard","meta":[],"categories":[1],"tags":[],"yoast_head":"<!-- This site is optimized with the Yoast SEO plugin v20.0 - https:\/\/yoast.com\/wordpress\/plugins\/seo\/ -->\n<title>Scheck\u00fcbergabe an die Stiftung Attl von der allj\u00e4hrlichen Spargelsch\u00e4laktion. - Landesverband der K\u00f6che Bayern<\/title>\n<meta name=\"robots\" content=\"noindex, follow, max-snippet:-1, max-image-preview:large, max-video-preview:-1\" \/>\n<meta property=\"og:locale\" content=\"de_DE\" \/>\n<meta property=\"og:type\" content=\"article\" \/>\n<meta property=\"og:title\" content=\"Scheck\u00fcbergabe an die Stiftung Attl von der allj\u00e4hrlichen Spargelsch\u00e4laktion. - Landesverband der K\u00f6che Bayern\" \/>\n<meta property=\"og:description\" content=\"Wasserburg\/Attel, 22.10.2025 K\u00f6cheaktion unterst\u00fctzt Stiftung Attl &#8211;\u00a01200 Euro f\u00fcr eine bessere Verst\u00e4ndigung Wasserburg &#8211; Am Samstag vor dem Muttertag standen die Mitglieder des Vereins K\u00f6che Stadt und Land Rosenheim wieder bereit, um im Edeka Center Singer f\u00fcr den guten Zweck Spargel zu sch\u00e4len. Der Erl\u00f6s dieser Aktion, erg\u00e4nzt durch eine Spende der Firma Adelholzener Alpenquellen,...\" \/>\n<meta property=\"og:url\" content=\"https:\/\/www.vkd.com\/lv-bayern\/news\/scheckuebergabe-an-die-stiftung-attl-von-der-alljaehrlichen-spargelschaelaktion\/\" \/>\n<meta property=\"og:site_name\" content=\"Landesverband der K\u00f6che Bayern\" \/>\n<meta property=\"article:published_time\" content=\"2025-10-29T07:04:46+00:00\" \/>\n<meta property=\"og:image\" content=\"https:\/\/www.vkd.com\/lv-bayern\/wp-content\/uploads\/sites\/14\/2025\/10\/2025-10-17-Spargelkoeche_Spende.jpg\" \/>\n\t<meta property=\"og:image:width\" content=\"1829\" \/>\n\t<meta property=\"og:image:height\" content=\"1219\" \/>\n\t<meta property=\"og:image:type\" content=\"image\/jpeg\" \/>\n<meta name=\"author\" content=\"Kostadinov Alexander\" \/>\n<meta name=\"twitter:card\" content=\"summary_large_image\" \/>\n<meta name=\"twitter:label1\" content=\"Verfasst von\" \/>\n\t<meta name=\"twitter:data1\" content=\"Kostadinov Alexander\" \/>\n\t<meta name=\"twitter:label2\" content=\"Gesch\u00e4tzte Lesezeit\" \/>\n\t<meta name=\"twitter:data2\" content=\"2\u00a0Minuten\" \/>\n<script type=\"application\/ld+json\" class=\"yoast-schema-graph\">{\"@context\":\"https:\/\/schema.org\",\"@graph\":[{\"@type\":\"WebPage\",\"@id\":\"https:\/\/www.vkd.com\/lv-bayern\/news\/scheckuebergabe-an-die-stiftung-attl-von-der-alljaehrlichen-spargelschaelaktion\/\",\"url\":\"https:\/\/www.vkd.com\/lv-bayern\/news\/scheckuebergabe-an-die-stiftung-attl-von-der-alljaehrlichen-spargelschaelaktion\/\",\"name\":\"Scheck\u00fcbergabe an die Stiftung Attl von der allj\u00e4hrlichen Spargelsch\u00e4laktion. - Landesverband der K\u00f6che Bayern\",\"isPartOf\":{\"@id\":\"https:\/\/www.vkd.com\/lv-bayern\/#website\"},\"datePublished\":\"2025-10-29T07:04:46+00:00\",\"dateModified\":\"2025-10-29T07:04:46+00:00\",\"author\":{\"@id\":\"https:\/\/www.vkd.com\/lv-bayern\/#\/schema\/person\/19c4bb106ca4de98c60e2cb5ac7f572f\"},\"breadcrumb\":{\"@id\":\"https:\/\/www.vkd.com\/lv-bayern\/news\/scheckuebergabe-an-die-stiftung-attl-von-der-alljaehrlichen-spargelschaelaktion\/#breadcrumb\"},\"inLanguage\":\"de\",\"potentialAction\":[{\"@type\":\"ReadAction\",\"target\":[\"https:\/\/www.vkd.com\/lv-bayern\/news\/scheckuebergabe-an-die-stiftung-attl-von-der-alljaehrlichen-spargelschaelaktion\/\"]}]},{\"@type\":\"BreadcrumbList\",\"@id\":\"https:\/\/www.vkd.com\/lv-bayern\/news\/scheckuebergabe-an-die-stiftung-attl-von-der-alljaehrlichen-spargelschaelaktion\/#breadcrumb\",\"itemListElement\":[{\"@type\":\"ListItem\",\"position\":1,\"name\":\"Startseite\",\"item\":\"https:\/\/www.vkd.com\/lv-bayern\/\"},{\"@type\":\"ListItem\",\"position\":2,\"name\":\"Scheck\u00fcbergabe an die Stiftung Attl von der allj\u00e4hrlichen Spargelsch\u00e4laktion.\"}]},{\"@type\":\"WebSite\",\"@id\":\"https:\/\/www.vkd.com\/lv-bayern\/#website\",\"url\":\"https:\/\/www.vkd.com\/lv-bayern\/\",\"name\":\"Landesverband der K\u00f6che Bayern\",\"description\":\"Landesverband im Verband der K\u00f6che Deutschlands e.V.\",\"potentialAction\":[{\"@type\":\"SearchAction\",\"target\":{\"@type\":\"EntryPoint\",\"urlTemplate\":\"https:\/\/www.vkd.com\/lv-bayern\/?s={search_term_string}\"},\"query-input\":\"required name=search_term_string\"}],\"inLanguage\":\"de\"},{\"@type\":\"Person\",\"@id\":\"https:\/\/www.vkd.com\/lv-bayern\/#\/schema\/person\/19c4bb106ca4de98c60e2cb5ac7f572f\",\"name\":\"Kostadinov Alexander\",\"image\":{\"@type\":\"ImageObject\",\"inLanguage\":\"de\",\"@id\":\"https:\/\/www.vkd.com\/lv-bayern\/#\/schema\/person\/image\/\",\"url\":\"https:\/\/secure.gravatar.com\/avatar\/b0cb85e5c215fe1114e6d2404492358d?s=96&d=mm&r=g\",\"contentUrl\":\"https:\/\/secure.gravatar.com\/avatar\/b0cb85e5c215fe1114e6d2404492358d?s=96&d=mm&r=g\",\"caption\":\"Kostadinov Alexander\"},\"url\":\"https:\/\/www.vkd.com\/lv-bayern\/news\/author\/gentscher-jungentscher-de\/\"}]}<\/script>\n<!-- \/ Yoast SEO plugin. -->","yoast_head_json":{"title":"Scheck\u00fcbergabe an die Stiftung Attl von der allj\u00e4hrlichen Spargelsch\u00e4laktion. - Landesverband der K\u00f6che Bayern","robots":{"index":"noindex","follow":"follow","max-snippet":"max-snippet:-1","max-image-preview":"max-image-preview:large","max-video-preview":"max-video-preview:-1"},"og_locale":"de_DE","og_type":"article","og_title":"Scheck\u00fcbergabe an die Stiftung Attl von der allj\u00e4hrlichen Spargelsch\u00e4laktion. - Landesverband der K\u00f6che Bayern","og_description":"Wasserburg\/Attel, 22.10.2025 K\u00f6cheaktion unterst\u00fctzt Stiftung Attl &#8211;\u00a01200 Euro f\u00fcr eine bessere Verst\u00e4ndigung Wasserburg &#8211; Am Samstag vor dem Muttertag standen die Mitglieder des Vereins K\u00f6che Stadt und Land Rosenheim wieder bereit, um im Edeka Center Singer f\u00fcr den guten Zweck Spargel zu sch\u00e4len. Der Erl\u00f6s dieser Aktion, erg\u00e4nzt durch eine Spende der Firma Adelholzener Alpenquellen,...","og_url":"https:\/\/www.vkd.com\/lv-bayern\/news\/scheckuebergabe-an-die-stiftung-attl-von-der-alljaehrlichen-spargelschaelaktion\/","og_site_name":"Landesverband der K\u00f6che Bayern","article_published_time":"2025-10-29T07:04:46+00:00","og_image":[{"width":1829,"height":1219,"url":"https:\/\/www.vkd.com\/lv-bayern\/wp-content\/uploads\/sites\/14\/2025\/10\/2025-10-17-Spargelkoeche_Spende.jpg","type":"image\/jpeg"}],"author":"Kostadinov Alexander","twitter_card":"summary_large_image","twitter_misc":{"Verfasst von":"Kostadinov Alexander","Gesch\u00e4tzte Lesezeit":"2\u00a0Minuten"},"schema":{"@context":"https:\/\/schema.org","@graph":[{"@type":"WebPage","@id":"https:\/\/www.vkd.com\/lv-bayern\/news\/scheckuebergabe-an-die-stiftung-attl-von-der-alljaehrlichen-spargelschaelaktion\/","url":"https:\/\/www.vkd.com\/lv-bayern\/news\/scheckuebergabe-an-die-stiftung-attl-von-der-alljaehrlichen-spargelschaelaktion\/","name":"Scheck\u00fcbergabe an die Stiftung Attl von der allj\u00e4hrlichen Spargelsch\u00e4laktion. - Landesverband der K\u00f6che Bayern","isPartOf":{"@id":"https:\/\/www.vkd.com\/lv-bayern\/#website"},"datePublished":"2025-10-29T07:04:46+00:00","dateModified":"2025-10-29T07:04:46+00:00","author":{"@id":"https:\/\/www.vkd.com\/lv-bayern\/#\/schema\/person\/19c4bb106ca4de98c60e2cb5ac7f572f"},"breadcrumb":{"@id":"https:\/\/www.vkd.com\/lv-bayern\/news\/scheckuebergabe-an-die-stiftung-attl-von-der-alljaehrlichen-spargelschaelaktion\/#breadcrumb"},"inLanguage":"de","potentialAction":[{"@type":"ReadAction","target":["https:\/\/www.vkd.com\/lv-bayern\/news\/scheckuebergabe-an-die-stiftung-attl-von-der-alljaehrlichen-spargelschaelaktion\/"]}]},{"@type":"BreadcrumbList","@id":"https:\/\/www.vkd.com\/lv-bayern\/news\/scheckuebergabe-an-die-stiftung-attl-von-der-alljaehrlichen-spargelschaelaktion\/#breadcrumb","itemListElement":[{"@type":"ListItem","position":1,"name":"Startseite","item":"https:\/\/www.vkd.com\/lv-bayern\/"},{"@type":"ListItem","position":2,"name":"Scheck\u00fcbergabe an die Stiftung Attl von der allj\u00e4hrlichen Spargelsch\u00e4laktion."}]},{"@type":"WebSite","@id":"https:\/\/www.vkd.com\/lv-bayern\/#website","url":"https:\/\/www.vkd.com\/lv-bayern\/","name":"Landesverband der K\u00f6che Bayern","description":"Landesverband im Verband der K\u00f6che Deutschlands e.V.","potentialAction":[{"@type":"SearchAction","target":{"@type":"EntryPoint","urlTemplate":"https:\/\/www.vkd.com\/lv-bayern\/?s={search_term_string}"},"query-input":"required name=search_term_string"}],"inLanguage":"de"},{"@type":"Person","@id":"https:\/\/www.vkd.com\/lv-bayern\/#\/schema\/person\/19c4bb106ca4de98c60e2cb5ac7f572f","name":"Kostadinov Alexander","image":{"@type":"ImageObject","inLanguage":"de","@id":"https:\/\/www.vkd.com\/lv-bayern\/#\/schema\/person\/image\/","url":"https:\/\/secure.gravatar.com\/avatar\/b0cb85e5c215fe1114e6d2404492358d?s=96&d=mm&r=g","contentUrl":"https:\/\/secure.gravatar.com\/avatar\/b0cb85e5c215fe1114e6d2404492358d?s=96&d=mm&r=g","caption":"Kostadinov Alexander"},"url":"https:\/\/www.vkd.com\/lv-bayern\/news\/author\/gentscher-jungentscher-de\/"}]}},"_links":{"self":[{"href":"https:\/\/www.vkd.com\/lv-bayern\/wp-json\/wp\/v2\/posts\/1927"}],"collection":[{"href":"https:\/\/www.vkd.com\/lv-bayern\/wp-json\/wp\/v2\/posts"}],"about":[{"href":"https:\/\/www.vkd.com\/lv-bayern\/wp-json\/wp\/v2\/types\/post"}],"author":[{"embeddable":true,"href":"https:\/\/www.vkd.com\/lv-bayern\/wp-json\/wp\/v2\/users\/1955"}],"replies":[{"embeddable":true,"href":"https:\/\/www.vkd.com\/lv-bayern\/wp-json\/wp\/v2\/comments?post=1927"}],"version-history":[{"count":1,"href":"https:\/\/www.vkd.com\/lv-bayern\/wp-json\/wp\/v2\/posts\/1927\/revisions"}],"predecessor-version":[{"id":1929,"href":"https:\/\/www.vkd.com\/lv-bayern\/wp-json\/wp\/v2\/posts\/1927\/revisions\/1929"}],"wp:featuredmedia":[{"embeddable":true,"href":"https:\/\/www.vkd.com\/lv-bayern\/wp-json\/wp\/v2\/media\/1928"}],"wp:attachment":[{"href":"https:\/\/www.vkd.com\/lv-bayern\/wp-json\/wp\/v2\/media?parent=1927"}],"wp:term":[{"taxonomy":"category","embeddable":true,"href":"https:\/\/www.vkd.com\/lv-bayern\/wp-json\/wp\/v2\/categories?post=1927"},{"taxonomy":"post_tag","embeddable":true,"href":"https:\/\/www.vkd.com\/lv-bayern\/wp-json\/wp\/v2\/tags?post=1927"}],"curies":[{"name":"wp","href":"https:\/\/api.w.org\/{rel}","templated":true}]}}