{"id":1924,"date":"2025-10-29T08:00:47","date_gmt":"2025-10-29T07:00:47","guid":{"rendered":"https:\/\/www.vkd.com\/lv-bayern\/?p=1924"},"modified":"2025-10-29T08:00:47","modified_gmt":"2025-10-29T07:00:47","slug":"50-jahre-rosenheimer-koeche","status":"publish","type":"post","link":"https:\/\/www.vkd.com\/lv-bayern\/news\/50-jahre-rosenheimer-koeche\/","title":{"rendered":"50 Jahre Rosenheimer K\u00f6che"},"content":{"rendered":"<p data-start=\"0\" data-end=\"114\"><strong data-start=\"0\" data-end=\"20\">Pressemitteilung<\/strong><br data-start=\"20\" data-end=\"23\" \/><strong data-start=\"23\" data-end=\"112\">50 Jahre Rosenheimer K\u00f6che \u2013 Ein halbes Jahrhundert Genuss, Handwerk und Leidenschaft<\/strong><\/p>\n<p data-start=\"116\" data-end=\"403\">Rosenheim, September 2025 \u2013 Die <strong data-start=\"146\" data-end=\"167\">Rosenheimer K\u00f6che<\/strong> feiern in diesem Jahr ihr <strong data-start=\"194\" data-end=\"218\">50-j\u00e4hriges Bestehen<\/strong>. Seit einem halben Jahrhundert steht der Verein f\u00fcr kulinarische Qualit\u00e4t, regionale Verbundenheit und die F\u00f6rderung des gastronomischen Nachwuchses in Stadt und Landkreis Rosenheim.<\/p>\n<p data-start=\"405\" data-end=\"841\">Gegr\u00fcndet im Jahr 1975, haben sich die Rosenheimer K\u00f6che zu einer festen Gr\u00f6\u00dfe in der bayerischen K\u00f6chewelt entwickelt. Mit Leidenschaft und Engagement setzen sich die Mitglieder f\u00fcr die Bewahrung traditioneller Kochkunst ebenso ein wie f\u00fcr moderne, nachhaltige K\u00fcchenkonzepte. Neben regelm\u00e4\u00dfigen Fachveranstaltungen, Kochwettbewerben und Netzwerkabenden engagiert sich der Verein stark in der Ausbildung junger K\u00f6chinnen und K\u00f6che.<\/p>\n<p data-start=\"843\" data-end=\"1092\">Das Jubil\u00e4um wird mit einem festlichen Galaabend gefeiert, bei dem Mitglieder, Wegbegleiter und Partner aus Gastronomie, Hotellerie und Handwerk gemeinsam auf f\u00fcnf Jahrzehnte Kochkunst zur\u00fcckblicken \u2013 und mit frischen Ideen in die Zukunft schauen.<\/p>\n<p data-start=\"1094\" data-end=\"1278\">\u201e50 Jahre Rosenheimer K\u00f6che \u2013 das ist nicht nur ein Anlass zum Feiern, sondern auch ein Zeichen f\u00fcr Zusammenhalt, Leidenschaft und die Liebe zum guten Essen\u201c, so der Vereinsvorstand.<\/p>\n<p data-start=\"1280\" data-end=\"1434\">Weitere Informationen und Termine finden Sie unter:<br \/>\n<a href=\"https:\/\/www.samerbergernachrichten.de\/50-jahre-koecheverein-jubilaeum-in-happing\/\">50 Jahre K\u00f6cheverein \u2013 Jubil\u00e4um in Happing \u2013 Samerberger Nachrichten<\/a><\/p>\n","protected":false},"excerpt":{"rendered":"<p>Pressemitteilung50 Jahre Rosenheimer K\u00f6che \u2013 Ein halbes Jahrhundert Genuss, Handwerk und Leidenschaft Rosenheim, September 2025 \u2013 Die Rosenheimer K\u00f6che feiern in diesem Jahr ihr 50-j\u00e4hriges Bestehen. Seit einem halben Jahrhundert steht der Verein f\u00fcr kulinarische Qualit\u00e4t, regionale Verbundenheit und die F\u00f6rderung des gastronomischen Nachwuchses in Stadt und Landkreis Rosenheim. Gegr\u00fcndet im Jahr 1975, haben sich&#8230;<\/p>\n","protected":false},"author":1955,"featured_media":1415,"comment_status":"closed","ping_status":"open","sticky":false,"template":"","format":"standard","meta":[],"categories":[1],"tags":[6,5,19,9,11],"yoast_head":"<!-- This site is optimized with the Yoast SEO plugin v20.0 - https:\/\/yoast.com\/wordpress\/plugins\/seo\/ -->\n<title>50 Jahre Rosenheimer K\u00f6che - Landesverband der K\u00f6che Bayern<\/title>\n<meta name=\"robots\" content=\"noindex, follow, max-snippet:-1, max-image-preview:large, max-video-preview:-1\" \/>\n<meta property=\"og:locale\" content=\"de_DE\" \/>\n<meta property=\"og:type\" content=\"article\" \/>\n<meta property=\"og:title\" content=\"50 Jahre Rosenheimer K\u00f6che - Landesverband der K\u00f6che Bayern\" \/>\n<meta property=\"og:description\" content=\"Pressemitteilung50 Jahre Rosenheimer K\u00f6che \u2013 Ein halbes Jahrhundert Genuss, Handwerk und Leidenschaft Rosenheim, September 2025 \u2013 Die Rosenheimer K\u00f6che feiern in diesem Jahr ihr 50-j\u00e4hriges Bestehen. Seit einem halben Jahrhundert steht der Verein f\u00fcr kulinarische Qualit\u00e4t, regionale Verbundenheit und die F\u00f6rderung des gastronomischen Nachwuchses in Stadt und Landkreis Rosenheim. Gegr\u00fcndet im Jahr 1975, haben sich...\" \/>\n<meta property=\"og:url\" content=\"https:\/\/www.vkd.com\/lv-bayern\/news\/50-jahre-rosenheimer-koeche\/\" \/>\n<meta property=\"og:site_name\" content=\"Landesverband der K\u00f6che Bayern\" \/>\n<meta property=\"article:published_time\" content=\"2025-10-29T07:00:47+00:00\" \/>\n<meta property=\"og:image\" content=\"https:\/\/www.vkd.com\/lv-bayern\/wp-content\/uploads\/sites\/14\/2025\/05\/Logo.jpg\" \/>\n\t<meta property=\"og:image:width\" content=\"233\" \/>\n\t<meta property=\"og:image:height\" content=\"255\" \/>\n\t<meta property=\"og:image:type\" content=\"image\/jpeg\" \/>\n<meta name=\"author\" content=\"Kostadinov Alexander\" \/>\n<meta name=\"twitter:card\" content=\"summary_large_image\" \/>\n<meta name=\"twitter:label1\" content=\"Verfasst von\" \/>\n\t<meta name=\"twitter:data1\" content=\"Kostadinov Alexander\" \/>\n\t<meta name=\"twitter:label2\" content=\"Gesch\u00e4tzte Lesezeit\" \/>\n\t<meta name=\"twitter:data2\" content=\"2\u00a0Minuten\" \/>\n<script type=\"application\/ld+json\" class=\"yoast-schema-graph\">{\"@context\":\"https:\/\/schema.org\",\"@graph\":[{\"@type\":\"WebPage\",\"@id\":\"https:\/\/www.vkd.com\/lv-bayern\/news\/50-jahre-rosenheimer-koeche\/\",\"url\":\"https:\/\/www.vkd.com\/lv-bayern\/news\/50-jahre-rosenheimer-koeche\/\",\"name\":\"50 Jahre Rosenheimer K\u00f6che - Landesverband der K\u00f6che Bayern\",\"isPartOf\":{\"@id\":\"https:\/\/www.vkd.com\/lv-bayern\/#website\"},\"datePublished\":\"2025-10-29T07:00:47+00:00\",\"dateModified\":\"2025-10-29T07:00:47+00:00\",\"author\":{\"@id\":\"https:\/\/www.vkd.com\/lv-bayern\/#\/schema\/person\/19c4bb106ca4de98c60e2cb5ac7f572f\"},\"breadcrumb\":{\"@id\":\"https:\/\/www.vkd.com\/lv-bayern\/news\/50-jahre-rosenheimer-koeche\/#breadcrumb\"},\"inLanguage\":\"de\",\"potentialAction\":[{\"@type\":\"ReadAction\",\"target\":[\"https:\/\/www.vkd.com\/lv-bayern\/news\/50-jahre-rosenheimer-koeche\/\"]}]},{\"@type\":\"BreadcrumbList\",\"@id\":\"https:\/\/www.vkd.com\/lv-bayern\/news\/50-jahre-rosenheimer-koeche\/#breadcrumb\",\"itemListElement\":[{\"@type\":\"ListItem\",\"position\":1,\"name\":\"Startseite\",\"item\":\"https:\/\/www.vkd.com\/lv-bayern\/\"},{\"@type\":\"ListItem\",\"position\":2,\"name\":\"50 Jahre Rosenheimer K\u00f6che\"}]},{\"@type\":\"WebSite\",\"@id\":\"https:\/\/www.vkd.com\/lv-bayern\/#website\",\"url\":\"https:\/\/www.vkd.com\/lv-bayern\/\",\"name\":\"Landesverband der K\u00f6che Bayern\",\"description\":\"Landesverband im Verband der K\u00f6che Deutschlands e.V.\",\"potentialAction\":[{\"@type\":\"SearchAction\",\"target\":{\"@type\":\"EntryPoint\",\"urlTemplate\":\"https:\/\/www.vkd.com\/lv-bayern\/?s={search_term_string}\"},\"query-input\":\"required name=search_term_string\"}],\"inLanguage\":\"de\"},{\"@type\":\"Person\",\"@id\":\"https:\/\/www.vkd.com\/lv-bayern\/#\/schema\/person\/19c4bb106ca4de98c60e2cb5ac7f572f\",\"name\":\"Kostadinov Alexander\",\"image\":{\"@type\":\"ImageObject\",\"inLanguage\":\"de\",\"@id\":\"https:\/\/www.vkd.com\/lv-bayern\/#\/schema\/person\/image\/\",\"url\":\"https:\/\/secure.gravatar.com\/avatar\/b0cb85e5c215fe1114e6d2404492358d?s=96&d=mm&r=g\",\"contentUrl\":\"https:\/\/secure.gravatar.com\/avatar\/b0cb85e5c215fe1114e6d2404492358d?s=96&d=mm&r=g\",\"caption\":\"Kostadinov Alexander\"},\"url\":\"https:\/\/www.vkd.com\/lv-bayern\/news\/author\/gentscher-jungentscher-de\/\"}]}<\/script>\n<!-- \/ Yoast SEO plugin. -->","yoast_head_json":{"title":"50 Jahre Rosenheimer K\u00f6che - Landesverband der K\u00f6che Bayern","robots":{"index":"noindex","follow":"follow","max-snippet":"max-snippet:-1","max-image-preview":"max-image-preview:large","max-video-preview":"max-video-preview:-1"},"og_locale":"de_DE","og_type":"article","og_title":"50 Jahre Rosenheimer K\u00f6che - Landesverband der K\u00f6che Bayern","og_description":"Pressemitteilung50 Jahre Rosenheimer K\u00f6che \u2013 Ein halbes Jahrhundert Genuss, Handwerk und Leidenschaft Rosenheim, September 2025 \u2013 Die Rosenheimer K\u00f6che feiern in diesem Jahr ihr 50-j\u00e4hriges Bestehen. Seit einem halben Jahrhundert steht der Verein f\u00fcr kulinarische Qualit\u00e4t, regionale Verbundenheit und die F\u00f6rderung des gastronomischen Nachwuchses in Stadt und Landkreis Rosenheim. Gegr\u00fcndet im Jahr 1975, haben sich...","og_url":"https:\/\/www.vkd.com\/lv-bayern\/news\/50-jahre-rosenheimer-koeche\/","og_site_name":"Landesverband der K\u00f6che Bayern","article_published_time":"2025-10-29T07:00:47+00:00","og_image":[{"width":233,"height":255,"url":"https:\/\/www.vkd.com\/lv-bayern\/wp-content\/uploads\/sites\/14\/2025\/05\/Logo.jpg","type":"image\/jpeg"}],"author":"Kostadinov Alexander","twitter_card":"summary_large_image","twitter_misc":{"Verfasst von":"Kostadinov Alexander","Gesch\u00e4tzte Lesezeit":"2\u00a0Minuten"},"schema":{"@context":"https:\/\/schema.org","@graph":[{"@type":"WebPage","@id":"https:\/\/www.vkd.com\/lv-bayern\/news\/50-jahre-rosenheimer-koeche\/","url":"https:\/\/www.vkd.com\/lv-bayern\/news\/50-jahre-rosenheimer-koeche\/","name":"50 Jahre Rosenheimer K\u00f6che - Landesverband der K\u00f6che Bayern","isPartOf":{"@id":"https:\/\/www.vkd.com\/lv-bayern\/#website"},"datePublished":"2025-10-29T07:00:47+00:00","dateModified":"2025-10-29T07:00:47+00:00","author":{"@id":"https:\/\/www.vkd.com\/lv-bayern\/#\/schema\/person\/19c4bb106ca4de98c60e2cb5ac7f572f"},"breadcrumb":{"@id":"https:\/\/www.vkd.com\/lv-bayern\/news\/50-jahre-rosenheimer-koeche\/#breadcrumb"},"inLanguage":"de","potentialAction":[{"@type":"ReadAction","target":["https:\/\/www.vkd.com\/lv-bayern\/news\/50-jahre-rosenheimer-koeche\/"]}]},{"@type":"BreadcrumbList","@id":"https:\/\/www.vkd.com\/lv-bayern\/news\/50-jahre-rosenheimer-koeche\/#breadcrumb","itemListElement":[{"@type":"ListItem","position":1,"name":"Startseite","item":"https:\/\/www.vkd.com\/lv-bayern\/"},{"@type":"ListItem","position":2,"name":"50 Jahre Rosenheimer K\u00f6che"}]},{"@type":"WebSite","@id":"https:\/\/www.vkd.com\/lv-bayern\/#website","url":"https:\/\/www.vkd.com\/lv-bayern\/","name":"Landesverband der K\u00f6che Bayern","description":"Landesverband im Verband der K\u00f6che Deutschlands e.V.","potentialAction":[{"@type":"SearchAction","target":{"@type":"EntryPoint","urlTemplate":"https:\/\/www.vkd.com\/lv-bayern\/?s={search_term_string}"},"query-input":"required name=search_term_string"}],"inLanguage":"de"},{"@type":"Person","@id":"https:\/\/www.vkd.com\/lv-bayern\/#\/schema\/person\/19c4bb106ca4de98c60e2cb5ac7f572f","name":"Kostadinov Alexander","image":{"@type":"ImageObject","inLanguage":"de","@id":"https:\/\/www.vkd.com\/lv-bayern\/#\/schema\/person\/image\/","url":"https:\/\/secure.gravatar.com\/avatar\/b0cb85e5c215fe1114e6d2404492358d?s=96&d=mm&r=g","contentUrl":"https:\/\/secure.gravatar.com\/avatar\/b0cb85e5c215fe1114e6d2404492358d?s=96&d=mm&r=g","caption":"Kostadinov Alexander"},"url":"https:\/\/www.vkd.com\/lv-bayern\/news\/author\/gentscher-jungentscher-de\/"}]}},"_links":{"self":[{"href":"https:\/\/www.vkd.com\/lv-bayern\/wp-json\/wp\/v2\/posts\/1924"}],"collection":[{"href":"https:\/\/www.vkd.com\/lv-bayern\/wp-json\/wp\/v2\/posts"}],"about":[{"href":"https:\/\/www.vkd.com\/lv-bayern\/wp-json\/wp\/v2\/types\/post"}],"author":[{"embeddable":true,"href":"https:\/\/www.vkd.com\/lv-bayern\/wp-json\/wp\/v2\/users\/1955"}],"replies":[{"embeddable":true,"href":"https:\/\/www.vkd.com\/lv-bayern\/wp-json\/wp\/v2\/comments?post=1924"}],"version-history":[{"count":2,"href":"https:\/\/www.vkd.com\/lv-bayern\/wp-json\/wp\/v2\/posts\/1924\/revisions"}],"predecessor-version":[{"id":1926,"href":"https:\/\/www.vkd.com\/lv-bayern\/wp-json\/wp\/v2\/posts\/1924\/revisions\/1926"}],"wp:featuredmedia":[{"embeddable":true,"href":"https:\/\/www.vkd.com\/lv-bayern\/wp-json\/wp\/v2\/media\/1415"}],"wp:attachment":[{"href":"https:\/\/www.vkd.com\/lv-bayern\/wp-json\/wp\/v2\/media?parent=1924"}],"wp:term":[{"taxonomy":"category","embeddable":true,"href":"https:\/\/www.vkd.com\/lv-bayern\/wp-json\/wp\/v2\/categories?post=1924"},{"taxonomy":"post_tag","embeddable":true,"href":"https:\/\/www.vkd.com\/lv-bayern\/wp-json\/wp\/v2\/tags?post=1924"}],"curies":[{"name":"wp","href":"https:\/\/api.w.org\/{rel}","templated":true}]}}