{"id":1897,"date":"2025-10-13T13:48:18","date_gmt":"2025-10-13T11:48:18","guid":{"rendered":"https:\/\/www.vkd.com\/lv-bayern\/?p=1897"},"modified":"2025-10-13T16:24:43","modified_gmt":"2025-10-13T14:24:43","slug":"neues-aus-togo","status":"publish","type":"post","link":"https:\/\/www.vkd.com\/lv-bayern\/news\/neues-aus-togo\/","title":{"rendered":"Neues aus TOGO"},"content":{"rendered":"<p data-start=\"0\" data-end=\"52\"><strong data-start=\"0\" data-end=\"52\">Update: Bayerisches Festessen in Togo \ud83c\udde9\ud83c\uddea\ud83e\udd1d\ud83c\uddf9\ud83c\uddec<\/strong><\/p>\n<p data-start=\"54\" data-end=\"203\">Unser Vorsitzender Ralf B. Meneghini ist aktuell in Togo unterwegs \u2013 mit dabei: viel bayerischer Kochgeist und jede Menge interkultureller Austausch!<\/p>\n<p data-start=\"205\" data-end=\"401\">Gemeinsam mit togoischen K\u00f6chinnen und K\u00f6chen entstehen kreative Men\u00fcs, die bayerische Klassiker mit lokalen Zutaten verbinden \u2013 etwa Schweinsbraten mit regionalen Gew\u00fcrzen oder Kn\u00f6del aus Maniok.<\/p>\n<p data-start=\"205\" data-end=\"401\"><strong>Ein Projekt, das zeigt:<\/strong><br \/>\n<strong>Kochen verbindet weltweit.<\/strong><\/p>\n<p data-start=\"205\" data-end=\"401\">\n<p data-start=\"403\" data-end=\"519\"><strong><em data-start=\"406\" data-end=\"489\">Neue Bilder und Eindr\u00fccke aus der K\u00fcche und vom gemeinsamen Festessen jetzt hier:<br \/>\n\n<div id=\"gallery-1900\" class=\"vkdgal-gallery-wrap gallery-grid \">\n    <div class=\"col-md-12\">\n        <div class=\"row\">\n            <div class=\"gal\" data-featherlight-gallery style=\"display: grid; grid-template-columns: repeat(3, 1fr); grid-column-gap: 10px;\">\n                                    <div class=\"item\">\n                        <a href=\"https:\/\/www.vkd.com\/lv-bayern\/wp-content\/uploads\/sites\/14\/2025\/10\/IMG-20251013-WA0009-1024x949.jpg\" title=\"Img 20251013 Wa0009\">\n                            <img class=\"img-full\" src=\"https:\/\/www.vkd.com\/lv-bayern\/wp-content\/uploads\/sites\/14\/2025\/10\/IMG-20251013-WA0009-1024x949.jpg\" title=\"Galerie bei Bild 1 \u00f6ffnen\" alt=\"Img 20251013 Wa0009\"\/>\n                        <\/a>\n                    <\/div>\n                                    <div class=\"item\">\n                        <a href=\"https:\/\/www.vkd.com\/lv-bayern\/wp-content\/uploads\/sites\/14\/2025\/10\/IMG-20251013-WA0012.jpg\" title=\"Img 20251013 Wa0012\">\n                            <img class=\"img-full\" src=\"https:\/\/www.vkd.com\/lv-bayern\/wp-content\/uploads\/sites\/14\/2025\/10\/IMG-20251013-WA0012.jpg\" title=\"Galerie bei Bild 2 \u00f6ffnen\" alt=\"Img 20251013 Wa0012\"\/>\n                        <\/a>\n                    <\/div>\n                                    <div class=\"item\">\n                        <a href=\"https:\/\/www.vkd.com\/lv-bayern\/wp-content\/uploads\/sites\/14\/2025\/10\/WhatsApp-Bild-2025-10-04-um-21.51.12_36ede8e9-1024x768.jpg\" title=\"Whatsapp Bild 2025 10 04 Um 21.51.12 36ede8e9\">\n                            <img class=\"img-full\" src=\"https:\/\/www.vkd.com\/lv-bayern\/wp-content\/uploads\/sites\/14\/2025\/10\/WhatsApp-Bild-2025-10-04-um-21.51.12_36ede8e9-1024x768.jpg\" title=\"Galerie bei Bild 3 \u00f6ffnen\" alt=\"Whatsapp Bild 2025 10 04 Um 21.51.12 36ede8e9\"\/>\n                        <\/a>\n                    <\/div>\n                                    <div class=\"item\">\n                        <a href=\"https:\/\/www.vkd.com\/lv-bayern\/wp-content\/uploads\/sites\/14\/2025\/10\/WhatsApp-Bild-2025-10-03-um-18.17.27_3261146a-1024x768.jpg\" title=\"Whatsapp Bild 2025 10 03 Um 18.17.27 3261146a\">\n                            <img class=\"img-full\" src=\"https:\/\/www.vkd.com\/lv-bayern\/wp-content\/uploads\/sites\/14\/2025\/10\/WhatsApp-Bild-2025-10-03-um-18.17.27_3261146a-1024x768.jpg\" title=\"Galerie bei Bild 4 \u00f6ffnen\" alt=\"Whatsapp Bild 2025 10 03 Um 18.17.27 3261146a\"\/>\n                        <\/a>\n                    <\/div>\n                                    <div class=\"item\">\n                        <a href=\"https:\/\/www.vkd.com\/lv-bayern\/wp-content\/uploads\/sites\/14\/2025\/10\/IMG-20251013-WA0013-1024x551.jpg\" title=\"Img 20251013 Wa0013\">\n                            <img class=\"img-full\" src=\"https:\/\/www.vkd.com\/lv-bayern\/wp-content\/uploads\/sites\/14\/2025\/10\/IMG-20251013-WA0013-1024x551.jpg\" title=\"Galerie bei Bild 5 \u00f6ffnen\" alt=\"Img 20251013 Wa0013\"\/>\n                        <\/a>\n                    <\/div>\n                                    <div class=\"item\">\n                        <a href=\"https:\/\/www.vkd.com\/lv-bayern\/wp-content\/uploads\/sites\/14\/2025\/10\/IMG-20251013-WA0004-1024x631.jpg\" title=\"Img 20251013 Wa0004\">\n                            <img class=\"img-full\" src=\"https:\/\/www.vkd.com\/lv-bayern\/wp-content\/uploads\/sites\/14\/2025\/10\/IMG-20251013-WA0004-1024x631.jpg\" title=\"Galerie bei Bild 6 \u00f6ffnen\" alt=\"Img 20251013 Wa0004\"\/>\n                        <\/a>\n                    <\/div>\n                                    <div class=\"item\">\n                        <a href=\"https:\/\/www.vkd.com\/lv-bayern\/wp-content\/uploads\/sites\/14\/2025\/10\/IMG-20251013-WA0003.jpg\" title=\"Img 20251013 Wa0003\">\n                            <img class=\"img-full\" src=\"https:\/\/www.vkd.com\/lv-bayern\/wp-content\/uploads\/sites\/14\/2025\/10\/IMG-20251013-WA0003.jpg\" title=\"Galerie bei Bild 7 \u00f6ffnen\" alt=\"Img 20251013 Wa0003\"\/>\n                        <\/a>\n                    <\/div>\n                                    <div class=\"item\">\n                        <a href=\"https:\/\/www.vkd.com\/lv-bayern\/wp-content\/uploads\/sites\/14\/2025\/10\/IMG-20251013-WA0002-1024x768.jpg\" title=\"Img 20251013 Wa0002\">\n                            <img class=\"img-full\" src=\"https:\/\/www.vkd.com\/lv-bayern\/wp-content\/uploads\/sites\/14\/2025\/10\/IMG-20251013-WA0002-1024x768.jpg\" title=\"Galerie bei Bild 8 \u00f6ffnen\" alt=\"Img 20251013 Wa0002\"\/>\n                        <\/a>\n                    <\/div>\n                                    <div class=\"item\">\n                        <a href=\"https:\/\/www.vkd.com\/lv-bayern\/wp-content\/uploads\/sites\/14\/2025\/10\/IMG-20251013-WA0008-1024x739.jpg\" title=\"Img 20251013 Wa0008\">\n                            <img class=\"img-full\" src=\"https:\/\/www.vkd.com\/lv-bayern\/wp-content\/uploads\/sites\/14\/2025\/10\/IMG-20251013-WA0008-1024x739.jpg\" title=\"Galerie bei Bild 9 \u00f6ffnen\" alt=\"Img 20251013 Wa0008\"\/>\n                        <\/a>\n                    <\/div>\n                                    <div class=\"item\">\n                        <a href=\"https:\/\/www.vkd.com\/lv-bayern\/wp-content\/uploads\/sites\/14\/2025\/10\/IMG-20251013-WA0011-861x1024.jpg\" title=\"Img 20251013 Wa0011\">\n                            <img class=\"img-full\" src=\"https:\/\/www.vkd.com\/lv-bayern\/wp-content\/uploads\/sites\/14\/2025\/10\/IMG-20251013-WA0011-861x1024.jpg\" title=\"Galerie bei Bild 10 \u00f6ffnen\" alt=\"Img 20251013 Wa0011\"\/>\n                        <\/a>\n                    <\/div>\n                                    <div class=\"item\">\n                        <a href=\"https:\/\/www.vkd.com\/lv-bayern\/wp-content\/uploads\/sites\/14\/2025\/10\/WhatsApp-Bild-2025-10-04-um-02.45.09_3b0a6a10-768x1024.jpg\" title=\"Whatsapp Bild 2025 10 04 Um 02.45.09 3b0a6a10\">\n                            <img class=\"img-full\" src=\"https:\/\/www.vkd.com\/lv-bayern\/wp-content\/uploads\/sites\/14\/2025\/10\/WhatsApp-Bild-2025-10-04-um-02.45.09_3b0a6a10-768x1024.jpg\" title=\"Galerie bei Bild 11 \u00f6ffnen\" alt=\"Whatsapp Bild 2025 10 04 Um 02.45.09 3b0a6a10\"\/>\n                        <\/a>\n                    <\/div>\n                                    <div class=\"item\">\n                        <a href=\"https:\/\/www.vkd.com\/lv-bayern\/wp-content\/uploads\/sites\/14\/2025\/10\/IMG-20251013-WA0010-971x1024.jpg\" title=\"Img 20251013 Wa0010\">\n                            <img class=\"img-full\" src=\"https:\/\/www.vkd.com\/lv-bayern\/wp-content\/uploads\/sites\/14\/2025\/10\/IMG-20251013-WA0010-971x1024.jpg\" title=\"Galerie bei Bild 12 \u00f6ffnen\" alt=\"Img 20251013 Wa0010\"\/>\n                        <\/a>\n                    <\/div>\n                                    <div class=\"item\">\n                        <a href=\"https:\/\/www.vkd.com\/lv-bayern\/wp-content\/uploads\/sites\/14\/2025\/10\/IMG-20251013-WA0005-768x1024.jpg\" title=\"Img 20251013 Wa0005\">\n                            <img class=\"img-full\" src=\"https:\/\/www.vkd.com\/lv-bayern\/wp-content\/uploads\/sites\/14\/2025\/10\/IMG-20251013-WA0005-768x1024.jpg\" title=\"Galerie bei Bild 13 \u00f6ffnen\" alt=\"Img 20251013 Wa0005\"\/>\n                        <\/a>\n                    <\/div>\n                                    <div class=\"item\">\n                        <a href=\"https:\/\/www.vkd.com\/lv-bayern\/wp-content\/uploads\/sites\/14\/2025\/10\/IMG-20251013-WA0006-768x1024.jpg\" title=\"Img 20251013 Wa0006\">\n                            <img class=\"img-full\" src=\"https:\/\/www.vkd.com\/lv-bayern\/wp-content\/uploads\/sites\/14\/2025\/10\/IMG-20251013-WA0006-768x1024.jpg\" title=\"Galerie bei Bild 14 \u00f6ffnen\" alt=\"Img 20251013 Wa0006\"\/>\n                        <\/a>\n                    <\/div>\n                                    <div class=\"item\">\n                        <a href=\"https:\/\/www.vkd.com\/lv-bayern\/wp-content\/uploads\/sites\/14\/2025\/10\/IMG-20251013-WA0007-1024x768.jpg\" title=\"Img 20251013 Wa0007\">\n                            <img class=\"img-full\" src=\"https:\/\/www.vkd.com\/lv-bayern\/wp-content\/uploads\/sites\/14\/2025\/10\/IMG-20251013-WA0007-1024x768.jpg\" title=\"Galerie bei Bild 15 \u00f6ffnen\" alt=\"Img 20251013 Wa0007\"\/>\n                        <\/a>\n                    <\/div>\n                            <\/div>\n        <\/div>\n    <\/div>\n<\/div>\n\n<\/em><\/strong><\/p>\n<p data-start=\"521\" data-end=\"628\" data-is-last-node=\"\" data-is-only-node=\"\">\n","protected":false},"excerpt":{"rendered":"<p>Update: Bayerisches Festessen in Togo \ud83c\udde9\ud83c\uddea\ud83e\udd1d\ud83c\uddf9\ud83c\uddec Unser Vorsitzender Ralf B. Meneghini ist aktuell in Togo unterwegs \u2013 mit dabei: viel bayerischer Kochgeist und jede Menge interkultureller Austausch! Gemeinsam mit togoischen K\u00f6chinnen und K\u00f6chen entstehen kreative Men\u00fcs, die bayerische Klassiker mit lokalen Zutaten verbinden \u2013 etwa Schweinsbraten mit regionalen Gew\u00fcrzen oder Kn\u00f6del aus Maniok. Ein Projekt,&#8230;<\/p>\n","protected":false},"author":1955,"featured_media":1908,"comment_status":"closed","ping_status":"open","sticky":false,"template":"","format":"standard","meta":[],"categories":[1],"tags":[],"yoast_head":"<!-- This site is optimized with the Yoast SEO plugin v20.0 - https:\/\/yoast.com\/wordpress\/plugins\/seo\/ -->\n<title>Neues aus TOGO - Landesverband der K\u00f6che Bayern<\/title>\n<meta name=\"robots\" content=\"noindex, follow, max-snippet:-1, max-image-preview:large, max-video-preview:-1\" \/>\n<meta property=\"og:locale\" content=\"de_DE\" \/>\n<meta property=\"og:type\" content=\"article\" \/>\n<meta property=\"og:title\" content=\"Neues aus TOGO - Landesverband der K\u00f6che Bayern\" \/>\n<meta property=\"og:description\" content=\"Update: Bayerisches Festessen in Togo \ud83c\udde9\ud83c\uddea\ud83e\udd1d\ud83c\uddf9\ud83c\uddec Unser Vorsitzender Ralf B. Meneghini ist aktuell in Togo unterwegs \u2013 mit dabei: viel bayerischer Kochgeist und jede Menge interkultureller Austausch! Gemeinsam mit togoischen K\u00f6chinnen und K\u00f6chen entstehen kreative Men\u00fcs, die bayerische Klassiker mit lokalen Zutaten verbinden \u2013 etwa Schweinsbraten mit regionalen Gew\u00fcrzen oder Kn\u00f6del aus Maniok. Ein Projekt,...\" \/>\n<meta property=\"og:url\" content=\"https:\/\/www.vkd.com\/lv-bayern\/news\/neues-aus-togo\/\" \/>\n<meta property=\"og:site_name\" content=\"Landesverband der K\u00f6che Bayern\" \/>\n<meta property=\"article:published_time\" content=\"2025-10-13T11:48:18+00:00\" \/>\n<meta property=\"article:modified_time\" content=\"2025-10-13T14:24:43+00:00\" \/>\n<meta property=\"og:image\" content=\"https:\/\/www.vkd.com\/lv-bayern\/wp-content\/uploads\/sites\/14\/2025\/10\/IMG-20251013-WA0009.jpg\" \/>\n\t<meta property=\"og:image:width\" content=\"2048\" \/>\n\t<meta property=\"og:image:height\" content=\"1898\" \/>\n\t<meta property=\"og:image:type\" content=\"image\/jpeg\" \/>\n<meta name=\"author\" content=\"Kostadinov Alexander\" \/>\n<meta name=\"twitter:card\" content=\"summary_large_image\" \/>\n<meta name=\"twitter:label1\" content=\"Verfasst von\" \/>\n\t<meta name=\"twitter:data1\" content=\"Kostadinov Alexander\" \/>\n\t<meta name=\"twitter:label2\" content=\"Gesch\u00e4tzte Lesezeit\" \/>\n\t<meta name=\"twitter:data2\" content=\"1\u00a0Minute\" \/>\n<script type=\"application\/ld+json\" class=\"yoast-schema-graph\">{\"@context\":\"https:\/\/schema.org\",\"@graph\":[{\"@type\":\"WebPage\",\"@id\":\"https:\/\/www.vkd.com\/lv-bayern\/news\/neues-aus-togo\/\",\"url\":\"https:\/\/www.vkd.com\/lv-bayern\/news\/neues-aus-togo\/\",\"name\":\"Neues aus TOGO - Landesverband der K\u00f6che Bayern\",\"isPartOf\":{\"@id\":\"https:\/\/www.vkd.com\/lv-bayern\/#website\"},\"datePublished\":\"2025-10-13T11:48:18+00:00\",\"dateModified\":\"2025-10-13T14:24:43+00:00\",\"author\":{\"@id\":\"https:\/\/www.vkd.com\/lv-bayern\/#\/schema\/person\/19c4bb106ca4de98c60e2cb5ac7f572f\"},\"breadcrumb\":{\"@id\":\"https:\/\/www.vkd.com\/lv-bayern\/news\/neues-aus-togo\/#breadcrumb\"},\"inLanguage\":\"de\",\"potentialAction\":[{\"@type\":\"ReadAction\",\"target\":[\"https:\/\/www.vkd.com\/lv-bayern\/news\/neues-aus-togo\/\"]}]},{\"@type\":\"BreadcrumbList\",\"@id\":\"https:\/\/www.vkd.com\/lv-bayern\/news\/neues-aus-togo\/#breadcrumb\",\"itemListElement\":[{\"@type\":\"ListItem\",\"position\":1,\"name\":\"Startseite\",\"item\":\"https:\/\/www.vkd.com\/lv-bayern\/\"},{\"@type\":\"ListItem\",\"position\":2,\"name\":\"Neues aus TOGO\"}]},{\"@type\":\"WebSite\",\"@id\":\"https:\/\/www.vkd.com\/lv-bayern\/#website\",\"url\":\"https:\/\/www.vkd.com\/lv-bayern\/\",\"name\":\"Landesverband der K\u00f6che Bayern\",\"description\":\"Landesverband im Verband der K\u00f6che Deutschlands e.V.\",\"potentialAction\":[{\"@type\":\"SearchAction\",\"target\":{\"@type\":\"EntryPoint\",\"urlTemplate\":\"https:\/\/www.vkd.com\/lv-bayern\/?s={search_term_string}\"},\"query-input\":\"required name=search_term_string\"}],\"inLanguage\":\"de\"},{\"@type\":\"Person\",\"@id\":\"https:\/\/www.vkd.com\/lv-bayern\/#\/schema\/person\/19c4bb106ca4de98c60e2cb5ac7f572f\",\"name\":\"Kostadinov Alexander\",\"image\":{\"@type\":\"ImageObject\",\"inLanguage\":\"de\",\"@id\":\"https:\/\/www.vkd.com\/lv-bayern\/#\/schema\/person\/image\/\",\"url\":\"https:\/\/secure.gravatar.com\/avatar\/b0cb85e5c215fe1114e6d2404492358d?s=96&d=mm&r=g\",\"contentUrl\":\"https:\/\/secure.gravatar.com\/avatar\/b0cb85e5c215fe1114e6d2404492358d?s=96&d=mm&r=g\",\"caption\":\"Kostadinov Alexander\"},\"url\":\"https:\/\/www.vkd.com\/lv-bayern\/news\/author\/gentscher-jungentscher-de\/\"}]}<\/script>\n<!-- \/ Yoast SEO plugin. -->","yoast_head_json":{"title":"Neues aus TOGO - Landesverband der K\u00f6che Bayern","robots":{"index":"noindex","follow":"follow","max-snippet":"max-snippet:-1","max-image-preview":"max-image-preview:large","max-video-preview":"max-video-preview:-1"},"og_locale":"de_DE","og_type":"article","og_title":"Neues aus TOGO - Landesverband der K\u00f6che Bayern","og_description":"Update: Bayerisches Festessen in Togo \ud83c\udde9\ud83c\uddea\ud83e\udd1d\ud83c\uddf9\ud83c\uddec Unser Vorsitzender Ralf B. Meneghini ist aktuell in Togo unterwegs \u2013 mit dabei: viel bayerischer Kochgeist und jede Menge interkultureller Austausch! Gemeinsam mit togoischen K\u00f6chinnen und K\u00f6chen entstehen kreative Men\u00fcs, die bayerische Klassiker mit lokalen Zutaten verbinden \u2013 etwa Schweinsbraten mit regionalen Gew\u00fcrzen oder Kn\u00f6del aus Maniok. Ein Projekt,...","og_url":"https:\/\/www.vkd.com\/lv-bayern\/news\/neues-aus-togo\/","og_site_name":"Landesverband der K\u00f6che Bayern","article_published_time":"2025-10-13T11:48:18+00:00","article_modified_time":"2025-10-13T14:24:43+00:00","og_image":[{"width":2048,"height":1898,"url":"https:\/\/www.vkd.com\/lv-bayern\/wp-content\/uploads\/sites\/14\/2025\/10\/IMG-20251013-WA0009.jpg","type":"image\/jpeg"}],"author":"Kostadinov Alexander","twitter_card":"summary_large_image","twitter_misc":{"Verfasst von":"Kostadinov Alexander","Gesch\u00e4tzte Lesezeit":"1\u00a0Minute"},"schema":{"@context":"https:\/\/schema.org","@graph":[{"@type":"WebPage","@id":"https:\/\/www.vkd.com\/lv-bayern\/news\/neues-aus-togo\/","url":"https:\/\/www.vkd.com\/lv-bayern\/news\/neues-aus-togo\/","name":"Neues aus TOGO - Landesverband der K\u00f6che Bayern","isPartOf":{"@id":"https:\/\/www.vkd.com\/lv-bayern\/#website"},"datePublished":"2025-10-13T11:48:18+00:00","dateModified":"2025-10-13T14:24:43+00:00","author":{"@id":"https:\/\/www.vkd.com\/lv-bayern\/#\/schema\/person\/19c4bb106ca4de98c60e2cb5ac7f572f"},"breadcrumb":{"@id":"https:\/\/www.vkd.com\/lv-bayern\/news\/neues-aus-togo\/#breadcrumb"},"inLanguage":"de","potentialAction":[{"@type":"ReadAction","target":["https:\/\/www.vkd.com\/lv-bayern\/news\/neues-aus-togo\/"]}]},{"@type":"BreadcrumbList","@id":"https:\/\/www.vkd.com\/lv-bayern\/news\/neues-aus-togo\/#breadcrumb","itemListElement":[{"@type":"ListItem","position":1,"name":"Startseite","item":"https:\/\/www.vkd.com\/lv-bayern\/"},{"@type":"ListItem","position":2,"name":"Neues aus TOGO"}]},{"@type":"WebSite","@id":"https:\/\/www.vkd.com\/lv-bayern\/#website","url":"https:\/\/www.vkd.com\/lv-bayern\/","name":"Landesverband der K\u00f6che Bayern","description":"Landesverband im Verband der K\u00f6che Deutschlands e.V.","potentialAction":[{"@type":"SearchAction","target":{"@type":"EntryPoint","urlTemplate":"https:\/\/www.vkd.com\/lv-bayern\/?s={search_term_string}"},"query-input":"required name=search_term_string"}],"inLanguage":"de"},{"@type":"Person","@id":"https:\/\/www.vkd.com\/lv-bayern\/#\/schema\/person\/19c4bb106ca4de98c60e2cb5ac7f572f","name":"Kostadinov Alexander","image":{"@type":"ImageObject","inLanguage":"de","@id":"https:\/\/www.vkd.com\/lv-bayern\/#\/schema\/person\/image\/","url":"https:\/\/secure.gravatar.com\/avatar\/b0cb85e5c215fe1114e6d2404492358d?s=96&d=mm&r=g","contentUrl":"https:\/\/secure.gravatar.com\/avatar\/b0cb85e5c215fe1114e6d2404492358d?s=96&d=mm&r=g","caption":"Kostadinov Alexander"},"url":"https:\/\/www.vkd.com\/lv-bayern\/news\/author\/gentscher-jungentscher-de\/"}]}},"_links":{"self":[{"href":"https:\/\/www.vkd.com\/lv-bayern\/wp-json\/wp\/v2\/posts\/1897"}],"collection":[{"href":"https:\/\/www.vkd.com\/lv-bayern\/wp-json\/wp\/v2\/posts"}],"about":[{"href":"https:\/\/www.vkd.com\/lv-bayern\/wp-json\/wp\/v2\/types\/post"}],"author":[{"embeddable":true,"href":"https:\/\/www.vkd.com\/lv-bayern\/wp-json\/wp\/v2\/users\/1955"}],"replies":[{"embeddable":true,"href":"https:\/\/www.vkd.com\/lv-bayern\/wp-json\/wp\/v2\/comments?post=1897"}],"version-history":[{"count":5,"href":"https:\/\/www.vkd.com\/lv-bayern\/wp-json\/wp\/v2\/posts\/1897\/revisions"}],"predecessor-version":[{"id":1921,"href":"https:\/\/www.vkd.com\/lv-bayern\/wp-json\/wp\/v2\/posts\/1897\/revisions\/1921"}],"wp:featuredmedia":[{"embeddable":true,"href":"https:\/\/www.vkd.com\/lv-bayern\/wp-json\/wp\/v2\/media\/1908"}],"wp:attachment":[{"href":"https:\/\/www.vkd.com\/lv-bayern\/wp-json\/wp\/v2\/media?parent=1897"}],"wp:term":[{"taxonomy":"category","embeddable":true,"href":"https:\/\/www.vkd.com\/lv-bayern\/wp-json\/wp\/v2\/categories?post=1897"},{"taxonomy":"post_tag","embeddable":true,"href":"https:\/\/www.vkd.com\/lv-bayern\/wp-json\/wp\/v2\/tags?post=1897"}],"curies":[{"name":"wp","href":"https:\/\/api.w.org\/{rel}","templated":true}]}}