{"id":1891,"date":"2025-10-09T09:56:33","date_gmt":"2025-10-09T07:56:33","guid":{"rendered":"https:\/\/www.vkd.com\/lv-bayern\/?p=1891"},"modified":"2025-10-09T09:56:33","modified_gmt":"2025-10-09T07:56:33","slug":"kirta-im-zeichen-des-kuerbis-koecheverein-inn-salzach-begeistert-mit-herbstlichen-spezialitaeten","status":"publish","type":"post","link":"https:\/\/www.vkd.com\/lv-bayern\/news\/kirta-im-zeichen-des-kuerbis-koecheverein-inn-salzach-begeistert-mit-herbstlichen-spezialitaeten\/","title":{"rendered":"Kirta im Zeichen des K\u00fcrbis \u2013 K\u00f6cheverein Inn-Salzach begeistert mit herbstlichen Spezialit\u00e4ten"},"content":{"rendered":"<p><strong>Alt\u00f6tting<\/p>\n<p><\/strong>Am Dienstag, den 30. September 2025, stand das Hellbr\u00e4u-Kirta-Stadl in Alt\u00f6tting ganz im Zeichen des K\u00fcrbis. Die Mitglieder des <strong>K\u00f6chevereins Inn-Salzach<\/strong> pr\u00e4sentierten dort eine Vielzahl kulinarischer Kreationen rund um das herbstliche Gem\u00fcse und luden Besucherinnen und Besucher zum Verkosten, Genie\u00dfen und Mitmachen ein.<\/p>\n<p>An mehreren Stationen zeigten die K\u00fcchenprofis unterschiedliche Zubereitungsarten und gaben wertvolle Tipps, wie sich K\u00fcrbis in Suppen, Hauptgerichten oder S\u00fc\u00dfspeisen vielseitig einsetzen l\u00e4sst. Neben einer kr\u00e4ftigen K\u00fcrbissuppe mit Bauernbrot wurden auch feine K\u00fcrbisvariationen zu den Kirta-Bieren angeboten. Die G\u00e4ste konnten dabei nicht nur neue Geschmackserlebnisse entdecken, sondern erhielten auch interessante Informationen \u00fcber die ern\u00e4hrungsphysiologischen Vorteile des K\u00fcrbisses \u2013 reich an Vitaminen, kalorienarm und \u00e4u\u00dferst vielseitig in der K\u00fcche.<\/p>\n<p>Besonders gro\u00dfen Anklang fand auch das <strong>Kinderprogramm<\/strong>, bei dem zahlreiche M\u00e4dchen und Jungen gemeinsam mit ihren Eltern beim Schnitzen von Halloween-K\u00fcrbissen eifrig am Werk waren. Unter der Leitung von <strong>Sozialp\u00e4dagogin Claudia Lewien<\/strong>, die sich ehrenamtlich engagierte, entstanden viele fantasievolle \u201eHalloween-Gesichter\u201c. Die sch\u00f6nsten Werke wurden von der <strong>Familie Hell<\/strong> pr\u00e4miert, die die Aktion gro\u00dfz\u00fcgig unterst\u00fctzte.<\/p>\n<p>Die Besucherinnen und Besucher zeigten sich begeistert von der gelungenen Pr\u00e4sentation des K\u00f6chevereins, den vielf\u00e4ltigen Kostproben und der famili\u00e4ren Atmosph\u00e4re im Kirta-Stadl. Auch an den kommenden Kirta-Tagen wird dort jeweils am Nachmittag eine Kinderaktion rund um den K\u00fcrbis stattfinden \u2013 ein Vergn\u00fcgen f\u00fcr die ganze Familie.<\/p>\n<p><em>(Fotos: Maier)<\/em><\/p>\n","protected":false},"excerpt":{"rendered":"<p>Alt\u00f6tting Am Dienstag, den 30. September 2025, stand das Hellbr\u00e4u-Kirta-Stadl in Alt\u00f6tting ganz im Zeichen des K\u00fcrbis. Die Mitglieder des K\u00f6chevereins Inn-Salzach pr\u00e4sentierten dort eine Vielzahl kulinarischer Kreationen rund um das herbstliche Gem\u00fcse und luden Besucherinnen und Besucher zum Verkosten, Genie\u00dfen und Mitmachen ein. An mehreren Stationen zeigten die K\u00fcchenprofis unterschiedliche Zubereitungsarten und gaben wertvolle&#8230;<\/p>\n","protected":false},"author":1955,"featured_media":1892,"comment_status":"closed","ping_status":"open","sticky":false,"template":"","format":"standard","meta":[],"categories":[1],"tags":[17,6,12,5,7,19,9,11],"yoast_head":"<!-- This site is optimized with the Yoast SEO plugin v20.0 - https:\/\/yoast.com\/wordpress\/plugins\/seo\/ -->\n<title>Kirta im Zeichen des K\u00fcrbis \u2013 K\u00f6cheverein Inn-Salzach begeistert mit herbstlichen Spezialit\u00e4ten - Landesverband der K\u00f6che Bayern<\/title>\n<meta name=\"robots\" content=\"noindex, follow, max-snippet:-1, max-image-preview:large, max-video-preview:-1\" \/>\n<meta property=\"og:locale\" content=\"de_DE\" \/>\n<meta property=\"og:type\" content=\"article\" \/>\n<meta property=\"og:title\" content=\"Kirta im Zeichen des K\u00fcrbis \u2013 K\u00f6cheverein Inn-Salzach begeistert mit herbstlichen Spezialit\u00e4ten - Landesverband der K\u00f6che Bayern\" \/>\n<meta property=\"og:description\" content=\"Alt\u00f6tting Am Dienstag, den 30. September 2025, stand das Hellbr\u00e4u-Kirta-Stadl in Alt\u00f6tting ganz im Zeichen des K\u00fcrbis. Die Mitglieder des K\u00f6chevereins Inn-Salzach pr\u00e4sentierten dort eine Vielzahl kulinarischer Kreationen rund um das herbstliche Gem\u00fcse und luden Besucherinnen und Besucher zum Verkosten, Genie\u00dfen und Mitmachen ein. An mehreren Stationen zeigten die K\u00fcchenprofis unterschiedliche Zubereitungsarten und gaben wertvolle...\" \/>\n<meta property=\"og:url\" content=\"https:\/\/www.vkd.com\/lv-bayern\/news\/kirta-im-zeichen-des-kuerbis-koecheverein-inn-salzach-begeistert-mit-herbstlichen-spezialitaeten\/\" \/>\n<meta property=\"og:site_name\" content=\"Landesverband der K\u00f6che Bayern\" \/>\n<meta property=\"article:published_time\" content=\"2025-10-09T07:56:33+00:00\" \/>\n<meta property=\"og:image\" content=\"https:\/\/www.vkd.com\/lv-bayern\/wp-content\/uploads\/sites\/14\/2025\/10\/23332-807x1024.png\" \/>\n\t<meta property=\"og:image:width\" content=\"807\" \/>\n\t<meta property=\"og:image:height\" content=\"1024\" \/>\n\t<meta property=\"og:image:type\" content=\"image\/png\" \/>\n<meta name=\"author\" content=\"Kostadinov Alexander\" \/>\n<meta name=\"twitter:card\" content=\"summary_large_image\" \/>\n<meta name=\"twitter:label1\" content=\"Verfasst von\" \/>\n\t<meta name=\"twitter:data1\" content=\"Kostadinov Alexander\" \/>\n\t<meta name=\"twitter:label2\" content=\"Gesch\u00e4tzte Lesezeit\" \/>\n\t<meta name=\"twitter:data2\" content=\"2\u00a0Minuten\" \/>\n<script type=\"application\/ld+json\" class=\"yoast-schema-graph\">{\"@context\":\"https:\/\/schema.org\",\"@graph\":[{\"@type\":\"WebPage\",\"@id\":\"https:\/\/www.vkd.com\/lv-bayern\/news\/kirta-im-zeichen-des-kuerbis-koecheverein-inn-salzach-begeistert-mit-herbstlichen-spezialitaeten\/\",\"url\":\"https:\/\/www.vkd.com\/lv-bayern\/news\/kirta-im-zeichen-des-kuerbis-koecheverein-inn-salzach-begeistert-mit-herbstlichen-spezialitaeten\/\",\"name\":\"Kirta im Zeichen des K\u00fcrbis \u2013 K\u00f6cheverein Inn-Salzach begeistert mit herbstlichen Spezialit\u00e4ten - Landesverband der K\u00f6che Bayern\",\"isPartOf\":{\"@id\":\"https:\/\/www.vkd.com\/lv-bayern\/#website\"},\"datePublished\":\"2025-10-09T07:56:33+00:00\",\"dateModified\":\"2025-10-09T07:56:33+00:00\",\"author\":{\"@id\":\"https:\/\/www.vkd.com\/lv-bayern\/#\/schema\/person\/19c4bb106ca4de98c60e2cb5ac7f572f\"},\"breadcrumb\":{\"@id\":\"https:\/\/www.vkd.com\/lv-bayern\/news\/kirta-im-zeichen-des-kuerbis-koecheverein-inn-salzach-begeistert-mit-herbstlichen-spezialitaeten\/#breadcrumb\"},\"inLanguage\":\"de\",\"potentialAction\":[{\"@type\":\"ReadAction\",\"target\":[\"https:\/\/www.vkd.com\/lv-bayern\/news\/kirta-im-zeichen-des-kuerbis-koecheverein-inn-salzach-begeistert-mit-herbstlichen-spezialitaeten\/\"]}]},{\"@type\":\"BreadcrumbList\",\"@id\":\"https:\/\/www.vkd.com\/lv-bayern\/news\/kirta-im-zeichen-des-kuerbis-koecheverein-inn-salzach-begeistert-mit-herbstlichen-spezialitaeten\/#breadcrumb\",\"itemListElement\":[{\"@type\":\"ListItem\",\"position\":1,\"name\":\"Startseite\",\"item\":\"https:\/\/www.vkd.com\/lv-bayern\/\"},{\"@type\":\"ListItem\",\"position\":2,\"name\":\"Kirta im Zeichen des K\u00fcrbis \u2013 K\u00f6cheverein Inn-Salzach begeistert mit herbstlichen Spezialit\u00e4ten\"}]},{\"@type\":\"WebSite\",\"@id\":\"https:\/\/www.vkd.com\/lv-bayern\/#website\",\"url\":\"https:\/\/www.vkd.com\/lv-bayern\/\",\"name\":\"Landesverband der K\u00f6che Bayern\",\"description\":\"Landesverband im Verband der K\u00f6che Deutschlands e.V.\",\"potentialAction\":[{\"@type\":\"SearchAction\",\"target\":{\"@type\":\"EntryPoint\",\"urlTemplate\":\"https:\/\/www.vkd.com\/lv-bayern\/?s={search_term_string}\"},\"query-input\":\"required name=search_term_string\"}],\"inLanguage\":\"de\"},{\"@type\":\"Person\",\"@id\":\"https:\/\/www.vkd.com\/lv-bayern\/#\/schema\/person\/19c4bb106ca4de98c60e2cb5ac7f572f\",\"name\":\"Kostadinov Alexander\",\"image\":{\"@type\":\"ImageObject\",\"inLanguage\":\"de\",\"@id\":\"https:\/\/www.vkd.com\/lv-bayern\/#\/schema\/person\/image\/\",\"url\":\"https:\/\/secure.gravatar.com\/avatar\/b0cb85e5c215fe1114e6d2404492358d?s=96&d=mm&r=g\",\"contentUrl\":\"https:\/\/secure.gravatar.com\/avatar\/b0cb85e5c215fe1114e6d2404492358d?s=96&d=mm&r=g\",\"caption\":\"Kostadinov Alexander\"},\"url\":\"https:\/\/www.vkd.com\/lv-bayern\/news\/author\/gentscher-jungentscher-de\/\"}]}<\/script>\n<!-- \/ Yoast SEO plugin. -->","yoast_head_json":{"title":"Kirta im Zeichen des K\u00fcrbis \u2013 K\u00f6cheverein Inn-Salzach begeistert mit herbstlichen Spezialit\u00e4ten - Landesverband der K\u00f6che Bayern","robots":{"index":"noindex","follow":"follow","max-snippet":"max-snippet:-1","max-image-preview":"max-image-preview:large","max-video-preview":"max-video-preview:-1"},"og_locale":"de_DE","og_type":"article","og_title":"Kirta im Zeichen des K\u00fcrbis \u2013 K\u00f6cheverein Inn-Salzach begeistert mit herbstlichen Spezialit\u00e4ten - Landesverband der K\u00f6che Bayern","og_description":"Alt\u00f6tting Am Dienstag, den 30. September 2025, stand das Hellbr\u00e4u-Kirta-Stadl in Alt\u00f6tting ganz im Zeichen des K\u00fcrbis. Die Mitglieder des K\u00f6chevereins Inn-Salzach pr\u00e4sentierten dort eine Vielzahl kulinarischer Kreationen rund um das herbstliche Gem\u00fcse und luden Besucherinnen und Besucher zum Verkosten, Genie\u00dfen und Mitmachen ein. An mehreren Stationen zeigten die K\u00fcchenprofis unterschiedliche Zubereitungsarten und gaben wertvolle...","og_url":"https:\/\/www.vkd.com\/lv-bayern\/news\/kirta-im-zeichen-des-kuerbis-koecheverein-inn-salzach-begeistert-mit-herbstlichen-spezialitaeten\/","og_site_name":"Landesverband der K\u00f6che Bayern","article_published_time":"2025-10-09T07:56:33+00:00","og_image":[{"width":807,"height":1024,"url":"https:\/\/www.vkd.com\/lv-bayern\/wp-content\/uploads\/sites\/14\/2025\/10\/23332-807x1024.png","type":"image\/png"}],"author":"Kostadinov Alexander","twitter_card":"summary_large_image","twitter_misc":{"Verfasst von":"Kostadinov Alexander","Gesch\u00e4tzte Lesezeit":"2\u00a0Minuten"},"schema":{"@context":"https:\/\/schema.org","@graph":[{"@type":"WebPage","@id":"https:\/\/www.vkd.com\/lv-bayern\/news\/kirta-im-zeichen-des-kuerbis-koecheverein-inn-salzach-begeistert-mit-herbstlichen-spezialitaeten\/","url":"https:\/\/www.vkd.com\/lv-bayern\/news\/kirta-im-zeichen-des-kuerbis-koecheverein-inn-salzach-begeistert-mit-herbstlichen-spezialitaeten\/","name":"Kirta im Zeichen des K\u00fcrbis \u2013 K\u00f6cheverein Inn-Salzach begeistert mit herbstlichen Spezialit\u00e4ten - Landesverband der K\u00f6che Bayern","isPartOf":{"@id":"https:\/\/www.vkd.com\/lv-bayern\/#website"},"datePublished":"2025-10-09T07:56:33+00:00","dateModified":"2025-10-09T07:56:33+00:00","author":{"@id":"https:\/\/www.vkd.com\/lv-bayern\/#\/schema\/person\/19c4bb106ca4de98c60e2cb5ac7f572f"},"breadcrumb":{"@id":"https:\/\/www.vkd.com\/lv-bayern\/news\/kirta-im-zeichen-des-kuerbis-koecheverein-inn-salzach-begeistert-mit-herbstlichen-spezialitaeten\/#breadcrumb"},"inLanguage":"de","potentialAction":[{"@type":"ReadAction","target":["https:\/\/www.vkd.com\/lv-bayern\/news\/kirta-im-zeichen-des-kuerbis-koecheverein-inn-salzach-begeistert-mit-herbstlichen-spezialitaeten\/"]}]},{"@type":"BreadcrumbList","@id":"https:\/\/www.vkd.com\/lv-bayern\/news\/kirta-im-zeichen-des-kuerbis-koecheverein-inn-salzach-begeistert-mit-herbstlichen-spezialitaeten\/#breadcrumb","itemListElement":[{"@type":"ListItem","position":1,"name":"Startseite","item":"https:\/\/www.vkd.com\/lv-bayern\/"},{"@type":"ListItem","position":2,"name":"Kirta im Zeichen des K\u00fcrbis \u2013 K\u00f6cheverein Inn-Salzach begeistert mit herbstlichen Spezialit\u00e4ten"}]},{"@type":"WebSite","@id":"https:\/\/www.vkd.com\/lv-bayern\/#website","url":"https:\/\/www.vkd.com\/lv-bayern\/","name":"Landesverband der K\u00f6che Bayern","description":"Landesverband im Verband der K\u00f6che Deutschlands e.V.","potentialAction":[{"@type":"SearchAction","target":{"@type":"EntryPoint","urlTemplate":"https:\/\/www.vkd.com\/lv-bayern\/?s={search_term_string}"},"query-input":"required name=search_term_string"}],"inLanguage":"de"},{"@type":"Person","@id":"https:\/\/www.vkd.com\/lv-bayern\/#\/schema\/person\/19c4bb106ca4de98c60e2cb5ac7f572f","name":"Kostadinov Alexander","image":{"@type":"ImageObject","inLanguage":"de","@id":"https:\/\/www.vkd.com\/lv-bayern\/#\/schema\/person\/image\/","url":"https:\/\/secure.gravatar.com\/avatar\/b0cb85e5c215fe1114e6d2404492358d?s=96&d=mm&r=g","contentUrl":"https:\/\/secure.gravatar.com\/avatar\/b0cb85e5c215fe1114e6d2404492358d?s=96&d=mm&r=g","caption":"Kostadinov Alexander"},"url":"https:\/\/www.vkd.com\/lv-bayern\/news\/author\/gentscher-jungentscher-de\/"}]}},"_links":{"self":[{"href":"https:\/\/www.vkd.com\/lv-bayern\/wp-json\/wp\/v2\/posts\/1891"}],"collection":[{"href":"https:\/\/www.vkd.com\/lv-bayern\/wp-json\/wp\/v2\/posts"}],"about":[{"href":"https:\/\/www.vkd.com\/lv-bayern\/wp-json\/wp\/v2\/types\/post"}],"author":[{"embeddable":true,"href":"https:\/\/www.vkd.com\/lv-bayern\/wp-json\/wp\/v2\/users\/1955"}],"replies":[{"embeddable":true,"href":"https:\/\/www.vkd.com\/lv-bayern\/wp-json\/wp\/v2\/comments?post=1891"}],"version-history":[{"count":2,"href":"https:\/\/www.vkd.com\/lv-bayern\/wp-json\/wp\/v2\/posts\/1891\/revisions"}],"predecessor-version":[{"id":1894,"href":"https:\/\/www.vkd.com\/lv-bayern\/wp-json\/wp\/v2\/posts\/1891\/revisions\/1894"}],"wp:featuredmedia":[{"embeddable":true,"href":"https:\/\/www.vkd.com\/lv-bayern\/wp-json\/wp\/v2\/media\/1892"}],"wp:attachment":[{"href":"https:\/\/www.vkd.com\/lv-bayern\/wp-json\/wp\/v2\/media?parent=1891"}],"wp:term":[{"taxonomy":"category","embeddable":true,"href":"https:\/\/www.vkd.com\/lv-bayern\/wp-json\/wp\/v2\/categories?post=1891"},{"taxonomy":"post_tag","embeddable":true,"href":"https:\/\/www.vkd.com\/lv-bayern\/wp-json\/wp\/v2\/tags?post=1891"}],"curies":[{"name":"wp","href":"https:\/\/api.w.org\/{rel}","templated":true}]}}