{"id":1884,"date":"2025-10-06T11:23:21","date_gmt":"2025-10-06T09:23:21","guid":{"rendered":"https:\/\/www.vkd.com\/lv-bayern\/?p=1884"},"modified":"2025-10-06T11:24:46","modified_gmt":"2025-10-06T09:24:46","slug":"landesverband-der-koeche-bayern-gos-international","status":"publish","type":"post","link":"https:\/\/www.vkd.com\/lv-bayern\/news\/landesverband-der-koeche-bayern-gos-international\/","title":{"rendered":"Landesverband der K\u00f6che Bayern go\u00b4s international"},"content":{"rendered":"<h2 data-start=\"439\" data-end=\"527\"><strong data-start=\"442\" data-end=\"527\">Landesverband der K\u00f6che Bayern goes international \u2013 Bayerisches Festessen in Togo<\/strong><\/h2>\n<p data-start=\"529\" data-end=\"809\">Der Landesverband der K\u00f6che Bayern setzt ein kulinarisches Zeichen der V\u00f6lkerverst\u00e4ndigung \u2013 und geht neue Wege: Unser erster Vorsitzender <strong data-start=\"668\" data-end=\"682\">Ralf B. Meneghini <\/strong>ist aktuell in <strong data-start=\"698\" data-end=\"706\">Togo<\/strong> unterwegs, um gemeinsam mit Kolleginnen und Kollegen vor Ort ein <strong data-start=\"772\" data-end=\"797\">bayerisches Festessen<\/strong> zu zaubern.<\/p>\n<p data-start=\"811\" data-end=\"1238\">Dieses au\u00dfergew\u00f6hnliche Projekt verbindet nicht nur zwei Kulturen durch ihre jeweiligen K\u00fcchen, sondern zeigt auch, wie universell die Sprache des Kochens ist. In enger Zusammenarbeit mit togoischen K\u00f6chinnen und K\u00f6chen entstehen kreative Men\u00fcs, bei denen traditionelle bayerische Gerichte mit lokalen Zutaten und Techniken kombiniert werden \u2013 ein spannender interkultureller Austausch, der weit \u00fcber den Tellerrand hinausgeht.<\/p>\n<h3 data-start=\"1240\" data-end=\"1271\"><strong data-start=\"1244\" data-end=\"1271\">Ein Projekt mit Wirkung<\/strong><\/h3>\n<p data-start=\"1273\" data-end=\"1570\">Ziel der Reise ist es nicht nur, den Geschmack Bayerns nach Westafrika zu bringen, sondern auch voneinander zu lernen: Techniken, Zutaten, K\u00fcchentraditionen \u2013 all das wird auf Augenh\u00f6he geteilt und weiterentwickelt. Die Begeisterung und Herzlichkeit, mit der Ralf empfangen wurde, sprechen B\u00e4nde.<\/p>\n<p data-start=\"1572\" data-end=\"1743\">Der H\u00f6hepunkt des Projekts ist ein gemeinsames Festessen, bei dem nicht nur gekocht, sondern auch gemeinsam gefeiert wird \u2013 ein kulinarisches Br\u00fcckenbauen im besten Sinne.<\/p>\n<h3 data-start=\"1745\" data-end=\"1782\"><strong data-start=\"1749\" data-end=\"1782\">Ein Zeichen der Partnerschaft<\/strong><\/h3>\n<p data-start=\"1784\" data-end=\"2099\">Mit diesem internationalen Engagement beweist der Landesverband der K\u00f6che Bayern, dass Handwerk, Leidenschaft und Weltoffenheit untrennbar miteinander verbunden sind. Wir sehen diese Initiative als Auftakt zu weiteren Projekten, bei denen der Austausch zwischen Kulturen, Regionen und Menschen im Mittelpunkt steht.<\/p>\n<p data-start=\"2101\" data-end=\"2245\">Wir danken allen Beteiligten in Togo f\u00fcr die gro\u00dfartige Zusammenarbeit und freuen uns schon jetzt auf weitere gemeinsame Kochabenteuer weltweit.<\/p>\n<p data-start=\"2247\" data-end=\"2387\">\ud83d\udc49 Mehr Eindr\u00fccke und Bilder gibt es hier auf <a href=\"https:\/\/www.facebook.com\/story.php?story_fbid=1221789359986693&amp;id=100064669213278&amp;rdid=b5nzvacnXdqyrIgU#\" target=\"_blank\" rel=\"noopener\">Facebook<\/a>.<\/p>\n<p><img decoding=\"async\" loading=\"lazy\" class=\" wp-image-1886\" src=\"https:\/\/www.vkd.com\/lv-bayern\/wp-content\/uploads\/sites\/14\/2025\/10\/WhatsApp-Bild-2025-10-04-um-02.45.09_bb5222e9-768x1024.jpg\" alt=\"Whatsapp Bild 2025 10 04 Um 02.45.09 Bb5222e9\" width=\"384\" height=\"512\" srcset=\"https:\/\/www.vkd.com\/lv-bayern\/wp-content\/uploads\/sites\/14\/2025\/10\/WhatsApp-Bild-2025-10-04-um-02.45.09_bb5222e9-768x1024.jpg 768w, https:\/\/www.vkd.com\/lv-bayern\/wp-content\/uploads\/sites\/14\/2025\/10\/WhatsApp-Bild-2025-10-04-um-02.45.09_bb5222e9-225x300.jpg 225w, https:\/\/www.vkd.com\/lv-bayern\/wp-content\/uploads\/sites\/14\/2025\/10\/WhatsApp-Bild-2025-10-04-um-02.45.09_bb5222e9-1152x1536.jpg 1152w, https:\/\/www.vkd.com\/lv-bayern\/wp-content\/uploads\/sites\/14\/2025\/10\/WhatsApp-Bild-2025-10-04-um-02.45.09_bb5222e9.jpg 1536w\" sizes=\"(max-width: 384px) 100vw, 384px\" \/><\/p>\n<p><img decoding=\"async\" loading=\"lazy\" class=\" wp-image-1887\" src=\"https:\/\/www.vkd.com\/lv-bayern\/wp-content\/uploads\/sites\/14\/2025\/10\/WhatsApp-Bild-2025-10-04-um-21.51.12_b96e1393-1024x768.jpg\" alt=\"Whatsapp Bild 2025 10 04 Um 21.51.12 B96e1393\" width=\"687\" height=\"515\" srcset=\"https:\/\/www.vkd.com\/lv-bayern\/wp-content\/uploads\/sites\/14\/2025\/10\/WhatsApp-Bild-2025-10-04-um-21.51.12_b96e1393-1024x768.jpg 1024w, https:\/\/www.vkd.com\/lv-bayern\/wp-content\/uploads\/sites\/14\/2025\/10\/WhatsApp-Bild-2025-10-04-um-21.51.12_b96e1393-300x225.jpg 300w, https:\/\/www.vkd.com\/lv-bayern\/wp-content\/uploads\/sites\/14\/2025\/10\/WhatsApp-Bild-2025-10-04-um-21.51.12_b96e1393-768x576.jpg 768w, https:\/\/www.vkd.com\/lv-bayern\/wp-content\/uploads\/sites\/14\/2025\/10\/WhatsApp-Bild-2025-10-04-um-21.51.12_b96e1393-1536x1152.jpg 1536w, https:\/\/www.vkd.com\/lv-bayern\/wp-content\/uploads\/sites\/14\/2025\/10\/WhatsApp-Bild-2025-10-04-um-21.51.12_b96e1393.jpg 2048w\" sizes=\"(max-width: 687px) 100vw, 687px\" \/><\/p>\n","protected":false},"excerpt":{"rendered":"<p>Landesverband der K\u00f6che Bayern goes international \u2013 Bayerisches Festessen in Togo Der Landesverband der K\u00f6che Bayern setzt ein kulinarisches Zeichen der V\u00f6lkerverst\u00e4ndigung \u2013 und geht neue Wege: Unser erster Vorsitzender Ralf B. Meneghini ist aktuell in Togo unterwegs, um gemeinsam mit Kolleginnen und Kollegen vor Ort ein bayerisches Festessen zu zaubern. Dieses au\u00dfergew\u00f6hnliche Projekt verbindet&#8230;<\/p>\n","protected":false},"author":1955,"featured_media":1885,"comment_status":"closed","ping_status":"open","sticky":false,"template":"","format":"standard","meta":[],"categories":[1],"tags":[6,5,7,19,9,8],"yoast_head":"<!-- This site is optimized with the Yoast SEO plugin v20.0 - https:\/\/yoast.com\/wordpress\/plugins\/seo\/ -->\n<title>Landesverband der K\u00f6che Bayern go\u00b4s international - Landesverband der K\u00f6che Bayern<\/title>\n<meta name=\"robots\" content=\"noindex, follow, max-snippet:-1, max-image-preview:large, max-video-preview:-1\" \/>\n<meta property=\"og:locale\" content=\"de_DE\" \/>\n<meta property=\"og:type\" content=\"article\" \/>\n<meta property=\"og:title\" content=\"Landesverband der K\u00f6che Bayern go\u00b4s international - Landesverband der K\u00f6che Bayern\" \/>\n<meta property=\"og:description\" content=\"Landesverband der K\u00f6che Bayern goes international \u2013 Bayerisches Festessen in Togo Der Landesverband der K\u00f6che Bayern setzt ein kulinarisches Zeichen der V\u00f6lkerverst\u00e4ndigung \u2013 und geht neue Wege: Unser erster Vorsitzender Ralf B. Meneghini ist aktuell in Togo unterwegs, um gemeinsam mit Kolleginnen und Kollegen vor Ort ein bayerisches Festessen zu zaubern. Dieses au\u00dfergew\u00f6hnliche Projekt verbindet...\" \/>\n<meta property=\"og:url\" content=\"https:\/\/www.vkd.com\/lv-bayern\/news\/landesverband-der-koeche-bayern-gos-international\/\" \/>\n<meta property=\"og:site_name\" content=\"Landesverband der K\u00f6che Bayern\" \/>\n<meta property=\"article:published_time\" content=\"2025-10-06T09:23:21+00:00\" \/>\n<meta property=\"article:modified_time\" content=\"2025-10-06T09:24:46+00:00\" \/>\n<meta property=\"og:image\" content=\"https:\/\/www.vkd.com\/lv-bayern\/wp-content\/uploads\/sites\/14\/2025\/10\/WhatsApp-Bild-2025-10-03-um-18.17.27_0bbf4aad.jpg\" \/>\n\t<meta property=\"og:image:width\" content=\"2048\" \/>\n\t<meta property=\"og:image:height\" content=\"1536\" \/>\n\t<meta property=\"og:image:type\" content=\"image\/jpeg\" \/>\n<meta name=\"author\" content=\"Kostadinov Alexander\" \/>\n<meta name=\"twitter:card\" content=\"summary_large_image\" \/>\n<meta name=\"twitter:label1\" content=\"Verfasst von\" \/>\n\t<meta name=\"twitter:data1\" content=\"Kostadinov Alexander\" \/>\n\t<meta name=\"twitter:label2\" content=\"Gesch\u00e4tzte Lesezeit\" \/>\n\t<meta name=\"twitter:data2\" content=\"2\u00a0Minuten\" \/>\n<script type=\"application\/ld+json\" class=\"yoast-schema-graph\">{\"@context\":\"https:\/\/schema.org\",\"@graph\":[{\"@type\":\"WebPage\",\"@id\":\"https:\/\/www.vkd.com\/lv-bayern\/news\/landesverband-der-koeche-bayern-gos-international\/\",\"url\":\"https:\/\/www.vkd.com\/lv-bayern\/news\/landesverband-der-koeche-bayern-gos-international\/\",\"name\":\"Landesverband der K\u00f6che Bayern go\u00b4s international - Landesverband der K\u00f6che Bayern\",\"isPartOf\":{\"@id\":\"https:\/\/www.vkd.com\/lv-bayern\/#website\"},\"datePublished\":\"2025-10-06T09:23:21+00:00\",\"dateModified\":\"2025-10-06T09:24:46+00:00\",\"author\":{\"@id\":\"https:\/\/www.vkd.com\/lv-bayern\/#\/schema\/person\/19c4bb106ca4de98c60e2cb5ac7f572f\"},\"breadcrumb\":{\"@id\":\"https:\/\/www.vkd.com\/lv-bayern\/news\/landesverband-der-koeche-bayern-gos-international\/#breadcrumb\"},\"inLanguage\":\"de\",\"potentialAction\":[{\"@type\":\"ReadAction\",\"target\":[\"https:\/\/www.vkd.com\/lv-bayern\/news\/landesverband-der-koeche-bayern-gos-international\/\"]}]},{\"@type\":\"BreadcrumbList\",\"@id\":\"https:\/\/www.vkd.com\/lv-bayern\/news\/landesverband-der-koeche-bayern-gos-international\/#breadcrumb\",\"itemListElement\":[{\"@type\":\"ListItem\",\"position\":1,\"name\":\"Startseite\",\"item\":\"https:\/\/www.vkd.com\/lv-bayern\/\"},{\"@type\":\"ListItem\",\"position\":2,\"name\":\"Landesverband der K\u00f6che Bayern go\u00b4s international\"}]},{\"@type\":\"WebSite\",\"@id\":\"https:\/\/www.vkd.com\/lv-bayern\/#website\",\"url\":\"https:\/\/www.vkd.com\/lv-bayern\/\",\"name\":\"Landesverband der K\u00f6che Bayern\",\"description\":\"Landesverband im Verband der K\u00f6che Deutschlands e.V.\",\"potentialAction\":[{\"@type\":\"SearchAction\",\"target\":{\"@type\":\"EntryPoint\",\"urlTemplate\":\"https:\/\/www.vkd.com\/lv-bayern\/?s={search_term_string}\"},\"query-input\":\"required name=search_term_string\"}],\"inLanguage\":\"de\"},{\"@type\":\"Person\",\"@id\":\"https:\/\/www.vkd.com\/lv-bayern\/#\/schema\/person\/19c4bb106ca4de98c60e2cb5ac7f572f\",\"name\":\"Kostadinov Alexander\",\"image\":{\"@type\":\"ImageObject\",\"inLanguage\":\"de\",\"@id\":\"https:\/\/www.vkd.com\/lv-bayern\/#\/schema\/person\/image\/\",\"url\":\"https:\/\/secure.gravatar.com\/avatar\/b0cb85e5c215fe1114e6d2404492358d?s=96&d=mm&r=g\",\"contentUrl\":\"https:\/\/secure.gravatar.com\/avatar\/b0cb85e5c215fe1114e6d2404492358d?s=96&d=mm&r=g\",\"caption\":\"Kostadinov Alexander\"},\"url\":\"https:\/\/www.vkd.com\/lv-bayern\/news\/author\/gentscher-jungentscher-de\/\"}]}<\/script>\n<!-- \/ Yoast SEO plugin. -->","yoast_head_json":{"title":"Landesverband der K\u00f6che Bayern go\u00b4s international - Landesverband der K\u00f6che Bayern","robots":{"index":"noindex","follow":"follow","max-snippet":"max-snippet:-1","max-image-preview":"max-image-preview:large","max-video-preview":"max-video-preview:-1"},"og_locale":"de_DE","og_type":"article","og_title":"Landesverband der K\u00f6che Bayern go\u00b4s international - Landesverband der K\u00f6che Bayern","og_description":"Landesverband der K\u00f6che Bayern goes international \u2013 Bayerisches Festessen in Togo Der Landesverband der K\u00f6che Bayern setzt ein kulinarisches Zeichen der V\u00f6lkerverst\u00e4ndigung \u2013 und geht neue Wege: Unser erster Vorsitzender Ralf B. Meneghini ist aktuell in Togo unterwegs, um gemeinsam mit Kolleginnen und Kollegen vor Ort ein bayerisches Festessen zu zaubern. Dieses au\u00dfergew\u00f6hnliche Projekt verbindet...","og_url":"https:\/\/www.vkd.com\/lv-bayern\/news\/landesverband-der-koeche-bayern-gos-international\/","og_site_name":"Landesverband der K\u00f6che Bayern","article_published_time":"2025-10-06T09:23:21+00:00","article_modified_time":"2025-10-06T09:24:46+00:00","og_image":[{"width":2048,"height":1536,"url":"https:\/\/www.vkd.com\/lv-bayern\/wp-content\/uploads\/sites\/14\/2025\/10\/WhatsApp-Bild-2025-10-03-um-18.17.27_0bbf4aad.jpg","type":"image\/jpeg"}],"author":"Kostadinov Alexander","twitter_card":"summary_large_image","twitter_misc":{"Verfasst von":"Kostadinov Alexander","Gesch\u00e4tzte Lesezeit":"2\u00a0Minuten"},"schema":{"@context":"https:\/\/schema.org","@graph":[{"@type":"WebPage","@id":"https:\/\/www.vkd.com\/lv-bayern\/news\/landesverband-der-koeche-bayern-gos-international\/","url":"https:\/\/www.vkd.com\/lv-bayern\/news\/landesverband-der-koeche-bayern-gos-international\/","name":"Landesverband der K\u00f6che Bayern go\u00b4s international - Landesverband der K\u00f6che Bayern","isPartOf":{"@id":"https:\/\/www.vkd.com\/lv-bayern\/#website"},"datePublished":"2025-10-06T09:23:21+00:00","dateModified":"2025-10-06T09:24:46+00:00","author":{"@id":"https:\/\/www.vkd.com\/lv-bayern\/#\/schema\/person\/19c4bb106ca4de98c60e2cb5ac7f572f"},"breadcrumb":{"@id":"https:\/\/www.vkd.com\/lv-bayern\/news\/landesverband-der-koeche-bayern-gos-international\/#breadcrumb"},"inLanguage":"de","potentialAction":[{"@type":"ReadAction","target":["https:\/\/www.vkd.com\/lv-bayern\/news\/landesverband-der-koeche-bayern-gos-international\/"]}]},{"@type":"BreadcrumbList","@id":"https:\/\/www.vkd.com\/lv-bayern\/news\/landesverband-der-koeche-bayern-gos-international\/#breadcrumb","itemListElement":[{"@type":"ListItem","position":1,"name":"Startseite","item":"https:\/\/www.vkd.com\/lv-bayern\/"},{"@type":"ListItem","position":2,"name":"Landesverband der K\u00f6che Bayern go\u00b4s international"}]},{"@type":"WebSite","@id":"https:\/\/www.vkd.com\/lv-bayern\/#website","url":"https:\/\/www.vkd.com\/lv-bayern\/","name":"Landesverband der K\u00f6che Bayern","description":"Landesverband im Verband der K\u00f6che Deutschlands e.V.","potentialAction":[{"@type":"SearchAction","target":{"@type":"EntryPoint","urlTemplate":"https:\/\/www.vkd.com\/lv-bayern\/?s={search_term_string}"},"query-input":"required name=search_term_string"}],"inLanguage":"de"},{"@type":"Person","@id":"https:\/\/www.vkd.com\/lv-bayern\/#\/schema\/person\/19c4bb106ca4de98c60e2cb5ac7f572f","name":"Kostadinov Alexander","image":{"@type":"ImageObject","inLanguage":"de","@id":"https:\/\/www.vkd.com\/lv-bayern\/#\/schema\/person\/image\/","url":"https:\/\/secure.gravatar.com\/avatar\/b0cb85e5c215fe1114e6d2404492358d?s=96&d=mm&r=g","contentUrl":"https:\/\/secure.gravatar.com\/avatar\/b0cb85e5c215fe1114e6d2404492358d?s=96&d=mm&r=g","caption":"Kostadinov Alexander"},"url":"https:\/\/www.vkd.com\/lv-bayern\/news\/author\/gentscher-jungentscher-de\/"}]}},"_links":{"self":[{"href":"https:\/\/www.vkd.com\/lv-bayern\/wp-json\/wp\/v2\/posts\/1884"}],"collection":[{"href":"https:\/\/www.vkd.com\/lv-bayern\/wp-json\/wp\/v2\/posts"}],"about":[{"href":"https:\/\/www.vkd.com\/lv-bayern\/wp-json\/wp\/v2\/types\/post"}],"author":[{"embeddable":true,"href":"https:\/\/www.vkd.com\/lv-bayern\/wp-json\/wp\/v2\/users\/1955"}],"replies":[{"embeddable":true,"href":"https:\/\/www.vkd.com\/lv-bayern\/wp-json\/wp\/v2\/comments?post=1884"}],"version-history":[{"count":3,"href":"https:\/\/www.vkd.com\/lv-bayern\/wp-json\/wp\/v2\/posts\/1884\/revisions"}],"predecessor-version":[{"id":1890,"href":"https:\/\/www.vkd.com\/lv-bayern\/wp-json\/wp\/v2\/posts\/1884\/revisions\/1890"}],"wp:featuredmedia":[{"embeddable":true,"href":"https:\/\/www.vkd.com\/lv-bayern\/wp-json\/wp\/v2\/media\/1885"}],"wp:attachment":[{"href":"https:\/\/www.vkd.com\/lv-bayern\/wp-json\/wp\/v2\/media?parent=1884"}],"wp:term":[{"taxonomy":"category","embeddable":true,"href":"https:\/\/www.vkd.com\/lv-bayern\/wp-json\/wp\/v2\/categories?post=1884"},{"taxonomy":"post_tag","embeddable":true,"href":"https:\/\/www.vkd.com\/lv-bayern\/wp-json\/wp\/v2\/tags?post=1884"}],"curies":[{"name":"wp","href":"https:\/\/api.w.org\/{rel}","templated":true}]}}