{"id":1878,"date":"2025-09-30T12:46:47","date_gmt":"2025-09-30T10:46:47","guid":{"rendered":"https:\/\/www.vkd.com\/lv-bayern\/?p=1878"},"modified":"2025-09-30T12:46:47","modified_gmt":"2025-09-30T10:46:47","slug":"die-kraft-des-vkd-bewahren","status":"publish","type":"post","link":"https:\/\/www.vkd.com\/lv-bayern\/news\/die-kraft-des-vkd-bewahren\/","title":{"rendered":"\u201eDie Kraft des VKD bewahren\u201c"},"content":{"rendered":"<div class=\"custom-except\">\n<p>Aus der Gesch\u00e4ftsstelle von Felizitas Laun, VKD-Gesch\u00e4ftsf\u00fchrerin bis Ende September 2025, K\u00dcCHE-Ausgabe Oktober 2025<\/p>\n<\/div>\n<figure id=\"attachment_43879\" class=\"wp-caption alignright\" style=\"width: 183px\" aria-describedby=\"caption-attachment-43879\"><img decoding=\"async\" loading=\"lazy\" class=\"wp-image-43879\" src=\"https:\/\/www.vkd.com\/wp-content\/uploads\/2025\/09\/versammlung-21-scaled.jpg\" alt=\"Felizitas Laun bei der MV 2025. Foto: VKD\/Hilger\" width=\"183\" height=\"275\" \/><figcaption id=\"caption-attachment-43879\" class=\"wp-caption-text\">Felizitas Laun bei der MV 2025. Foto: VKD\/Hilger<\/figcaption><\/figure>\n<p><span data-contrast=\"none\">Mein erstes Jahr in der Gesch\u00e4ftsstelle des VKD hat mich gleich besonders beeindruckt. Es war 1992 und ich erlebte die erste IKA\/Olympiade der K\u00f6che in Frankfurt am Main. Erfurt, Berlin, Stuttgart \u2013 sieben weitere sollten bis heute folgen. Au\u00dferdem trafen sich im gleichen Jahr die Worldchefs, damals noch WACS abgek\u00fcrzt, zu ihrem Kongress in der Mainmetropole und ich kam aus dem Staunen nicht heraus. Da ich urspr\u00fcnglich nicht aus der Gastronomie komme, hatte ich noch nie etwas Vergleichbares gesehen.\u00a0<\/span><span data-ccp-props=\"{&quot;134233117&quot;:false,&quot;134233118&quot;:false,&quot;335559738&quot;:100,&quot;335559739&quot;:100}\">\u00a0<\/span><\/p>\n<p><span data-contrast=\"none\">Mehr als drei Jahrzehnte sp\u00e4ter schaue ich zur\u00fcck auf eine bewegte Zeit, die mich gepr\u00e4gt und pers\u00f6nlich bereichert hat. Ich durfte interessante Menschen und Unternehmen kennen lernen sowie einen faszinierenden Beruf, der viel Leidenschaft, K\u00f6nnen und Engagement voraussetzt. Pers\u00f6nlichkeiten wie Bill Gallagher und Siegfried Schaber werde ich nicht vergessen \u2013 sie haben mich tief beeindruckt und mir gezeigt, wie stark eine Vision sein kann, wenn man sie gemeinsam tr\u00e4gt.\u00a0<\/span><span data-ccp-props=\"{&quot;134233117&quot;:false,&quot;134233118&quot;:false,&quot;335559738&quot;:240,&quot;335559739&quot;:240}\">\u00a0<\/span><\/p>\n<p><b><span data-contrast=\"none\">\u201eDie Energie muss auch nach innen wirken.\u201c<\/span><\/b><span data-ccp-props=\"{&quot;134233117&quot;:false,&quot;134233118&quot;:false,&quot;335559738&quot;:100,&quot;335559739&quot;:100}\">\u00a0<\/span><\/p>\n<p><span data-contrast=\"none\">Das gilt auch f\u00fcr Thomas Gugler, der die \u201ePower of the White Jacket\u201c gepr\u00e4gt hat \u2013 als Symbol f\u00fcr W\u00fcrde, Verantwortung und Energie, die K\u00f6chinnen und K\u00f6che verbinden. Diese Kraft habe ich in meiner Zeit im Verband oft gesp\u00fcrt und gesehen.\u00a0<\/span><span data-contrast=\"none\">Mit hohem Einsatz wurde stets f\u00fcr die Sache gek\u00e4mpft, nur manchmal h\u00e4tte ich mir gew\u00fcnscht, dass der Umgang miteinander direkt und deutlich, aber nicht nachtragend, sondern am Ergebnis orientiert gewesen w\u00e4re.\u00a0<\/span><span data-contrast=\"none\">Denn Energie muss auch nach innen wirken, im Miteinander, im Ehrenamt. Sie ist es, die den VKD stark macht und die ihn auch in Zukunft tragen kann. Darum mein Appell: Bewahren und zeigen Sie diese Kraft \u2013 nicht nur nach au\u00dfen, sondern gerade in Ihrem gemeinsamen Handeln. Wenn diese Energie nachl\u00e4sst, verliert der VKD seine St\u00e4rke.\u00a0<\/span><span data-ccp-props=\"{&quot;134233117&quot;:false,&quot;134233118&quot;:false,&quot;335559738&quot;:240,&quot;335559739&quot;:240}\">\u00a0<\/span><\/p>\n<p><span data-contrast=\"none\">In der Gesch\u00e4ftsstelle war es mir immer wichtig, alle Mitglieder mitzunehmen und gemeinsam L\u00f6sungen f\u00fcr die Mehrheit zu finden. Insgesamt 31 Jahre war ich f\u00fcr den Verband t\u00e4tig, ab Oktober werde ich beruflich andere Wege gehen. Aus dieser Zeit nehme ich viele bleibende und sehr gute Erinnerungen mit. Es sind wertvolle Freundschaften entstanden, die ich nicht missen m\u00f6chte. Daf\u00fcr und f\u00fcr das, was ich lernen und mitnehmen durfte, sage ich Danke.<\/span><\/p>\n<hr \/>\n<blockquote><p><span data-ccp-props=\"{&quot;134233117&quot;:false,&quot;134233118&quot;:false,&quot;335559738&quot;:100,&quot;335559739&quot;:100}\">Dieses \u201eAus der Gesch\u00e4ftsstelle\u201c ist Teil der Ausgabe Oktober 2025 von K\u00dcCHE. Das ganze Magazin k\u00f6nnen VKD-Mitglieder\u00a0<a href=\"https:\/\/epaper.magazin-kueche.de\/de\/profiles\/f0b122631dbf\/editions\" target=\"_blank\" rel=\"noopener\">hier<\/a>\u00a0online lesen.<\/span><\/p><\/blockquote>\n","protected":false},"excerpt":{"rendered":"<p>Aus der Gesch\u00e4ftsstelle von Felizitas Laun, VKD-Gesch\u00e4ftsf\u00fchrerin bis Ende September 2025, K\u00dcCHE-Ausgabe Oktober 2025 Felizitas Laun bei der MV 2025. Foto: VKD\/Hilger Mein erstes Jahr in der Gesch\u00e4ftsstelle des VKD hat mich gleich besonders beeindruckt. Es war 1992 und ich erlebte die erste IKA\/Olympiade der K\u00f6che in Frankfurt am Main. Erfurt, Berlin, Stuttgart \u2013 sieben&#8230;<\/p>\n","protected":false},"author":1955,"featured_media":1879,"comment_status":"closed","ping_status":"open","sticky":false,"template":"","format":"standard","meta":[],"categories":[1],"tags":[],"yoast_head":"<!-- This site is optimized with the Yoast SEO plugin v20.0 - https:\/\/yoast.com\/wordpress\/plugins\/seo\/ -->\n<title>\u201eDie Kraft des VKD bewahren\u201c - Landesverband der K\u00f6che Bayern<\/title>\n<meta name=\"robots\" content=\"noindex, follow, max-snippet:-1, max-image-preview:large, max-video-preview:-1\" \/>\n<meta property=\"og:locale\" content=\"de_DE\" \/>\n<meta property=\"og:type\" content=\"article\" \/>\n<meta property=\"og:title\" content=\"\u201eDie Kraft des VKD bewahren\u201c - Landesverband der K\u00f6che Bayern\" \/>\n<meta property=\"og:description\" content=\"Aus der Gesch\u00e4ftsstelle von Felizitas Laun, VKD-Gesch\u00e4ftsf\u00fchrerin bis Ende September 2025, K\u00dcCHE-Ausgabe Oktober 2025 Felizitas Laun bei der MV 2025. Foto: VKD\/Hilger Mein erstes Jahr in der Gesch\u00e4ftsstelle des VKD hat mich gleich besonders beeindruckt. Es war 1992 und ich erlebte die erste IKA\/Olympiade der K\u00f6che in Frankfurt am Main. Erfurt, Berlin, Stuttgart \u2013 sieben...\" \/>\n<meta property=\"og:url\" content=\"https:\/\/www.vkd.com\/lv-bayern\/news\/die-kraft-des-vkd-bewahren\/\" \/>\n<meta property=\"og:site_name\" content=\"Landesverband der K\u00f6che Bayern\" \/>\n<meta property=\"article:published_time\" content=\"2025-09-30T10:46:47+00:00\" \/>\n<meta property=\"og:image\" content=\"https:\/\/www.vkd.com\/lv-bayern\/wp-content\/uploads\/sites\/14\/2025\/09\/versammlung-73-1024x683-1.jpg\" \/>\n\t<meta property=\"og:image:width\" content=\"1024\" \/>\n\t<meta property=\"og:image:height\" content=\"683\" \/>\n\t<meta property=\"og:image:type\" content=\"image\/jpeg\" \/>\n<meta name=\"author\" content=\"Kostadinov Alexander\" \/>\n<meta name=\"twitter:card\" content=\"summary_large_image\" \/>\n<meta name=\"twitter:label1\" content=\"Verfasst von\" \/>\n\t<meta name=\"twitter:data1\" content=\"Kostadinov Alexander\" \/>\n\t<meta name=\"twitter:label2\" content=\"Gesch\u00e4tzte Lesezeit\" \/>\n\t<meta name=\"twitter:data2\" content=\"3\u00a0Minuten\" \/>\n<script type=\"application\/ld+json\" class=\"yoast-schema-graph\">{\"@context\":\"https:\/\/schema.org\",\"@graph\":[{\"@type\":\"WebPage\",\"@id\":\"https:\/\/www.vkd.com\/lv-bayern\/news\/die-kraft-des-vkd-bewahren\/\",\"url\":\"https:\/\/www.vkd.com\/lv-bayern\/news\/die-kraft-des-vkd-bewahren\/\",\"name\":\"\u201eDie Kraft des VKD bewahren\u201c - Landesverband der K\u00f6che Bayern\",\"isPartOf\":{\"@id\":\"https:\/\/www.vkd.com\/lv-bayern\/#website\"},\"datePublished\":\"2025-09-30T10:46:47+00:00\",\"dateModified\":\"2025-09-30T10:46:47+00:00\",\"author\":{\"@id\":\"https:\/\/www.vkd.com\/lv-bayern\/#\/schema\/person\/19c4bb106ca4de98c60e2cb5ac7f572f\"},\"breadcrumb\":{\"@id\":\"https:\/\/www.vkd.com\/lv-bayern\/news\/die-kraft-des-vkd-bewahren\/#breadcrumb\"},\"inLanguage\":\"de\",\"potentialAction\":[{\"@type\":\"ReadAction\",\"target\":[\"https:\/\/www.vkd.com\/lv-bayern\/news\/die-kraft-des-vkd-bewahren\/\"]}]},{\"@type\":\"BreadcrumbList\",\"@id\":\"https:\/\/www.vkd.com\/lv-bayern\/news\/die-kraft-des-vkd-bewahren\/#breadcrumb\",\"itemListElement\":[{\"@type\":\"ListItem\",\"position\":1,\"name\":\"Startseite\",\"item\":\"https:\/\/www.vkd.com\/lv-bayern\/\"},{\"@type\":\"ListItem\",\"position\":2,\"name\":\"\u201eDie Kraft des VKD bewahren\u201c\"}]},{\"@type\":\"WebSite\",\"@id\":\"https:\/\/www.vkd.com\/lv-bayern\/#website\",\"url\":\"https:\/\/www.vkd.com\/lv-bayern\/\",\"name\":\"Landesverband der K\u00f6che Bayern\",\"description\":\"Landesverband im Verband der K\u00f6che Deutschlands e.V.\",\"potentialAction\":[{\"@type\":\"SearchAction\",\"target\":{\"@type\":\"EntryPoint\",\"urlTemplate\":\"https:\/\/www.vkd.com\/lv-bayern\/?s={search_term_string}\"},\"query-input\":\"required name=search_term_string\"}],\"inLanguage\":\"de\"},{\"@type\":\"Person\",\"@id\":\"https:\/\/www.vkd.com\/lv-bayern\/#\/schema\/person\/19c4bb106ca4de98c60e2cb5ac7f572f\",\"name\":\"Kostadinov Alexander\",\"image\":{\"@type\":\"ImageObject\",\"inLanguage\":\"de\",\"@id\":\"https:\/\/www.vkd.com\/lv-bayern\/#\/schema\/person\/image\/\",\"url\":\"https:\/\/secure.gravatar.com\/avatar\/b0cb85e5c215fe1114e6d2404492358d?s=96&d=mm&r=g\",\"contentUrl\":\"https:\/\/secure.gravatar.com\/avatar\/b0cb85e5c215fe1114e6d2404492358d?s=96&d=mm&r=g\",\"caption\":\"Kostadinov Alexander\"},\"url\":\"https:\/\/www.vkd.com\/lv-bayern\/news\/author\/gentscher-jungentscher-de\/\"}]}<\/script>\n<!-- \/ Yoast SEO plugin. -->","yoast_head_json":{"title":"\u201eDie Kraft des VKD bewahren\u201c - Landesverband der K\u00f6che Bayern","robots":{"index":"noindex","follow":"follow","max-snippet":"max-snippet:-1","max-image-preview":"max-image-preview:large","max-video-preview":"max-video-preview:-1"},"og_locale":"de_DE","og_type":"article","og_title":"\u201eDie Kraft des VKD bewahren\u201c - Landesverband der K\u00f6che Bayern","og_description":"Aus der Gesch\u00e4ftsstelle von Felizitas Laun, VKD-Gesch\u00e4ftsf\u00fchrerin bis Ende September 2025, K\u00dcCHE-Ausgabe Oktober 2025 Felizitas Laun bei der MV 2025. Foto: VKD\/Hilger Mein erstes Jahr in der Gesch\u00e4ftsstelle des VKD hat mich gleich besonders beeindruckt. Es war 1992 und ich erlebte die erste IKA\/Olympiade der K\u00f6che in Frankfurt am Main. Erfurt, Berlin, Stuttgart \u2013 sieben...","og_url":"https:\/\/www.vkd.com\/lv-bayern\/news\/die-kraft-des-vkd-bewahren\/","og_site_name":"Landesverband der K\u00f6che Bayern","article_published_time":"2025-09-30T10:46:47+00:00","og_image":[{"width":1024,"height":683,"url":"https:\/\/www.vkd.com\/lv-bayern\/wp-content\/uploads\/sites\/14\/2025\/09\/versammlung-73-1024x683-1.jpg","type":"image\/jpeg"}],"author":"Kostadinov Alexander","twitter_card":"summary_large_image","twitter_misc":{"Verfasst von":"Kostadinov Alexander","Gesch\u00e4tzte Lesezeit":"3\u00a0Minuten"},"schema":{"@context":"https:\/\/schema.org","@graph":[{"@type":"WebPage","@id":"https:\/\/www.vkd.com\/lv-bayern\/news\/die-kraft-des-vkd-bewahren\/","url":"https:\/\/www.vkd.com\/lv-bayern\/news\/die-kraft-des-vkd-bewahren\/","name":"\u201eDie Kraft des VKD bewahren\u201c - Landesverband der K\u00f6che Bayern","isPartOf":{"@id":"https:\/\/www.vkd.com\/lv-bayern\/#website"},"datePublished":"2025-09-30T10:46:47+00:00","dateModified":"2025-09-30T10:46:47+00:00","author":{"@id":"https:\/\/www.vkd.com\/lv-bayern\/#\/schema\/person\/19c4bb106ca4de98c60e2cb5ac7f572f"},"breadcrumb":{"@id":"https:\/\/www.vkd.com\/lv-bayern\/news\/die-kraft-des-vkd-bewahren\/#breadcrumb"},"inLanguage":"de","potentialAction":[{"@type":"ReadAction","target":["https:\/\/www.vkd.com\/lv-bayern\/news\/die-kraft-des-vkd-bewahren\/"]}]},{"@type":"BreadcrumbList","@id":"https:\/\/www.vkd.com\/lv-bayern\/news\/die-kraft-des-vkd-bewahren\/#breadcrumb","itemListElement":[{"@type":"ListItem","position":1,"name":"Startseite","item":"https:\/\/www.vkd.com\/lv-bayern\/"},{"@type":"ListItem","position":2,"name":"\u201eDie Kraft des VKD bewahren\u201c"}]},{"@type":"WebSite","@id":"https:\/\/www.vkd.com\/lv-bayern\/#website","url":"https:\/\/www.vkd.com\/lv-bayern\/","name":"Landesverband der K\u00f6che Bayern","description":"Landesverband im Verband der K\u00f6che Deutschlands e.V.","potentialAction":[{"@type":"SearchAction","target":{"@type":"EntryPoint","urlTemplate":"https:\/\/www.vkd.com\/lv-bayern\/?s={search_term_string}"},"query-input":"required name=search_term_string"}],"inLanguage":"de"},{"@type":"Person","@id":"https:\/\/www.vkd.com\/lv-bayern\/#\/schema\/person\/19c4bb106ca4de98c60e2cb5ac7f572f","name":"Kostadinov Alexander","image":{"@type":"ImageObject","inLanguage":"de","@id":"https:\/\/www.vkd.com\/lv-bayern\/#\/schema\/person\/image\/","url":"https:\/\/secure.gravatar.com\/avatar\/b0cb85e5c215fe1114e6d2404492358d?s=96&d=mm&r=g","contentUrl":"https:\/\/secure.gravatar.com\/avatar\/b0cb85e5c215fe1114e6d2404492358d?s=96&d=mm&r=g","caption":"Kostadinov Alexander"},"url":"https:\/\/www.vkd.com\/lv-bayern\/news\/author\/gentscher-jungentscher-de\/"}]}},"_links":{"self":[{"href":"https:\/\/www.vkd.com\/lv-bayern\/wp-json\/wp\/v2\/posts\/1878"}],"collection":[{"href":"https:\/\/www.vkd.com\/lv-bayern\/wp-json\/wp\/v2\/posts"}],"about":[{"href":"https:\/\/www.vkd.com\/lv-bayern\/wp-json\/wp\/v2\/types\/post"}],"author":[{"embeddable":true,"href":"https:\/\/www.vkd.com\/lv-bayern\/wp-json\/wp\/v2\/users\/1955"}],"replies":[{"embeddable":true,"href":"https:\/\/www.vkd.com\/lv-bayern\/wp-json\/wp\/v2\/comments?post=1878"}],"version-history":[{"count":3,"href":"https:\/\/www.vkd.com\/lv-bayern\/wp-json\/wp\/v2\/posts\/1878\/revisions"}],"predecessor-version":[{"id":1883,"href":"https:\/\/www.vkd.com\/lv-bayern\/wp-json\/wp\/v2\/posts\/1878\/revisions\/1883"}],"wp:featuredmedia":[{"embeddable":true,"href":"https:\/\/www.vkd.com\/lv-bayern\/wp-json\/wp\/v2\/media\/1879"}],"wp:attachment":[{"href":"https:\/\/www.vkd.com\/lv-bayern\/wp-json\/wp\/v2\/media?parent=1878"}],"wp:term":[{"taxonomy":"category","embeddable":true,"href":"https:\/\/www.vkd.com\/lv-bayern\/wp-json\/wp\/v2\/categories?post=1878"},{"taxonomy":"post_tag","embeddable":true,"href":"https:\/\/www.vkd.com\/lv-bayern\/wp-json\/wp\/v2\/tags?post=1878"}],"curies":[{"name":"wp","href":"https:\/\/api.w.org\/{rel}","templated":true}]}}