{"id":1873,"date":"2025-09-29T07:44:16","date_gmt":"2025-09-29T05:44:16","guid":{"rendered":"https:\/\/www.vkd.com\/lv-bayern\/?p=1873"},"modified":"2025-09-29T07:44:16","modified_gmt":"2025-09-29T05:44:16","slug":"mit-herzblut-und-leidenschaft-vorbild-sein-vkd-verleiht-laurentius-2025","status":"publish","type":"post","link":"https:\/\/www.vkd.com\/lv-bayern\/news\/mit-herzblut-und-leidenschaft-vorbild-sein-vkd-verleiht-laurentius-2025\/","title":{"rendered":"\u201eMit Herzblut und Leidenschaft Vorbild sein\u201c: VKD verleiht Laurentius 2025"},"content":{"rendered":"<div class=\"custom-except\">\n<p>In Frankfurt am Main ehrte der Verband herausragende Ausbilder mit dem \u201eLaurentius 2025\u201c. Mehr als 100 G\u00e4ste feierten die Preistr\u00e4ger, die mit Engagement den Nachwuchs im Kochberuf f\u00f6rdern.<\/p>\n<\/div>\n<p><span data-contrast=\"auto\"><strong>Text<\/strong>\u00a0Anna H\u00e4user<\/span><\/p>\n<p><span data-contrast=\"auto\">Ein festlicher Abend im Zeichen der Kochausbildung: Am Samstag, den 27. September 2025, versammelten sich mehr als 100 G\u00e4ste im Scandic am Museumsufer in Frankfurt am Main, um die Verleihung des diesj\u00e4hrigen Laurentius \u2013 Ausbildungs-Award des VKD mitzuerleben. In stimmungsvoller Atmosph\u00e4re stand\u00a0 an diesem Abend die Wertsch\u00e4tzung f\u00fcr engagierte Ausbilderinnen und Ausbilder im Mittelpunkt. \u201eMit dem Laurentius m\u00f6chten wir ein deutliches Signal setzen: Gute Ausbildung ist das Fundament unserer Branche. Die heutige Feier zeigt, dass wir Menschen haben, die mit Ideenreichtum und Herzblut jungen Talenten Perspektiven er\u00f6ffnen\u201c, sagte VKD-Pr\u00e4sidiumsmitglied und Jury-Vorsitzender Joachim Elflein im Rahmen der Preisverleihung.<\/span><span data-ccp-props=\"{&quot;201341983&quot;:0,&quot;335559739&quot;:160,&quot;335559740&quot;:259}\">\u00a0<\/span><\/p>\n<p><b><span data-contrast=\"auto\">Einblicke und Austausch<\/span><\/b><span data-ccp-props=\"{&quot;201341983&quot;:0,&quot;335559739&quot;:160,&quot;335559740&quot;:259}\">\u00a0<\/span><\/p>\n<p><span data-contrast=\"auto\">F\u00fcr heitere Stimmung sorgte Thomas B\u00e4ppler-Wolf, Entertainer und Mitglied der Frankfurter Stadtverordnetenversammlung, mit seinen kulinarisch gepr\u00e4gten Anekdoten rund um Handk\u00e4s\u2019 mit Musik und Apfelwein. Spannende Einblicke gew\u00e4hrte au\u00dferdem Klaus B\u00f6hler, ehemaliger K\u00fcchendirektor des Sheraton Frankfurt Flughafen, der aus seiner Zeit als Ausbilder berichtete und sich mit Dennis Schneider, Sieger des Cha\u00eene-Nachwuchswettbewerbs und Mitglied der deutschen K\u00f6che-Jugendnationalmannschaft, \u00fcber Ausbildung und Nachwuchsf\u00f6rderung austauschte. Wertsch\u00e4tzende Worte f\u00fcr die Ausbilderinnen und Ausbilder kamen dar\u00fcber hinaus von Laurentius-Mentor und TV-Koch Johann Lafer sowie von den Laurentius-Advanced-Partnern Chefs Culinar, vertreten durch Daniel K\u00e4mmer, und der Landwirtschaftlichen Rentenbank, repr\u00e4sentiert von Christian Pohl und Marco Engel.<\/span><span data-ccp-props=\"{&quot;134233117&quot;:false,&quot;134233118&quot;:false,&quot;335559738&quot;:240,&quot;335559739&quot;:240}\">\u00a0<\/span><\/p>\n<figure id=\"attachment_43775\" class=\"wp-caption alignright\" aria-describedby=\"caption-attachment-43775\"><img decoding=\"async\" loading=\"lazy\" class=\"wp-image-43775\" src=\"https:\/\/www.vkd.com\/wp-content\/uploads\/2025\/09\/Laurentius-3-scaled.jpg\" alt=\"Die Freude \u00fcber die Auszeichnung war gro\u00df. Foto: VKD\/Hilger\" width=\"300\" height=\"450\" \/><figcaption id=\"caption-attachment-43775\" class=\"wp-caption-text\">Die Freude \u00fcber die Auszeichnung war gro\u00df. Foto: VKD\/Hilger<\/figcaption><\/figure>\n<p><b><span data-contrast=\"auto\">Die Gewinner des Laurentius 2025<\/span><\/b><span data-ccp-props=\"{&quot;134233117&quot;:false,&quot;134233118&quot;:false,&quot;335559738&quot;:240,&quot;335559739&quot;:240}\">\u00a0<\/span><\/p>\n<p><span data-contrast=\"auto\">Unter gro\u00dfem Beifall und voller Erwartung wurden schlie\u00dflich die f\u00fcnf Preistr\u00e4ger bekanntgegeben: Maik Delling vom Schlosscaf\u00e9 in Teningen, Bernd Helm vom Strandhotel Hohenzollern auf Borkum, Sebastian H\u00f6lscher vom Dorint Hotel in Frankfurt Oberursel, Frank M\u00fcller vom Gasthaus M\u00fcller in Barsinghausen und Jesco Schambach vom KWA Stift am Parksee in Unterhaching. Die Gewinner d\u00fcrfen sich \u00fcber hochwertige Preise freuen: den Hauptgewinn, eine kulinarische Reise an den Bodensee, erm\u00f6glicht von VKD-Goldsponsor H\u00fcgli, Weiterbildungsgutscheine im Wert von jeweils 1.000 Euro von der Deutschen Hotelakademie (DHA) sowie die Teilnahme an einem exklusiven Gew\u00fcrzseminar von Wiberg. Erg\u00e4nzt wird das Paket durch eine Urkunde, einen Pokal und eine Kochjacke.<\/span><span data-ccp-props=\"{&quot;134233117&quot;:false,&quot;134233118&quot;:false,&quot;335559738&quot;:240,&quot;335559739&quot;:240}\">\u00a0<\/span><\/p>\n<p><b><span data-contrast=\"none\">Qual der Wahl<\/span><\/b><span data-ccp-props=\"{&quot;134233117&quot;:false,&quot;134233118&quot;:false,&quot;201341983&quot;:0,&quot;335551550&quot;:1,&quot;335551620&quot;:1,&quot;335559685&quot;:0,&quot;335559737&quot;:0,&quot;335559738&quot;:240,&quot;335559739&quot;:240,&quot;335559740&quot;:279}\">\u00a0<\/span><\/p>\n<p><span data-contrast=\"auto\">Insgesamt hatte die Jury in dieser dritten Laurentius-Runde neun Ausbilder nominiert. \u201eDie Entscheidung fiel uns in diesem Jahr besonders schwer. Alle Nominierten lagen in der Bewertung sehr dicht beieinander\u201c, so Joachim Elflein. \u201eSie alle haben eindrucksvoll gezeigt, mit welcher Leidenschaft sie ihren Beruf aus\u00fcben und wie sehr sie der n\u00e4chsten Generation ein Vorbild sein m\u00f6chten. Ob in der Gemeinschaftsverpflegung, im Hotel oder in der gehobenen Gastronomie \u2013 jeder findet seinen eigenen Weg, junge Menschen zu f\u00f6rdern, zu fordern und f\u00fcr den sch\u00f6nsten Beruf der Welt zu begeistern. Dieses Engagement macht die Nominierten zu einer Inspiration f\u00fcr die gesamte Branche.\u201c<\/span><span data-ccp-props=\"{&quot;134233117&quot;:false,&quot;134233118&quot;:false,&quot;335559738&quot;:240,&quot;335559739&quot;:240}\">\u00a0<\/span><\/p>\n<p><span data-contrast=\"auto\">Der Laurentius wurde 2023 ins Leben gerufen und feierte in diesem Jahr bereits seine dritte Auflage. K\u00f6chinnen und K\u00f6che aus ganz Deutschland hatten sich f\u00fcr den Award beworben. M\u00f6glich wird die Auszeichnung auch durch die Unterst\u00fctzung zahlreicher Partnerunternehmen. \u201eWir bedanken uns herzlich bei Chefs Culinar und der Rentenbank sowie bei Hubensack, Friesenkrone, H\u00fcgli, und Winterhalter\u201c, unterstrich Elflein. \u201eDieses Engagement ist nicht selbstverst\u00e4ndlich und wir wissen die Unterst\u00fctzung sehr zu sch\u00e4tzen.\u201c<\/span><span data-ccp-props=\"{&quot;134233117&quot;:false,&quot;134233118&quot;:false,&quot;335559738&quot;:240,&quot;335559739&quot;:240}\">\u00a0<\/span><\/p>\n<p><span data-contrast=\"auto\">Mit der Verleihung des Laurentius 2025 wurde einmal mehr deutlich, welchen Unterschied engagierte Ausbilderinnen und Ausbilder f\u00fcr die Zukunft des Kochberufs machen. Ihre Arbeit pr\u00e4gt Karrieren und st\u00e4rkt das Fundament einer lebendigen und vielf\u00e4ltigen Gastronomielandschaft.\u00a0<\/span><\/p>\n<hr \/>\n<h3 class=\"upcse\">Auf einen Blick: Laurentius 2025<\/h3>\n<blockquote><p><b><span data-contrast=\"none\">Sieger<\/span><\/b><span data-ccp-props=\"{&quot;201341983&quot;:0,&quot;335559739&quot;:160,&quot;335559740&quot;:259}\">\u00a0<\/span><\/p>\n<ul>\n<li><span data-contrast=\"none\">Maik Delling | Schlosscaf\u00e9, Teningen<\/span><span data-ccp-props=\"{&quot;201341983&quot;:0,&quot;335559739&quot;:160,&quot;335559740&quot;:259}\">\u00a0<\/span><\/li>\n<li><span data-contrast=\"none\">Bernd Helm | Strandhotel Hohenzollern, Borkum<\/span><span data-ccp-props=\"{&quot;201341983&quot;:0,&quot;335559739&quot;:160,&quot;335559740&quot;:259}\">\u00a0<\/span><\/li>\n<li><span data-contrast=\"none\">Sebastian H\u00f6lscher | Dorint Hotel Frankfurt\/Oberursel, Oberursel<\/span><span data-ccp-props=\"{&quot;201341983&quot;:0,&quot;335559739&quot;:160,&quot;335559740&quot;:259}\">\u00a0<\/span><\/li>\n<li><span data-contrast=\"none\">Frank M\u00fcller | Gasthaus M\u00fcller, Barsinghausen<\/span><span data-ccp-props=\"{&quot;201341983&quot;:0,&quot;335559739&quot;:160,&quot;335559740&quot;:259}\">\u00a0<\/span><\/li>\n<li><span data-contrast=\"none\">Jesco Schambach | KWA Stift am Parksee, Unterhaching<\/span><span data-ccp-props=\"{&quot;201341983&quot;:0,&quot;335559739&quot;:160,&quot;335559740&quot;:259}\">\u00a0<\/span><\/li>\n<\/ul>\n<\/blockquote>\n<hr \/>\n<blockquote><p><b><span data-contrast=\"none\">Nominierte<\/span><\/b><span data-ccp-props=\"{&quot;201341983&quot;:0,&quot;335559739&quot;:160,&quot;335559740&quot;:259}\">\u00a0<\/span><\/p>\n<ul>\n<li><span data-contrast=\"none\">Eric Essen | Mercure Hotel, Bielefeld<\/span><span data-ccp-props=\"{&quot;201341983&quot;:0,&quot;335559739&quot;:160,&quot;335559740&quot;:259}\">\u00a0<\/span><\/li>\n<li><span data-contrast=\"none\">Sebastian H\u00f6g | Romantik Hotel Kieler Kaufmann, Kiel<\/span><span data-ccp-props=\"{&quot;201341983&quot;:0,&quot;335559739&quot;:160,&quot;335559740&quot;:259}\">\u00a0<\/span><\/li>\n<li><span data-contrast=\"none\">Andreas Rehberger | Rehbergers im Schloss Hohenstein, Ahorn<\/span><span data-ccp-props=\"{&quot;201341983&quot;:0,&quot;335559739&quot;:160,&quot;335559740&quot;:259}\">\u00a0<\/span><\/li>\n<li><span data-contrast=\"none\">Max Riezler | Schlosshotel Kassel Bad Wilhelmsh\u00f6he, Kassel<\/span><span data-ccp-props=\"{&quot;201341983&quot;:0,&quot;335559739&quot;:160,&quot;335559740&quot;:259}\">\u00a0<\/span><\/li>\n<\/ul>\n<\/blockquote>\n<hr \/>\n<blockquote><p><b><span data-contrast=\"none\">Jury<\/span><\/b><span data-ccp-props=\"{&quot;201341983&quot;:0,&quot;335559685&quot;:0,&quot;335559739&quot;:160,&quot;335559740&quot;:259}\">\u00a0<\/span><\/p>\n<p><span data-contrast=\"none\">Joachim Elflein (Vorsitzender), Marketa Schellenberg, Kurt Henkensmeier, Michael Schneider, Mark-Erich Volker<\/span><span data-ccp-props=\"{&quot;201341983&quot;:0,&quot;335559685&quot;:0,&quot;335559739&quot;:160,&quot;335559740&quot;:259}\">\u00a0<\/span><\/p><\/blockquote>\n<hr \/>\n<blockquote>\n<p style=\"text-align: center\"><a class=\"btn btn-green\" href=\"https:\/\/www.vkd.com\/laurentius\/\" target=\"_blank\" rel=\"noopener\"><strong>Mehr Infos zum Laurentius<\/strong><\/a><\/p>\n<p style=\"text-align: center\">\n<a class=\"btn btn-green\" href=\"https:\/\/www.youtube.com\/playlist?list=PLkWtGy67QVN_H6Hy7zeeHkJ35_scC8zBS\" target=\"_blank\" rel=\"noopener\"><strong>Vorstellungs-Videos der Nominierten<\/strong><\/a><\/p>\n<p>&nbsp;<\/p><\/blockquote>\n<p><a href=\"https:\/\/www.vkd.com\/laurentius\/partner-und-sponsoren\/\"><img decoding=\"async\" loading=\"lazy\" class=\"aligncenter wp-image-43770 size-full\" src=\"https:\/\/www.vkd.com\/wp-content\/uploads\/2025\/09\/Laurentius-Sponsoren_20250927.png\" alt=\"\" width=\"1800\" height=\"450\" \/><\/a><\/p>\n","protected":false},"excerpt":{"rendered":"<p>In Frankfurt am Main ehrte der Verband herausragende Ausbilder mit dem \u201eLaurentius 2025\u201c. Mehr als 100 G\u00e4ste feierten die Preistr\u00e4ger, die mit Engagement den Nachwuchs im Kochberuf f\u00f6rdern. Text\u00a0Anna H\u00e4user Ein festlicher Abend im Zeichen der Kochausbildung: Am Samstag, den 27. September 2025, versammelten sich mehr als 100 G\u00e4ste im Scandic am Museumsufer in Frankfurt&#8230;<\/p>\n","protected":false},"author":1955,"featured_media":1874,"comment_status":"closed","ping_status":"open","sticky":false,"template":"","format":"standard","meta":[],"categories":[1],"tags":[],"yoast_head":"<!-- This site is optimized with the Yoast SEO plugin v20.0 - https:\/\/yoast.com\/wordpress\/plugins\/seo\/ -->\n<title>\u201eMit Herzblut und Leidenschaft Vorbild sein\u201c: VKD verleiht Laurentius 2025 - Landesverband der K\u00f6che Bayern<\/title>\n<meta name=\"robots\" content=\"noindex, follow, max-snippet:-1, max-image-preview:large, max-video-preview:-1\" \/>\n<meta property=\"og:locale\" content=\"de_DE\" \/>\n<meta property=\"og:type\" content=\"article\" \/>\n<meta property=\"og:title\" content=\"\u201eMit Herzblut und Leidenschaft Vorbild sein\u201c: VKD verleiht Laurentius 2025 - Landesverband der K\u00f6che Bayern\" \/>\n<meta property=\"og:description\" content=\"In Frankfurt am Main ehrte der Verband herausragende Ausbilder mit dem \u201eLaurentius 2025\u201c. Mehr als 100 G\u00e4ste feierten die Preistr\u00e4ger, die mit Engagement den Nachwuchs im Kochberuf f\u00f6rdern. Text\u00a0Anna H\u00e4user Ein festlicher Abend im Zeichen der Kochausbildung: Am Samstag, den 27. September 2025, versammelten sich mehr als 100 G\u00e4ste im Scandic am Museumsufer in Frankfurt...\" \/>\n<meta property=\"og:url\" content=\"https:\/\/www.vkd.com\/lv-bayern\/news\/mit-herzblut-und-leidenschaft-vorbild-sein-vkd-verleiht-laurentius-2025\/\" \/>\n<meta property=\"og:site_name\" content=\"Landesverband der K\u00f6che Bayern\" \/>\n<meta property=\"article:published_time\" content=\"2025-09-29T05:44:16+00:00\" \/>\n<meta property=\"og:image\" content=\"https:\/\/www.vkd.com\/lv-bayern\/wp-content\/uploads\/sites\/14\/2025\/09\/Laurentius-6-1024x683-1.jpg\" \/>\n\t<meta property=\"og:image:width\" content=\"1024\" \/>\n\t<meta property=\"og:image:height\" content=\"683\" \/>\n\t<meta property=\"og:image:type\" content=\"image\/jpeg\" \/>\n<meta name=\"author\" content=\"Kostadinov Alexander\" \/>\n<meta name=\"twitter:card\" content=\"summary_large_image\" \/>\n<meta name=\"twitter:label1\" content=\"Verfasst von\" \/>\n\t<meta name=\"twitter:data1\" content=\"Kostadinov Alexander\" \/>\n\t<meta name=\"twitter:label2\" content=\"Gesch\u00e4tzte Lesezeit\" \/>\n\t<meta name=\"twitter:data2\" content=\"4\u00a0Minuten\" \/>\n<script type=\"application\/ld+json\" class=\"yoast-schema-graph\">{\"@context\":\"https:\/\/schema.org\",\"@graph\":[{\"@type\":\"WebPage\",\"@id\":\"https:\/\/www.vkd.com\/lv-bayern\/news\/mit-herzblut-und-leidenschaft-vorbild-sein-vkd-verleiht-laurentius-2025\/\",\"url\":\"https:\/\/www.vkd.com\/lv-bayern\/news\/mit-herzblut-und-leidenschaft-vorbild-sein-vkd-verleiht-laurentius-2025\/\",\"name\":\"\u201eMit Herzblut und Leidenschaft Vorbild sein\u201c: VKD verleiht Laurentius 2025 - Landesverband der K\u00f6che Bayern\",\"isPartOf\":{\"@id\":\"https:\/\/www.vkd.com\/lv-bayern\/#website\"},\"datePublished\":\"2025-09-29T05:44:16+00:00\",\"dateModified\":\"2025-09-29T05:44:16+00:00\",\"author\":{\"@id\":\"https:\/\/www.vkd.com\/lv-bayern\/#\/schema\/person\/19c4bb106ca4de98c60e2cb5ac7f572f\"},\"breadcrumb\":{\"@id\":\"https:\/\/www.vkd.com\/lv-bayern\/news\/mit-herzblut-und-leidenschaft-vorbild-sein-vkd-verleiht-laurentius-2025\/#breadcrumb\"},\"inLanguage\":\"de\",\"potentialAction\":[{\"@type\":\"ReadAction\",\"target\":[\"https:\/\/www.vkd.com\/lv-bayern\/news\/mit-herzblut-und-leidenschaft-vorbild-sein-vkd-verleiht-laurentius-2025\/\"]}]},{\"@type\":\"BreadcrumbList\",\"@id\":\"https:\/\/www.vkd.com\/lv-bayern\/news\/mit-herzblut-und-leidenschaft-vorbild-sein-vkd-verleiht-laurentius-2025\/#breadcrumb\",\"itemListElement\":[{\"@type\":\"ListItem\",\"position\":1,\"name\":\"Startseite\",\"item\":\"https:\/\/www.vkd.com\/lv-bayern\/\"},{\"@type\":\"ListItem\",\"position\":2,\"name\":\"\u201eMit Herzblut und Leidenschaft Vorbild sein\u201c: VKD verleiht Laurentius 2025\"}]},{\"@type\":\"WebSite\",\"@id\":\"https:\/\/www.vkd.com\/lv-bayern\/#website\",\"url\":\"https:\/\/www.vkd.com\/lv-bayern\/\",\"name\":\"Landesverband der K\u00f6che Bayern\",\"description\":\"Landesverband im Verband der K\u00f6che Deutschlands e.V.\",\"potentialAction\":[{\"@type\":\"SearchAction\",\"target\":{\"@type\":\"EntryPoint\",\"urlTemplate\":\"https:\/\/www.vkd.com\/lv-bayern\/?s={search_term_string}\"},\"query-input\":\"required name=search_term_string\"}],\"inLanguage\":\"de\"},{\"@type\":\"Person\",\"@id\":\"https:\/\/www.vkd.com\/lv-bayern\/#\/schema\/person\/19c4bb106ca4de98c60e2cb5ac7f572f\",\"name\":\"Kostadinov Alexander\",\"image\":{\"@type\":\"ImageObject\",\"inLanguage\":\"de\",\"@id\":\"https:\/\/www.vkd.com\/lv-bayern\/#\/schema\/person\/image\/\",\"url\":\"https:\/\/secure.gravatar.com\/avatar\/b0cb85e5c215fe1114e6d2404492358d?s=96&d=mm&r=g\",\"contentUrl\":\"https:\/\/secure.gravatar.com\/avatar\/b0cb85e5c215fe1114e6d2404492358d?s=96&d=mm&r=g\",\"caption\":\"Kostadinov Alexander\"},\"url\":\"https:\/\/www.vkd.com\/lv-bayern\/news\/author\/gentscher-jungentscher-de\/\"}]}<\/script>\n<!-- \/ Yoast SEO plugin. -->","yoast_head_json":{"title":"\u201eMit Herzblut und Leidenschaft Vorbild sein\u201c: VKD verleiht Laurentius 2025 - Landesverband der K\u00f6che Bayern","robots":{"index":"noindex","follow":"follow","max-snippet":"max-snippet:-1","max-image-preview":"max-image-preview:large","max-video-preview":"max-video-preview:-1"},"og_locale":"de_DE","og_type":"article","og_title":"\u201eMit Herzblut und Leidenschaft Vorbild sein\u201c: VKD verleiht Laurentius 2025 - Landesverband der K\u00f6che Bayern","og_description":"In Frankfurt am Main ehrte der Verband herausragende Ausbilder mit dem \u201eLaurentius 2025\u201c. Mehr als 100 G\u00e4ste feierten die Preistr\u00e4ger, die mit Engagement den Nachwuchs im Kochberuf f\u00f6rdern. Text\u00a0Anna H\u00e4user Ein festlicher Abend im Zeichen der Kochausbildung: Am Samstag, den 27. September 2025, versammelten sich mehr als 100 G\u00e4ste im Scandic am Museumsufer in Frankfurt...","og_url":"https:\/\/www.vkd.com\/lv-bayern\/news\/mit-herzblut-und-leidenschaft-vorbild-sein-vkd-verleiht-laurentius-2025\/","og_site_name":"Landesverband der K\u00f6che Bayern","article_published_time":"2025-09-29T05:44:16+00:00","og_image":[{"width":1024,"height":683,"url":"https:\/\/www.vkd.com\/lv-bayern\/wp-content\/uploads\/sites\/14\/2025\/09\/Laurentius-6-1024x683-1.jpg","type":"image\/jpeg"}],"author":"Kostadinov Alexander","twitter_card":"summary_large_image","twitter_misc":{"Verfasst von":"Kostadinov Alexander","Gesch\u00e4tzte Lesezeit":"4\u00a0Minuten"},"schema":{"@context":"https:\/\/schema.org","@graph":[{"@type":"WebPage","@id":"https:\/\/www.vkd.com\/lv-bayern\/news\/mit-herzblut-und-leidenschaft-vorbild-sein-vkd-verleiht-laurentius-2025\/","url":"https:\/\/www.vkd.com\/lv-bayern\/news\/mit-herzblut-und-leidenschaft-vorbild-sein-vkd-verleiht-laurentius-2025\/","name":"\u201eMit Herzblut und Leidenschaft Vorbild sein\u201c: VKD verleiht Laurentius 2025 - Landesverband der K\u00f6che Bayern","isPartOf":{"@id":"https:\/\/www.vkd.com\/lv-bayern\/#website"},"datePublished":"2025-09-29T05:44:16+00:00","dateModified":"2025-09-29T05:44:16+00:00","author":{"@id":"https:\/\/www.vkd.com\/lv-bayern\/#\/schema\/person\/19c4bb106ca4de98c60e2cb5ac7f572f"},"breadcrumb":{"@id":"https:\/\/www.vkd.com\/lv-bayern\/news\/mit-herzblut-und-leidenschaft-vorbild-sein-vkd-verleiht-laurentius-2025\/#breadcrumb"},"inLanguage":"de","potentialAction":[{"@type":"ReadAction","target":["https:\/\/www.vkd.com\/lv-bayern\/news\/mit-herzblut-und-leidenschaft-vorbild-sein-vkd-verleiht-laurentius-2025\/"]}]},{"@type":"BreadcrumbList","@id":"https:\/\/www.vkd.com\/lv-bayern\/news\/mit-herzblut-und-leidenschaft-vorbild-sein-vkd-verleiht-laurentius-2025\/#breadcrumb","itemListElement":[{"@type":"ListItem","position":1,"name":"Startseite","item":"https:\/\/www.vkd.com\/lv-bayern\/"},{"@type":"ListItem","position":2,"name":"\u201eMit Herzblut und Leidenschaft Vorbild sein\u201c: VKD verleiht Laurentius 2025"}]},{"@type":"WebSite","@id":"https:\/\/www.vkd.com\/lv-bayern\/#website","url":"https:\/\/www.vkd.com\/lv-bayern\/","name":"Landesverband der K\u00f6che Bayern","description":"Landesverband im Verband der K\u00f6che Deutschlands e.V.","potentialAction":[{"@type":"SearchAction","target":{"@type":"EntryPoint","urlTemplate":"https:\/\/www.vkd.com\/lv-bayern\/?s={search_term_string}"},"query-input":"required name=search_term_string"}],"inLanguage":"de"},{"@type":"Person","@id":"https:\/\/www.vkd.com\/lv-bayern\/#\/schema\/person\/19c4bb106ca4de98c60e2cb5ac7f572f","name":"Kostadinov Alexander","image":{"@type":"ImageObject","inLanguage":"de","@id":"https:\/\/www.vkd.com\/lv-bayern\/#\/schema\/person\/image\/","url":"https:\/\/secure.gravatar.com\/avatar\/b0cb85e5c215fe1114e6d2404492358d?s=96&d=mm&r=g","contentUrl":"https:\/\/secure.gravatar.com\/avatar\/b0cb85e5c215fe1114e6d2404492358d?s=96&d=mm&r=g","caption":"Kostadinov Alexander"},"url":"https:\/\/www.vkd.com\/lv-bayern\/news\/author\/gentscher-jungentscher-de\/"}]}},"_links":{"self":[{"href":"https:\/\/www.vkd.com\/lv-bayern\/wp-json\/wp\/v2\/posts\/1873"}],"collection":[{"href":"https:\/\/www.vkd.com\/lv-bayern\/wp-json\/wp\/v2\/posts"}],"about":[{"href":"https:\/\/www.vkd.com\/lv-bayern\/wp-json\/wp\/v2\/types\/post"}],"author":[{"embeddable":true,"href":"https:\/\/www.vkd.com\/lv-bayern\/wp-json\/wp\/v2\/users\/1955"}],"replies":[{"embeddable":true,"href":"https:\/\/www.vkd.com\/lv-bayern\/wp-json\/wp\/v2\/comments?post=1873"}],"version-history":[{"count":3,"href":"https:\/\/www.vkd.com\/lv-bayern\/wp-json\/wp\/v2\/posts\/1873\/revisions"}],"predecessor-version":[{"id":1877,"href":"https:\/\/www.vkd.com\/lv-bayern\/wp-json\/wp\/v2\/posts\/1873\/revisions\/1877"}],"wp:featuredmedia":[{"embeddable":true,"href":"https:\/\/www.vkd.com\/lv-bayern\/wp-json\/wp\/v2\/media\/1874"}],"wp:attachment":[{"href":"https:\/\/www.vkd.com\/lv-bayern\/wp-json\/wp\/v2\/media?parent=1873"}],"wp:term":[{"taxonomy":"category","embeddable":true,"href":"https:\/\/www.vkd.com\/lv-bayern\/wp-json\/wp\/v2\/categories?post=1873"},{"taxonomy":"post_tag","embeddable":true,"href":"https:\/\/www.vkd.com\/lv-bayern\/wp-json\/wp\/v2\/tags?post=1873"}],"curies":[{"name":"wp","href":"https:\/\/api.w.org\/{rel}","templated":true}]}}