{"id":1869,"date":"2025-09-29T07:37:06","date_gmt":"2025-09-29T05:37:06","guid":{"rendered":"https:\/\/www.vkd.com\/lv-bayern\/?p=1869"},"modified":"2025-09-29T07:37:06","modified_gmt":"2025-09-29T05:37:06","slug":"mitgliederversammlung-des-vkd-abschied-neuanfang-und-zukunftsplanung","status":"publish","type":"post","link":"https:\/\/www.vkd.com\/lv-bayern\/news\/mitgliederversammlung-des-vkd-abschied-neuanfang-und-zukunftsplanung\/","title":{"rendered":"Mitgliederversammlung des VKD: Abschied, Neuanfang und Zukunftsplanung"},"content":{"rendered":"<div class=\"custom-except\">\n<p>Bei der heutigen hybriden Mitgliederversammlung des VKD haben die Mitglieder \u00fcber einen Antrag auf Satzungs\u00e4nderung abgestimmt, ein neues, zweik\u00f6pfiges Pr\u00e4sidium begr\u00fc\u00dft, langj\u00e4hrige Kolleg:innen verabschiedet und \u00fcber eine Satzung abgestimmt.<\/p>\n<\/div>\n<p><span data-contrast=\"auto\">Am Samstag fand die 22. Ordentliche Mitgliederversammlung des Verbands im Scandic am Museumsufer in Frankfurt am Main statt. Sie wird turnusm\u00e4\u00dfig alle vier Jahre abgehalten. Rund<\/span><span data-contrast=\"auto\">\u00a070\u00a0<\/span><span data-contrast=\"auto\">Mitglieder, Sponsoren und Freunde des Verbands waren vor Ort, weitere 50<\/span><span data-contrast=\"none\">\u00a0<\/span><span data-contrast=\"auto\">verfolgten die Veranstaltung per Livestream. Der Tag stand im Zeichen von Abschied und Neuanfang, von Ver\u00e4nderung und Zukunftsplanung.\u00a0<\/span><span data-ccp-props=\"{}\">\u00a0<\/span><\/p>\n<p><b><span data-contrast=\"auto\">Verpasste Mehrheit bei Satzungsantrag<\/span><\/b><span data-ccp-props=\"{}\">\u00a0<\/span><\/p>\n<p><span data-contrast=\"auto\">Ein zentraler Programmpunkt war die Abstimmung \u00fcber den Antrag auf Satzungs\u00e4nderung, den der Gesamtvorstand gemeinsam mit Karl Haaf und Johann Grassmugg eingebracht hatte. Ziel der Anpassung war es, den Verband noch st\u00e4rker und zukunftsf\u00e4higer aufzustellen. Die Mitglieder konnten digital abstimmen \u2013 unabh\u00e4ngig davon, ob sie in Frankfurt vor Ort an der Mitgliederversammlung teilnahmen oder den Stream verfolgten. Die erforderliche Zweidrittelmehrheit wurde jedoch knapp verfehlt, sodass die \u00c4nderung nicht angenommen wurde und die bisherige Satzung unver\u00e4ndert in Kraft bleibt.<\/span><span data-ccp-props=\"{}\">\u00a0<\/span><\/p>\n<figure id=\"attachment_43763\" class=\"wp-caption alignright\" aria-describedby=\"caption-attachment-43763\"><img decoding=\"async\" loading=\"lazy\" class=\"wp-image-43763\" src=\"https:\/\/www.vkd.com\/wp-content\/uploads\/2025\/09\/Joachim-Thorben1-scaled.jpg\" alt=\"Joachim Elflein (links) und Thorben Gr\u00fcbnau bilden sind das neu gew\u00e4hlte Pr\u00e4sidium des VKD. Foto: VKD\/Hilger\" width=\"350\" height=\"233\" \/><figcaption id=\"caption-attachment-43763\" class=\"wp-caption-text\">Joachim Elflein (links) und Thorben Gr\u00fcbnau bilden sind das neu gew\u00e4hlte Pr\u00e4sidium des VKD. Foto: VKD\/Hilger<\/figcaption><\/figure>\n<p><b><span data-contrast=\"auto\">Neue Amtszeit beginnt<\/span><\/b><span data-ccp-props=\"{}\">\u00a0<\/span><\/p>\n<p><span data-contrast=\"auto\">Dar\u00fcber hinaus wurde das Ergebnis der VKD-Pr\u00e4sidiumswahl bekannt gegeben, die am 5. September als Online- und Briefwahl durchgef\u00fchrt worden war. Zur Wahl standen die beiden bisherigen Vizepr\u00e4sidenten Joachim Elflein und Thorben Gr\u00fcbnau, die k\u00fcnftig gemeinsam das VKD-Pr\u00e4sidium bilden. \u201eIch danke den Mitgliedern f\u00fcr ihre Stimme und das Vertrauen in mich\u201c, sagte der 55-j\u00e4hrige Joachim Elflein aus Trassem. \u201eIch bin bereit, weiterhin Verantwortung zu \u00fcbernehmen. Teamarbeit und ein starkes Miteinander sind mir besonders wichtig. Ich freue mich auf eine gute Zusammenarbeit und bin jederzeit offen f\u00fcr den Dialog.\u201c Auch Thorben Gr\u00fcbnau (45) aus Uplengen blickt positiv nach vorn: \u201eJoachim und ich wollen f\u00fcr die Mitglieder ein Anker sein. Die n\u00e4chsten Schritte: sammeln, sortieren und dann den Blick klar in Richtung Zukunft richten.\u201c Das gemeinsame Ziel ist es, die im Antrag zur Satzungs\u00e4nderung formulierten Ideen aufzugreifen und den notwendigen Wandel hin zu moderneren Strukturen konsequent weiterzuverfolgen.<\/span><span data-ccp-props=\"{&quot;134233117&quot;:false,&quot;134233118&quot;:false,&quot;201341983&quot;:0,&quot;335551550&quot;:1,&quot;335551620&quot;:1,&quot;335559685&quot;:0,&quot;335559737&quot;:0,&quot;335559738&quot;:0,&quot;335559739&quot;:160,&quot;335559740&quot;:279}\">\u00a0<\/span><\/p>\n<p><b><span data-contrast=\"auto\">Ende eines Kapitels<\/span><\/b><span data-ccp-props=\"{&quot;134233117&quot;:false,&quot;134233118&quot;:false,&quot;335559738&quot;:240,&quot;335559739&quot;:240}\">\u00a0<\/span><\/p>\n<p><span data-contrast=\"auto\">Abschied nehmen hie\u00df es an diesem Tag sowohl im Ehren- als auch im Hauptamt. Mehrere Vorsitzende der VKD-Landesverb\u00e4nde sowie Mitglieder des VKD-Pr\u00e4sidiums gaben den Staffelstab weiter oder traten nicht erneut zur Wahl an \u2013 darunter auch der bisherige Pr\u00e4sident Daniel Schade.\u00a0<\/span><span data-contrast=\"auto\">\u201ePr\u00e4sident des Verbandes gewesen zu sein, war f\u00fcr mich eine Ehre. Ich durfte erleben, wie stark unsere Gemeinschaft ist, wie viel Begeisterung in unserem Beruf steckt\u201c, sagte er in seiner Abschiedsrede. \u201eHeute gehe ich mit Wehmut, aber auch mit der Hoffnung, dass wir als Verband irgendwann doch den Mut aufbringen, die n\u00f6tigen Ver\u00e4nderungen anzugehen.\u201c<\/span><span data-ccp-props=\"{&quot;134233117&quot;:false,&quot;134233118&quot;:false,&quot;335559738&quot;:240,&quot;335559739&quot;:240}\">\u00a0<\/span><\/p>\n<p><span data-contrast=\"auto\">Nach mehr als drei Jahrzehnten verabschiedete sich zudem Gesch\u00e4ftsf\u00fchrerin Felizitas Laun, die ab Oktober neue Wege gehen wird. \u201eDas Wertvollste in meiner Zeit beim VKD waren die Begegnungen, die Zusammenarbeit und das Gef\u00fchl, mit Ihnen gemeinsam etwas bewegen zu k\u00f6nnen. Daf\u00fcr sage ich von Herzen: Danke\u201c, sagte sie w\u00e4hrend der MV.<\/span><span data-ccp-props=\"{&quot;134233117&quot;:false,&quot;134233118&quot;:false,&quot;335559738&quot;:240,&quot;335559739&quot;:240}\">\u00a0<\/span><\/p>\n<p><span data-contrast=\"auto\">Mit herzlichem Applaus und sp\u00fcrbarer Verbundenheit verabschiedeten die Anwesenden langj\u00e4hrige Kolleg:innen und Wegbegleiter:innen. Zugleich richtete sich der Blick auf ein neues Kapitel, das den VKD st\u00e4rken und in eine erfolgreiche Zukunft f\u00fchren soll \u2013 getragen von Gemeinschaft, Engagement und dem Willen, den Kochberuf zu f\u00f6rdern und die Interessen der Mitglieder weiterhin konsequent zu vertreten.<\/span><span data-ccp-props=\"{&quot;134233117&quot;:false,&quot;134233118&quot;:false,&quot;335559738&quot;:240,&quot;335559739&quot;:240}\">\u00a0<\/span><\/p>\n<blockquote><p><span data-contrast=\"auto\">Weitere Informationen zu den Ergebnissen der MV gibt es demn\u00e4chst unter\u00a0<\/span><a href=\"https:\/\/www.bit.ly\/VKD-MV-Wahl\"><span data-contrast=\"none\">www.bit.ly\/VKD-MV-Wahl<\/span><\/a><span data-contrast=\"auto\">.<\/span><span data-ccp-props=\"{}\">\u00a0<\/span><\/p><\/blockquote>\n","protected":false},"excerpt":{"rendered":"<p>Bei der heutigen hybriden Mitgliederversammlung des VKD haben die Mitglieder \u00fcber einen Antrag auf Satzungs\u00e4nderung abgestimmt, ein neues, zweik\u00f6pfiges Pr\u00e4sidium begr\u00fc\u00dft, langj\u00e4hrige Kolleg:innen verabschiedet und \u00fcber eine Satzung abgestimmt. Am Samstag fand die 22. Ordentliche Mitgliederversammlung des Verbands im Scandic am Museumsufer in Frankfurt am Main statt. Sie wird turnusm\u00e4\u00dfig alle vier Jahre abgehalten. Rund\u00a070\u00a0Mitglieder,&#8230;<\/p>\n","protected":false},"author":1955,"featured_media":1870,"comment_status":"closed","ping_status":"open","sticky":false,"template":"","format":"standard","meta":[],"categories":[1],"tags":[],"yoast_head":"<!-- This site is optimized with the Yoast SEO plugin v20.0 - https:\/\/yoast.com\/wordpress\/plugins\/seo\/ -->\n<title>Mitgliederversammlung des VKD: Abschied, Neuanfang und Zukunftsplanung - Landesverband der K\u00f6che Bayern<\/title>\n<meta name=\"robots\" content=\"noindex, follow, max-snippet:-1, max-image-preview:large, max-video-preview:-1\" \/>\n<meta property=\"og:locale\" content=\"de_DE\" \/>\n<meta property=\"og:type\" content=\"article\" \/>\n<meta property=\"og:title\" content=\"Mitgliederversammlung des VKD: Abschied, Neuanfang und Zukunftsplanung - Landesverband der K\u00f6che Bayern\" \/>\n<meta property=\"og:description\" content=\"Bei der heutigen hybriden Mitgliederversammlung des VKD haben die Mitglieder \u00fcber einen Antrag auf Satzungs\u00e4nderung abgestimmt, ein neues, zweik\u00f6pfiges Pr\u00e4sidium begr\u00fc\u00dft, langj\u00e4hrige Kolleg:innen verabschiedet und \u00fcber eine Satzung abgestimmt. Am Samstag fand die 22. Ordentliche Mitgliederversammlung des Verbands im Scandic am Museumsufer in Frankfurt am Main statt. Sie wird turnusm\u00e4\u00dfig alle vier Jahre abgehalten. Rund\u00a070\u00a0Mitglieder,...\" \/>\n<meta property=\"og:url\" content=\"https:\/\/www.vkd.com\/lv-bayern\/news\/mitgliederversammlung-des-vkd-abschied-neuanfang-und-zukunftsplanung\/\" \/>\n<meta property=\"og:site_name\" content=\"Landesverband der K\u00f6che Bayern\" \/>\n<meta property=\"article:published_time\" content=\"2025-09-29T05:37:06+00:00\" \/>\n<meta property=\"og:image\" content=\"https:\/\/www.vkd.com\/lv-bayern\/wp-content\/uploads\/sites\/14\/2025\/09\/Gruppenbild-1-1024x683-1.jpg\" \/>\n\t<meta property=\"og:image:width\" content=\"1024\" \/>\n\t<meta property=\"og:image:height\" content=\"683\" \/>\n\t<meta property=\"og:image:type\" content=\"image\/jpeg\" \/>\n<meta name=\"author\" content=\"Kostadinov Alexander\" \/>\n<meta name=\"twitter:card\" content=\"summary_large_image\" \/>\n<meta name=\"twitter:label1\" content=\"Verfasst von\" \/>\n\t<meta name=\"twitter:data1\" content=\"Kostadinov Alexander\" \/>\n\t<meta name=\"twitter:label2\" content=\"Gesch\u00e4tzte Lesezeit\" \/>\n\t<meta name=\"twitter:data2\" content=\"4\u00a0Minuten\" \/>\n<script type=\"application\/ld+json\" class=\"yoast-schema-graph\">{\"@context\":\"https:\/\/schema.org\",\"@graph\":[{\"@type\":\"WebPage\",\"@id\":\"https:\/\/www.vkd.com\/lv-bayern\/news\/mitgliederversammlung-des-vkd-abschied-neuanfang-und-zukunftsplanung\/\",\"url\":\"https:\/\/www.vkd.com\/lv-bayern\/news\/mitgliederversammlung-des-vkd-abschied-neuanfang-und-zukunftsplanung\/\",\"name\":\"Mitgliederversammlung des VKD: Abschied, Neuanfang und Zukunftsplanung - Landesverband der K\u00f6che Bayern\",\"isPartOf\":{\"@id\":\"https:\/\/www.vkd.com\/lv-bayern\/#website\"},\"datePublished\":\"2025-09-29T05:37:06+00:00\",\"dateModified\":\"2025-09-29T05:37:06+00:00\",\"author\":{\"@id\":\"https:\/\/www.vkd.com\/lv-bayern\/#\/schema\/person\/19c4bb106ca4de98c60e2cb5ac7f572f\"},\"breadcrumb\":{\"@id\":\"https:\/\/www.vkd.com\/lv-bayern\/news\/mitgliederversammlung-des-vkd-abschied-neuanfang-und-zukunftsplanung\/#breadcrumb\"},\"inLanguage\":\"de\",\"potentialAction\":[{\"@type\":\"ReadAction\",\"target\":[\"https:\/\/www.vkd.com\/lv-bayern\/news\/mitgliederversammlung-des-vkd-abschied-neuanfang-und-zukunftsplanung\/\"]}]},{\"@type\":\"BreadcrumbList\",\"@id\":\"https:\/\/www.vkd.com\/lv-bayern\/news\/mitgliederversammlung-des-vkd-abschied-neuanfang-und-zukunftsplanung\/#breadcrumb\",\"itemListElement\":[{\"@type\":\"ListItem\",\"position\":1,\"name\":\"Startseite\",\"item\":\"https:\/\/www.vkd.com\/lv-bayern\/\"},{\"@type\":\"ListItem\",\"position\":2,\"name\":\"Mitgliederversammlung des VKD: Abschied, Neuanfang und Zukunftsplanung\"}]},{\"@type\":\"WebSite\",\"@id\":\"https:\/\/www.vkd.com\/lv-bayern\/#website\",\"url\":\"https:\/\/www.vkd.com\/lv-bayern\/\",\"name\":\"Landesverband der K\u00f6che Bayern\",\"description\":\"Landesverband im Verband der K\u00f6che Deutschlands e.V.\",\"potentialAction\":[{\"@type\":\"SearchAction\",\"target\":{\"@type\":\"EntryPoint\",\"urlTemplate\":\"https:\/\/www.vkd.com\/lv-bayern\/?s={search_term_string}\"},\"query-input\":\"required name=search_term_string\"}],\"inLanguage\":\"de\"},{\"@type\":\"Person\",\"@id\":\"https:\/\/www.vkd.com\/lv-bayern\/#\/schema\/person\/19c4bb106ca4de98c60e2cb5ac7f572f\",\"name\":\"Kostadinov Alexander\",\"image\":{\"@type\":\"ImageObject\",\"inLanguage\":\"de\",\"@id\":\"https:\/\/www.vkd.com\/lv-bayern\/#\/schema\/person\/image\/\",\"url\":\"https:\/\/secure.gravatar.com\/avatar\/b0cb85e5c215fe1114e6d2404492358d?s=96&d=mm&r=g\",\"contentUrl\":\"https:\/\/secure.gravatar.com\/avatar\/b0cb85e5c215fe1114e6d2404492358d?s=96&d=mm&r=g\",\"caption\":\"Kostadinov Alexander\"},\"url\":\"https:\/\/www.vkd.com\/lv-bayern\/news\/author\/gentscher-jungentscher-de\/\"}]}<\/script>\n<!-- \/ Yoast SEO plugin. -->","yoast_head_json":{"title":"Mitgliederversammlung des VKD: Abschied, Neuanfang und Zukunftsplanung - Landesverband der K\u00f6che Bayern","robots":{"index":"noindex","follow":"follow","max-snippet":"max-snippet:-1","max-image-preview":"max-image-preview:large","max-video-preview":"max-video-preview:-1"},"og_locale":"de_DE","og_type":"article","og_title":"Mitgliederversammlung des VKD: Abschied, Neuanfang und Zukunftsplanung - Landesverband der K\u00f6che Bayern","og_description":"Bei der heutigen hybriden Mitgliederversammlung des VKD haben die Mitglieder \u00fcber einen Antrag auf Satzungs\u00e4nderung abgestimmt, ein neues, zweik\u00f6pfiges Pr\u00e4sidium begr\u00fc\u00dft, langj\u00e4hrige Kolleg:innen verabschiedet und \u00fcber eine Satzung abgestimmt. Am Samstag fand die 22. Ordentliche Mitgliederversammlung des Verbands im Scandic am Museumsufer in Frankfurt am Main statt. Sie wird turnusm\u00e4\u00dfig alle vier Jahre abgehalten. Rund\u00a070\u00a0Mitglieder,...","og_url":"https:\/\/www.vkd.com\/lv-bayern\/news\/mitgliederversammlung-des-vkd-abschied-neuanfang-und-zukunftsplanung\/","og_site_name":"Landesverband der K\u00f6che Bayern","article_published_time":"2025-09-29T05:37:06+00:00","og_image":[{"width":1024,"height":683,"url":"https:\/\/www.vkd.com\/lv-bayern\/wp-content\/uploads\/sites\/14\/2025\/09\/Gruppenbild-1-1024x683-1.jpg","type":"image\/jpeg"}],"author":"Kostadinov Alexander","twitter_card":"summary_large_image","twitter_misc":{"Verfasst von":"Kostadinov Alexander","Gesch\u00e4tzte Lesezeit":"4\u00a0Minuten"},"schema":{"@context":"https:\/\/schema.org","@graph":[{"@type":"WebPage","@id":"https:\/\/www.vkd.com\/lv-bayern\/news\/mitgliederversammlung-des-vkd-abschied-neuanfang-und-zukunftsplanung\/","url":"https:\/\/www.vkd.com\/lv-bayern\/news\/mitgliederversammlung-des-vkd-abschied-neuanfang-und-zukunftsplanung\/","name":"Mitgliederversammlung des VKD: Abschied, Neuanfang und Zukunftsplanung - Landesverband der K\u00f6che Bayern","isPartOf":{"@id":"https:\/\/www.vkd.com\/lv-bayern\/#website"},"datePublished":"2025-09-29T05:37:06+00:00","dateModified":"2025-09-29T05:37:06+00:00","author":{"@id":"https:\/\/www.vkd.com\/lv-bayern\/#\/schema\/person\/19c4bb106ca4de98c60e2cb5ac7f572f"},"breadcrumb":{"@id":"https:\/\/www.vkd.com\/lv-bayern\/news\/mitgliederversammlung-des-vkd-abschied-neuanfang-und-zukunftsplanung\/#breadcrumb"},"inLanguage":"de","potentialAction":[{"@type":"ReadAction","target":["https:\/\/www.vkd.com\/lv-bayern\/news\/mitgliederversammlung-des-vkd-abschied-neuanfang-und-zukunftsplanung\/"]}]},{"@type":"BreadcrumbList","@id":"https:\/\/www.vkd.com\/lv-bayern\/news\/mitgliederversammlung-des-vkd-abschied-neuanfang-und-zukunftsplanung\/#breadcrumb","itemListElement":[{"@type":"ListItem","position":1,"name":"Startseite","item":"https:\/\/www.vkd.com\/lv-bayern\/"},{"@type":"ListItem","position":2,"name":"Mitgliederversammlung des VKD: Abschied, Neuanfang und Zukunftsplanung"}]},{"@type":"WebSite","@id":"https:\/\/www.vkd.com\/lv-bayern\/#website","url":"https:\/\/www.vkd.com\/lv-bayern\/","name":"Landesverband der K\u00f6che Bayern","description":"Landesverband im Verband der K\u00f6che Deutschlands e.V.","potentialAction":[{"@type":"SearchAction","target":{"@type":"EntryPoint","urlTemplate":"https:\/\/www.vkd.com\/lv-bayern\/?s={search_term_string}"},"query-input":"required name=search_term_string"}],"inLanguage":"de"},{"@type":"Person","@id":"https:\/\/www.vkd.com\/lv-bayern\/#\/schema\/person\/19c4bb106ca4de98c60e2cb5ac7f572f","name":"Kostadinov Alexander","image":{"@type":"ImageObject","inLanguage":"de","@id":"https:\/\/www.vkd.com\/lv-bayern\/#\/schema\/person\/image\/","url":"https:\/\/secure.gravatar.com\/avatar\/b0cb85e5c215fe1114e6d2404492358d?s=96&d=mm&r=g","contentUrl":"https:\/\/secure.gravatar.com\/avatar\/b0cb85e5c215fe1114e6d2404492358d?s=96&d=mm&r=g","caption":"Kostadinov Alexander"},"url":"https:\/\/www.vkd.com\/lv-bayern\/news\/author\/gentscher-jungentscher-de\/"}]}},"_links":{"self":[{"href":"https:\/\/www.vkd.com\/lv-bayern\/wp-json\/wp\/v2\/posts\/1869"}],"collection":[{"href":"https:\/\/www.vkd.com\/lv-bayern\/wp-json\/wp\/v2\/posts"}],"about":[{"href":"https:\/\/www.vkd.com\/lv-bayern\/wp-json\/wp\/v2\/types\/post"}],"author":[{"embeddable":true,"href":"https:\/\/www.vkd.com\/lv-bayern\/wp-json\/wp\/v2\/users\/1955"}],"replies":[{"embeddable":true,"href":"https:\/\/www.vkd.com\/lv-bayern\/wp-json\/wp\/v2\/comments?post=1869"}],"version-history":[{"count":2,"href":"https:\/\/www.vkd.com\/lv-bayern\/wp-json\/wp\/v2\/posts\/1869\/revisions"}],"predecessor-version":[{"id":1872,"href":"https:\/\/www.vkd.com\/lv-bayern\/wp-json\/wp\/v2\/posts\/1869\/revisions\/1872"}],"wp:featuredmedia":[{"embeddable":true,"href":"https:\/\/www.vkd.com\/lv-bayern\/wp-json\/wp\/v2\/media\/1870"}],"wp:attachment":[{"href":"https:\/\/www.vkd.com\/lv-bayern\/wp-json\/wp\/v2\/media?parent=1869"}],"wp:term":[{"taxonomy":"category","embeddable":true,"href":"https:\/\/www.vkd.com\/lv-bayern\/wp-json\/wp\/v2\/categories?post=1869"},{"taxonomy":"post_tag","embeddable":true,"href":"https:\/\/www.vkd.com\/lv-bayern\/wp-json\/wp\/v2\/tags?post=1869"}],"curies":[{"name":"wp","href":"https:\/\/api.w.org\/{rel}","templated":true}]}}