{"id":1861,"date":"2025-09-23T10:00:49","date_gmt":"2025-09-23T08:00:49","guid":{"rendered":"https:\/\/www.vkd.com\/lv-bayern\/?p=1861"},"modified":"2025-09-23T10:00:49","modified_gmt":"2025-09-23T08:00:49","slug":"aktionswoche-2025-gemeinsam-lebensmittel-retten","status":"publish","type":"post","link":"https:\/\/www.vkd.com\/lv-bayern\/news\/aktionswoche-2025-gemeinsam-lebensmittel-retten\/","title":{"rendered":"Aktionswoche 2025: Gemeinsam Lebensmittel retten"},"content":{"rendered":"<div class=\"custom-except\">\n<p>29. September bis 6. Oktober: Die bundesweite Aktionswoche \u201eZu gut f\u00fcr die Tonne!\u201c ist eine Plattform f\u00fcr zahlreiche Mitmach-Aktionen rund um das Thema Lebensmittelwertsch\u00e4tzung. Die Bundesl\u00e4nder arbeiten daf\u00fcr mit weiteren Partnerinnen und Partnern zusammen.<\/p>\n<\/div>\n<p>Sei es in der Au\u00dfer-Haus-Verpflegung, im Handel, an Schulen und Kitas, im landwirtschaftlichen Bereich oder im digitalen Raum: Im Rahmen der Aktionswoche \u201eZu gut f\u00fcr die Tonne!\u201c gibt es f\u00fcr jede und jeden Mitmach-M\u00f6glichkeiten wie zum Beispiel Quizzen, Koch-Workshops, Schulprojekte und Schnippelparties. Bei der diesj\u00e4hrigen Aktionswoche vom 29. September bis 6. Oktober 2025 geht es um Tipps und Tricks rund um das Planen von Eink\u00e4ufen, das Lagern von Lebensmitteln und die Resteverwertung.<\/p>\n<p><strong>Aktionswoche Zu gut f\u00fcr die Tonne! 2025<\/strong><\/p>\n<p>Die j\u00e4hrliche bundesweite Aktionswoche von \u201eZu gut f\u00fcr die Tonne!\u201c vom 29. September bis 6. Oktober setzt ein Zeichen gegen Lebensmittelverschwendung entlang der gesamten Wertsch\u00f6pfungskette. In Zusammenarbeit mit den Bundesl\u00e4ndern und weiteren Partnerinnen und Partnern bietet sie eine wichtige Plattform f\u00fcr vielf\u00e4ltige, kreative Mitmach-Aktionen rund um das Thema Lebensmittelwertsch\u00e4tzung im Alltag. Sei es in der Au\u00dfer-Haus-Verpflegung, im Handel, an Schulen und Kitas, im landwirtschaftlichen Bereich oder im digitalen Raum: F\u00fcr alle Interessierten ist etwas dabei. Im Fokus stehen auch in diesem Jahr hilfreiche Tipps und Tricks f\u00fcr das Planen von Eink\u00e4ufen, die Lagerung von Lebensmitteln und die leckere Resteverwertung.<\/p>\n<p>Jedes Jahr entstehen in Deutschland rund 10,8 Millionen Tonnen Lebensmittelabf\u00e4lle entlang der gesamten Lebensmittelversorgungskette. Ein gro\u00dfer Tiel von entsteht mit 58 Prozent (6,3 Mio. Tonnen) in privaten Haushalten. Jeder Verbraucher und jede Verbraucherin wirft demnach 74,5 Kilogramm Lebensmittel im Jahr weg. Mit der Aktionswoche\u00a0<em>Zu gut f\u00fcr die Tonne!<\/em>\u00a0machen wir auf das Thema Lebensmittelverschwendung aufmerksam und motivieren B\u00fcrgerinnen und B\u00fcrger f\u00fcr einen nachhaltigen Umgang mit unseren Ressourcen. Von Koch-Workshops, Schulprojekten und Schnippelpartys bis hin zu Social Media-Formaten ist f\u00fcr alle Interessierten etwas dabei. Eine \u00dcbersicht \u00fcber alle Aktionen und wie Sie selbst eine einreichen k\u00f6nnen, erfahren Sie auf\u00a0<a href=\"https:\/\/www.zugutfuerdietonne.de\/aktionswoche\"><strong>zugutf\u00fcrdietonne.de<\/strong><\/a><\/p>\n<p><strong>Auf einen Blick<\/strong><\/p>\n<ul>\n<li>Mitmachen k\u00f6nnen alle, die sich f\u00fcr mehr Lebensmittelwertsch\u00e4tzung einsetzen wollen.<\/li>\n<li>Inspiration f\u00fcr m\u00f6gliche Aktionen gibt es im\u00a0<strong><a href=\"https:\/\/www.zugutfuerdietonne.de\/fileadmin\/zgfdt\/Aktionswoche\/Aktionswoche_2024\/Materialien_Aktionswoche_2024\/ZgfdT_Aktionswoche2024_Aktionsleitfaden_barrierefrei.pdf\">Aktionswochen- Aktionsleitfaden<\/a><\/strong>.<\/li>\n<li>F\u00fcr eine erfolgreiche bundesweite Aktionswoche sind Beteiligte entlang der gesamten Lebensmittelversorgungskette gefragt: Restaurants und Caf\u00e9s k\u00f6nnen sich genauso beteiligen wie Vereine, Verb\u00e4nde, Unternehmen, Initiativen, Bildungseinrichtungen und Privatpersonen.<\/li>\n<li>B\u00fcrgerinnen und B\u00fcrger, die w\u00e4hrend der Woche an Veranstaltungen und Aktionen teilnehmen m\u00f6chten, finden auf der Seite\u00a0<a href=\"https:\/\/www.zugutfuerdietonne.de\/aktionswoche\"><strong>zugutf\u00fcrdietonne.de\u00a0<\/strong><\/a>alle Aktionen in einer Deutschlandkarte und k\u00f6nnen dort nach Bundesland oder Kategorie filtern.<\/li>\n<li>In den sozialen Medien sammeln sich wie in jedem Jahr Tipps, Tricks und Hinweise rund um die Aktionswoche und das Thema Lebensmittelwertsch\u00e4tzung \u2013 alles geb\u00fcndelt unter dem Hashtag #DeutschlandRettetLebensmittel.<\/li>\n<\/ul>\n<p>Die Aktionswoche b\u00fcndelt Ideen aus allen Bundesl\u00e4ndern und Sektoren entlang der Lebensmittelversorgungskette, informiert und f\u00f6rdert den gegenseitigen Austausch. Die bundesweite Aktionswoche ist eine gemeinsame Initiative von \u201eZu gut f\u00fcr die Tonne!\u201c und den Bundesl\u00e4ndern. Sie ist Teil der Nationalen Strategie zur Reduzierung der Lebensmittelverschwendung des Bundesministeriums f\u00fcr Landwirtschaft, Ern\u00e4hrung und Heimat.<\/p>\n<p>Quelle: BMELH<\/p>\n<figure id=\"attachment_43702\" class=\"wp-caption aligncenter\" aria-describedby=\"caption-attachment-43702\"><img decoding=\"async\" loading=\"lazy\" class=\"size-large wp-image-43702\" src=\"https:\/\/www.vkd.com\/wp-content\/uploads\/2025\/09\/Zu-gut-fur-die-Tonne-Post-Lebensmittelverschwendung-1024x724.jpg\" alt=\"Foto: xx\" width=\"1024\" height=\"724\" \/><figcaption id=\"caption-attachment-43702\" class=\"wp-caption-text\">Foto: Zu gut f\u00fcr die Tonne!<\/figcaption><\/figure>\n<hr \/>\n<blockquote><p><span class=\"TextRun SCXW210911609 BCX0\" lang=\"DE-DE\" xml:lang=\"DE-DE\" data-contrast=\"auto\"><span class=\"NormalTextRun SCXW210911609 BCX0\">Sie planen eine Aktion<\/span><span class=\"NormalTextRun SCXW210911609 BCX0\">?\u00a0<\/span><span class=\"NormalTextRun SCXW210911609 BCX0\">M<\/span><span class=\"NormalTextRun SCXW210911609 BCX0\">it diesem\u00a0<a href=\"https:\/\/www.zugutfuerdietonne.de\/fileadmin\/zgfdt\/Aktionswoche\/Aktionswoche_2025\/Materialien_Aktionswoche_2025\/25_BMEL_0097_ZGFDT-2025_Aktionswoche_Anmeldeformular_barrierefrei_WEB.pdf\" target=\"_blank\" rel=\"noopener\">Formular<\/a>\u00a0k\u00f6nnen Sie Ihre\u00a0<\/span><span class=\"NormalTextRun SCXW210911609 BCX0\">Aktion ver\u00f6ffentlichen<\/span><span class=\"NormalTextRun SCXW210911609 BCX0\">\u00a0lassen.<\/span><\/span><\/p><\/blockquote>\n","protected":false},"excerpt":{"rendered":"<p>29. September bis 6. Oktober: Die bundesweite Aktionswoche \u201eZu gut f\u00fcr die Tonne!\u201c ist eine Plattform f\u00fcr zahlreiche Mitmach-Aktionen rund um das Thema Lebensmittelwertsch\u00e4tzung. Die Bundesl\u00e4nder arbeiten daf\u00fcr mit weiteren Partnerinnen und Partnern zusammen. Sei es in der Au\u00dfer-Haus-Verpflegung, im Handel, an Schulen und Kitas, im landwirtschaftlichen Bereich oder im digitalen Raum: Im Rahmen der&#8230;<\/p>\n","protected":false},"author":1955,"featured_media":1862,"comment_status":"closed","ping_status":"open","sticky":false,"template":"","format":"standard","meta":[],"categories":[1],"tags":[5,20,7,19,9,11],"yoast_head":"<!-- This site is optimized with the Yoast SEO plugin v20.0 - https:\/\/yoast.com\/wordpress\/plugins\/seo\/ -->\n<title>Aktionswoche 2025: Gemeinsam Lebensmittel retten - Landesverband der K\u00f6che Bayern<\/title>\n<meta name=\"robots\" content=\"noindex, follow, max-snippet:-1, max-image-preview:large, max-video-preview:-1\" \/>\n<meta property=\"og:locale\" content=\"de_DE\" \/>\n<meta property=\"og:type\" content=\"article\" \/>\n<meta property=\"og:title\" content=\"Aktionswoche 2025: Gemeinsam Lebensmittel retten - Landesverband der K\u00f6che Bayern\" \/>\n<meta property=\"og:description\" content=\"29. September bis 6. Oktober: Die bundesweite Aktionswoche \u201eZu gut f\u00fcr die Tonne!\u201c ist eine Plattform f\u00fcr zahlreiche Mitmach-Aktionen rund um das Thema Lebensmittelwertsch\u00e4tzung. Die Bundesl\u00e4nder arbeiten daf\u00fcr mit weiteren Partnerinnen und Partnern zusammen. Sei es in der Au\u00dfer-Haus-Verpflegung, im Handel, an Schulen und Kitas, im landwirtschaftlichen Bereich oder im digitalen Raum: Im Rahmen der...\" \/>\n<meta property=\"og:url\" content=\"https:\/\/www.vkd.com\/lv-bayern\/news\/aktionswoche-2025-gemeinsam-lebensmittel-retten\/\" \/>\n<meta property=\"og:site_name\" content=\"Landesverband der K\u00f6che Bayern\" \/>\n<meta property=\"article:published_time\" content=\"2025-09-23T08:00:49+00:00\" \/>\n<meta property=\"og:image\" content=\"https:\/\/www.vkd.com\/lv-bayern\/wp-content\/uploads\/sites\/14\/2025\/09\/25_BMLEH_ZGFDT_Aktionswoche-2025_Webbanner_4398x2932_ohne-Logos_2-1024x683-1.jpg\" \/>\n\t<meta property=\"og:image:width\" content=\"1024\" \/>\n\t<meta property=\"og:image:height\" content=\"683\" \/>\n\t<meta property=\"og:image:type\" content=\"image\/jpeg\" \/>\n<meta name=\"author\" content=\"Kostadinov Alexander\" \/>\n<meta name=\"twitter:card\" content=\"summary_large_image\" \/>\n<meta name=\"twitter:label1\" content=\"Verfasst von\" \/>\n\t<meta name=\"twitter:data1\" content=\"Kostadinov Alexander\" \/>\n\t<meta name=\"twitter:label2\" content=\"Gesch\u00e4tzte Lesezeit\" \/>\n\t<meta name=\"twitter:data2\" content=\"3\u00a0Minuten\" \/>\n<script type=\"application\/ld+json\" class=\"yoast-schema-graph\">{\"@context\":\"https:\/\/schema.org\",\"@graph\":[{\"@type\":\"WebPage\",\"@id\":\"https:\/\/www.vkd.com\/lv-bayern\/news\/aktionswoche-2025-gemeinsam-lebensmittel-retten\/\",\"url\":\"https:\/\/www.vkd.com\/lv-bayern\/news\/aktionswoche-2025-gemeinsam-lebensmittel-retten\/\",\"name\":\"Aktionswoche 2025: Gemeinsam Lebensmittel retten - Landesverband der K\u00f6che Bayern\",\"isPartOf\":{\"@id\":\"https:\/\/www.vkd.com\/lv-bayern\/#website\"},\"datePublished\":\"2025-09-23T08:00:49+00:00\",\"dateModified\":\"2025-09-23T08:00:49+00:00\",\"author\":{\"@id\":\"https:\/\/www.vkd.com\/lv-bayern\/#\/schema\/person\/19c4bb106ca4de98c60e2cb5ac7f572f\"},\"breadcrumb\":{\"@id\":\"https:\/\/www.vkd.com\/lv-bayern\/news\/aktionswoche-2025-gemeinsam-lebensmittel-retten\/#breadcrumb\"},\"inLanguage\":\"de\",\"potentialAction\":[{\"@type\":\"ReadAction\",\"target\":[\"https:\/\/www.vkd.com\/lv-bayern\/news\/aktionswoche-2025-gemeinsam-lebensmittel-retten\/\"]}]},{\"@type\":\"BreadcrumbList\",\"@id\":\"https:\/\/www.vkd.com\/lv-bayern\/news\/aktionswoche-2025-gemeinsam-lebensmittel-retten\/#breadcrumb\",\"itemListElement\":[{\"@type\":\"ListItem\",\"position\":1,\"name\":\"Startseite\",\"item\":\"https:\/\/www.vkd.com\/lv-bayern\/\"},{\"@type\":\"ListItem\",\"position\":2,\"name\":\"Aktionswoche 2025: Gemeinsam Lebensmittel retten\"}]},{\"@type\":\"WebSite\",\"@id\":\"https:\/\/www.vkd.com\/lv-bayern\/#website\",\"url\":\"https:\/\/www.vkd.com\/lv-bayern\/\",\"name\":\"Landesverband der K\u00f6che Bayern\",\"description\":\"Landesverband im Verband der K\u00f6che Deutschlands e.V.\",\"potentialAction\":[{\"@type\":\"SearchAction\",\"target\":{\"@type\":\"EntryPoint\",\"urlTemplate\":\"https:\/\/www.vkd.com\/lv-bayern\/?s={search_term_string}\"},\"query-input\":\"required name=search_term_string\"}],\"inLanguage\":\"de\"},{\"@type\":\"Person\",\"@id\":\"https:\/\/www.vkd.com\/lv-bayern\/#\/schema\/person\/19c4bb106ca4de98c60e2cb5ac7f572f\",\"name\":\"Kostadinov Alexander\",\"image\":{\"@type\":\"ImageObject\",\"inLanguage\":\"de\",\"@id\":\"https:\/\/www.vkd.com\/lv-bayern\/#\/schema\/person\/image\/\",\"url\":\"https:\/\/secure.gravatar.com\/avatar\/b0cb85e5c215fe1114e6d2404492358d?s=96&d=mm&r=g\",\"contentUrl\":\"https:\/\/secure.gravatar.com\/avatar\/b0cb85e5c215fe1114e6d2404492358d?s=96&d=mm&r=g\",\"caption\":\"Kostadinov Alexander\"},\"url\":\"https:\/\/www.vkd.com\/lv-bayern\/news\/author\/gentscher-jungentscher-de\/\"}]}<\/script>\n<!-- \/ Yoast SEO plugin. -->","yoast_head_json":{"title":"Aktionswoche 2025: Gemeinsam Lebensmittel retten - Landesverband der K\u00f6che Bayern","robots":{"index":"noindex","follow":"follow","max-snippet":"max-snippet:-1","max-image-preview":"max-image-preview:large","max-video-preview":"max-video-preview:-1"},"og_locale":"de_DE","og_type":"article","og_title":"Aktionswoche 2025: Gemeinsam Lebensmittel retten - Landesverband der K\u00f6che Bayern","og_description":"29. September bis 6. Oktober: Die bundesweite Aktionswoche \u201eZu gut f\u00fcr die Tonne!\u201c ist eine Plattform f\u00fcr zahlreiche Mitmach-Aktionen rund um das Thema Lebensmittelwertsch\u00e4tzung. Die Bundesl\u00e4nder arbeiten daf\u00fcr mit weiteren Partnerinnen und Partnern zusammen. Sei es in der Au\u00dfer-Haus-Verpflegung, im Handel, an Schulen und Kitas, im landwirtschaftlichen Bereich oder im digitalen Raum: Im Rahmen der...","og_url":"https:\/\/www.vkd.com\/lv-bayern\/news\/aktionswoche-2025-gemeinsam-lebensmittel-retten\/","og_site_name":"Landesverband der K\u00f6che Bayern","article_published_time":"2025-09-23T08:00:49+00:00","og_image":[{"width":1024,"height":683,"url":"https:\/\/www.vkd.com\/lv-bayern\/wp-content\/uploads\/sites\/14\/2025\/09\/25_BMLEH_ZGFDT_Aktionswoche-2025_Webbanner_4398x2932_ohne-Logos_2-1024x683-1.jpg","type":"image\/jpeg"}],"author":"Kostadinov Alexander","twitter_card":"summary_large_image","twitter_misc":{"Verfasst von":"Kostadinov Alexander","Gesch\u00e4tzte Lesezeit":"3\u00a0Minuten"},"schema":{"@context":"https:\/\/schema.org","@graph":[{"@type":"WebPage","@id":"https:\/\/www.vkd.com\/lv-bayern\/news\/aktionswoche-2025-gemeinsam-lebensmittel-retten\/","url":"https:\/\/www.vkd.com\/lv-bayern\/news\/aktionswoche-2025-gemeinsam-lebensmittel-retten\/","name":"Aktionswoche 2025: Gemeinsam Lebensmittel retten - Landesverband der K\u00f6che Bayern","isPartOf":{"@id":"https:\/\/www.vkd.com\/lv-bayern\/#website"},"datePublished":"2025-09-23T08:00:49+00:00","dateModified":"2025-09-23T08:00:49+00:00","author":{"@id":"https:\/\/www.vkd.com\/lv-bayern\/#\/schema\/person\/19c4bb106ca4de98c60e2cb5ac7f572f"},"breadcrumb":{"@id":"https:\/\/www.vkd.com\/lv-bayern\/news\/aktionswoche-2025-gemeinsam-lebensmittel-retten\/#breadcrumb"},"inLanguage":"de","potentialAction":[{"@type":"ReadAction","target":["https:\/\/www.vkd.com\/lv-bayern\/news\/aktionswoche-2025-gemeinsam-lebensmittel-retten\/"]}]},{"@type":"BreadcrumbList","@id":"https:\/\/www.vkd.com\/lv-bayern\/news\/aktionswoche-2025-gemeinsam-lebensmittel-retten\/#breadcrumb","itemListElement":[{"@type":"ListItem","position":1,"name":"Startseite","item":"https:\/\/www.vkd.com\/lv-bayern\/"},{"@type":"ListItem","position":2,"name":"Aktionswoche 2025: Gemeinsam Lebensmittel retten"}]},{"@type":"WebSite","@id":"https:\/\/www.vkd.com\/lv-bayern\/#website","url":"https:\/\/www.vkd.com\/lv-bayern\/","name":"Landesverband der K\u00f6che Bayern","description":"Landesverband im Verband der K\u00f6che Deutschlands e.V.","potentialAction":[{"@type":"SearchAction","target":{"@type":"EntryPoint","urlTemplate":"https:\/\/www.vkd.com\/lv-bayern\/?s={search_term_string}"},"query-input":"required name=search_term_string"}],"inLanguage":"de"},{"@type":"Person","@id":"https:\/\/www.vkd.com\/lv-bayern\/#\/schema\/person\/19c4bb106ca4de98c60e2cb5ac7f572f","name":"Kostadinov Alexander","image":{"@type":"ImageObject","inLanguage":"de","@id":"https:\/\/www.vkd.com\/lv-bayern\/#\/schema\/person\/image\/","url":"https:\/\/secure.gravatar.com\/avatar\/b0cb85e5c215fe1114e6d2404492358d?s=96&d=mm&r=g","contentUrl":"https:\/\/secure.gravatar.com\/avatar\/b0cb85e5c215fe1114e6d2404492358d?s=96&d=mm&r=g","caption":"Kostadinov Alexander"},"url":"https:\/\/www.vkd.com\/lv-bayern\/news\/author\/gentscher-jungentscher-de\/"}]}},"_links":{"self":[{"href":"https:\/\/www.vkd.com\/lv-bayern\/wp-json\/wp\/v2\/posts\/1861"}],"collection":[{"href":"https:\/\/www.vkd.com\/lv-bayern\/wp-json\/wp\/v2\/posts"}],"about":[{"href":"https:\/\/www.vkd.com\/lv-bayern\/wp-json\/wp\/v2\/types\/post"}],"author":[{"embeddable":true,"href":"https:\/\/www.vkd.com\/lv-bayern\/wp-json\/wp\/v2\/users\/1955"}],"replies":[{"embeddable":true,"href":"https:\/\/www.vkd.com\/lv-bayern\/wp-json\/wp\/v2\/comments?post=1861"}],"version-history":[{"count":3,"href":"https:\/\/www.vkd.com\/lv-bayern\/wp-json\/wp\/v2\/posts\/1861\/revisions"}],"predecessor-version":[{"id":1868,"href":"https:\/\/www.vkd.com\/lv-bayern\/wp-json\/wp\/v2\/posts\/1861\/revisions\/1868"}],"wp:featuredmedia":[{"embeddable":true,"href":"https:\/\/www.vkd.com\/lv-bayern\/wp-json\/wp\/v2\/media\/1862"}],"wp:attachment":[{"href":"https:\/\/www.vkd.com\/lv-bayern\/wp-json\/wp\/v2\/media?parent=1861"}],"wp:term":[{"taxonomy":"category","embeddable":true,"href":"https:\/\/www.vkd.com\/lv-bayern\/wp-json\/wp\/v2\/categories?post=1861"},{"taxonomy":"post_tag","embeddable":true,"href":"https:\/\/www.vkd.com\/lv-bayern\/wp-json\/wp\/v2\/tags?post=1861"}],"curies":[{"name":"wp","href":"https:\/\/api.w.org\/{rel}","templated":true}]}}