{"id":1857,"date":"2025-09-23T09:34:42","date_gmt":"2025-09-23T07:34:42","guid":{"rendered":"https:\/\/www.vkd.com\/lv-bayern\/?p=1857"},"modified":"2025-09-23T09:34:42","modified_gmt":"2025-09-23T07:34:42","slug":"black-box-foodtrucks-und-grosse-chancen","status":"publish","type":"post","link":"https:\/\/www.vkd.com\/lv-bayern\/news\/black-box-foodtrucks-und-grosse-chancen\/","title":{"rendered":"Black Box, Foodtrucks und gro\u00dfe Chancen"},"content":{"rendered":"<div class=\"custom-except\">\n<p>Im kommenden Jahr sucht der VKD gemeinsam mit der Achenbach Delikatessen-Manufaktur wieder motivierte Kochtalente, die ihr K\u00f6nnen vor gro\u00dfem Publikum unter Beweis stellen m\u00f6chten. Die Anmeldung f\u00fcr den Rudolf Achenbach Preis 2026 ist bis Ende Januar m\u00f6glich.<\/p>\n<\/div>\n<p><b><span data-contrast=\"auto\">Netzwerk und Karriereboost<\/span><\/b><span data-ccp-props=\"{}\">\u00a0<\/span><\/p>\n<p><span data-contrast=\"auto\">Die Teilnahme am\u00a0<a href=\"https:\/\/verbandderkoeche.my.canva.site\/rap26-website\/\" target=\"_blank\" rel=\"noopener\">Rudolf Achenbach Preis<\/a>\u00a0er\u00f6ffnet wertvolle Chancen: Auszubildende kn\u00fcpfen Freundschaften f\u00fcrs Leben, erweitern ihr berufliches Netzwerk und lernen andere Nachwuchskr\u00e4fte, deren Ausbilder:innen sowie Vertreter:innen aus Gastronomie und Unternehmen kennen. Der eigene Name auf gro\u00dfer B\u00fchne verschafft Sichtbarkeit und \u00f6ffnet T\u00fcren in der Branche.<\/span><\/p>\n<hr \/>\n<p><b><span data-contrast=\"auto\">Probe f\u00fcr die Pr\u00fcfung<\/span><\/b><span data-ccp-props=\"{&quot;134233117&quot;:false,&quot;134233118&quot;:false,&quot;201341983&quot;:0,&quot;335551550&quot;:1,&quot;335551620&quot;:1,&quot;335559685&quot;:0,&quot;335559737&quot;:0,&quot;335559738&quot;:0,&quot;335559739&quot;:160,&quot;335559740&quot;:279}\">\u00a0<\/span><\/p>\n<p><span data-contrast=\"auto\">Die Jury entscheidet, welche der Bewerbenden sich f\u00fcr die regionalen Halbfinals qualifizieren. Dort treten die Teilnehmenden im praktischen Wettbewerb gegeneinander an: Planung, Zubereitung und Anrichten eines Drei-Gang-Men\u00fcs f\u00fcr jeweils sechs Personen stehen auf dem Programm. Rund zwei Wochen vor dem Halbfinale werden zwei m\u00f6gliche Warenk\u00f6rbe mit Pflicht- und Wahlkomponenten bekanntgegeben. Zu beiden m\u00fcssen die Azubis Men\u00fcvorschl\u00e4ge einreichen. Erst am Wettbewerbstag erfahren sie, welcher Warenkorb tats\u00e4chlich zum Einsatz kommt. Damit bieten die Halbfinals eine ideale Vorbereitung auf die Abschlusspr\u00fcfung.<\/span><\/p>\n<hr \/>\n<p><b><span data-contrast=\"auto\">Finale mit Foodtrucks<\/span><\/b><span data-ccp-props=\"{}\">\u00a0<\/span><\/p>\n<p><span data-contrast=\"auto\">Die besten sechs Nachwuchsk\u00f6ch:innen qualifizieren sich f\u00fcr das gro\u00dfe Finale. Dort treten sie \u00fcber zwei Tage in Theorie und Praxis gegeneinander an. Der kulinarische Showdown am zweiten Tag bietet Gelegenheit, Spitzenleistungen unter Beweis zu stellen. Im Finale in der Frankfurter Naxoshalle stellt die Black Box die Azubis vor ihre gr\u00f6\u00dfte Herausforderung: Aus einem bis dahin unbekannten Warenkorb entsteht ein Drei-Gang-Men\u00fc mit Fingerfood, zubereitet auf kleinstem Raum im eigenen Foodtruck.<\/span><\/p>\n<hr \/>\n<p><b><span data-contrast=\"auto\">Preise und Publicity<\/span><\/b><span data-ccp-props=\"{}\">\u00a0<\/span><\/p>\n<p><span data-contrast=\"auto\">Die jungen Kochtalente werden auf einer exklusiven Abendveranstaltung geehrt und r\u00fccken damit ins Rampenlicht vor gro\u00dfem Publikum und der Presse. F\u00fcr ihre Leistungen erhalten sie Geld- und Sachpreise sowie Gutscheine f\u00fcr Weiterbildungen.<\/span><\/p>\n<hr \/>\n<p><b><span data-contrast=\"auto\">Wer kann teilnehmen?<\/span><\/b><span data-ccp-props=\"{}\">\u00a0<\/span><\/p>\n<p><span data-contrast=\"auto\">Kochauszubildende im zweiten oder dritten Ausbildungsjahr, die im Wettbewerbsjahr nicht \u00e4lter sind als 27 Jahre.\u00a0<\/span><\/p>\n<hr \/>\n<p><img decoding=\"async\" loading=\"lazy\" class=\"alignnone wp-image-43720 size-large\" src=\"https:\/\/www.vkd.com\/wp-content\/uploads\/2025\/09\/Timeline-RAP-1-1024x114.png\" alt=\"Timeline Rap (1)\" width=\"1024\" height=\"114\" \/><\/p>\n<blockquote>\n<h4 class=\"upcse\">Stell dich der Challenge und sei dabei!<\/h4>\n<p>Jetzt bewerben f\u00fcr den Rudolf Achenbach Preis 2026.<\/p>\n<p><strong><a class=\"btn btn-green\">Infos und Anmeldung hier<\/a><\/strong><\/p><\/blockquote>\n<hr class=\"subtle smaller\" \/>\n","protected":false},"excerpt":{"rendered":"<p>Im kommenden Jahr sucht der VKD gemeinsam mit der Achenbach Delikatessen-Manufaktur wieder motivierte Kochtalente, die ihr K\u00f6nnen vor gro\u00dfem Publikum unter Beweis stellen m\u00f6chten. Die Anmeldung f\u00fcr den Rudolf Achenbach Preis 2026 ist bis Ende Januar m\u00f6glich. Netzwerk und Karriereboost\u00a0 Die Teilnahme am\u00a0Rudolf Achenbach Preis\u00a0er\u00f6ffnet wertvolle Chancen: Auszubildende kn\u00fcpfen Freundschaften f\u00fcrs Leben, erweitern ihr berufliches&#8230;<\/p>\n","protected":false},"author":1955,"featured_media":1858,"comment_status":"closed","ping_status":"open","sticky":false,"template":"","format":"standard","meta":[],"categories":[1],"tags":[17,5,9],"yoast_head":"<!-- This site is optimized with the Yoast SEO plugin v20.0 - https:\/\/yoast.com\/wordpress\/plugins\/seo\/ -->\n<title>Black Box, Foodtrucks und gro\u00dfe Chancen - Landesverband der K\u00f6che Bayern<\/title>\n<meta name=\"robots\" content=\"noindex, follow, max-snippet:-1, max-image-preview:large, max-video-preview:-1\" \/>\n<meta property=\"og:locale\" content=\"de_DE\" \/>\n<meta property=\"og:type\" content=\"article\" \/>\n<meta property=\"og:title\" content=\"Black Box, Foodtrucks und gro\u00dfe Chancen - Landesverband der K\u00f6che Bayern\" \/>\n<meta property=\"og:description\" content=\"Im kommenden Jahr sucht der VKD gemeinsam mit der Achenbach Delikatessen-Manufaktur wieder motivierte Kochtalente, die ihr K\u00f6nnen vor gro\u00dfem Publikum unter Beweis stellen m\u00f6chten. Die Anmeldung f\u00fcr den Rudolf Achenbach Preis 2026 ist bis Ende Januar m\u00f6glich. Netzwerk und Karriereboost\u00a0 Die Teilnahme am\u00a0Rudolf Achenbach Preis\u00a0er\u00f6ffnet wertvolle Chancen: Auszubildende kn\u00fcpfen Freundschaften f\u00fcrs Leben, erweitern ihr berufliches...\" \/>\n<meta property=\"og:url\" content=\"https:\/\/www.vkd.com\/lv-bayern\/news\/black-box-foodtrucks-und-grosse-chancen\/\" \/>\n<meta property=\"og:site_name\" content=\"Landesverband der K\u00f6che Bayern\" \/>\n<meta property=\"article:published_time\" content=\"2025-09-23T07:34:42+00:00\" \/>\n<meta property=\"og:image\" content=\"https:\/\/www.vkd.com\/lv-bayern\/wp-content\/uploads\/sites\/14\/2025\/09\/Auswahl-Fotos-quer-8-1024x683-1.png\" \/>\n\t<meta property=\"og:image:width\" content=\"1024\" \/>\n\t<meta property=\"og:image:height\" content=\"683\" \/>\n\t<meta property=\"og:image:type\" content=\"image\/png\" \/>\n<meta name=\"author\" content=\"Kostadinov Alexander\" \/>\n<meta name=\"twitter:card\" content=\"summary_large_image\" \/>\n<meta name=\"twitter:label1\" content=\"Verfasst von\" \/>\n\t<meta name=\"twitter:data1\" content=\"Kostadinov Alexander\" \/>\n\t<meta name=\"twitter:label2\" content=\"Gesch\u00e4tzte Lesezeit\" \/>\n\t<meta name=\"twitter:data2\" content=\"3\u00a0Minuten\" \/>\n<script type=\"application\/ld+json\" class=\"yoast-schema-graph\">{\"@context\":\"https:\/\/schema.org\",\"@graph\":[{\"@type\":\"WebPage\",\"@id\":\"https:\/\/www.vkd.com\/lv-bayern\/news\/black-box-foodtrucks-und-grosse-chancen\/\",\"url\":\"https:\/\/www.vkd.com\/lv-bayern\/news\/black-box-foodtrucks-und-grosse-chancen\/\",\"name\":\"Black Box, Foodtrucks und gro\u00dfe Chancen - Landesverband der K\u00f6che Bayern\",\"isPartOf\":{\"@id\":\"https:\/\/www.vkd.com\/lv-bayern\/#website\"},\"datePublished\":\"2025-09-23T07:34:42+00:00\",\"dateModified\":\"2025-09-23T07:34:42+00:00\",\"author\":{\"@id\":\"https:\/\/www.vkd.com\/lv-bayern\/#\/schema\/person\/19c4bb106ca4de98c60e2cb5ac7f572f\"},\"breadcrumb\":{\"@id\":\"https:\/\/www.vkd.com\/lv-bayern\/news\/black-box-foodtrucks-und-grosse-chancen\/#breadcrumb\"},\"inLanguage\":\"de\",\"potentialAction\":[{\"@type\":\"ReadAction\",\"target\":[\"https:\/\/www.vkd.com\/lv-bayern\/news\/black-box-foodtrucks-und-grosse-chancen\/\"]}]},{\"@type\":\"BreadcrumbList\",\"@id\":\"https:\/\/www.vkd.com\/lv-bayern\/news\/black-box-foodtrucks-und-grosse-chancen\/#breadcrumb\",\"itemListElement\":[{\"@type\":\"ListItem\",\"position\":1,\"name\":\"Startseite\",\"item\":\"https:\/\/www.vkd.com\/lv-bayern\/\"},{\"@type\":\"ListItem\",\"position\":2,\"name\":\"Black Box, Foodtrucks und gro\u00dfe Chancen\"}]},{\"@type\":\"WebSite\",\"@id\":\"https:\/\/www.vkd.com\/lv-bayern\/#website\",\"url\":\"https:\/\/www.vkd.com\/lv-bayern\/\",\"name\":\"Landesverband der K\u00f6che Bayern\",\"description\":\"Landesverband im Verband der K\u00f6che Deutschlands e.V.\",\"potentialAction\":[{\"@type\":\"SearchAction\",\"target\":{\"@type\":\"EntryPoint\",\"urlTemplate\":\"https:\/\/www.vkd.com\/lv-bayern\/?s={search_term_string}\"},\"query-input\":\"required name=search_term_string\"}],\"inLanguage\":\"de\"},{\"@type\":\"Person\",\"@id\":\"https:\/\/www.vkd.com\/lv-bayern\/#\/schema\/person\/19c4bb106ca4de98c60e2cb5ac7f572f\",\"name\":\"Kostadinov Alexander\",\"image\":{\"@type\":\"ImageObject\",\"inLanguage\":\"de\",\"@id\":\"https:\/\/www.vkd.com\/lv-bayern\/#\/schema\/person\/image\/\",\"url\":\"https:\/\/secure.gravatar.com\/avatar\/b0cb85e5c215fe1114e6d2404492358d?s=96&d=mm&r=g\",\"contentUrl\":\"https:\/\/secure.gravatar.com\/avatar\/b0cb85e5c215fe1114e6d2404492358d?s=96&d=mm&r=g\",\"caption\":\"Kostadinov Alexander\"},\"url\":\"https:\/\/www.vkd.com\/lv-bayern\/news\/author\/gentscher-jungentscher-de\/\"}]}<\/script>\n<!-- \/ Yoast SEO plugin. -->","yoast_head_json":{"title":"Black Box, Foodtrucks und gro\u00dfe Chancen - Landesverband der K\u00f6che Bayern","robots":{"index":"noindex","follow":"follow","max-snippet":"max-snippet:-1","max-image-preview":"max-image-preview:large","max-video-preview":"max-video-preview:-1"},"og_locale":"de_DE","og_type":"article","og_title":"Black Box, Foodtrucks und gro\u00dfe Chancen - Landesverband der K\u00f6che Bayern","og_description":"Im kommenden Jahr sucht der VKD gemeinsam mit der Achenbach Delikatessen-Manufaktur wieder motivierte Kochtalente, die ihr K\u00f6nnen vor gro\u00dfem Publikum unter Beweis stellen m\u00f6chten. Die Anmeldung f\u00fcr den Rudolf Achenbach Preis 2026 ist bis Ende Januar m\u00f6glich. Netzwerk und Karriereboost\u00a0 Die Teilnahme am\u00a0Rudolf Achenbach Preis\u00a0er\u00f6ffnet wertvolle Chancen: Auszubildende kn\u00fcpfen Freundschaften f\u00fcrs Leben, erweitern ihr berufliches...","og_url":"https:\/\/www.vkd.com\/lv-bayern\/news\/black-box-foodtrucks-und-grosse-chancen\/","og_site_name":"Landesverband der K\u00f6che Bayern","article_published_time":"2025-09-23T07:34:42+00:00","og_image":[{"width":1024,"height":683,"url":"https:\/\/www.vkd.com\/lv-bayern\/wp-content\/uploads\/sites\/14\/2025\/09\/Auswahl-Fotos-quer-8-1024x683-1.png","type":"image\/png"}],"author":"Kostadinov Alexander","twitter_card":"summary_large_image","twitter_misc":{"Verfasst von":"Kostadinov Alexander","Gesch\u00e4tzte Lesezeit":"3\u00a0Minuten"},"schema":{"@context":"https:\/\/schema.org","@graph":[{"@type":"WebPage","@id":"https:\/\/www.vkd.com\/lv-bayern\/news\/black-box-foodtrucks-und-grosse-chancen\/","url":"https:\/\/www.vkd.com\/lv-bayern\/news\/black-box-foodtrucks-und-grosse-chancen\/","name":"Black Box, Foodtrucks und gro\u00dfe Chancen - Landesverband der K\u00f6che Bayern","isPartOf":{"@id":"https:\/\/www.vkd.com\/lv-bayern\/#website"},"datePublished":"2025-09-23T07:34:42+00:00","dateModified":"2025-09-23T07:34:42+00:00","author":{"@id":"https:\/\/www.vkd.com\/lv-bayern\/#\/schema\/person\/19c4bb106ca4de98c60e2cb5ac7f572f"},"breadcrumb":{"@id":"https:\/\/www.vkd.com\/lv-bayern\/news\/black-box-foodtrucks-und-grosse-chancen\/#breadcrumb"},"inLanguage":"de","potentialAction":[{"@type":"ReadAction","target":["https:\/\/www.vkd.com\/lv-bayern\/news\/black-box-foodtrucks-und-grosse-chancen\/"]}]},{"@type":"BreadcrumbList","@id":"https:\/\/www.vkd.com\/lv-bayern\/news\/black-box-foodtrucks-und-grosse-chancen\/#breadcrumb","itemListElement":[{"@type":"ListItem","position":1,"name":"Startseite","item":"https:\/\/www.vkd.com\/lv-bayern\/"},{"@type":"ListItem","position":2,"name":"Black Box, Foodtrucks und gro\u00dfe Chancen"}]},{"@type":"WebSite","@id":"https:\/\/www.vkd.com\/lv-bayern\/#website","url":"https:\/\/www.vkd.com\/lv-bayern\/","name":"Landesverband der K\u00f6che Bayern","description":"Landesverband im Verband der K\u00f6che Deutschlands e.V.","potentialAction":[{"@type":"SearchAction","target":{"@type":"EntryPoint","urlTemplate":"https:\/\/www.vkd.com\/lv-bayern\/?s={search_term_string}"},"query-input":"required name=search_term_string"}],"inLanguage":"de"},{"@type":"Person","@id":"https:\/\/www.vkd.com\/lv-bayern\/#\/schema\/person\/19c4bb106ca4de98c60e2cb5ac7f572f","name":"Kostadinov Alexander","image":{"@type":"ImageObject","inLanguage":"de","@id":"https:\/\/www.vkd.com\/lv-bayern\/#\/schema\/person\/image\/","url":"https:\/\/secure.gravatar.com\/avatar\/b0cb85e5c215fe1114e6d2404492358d?s=96&d=mm&r=g","contentUrl":"https:\/\/secure.gravatar.com\/avatar\/b0cb85e5c215fe1114e6d2404492358d?s=96&d=mm&r=g","caption":"Kostadinov Alexander"},"url":"https:\/\/www.vkd.com\/lv-bayern\/news\/author\/gentscher-jungentscher-de\/"}]}},"_links":{"self":[{"href":"https:\/\/www.vkd.com\/lv-bayern\/wp-json\/wp\/v2\/posts\/1857"}],"collection":[{"href":"https:\/\/www.vkd.com\/lv-bayern\/wp-json\/wp\/v2\/posts"}],"about":[{"href":"https:\/\/www.vkd.com\/lv-bayern\/wp-json\/wp\/v2\/types\/post"}],"author":[{"embeddable":true,"href":"https:\/\/www.vkd.com\/lv-bayern\/wp-json\/wp\/v2\/users\/1955"}],"replies":[{"embeddable":true,"href":"https:\/\/www.vkd.com\/lv-bayern\/wp-json\/wp\/v2\/comments?post=1857"}],"version-history":[{"count":2,"href":"https:\/\/www.vkd.com\/lv-bayern\/wp-json\/wp\/v2\/posts\/1857\/revisions"}],"predecessor-version":[{"id":1860,"href":"https:\/\/www.vkd.com\/lv-bayern\/wp-json\/wp\/v2\/posts\/1857\/revisions\/1860"}],"wp:featuredmedia":[{"embeddable":true,"href":"https:\/\/www.vkd.com\/lv-bayern\/wp-json\/wp\/v2\/media\/1858"}],"wp:attachment":[{"href":"https:\/\/www.vkd.com\/lv-bayern\/wp-json\/wp\/v2\/media?parent=1857"}],"wp:term":[{"taxonomy":"category","embeddable":true,"href":"https:\/\/www.vkd.com\/lv-bayern\/wp-json\/wp\/v2\/categories?post=1857"},{"taxonomy":"post_tag","embeddable":true,"href":"https:\/\/www.vkd.com\/lv-bayern\/wp-json\/wp\/v2\/tags?post=1857"}],"curies":[{"name":"wp","href":"https:\/\/api.w.org\/{rel}","templated":true}]}}