{"id":1842,"date":"2025-09-08T12:42:06","date_gmt":"2025-09-08T10:42:06","guid":{"rendered":"https:\/\/www.vkd.com\/lv-bayern\/?p=1842"},"modified":"2025-09-08T12:42:20","modified_gmt":"2025-09-08T10:42:20","slug":"satzungsaenderung","status":"publish","type":"post","link":"https:\/\/www.vkd.com\/lv-bayern\/news\/satzungsaenderung\/","title":{"rendered":"Satzungs\u00e4nderung"},"content":{"rendered":"<p><strong>Hier nochmals der aktuelle Vorschlag zum Nachlesen.<\/strong><\/p>\n<blockquote>\n<h2><strong><a href=\"https:\/\/www.vkd.com\/lv-bayern\/wp-content\/uploads\/sites\/14\/2025\/09\/FINAL_VKD-Satzung_MV-09_25.pdf\">FINAL_VKD-Satzung_MV-09_25<\/a><\/strong><\/h2>\n<\/blockquote>\n<p><strong>Nicht vergessen:<\/strong><\/p>\n<p>Liebe VKD-Mitglieder,<\/p>\n<p><span data-contrast=\"none\">wir laden euch herzlich zur\u00a0<\/span><b><span data-contrast=\"none\">22. ordentlichen Mitgliederversammlung (MV)<\/span><\/b><span data-contrast=\"none\">\u00a0des Verbands der K\u00f6che Deutschlands e.\u202fV. (VKD) ein. Die Versammlung findet am\u00a0<\/span><b><span data-contrast=\"none\">27. September 2025\u00a0<\/span><\/b><span data-contrast=\"none\">im Scandic Hotel Museumsufer in Frankfurt am Main statt \u2013 im hybriden Format. Das bedeutet, ihr k\u00f6nnt entweder vor Ort oder via Online-Stream teilnehmen. Im Rahmen der MV wird unter anderem digital \u00fcber eine Satzungs\u00e4nderung abgestimmt. Bitte beachtet, dass die Stimmabgabe nur zu einem festgelegten Zeitpunkt w\u00e4hrend der Veranstaltung m\u00f6glich ist.<\/span><\/p>\n","protected":false},"excerpt":{"rendered":"<p>Hier nochmals der aktuelle Vorschlag zum Nachlesen. FINAL_VKD-Satzung_MV-09_25 Nicht vergessen: Liebe VKD-Mitglieder, wir laden euch herzlich zur\u00a022. ordentlichen Mitgliederversammlung (MV)\u00a0des Verbands der K\u00f6che Deutschlands e.\u202fV. (VKD) ein. Die Versammlung findet am\u00a027. September 2025\u00a0im Scandic Hotel Museumsufer in Frankfurt am Main statt \u2013 im hybriden Format. Das bedeutet, ihr k\u00f6nnt entweder vor Ort oder via Online-Stream&#8230;<\/p>\n","protected":false},"author":1955,"featured_media":1845,"comment_status":"closed","ping_status":"open","sticky":false,"template":"","format":"standard","meta":[],"categories":[1],"tags":[],"yoast_head":"<!-- This site is optimized with the Yoast SEO plugin v20.0 - https:\/\/yoast.com\/wordpress\/plugins\/seo\/ -->\n<title>Satzungs\u00e4nderung - Landesverband der K\u00f6che Bayern<\/title>\n<meta name=\"robots\" content=\"noindex, follow, max-snippet:-1, max-image-preview:large, max-video-preview:-1\" \/>\n<meta property=\"og:locale\" content=\"de_DE\" \/>\n<meta property=\"og:type\" content=\"article\" \/>\n<meta property=\"og:title\" content=\"Satzungs\u00e4nderung - Landesverband der K\u00f6che Bayern\" \/>\n<meta property=\"og:description\" content=\"Hier nochmals der aktuelle Vorschlag zum Nachlesen. FINAL_VKD-Satzung_MV-09_25 Nicht vergessen: Liebe VKD-Mitglieder, wir laden euch herzlich zur\u00a022. ordentlichen Mitgliederversammlung (MV)\u00a0des Verbands der K\u00f6che Deutschlands e.\u202fV. (VKD) ein. Die Versammlung findet am\u00a027. September 2025\u00a0im Scandic Hotel Museumsufer in Frankfurt am Main statt \u2013 im hybriden Format. Das bedeutet, ihr k\u00f6nnt entweder vor Ort oder via Online-Stream...\" \/>\n<meta property=\"og:url\" content=\"https:\/\/www.vkd.com\/lv-bayern\/news\/satzungsaenderung\/\" \/>\n<meta property=\"og:site_name\" content=\"Landesverband der K\u00f6che Bayern\" \/>\n<meta property=\"article:published_time\" content=\"2025-09-08T10:42:06+00:00\" \/>\n<meta property=\"article:modified_time\" content=\"2025-09-08T10:42:20+00:00\" \/>\n<meta property=\"og:image\" content=\"https:\/\/www.vkd.com\/lv-bayern\/wp-content\/uploads\/sites\/14\/2025\/09\/Screenshot-2025-09-08-125756.jpg\" \/>\n\t<meta property=\"og:image:width\" content=\"621\" \/>\n\t<meta property=\"og:image:height\" content=\"892\" \/>\n\t<meta property=\"og:image:type\" content=\"image\/jpeg\" \/>\n<meta name=\"author\" content=\"Kostadinov Alexander\" \/>\n<meta name=\"twitter:card\" content=\"summary_large_image\" \/>\n<meta name=\"twitter:label1\" content=\"Verfasst von\" \/>\n\t<meta name=\"twitter:data1\" content=\"Kostadinov Alexander\" \/>\n\t<meta name=\"twitter:label2\" content=\"Gesch\u00e4tzte Lesezeit\" \/>\n\t<meta name=\"twitter:data2\" content=\"1\u00a0Minute\" \/>\n<script type=\"application\/ld+json\" class=\"yoast-schema-graph\">{\"@context\":\"https:\/\/schema.org\",\"@graph\":[{\"@type\":\"WebPage\",\"@id\":\"https:\/\/www.vkd.com\/lv-bayern\/news\/satzungsaenderung\/\",\"url\":\"https:\/\/www.vkd.com\/lv-bayern\/news\/satzungsaenderung\/\",\"name\":\"Satzungs\u00e4nderung - Landesverband der K\u00f6che Bayern\",\"isPartOf\":{\"@id\":\"https:\/\/www.vkd.com\/lv-bayern\/#website\"},\"datePublished\":\"2025-09-08T10:42:06+00:00\",\"dateModified\":\"2025-09-08T10:42:20+00:00\",\"author\":{\"@id\":\"https:\/\/www.vkd.com\/lv-bayern\/#\/schema\/person\/19c4bb106ca4de98c60e2cb5ac7f572f\"},\"breadcrumb\":{\"@id\":\"https:\/\/www.vkd.com\/lv-bayern\/news\/satzungsaenderung\/#breadcrumb\"},\"inLanguage\":\"de\",\"potentialAction\":[{\"@type\":\"ReadAction\",\"target\":[\"https:\/\/www.vkd.com\/lv-bayern\/news\/satzungsaenderung\/\"]}]},{\"@type\":\"BreadcrumbList\",\"@id\":\"https:\/\/www.vkd.com\/lv-bayern\/news\/satzungsaenderung\/#breadcrumb\",\"itemListElement\":[{\"@type\":\"ListItem\",\"position\":1,\"name\":\"Startseite\",\"item\":\"https:\/\/www.vkd.com\/lv-bayern\/\"},{\"@type\":\"ListItem\",\"position\":2,\"name\":\"Satzungs\u00e4nderung\"}]},{\"@type\":\"WebSite\",\"@id\":\"https:\/\/www.vkd.com\/lv-bayern\/#website\",\"url\":\"https:\/\/www.vkd.com\/lv-bayern\/\",\"name\":\"Landesverband der K\u00f6che Bayern\",\"description\":\"Landesverband im Verband der K\u00f6che Deutschlands e.V.\",\"potentialAction\":[{\"@type\":\"SearchAction\",\"target\":{\"@type\":\"EntryPoint\",\"urlTemplate\":\"https:\/\/www.vkd.com\/lv-bayern\/?s={search_term_string}\"},\"query-input\":\"required name=search_term_string\"}],\"inLanguage\":\"de\"},{\"@type\":\"Person\",\"@id\":\"https:\/\/www.vkd.com\/lv-bayern\/#\/schema\/person\/19c4bb106ca4de98c60e2cb5ac7f572f\",\"name\":\"Kostadinov Alexander\",\"image\":{\"@type\":\"ImageObject\",\"inLanguage\":\"de\",\"@id\":\"https:\/\/www.vkd.com\/lv-bayern\/#\/schema\/person\/image\/\",\"url\":\"https:\/\/secure.gravatar.com\/avatar\/b0cb85e5c215fe1114e6d2404492358d?s=96&d=mm&r=g\",\"contentUrl\":\"https:\/\/secure.gravatar.com\/avatar\/b0cb85e5c215fe1114e6d2404492358d?s=96&d=mm&r=g\",\"caption\":\"Kostadinov Alexander\"},\"url\":\"https:\/\/www.vkd.com\/lv-bayern\/news\/author\/gentscher-jungentscher-de\/\"}]}<\/script>\n<!-- \/ Yoast SEO plugin. -->","yoast_head_json":{"title":"Satzungs\u00e4nderung - Landesverband der K\u00f6che Bayern","robots":{"index":"noindex","follow":"follow","max-snippet":"max-snippet:-1","max-image-preview":"max-image-preview:large","max-video-preview":"max-video-preview:-1"},"og_locale":"de_DE","og_type":"article","og_title":"Satzungs\u00e4nderung - Landesverband der K\u00f6che Bayern","og_description":"Hier nochmals der aktuelle Vorschlag zum Nachlesen. FINAL_VKD-Satzung_MV-09_25 Nicht vergessen: Liebe VKD-Mitglieder, wir laden euch herzlich zur\u00a022. ordentlichen Mitgliederversammlung (MV)\u00a0des Verbands der K\u00f6che Deutschlands e.\u202fV. (VKD) ein. Die Versammlung findet am\u00a027. September 2025\u00a0im Scandic Hotel Museumsufer in Frankfurt am Main statt \u2013 im hybriden Format. Das bedeutet, ihr k\u00f6nnt entweder vor Ort oder via Online-Stream...","og_url":"https:\/\/www.vkd.com\/lv-bayern\/news\/satzungsaenderung\/","og_site_name":"Landesverband der K\u00f6che Bayern","article_published_time":"2025-09-08T10:42:06+00:00","article_modified_time":"2025-09-08T10:42:20+00:00","og_image":[{"width":621,"height":892,"url":"https:\/\/www.vkd.com\/lv-bayern\/wp-content\/uploads\/sites\/14\/2025\/09\/Screenshot-2025-09-08-125756.jpg","type":"image\/jpeg"}],"author":"Kostadinov Alexander","twitter_card":"summary_large_image","twitter_misc":{"Verfasst von":"Kostadinov Alexander","Gesch\u00e4tzte Lesezeit":"1\u00a0Minute"},"schema":{"@context":"https:\/\/schema.org","@graph":[{"@type":"WebPage","@id":"https:\/\/www.vkd.com\/lv-bayern\/news\/satzungsaenderung\/","url":"https:\/\/www.vkd.com\/lv-bayern\/news\/satzungsaenderung\/","name":"Satzungs\u00e4nderung - Landesverband der K\u00f6che Bayern","isPartOf":{"@id":"https:\/\/www.vkd.com\/lv-bayern\/#website"},"datePublished":"2025-09-08T10:42:06+00:00","dateModified":"2025-09-08T10:42:20+00:00","author":{"@id":"https:\/\/www.vkd.com\/lv-bayern\/#\/schema\/person\/19c4bb106ca4de98c60e2cb5ac7f572f"},"breadcrumb":{"@id":"https:\/\/www.vkd.com\/lv-bayern\/news\/satzungsaenderung\/#breadcrumb"},"inLanguage":"de","potentialAction":[{"@type":"ReadAction","target":["https:\/\/www.vkd.com\/lv-bayern\/news\/satzungsaenderung\/"]}]},{"@type":"BreadcrumbList","@id":"https:\/\/www.vkd.com\/lv-bayern\/news\/satzungsaenderung\/#breadcrumb","itemListElement":[{"@type":"ListItem","position":1,"name":"Startseite","item":"https:\/\/www.vkd.com\/lv-bayern\/"},{"@type":"ListItem","position":2,"name":"Satzungs\u00e4nderung"}]},{"@type":"WebSite","@id":"https:\/\/www.vkd.com\/lv-bayern\/#website","url":"https:\/\/www.vkd.com\/lv-bayern\/","name":"Landesverband der K\u00f6che Bayern","description":"Landesverband im Verband der K\u00f6che Deutschlands e.V.","potentialAction":[{"@type":"SearchAction","target":{"@type":"EntryPoint","urlTemplate":"https:\/\/www.vkd.com\/lv-bayern\/?s={search_term_string}"},"query-input":"required name=search_term_string"}],"inLanguage":"de"},{"@type":"Person","@id":"https:\/\/www.vkd.com\/lv-bayern\/#\/schema\/person\/19c4bb106ca4de98c60e2cb5ac7f572f","name":"Kostadinov Alexander","image":{"@type":"ImageObject","inLanguage":"de","@id":"https:\/\/www.vkd.com\/lv-bayern\/#\/schema\/person\/image\/","url":"https:\/\/secure.gravatar.com\/avatar\/b0cb85e5c215fe1114e6d2404492358d?s=96&d=mm&r=g","contentUrl":"https:\/\/secure.gravatar.com\/avatar\/b0cb85e5c215fe1114e6d2404492358d?s=96&d=mm&r=g","caption":"Kostadinov Alexander"},"url":"https:\/\/www.vkd.com\/lv-bayern\/news\/author\/gentscher-jungentscher-de\/"}]}},"_links":{"self":[{"href":"https:\/\/www.vkd.com\/lv-bayern\/wp-json\/wp\/v2\/posts\/1842"}],"collection":[{"href":"https:\/\/www.vkd.com\/lv-bayern\/wp-json\/wp\/v2\/posts"}],"about":[{"href":"https:\/\/www.vkd.com\/lv-bayern\/wp-json\/wp\/v2\/types\/post"}],"author":[{"embeddable":true,"href":"https:\/\/www.vkd.com\/lv-bayern\/wp-json\/wp\/v2\/users\/1955"}],"replies":[{"embeddable":true,"href":"https:\/\/www.vkd.com\/lv-bayern\/wp-json\/wp\/v2\/comments?post=1842"}],"version-history":[{"count":4,"href":"https:\/\/www.vkd.com\/lv-bayern\/wp-json\/wp\/v2\/posts\/1842\/revisions"}],"predecessor-version":[{"id":1848,"href":"https:\/\/www.vkd.com\/lv-bayern\/wp-json\/wp\/v2\/posts\/1842\/revisions\/1848"}],"wp:featuredmedia":[{"embeddable":true,"href":"https:\/\/www.vkd.com\/lv-bayern\/wp-json\/wp\/v2\/media\/1845"}],"wp:attachment":[{"href":"https:\/\/www.vkd.com\/lv-bayern\/wp-json\/wp\/v2\/media?parent=1842"}],"wp:term":[{"taxonomy":"category","embeddable":true,"href":"https:\/\/www.vkd.com\/lv-bayern\/wp-json\/wp\/v2\/categories?post=1842"},{"taxonomy":"post_tag","embeddable":true,"href":"https:\/\/www.vkd.com\/lv-bayern\/wp-json\/wp\/v2\/tags?post=1842"}],"curies":[{"name":"wp","href":"https:\/\/api.w.org\/{rel}","templated":true}]}}