{"id":1831,"date":"2025-09-04T12:41:34","date_gmt":"2025-09-04T10:41:34","guid":{"rendered":"https:\/\/www.vkd.com\/lv-bayern\/?p=1831"},"modified":"2025-09-04T12:41:34","modified_gmt":"2025-09-04T10:41:34","slug":"mit-leidenschaft-und-vision-wir-entwickeln-das-kochcamp-2026","status":"publish","type":"post","link":"https:\/\/www.vkd.com\/lv-bayern\/news\/mit-leidenschaft-und-vision-wir-entwickeln-das-kochcamp-2026\/","title":{"rendered":"Mit Leidenschaft und Vision: Wir entwickeln das Kochcamp 2026"},"content":{"rendered":"<p data-start=\"318\" data-end=\"621\">Die K\u00fcche ist unser Zuhause, die Leidenschaft unser Antrieb \u2013 und die Zukunft unserer Branche liegt uns am Herzen. Genau deshalb arbeiten wir im Vorstand des <strong data-start=\"476\" data-end=\"511\">Landesverbands der K\u00f6che Bayern<\/strong> derzeit mit Hochdruck und voller Begeisterung an einem ganz besonderen Herzensprojekt: dem <strong data-start=\"603\" data-end=\"620\">Kochcamp 2026<\/strong>.<\/p>\n<p data-start=\"623\" data-end=\"873\">Was dahintersteckt? Ein v\u00f6llig neues Konzept, das mehr ist als nur ein Event. Es wird ein Ort des Lernens, des Austauschs und der Inspiration \u2013 speziell f\u00fcr junge Nachwuchskr\u00e4fte, engagierte Ausbilder*innen und alle, die f\u00fcr das Kochhandwerk brennen.<\/p>\n<p data-start=\"875\" data-end=\"1078\"><strong data-start=\"875\" data-end=\"904\">Das Kochcamp 2026 soll&#8230;<\/strong><br data-start=\"904\" data-end=\"907\" \/>\ud83c\udf74 Wissen praxisnah vermitteln,<br data-start=\"938\" data-end=\"941\" \/>\ud83c\udf74 Talente f\u00f6rdern und vernetzen,<br data-start=\"974\" data-end=\"977\" \/>\ud83c\udf74 den Teamgeist st\u00e4rken,<br data-start=\"1002\" data-end=\"1005\" \/>\ud83c\udf74 und den Beruf Koch\/K\u00f6chin in seiner ganzen Vielfalt erlebbar machen.<\/p>\n<p data-start=\"1080\" data-end=\"1218\">Dabei setzen wir auf neue Ans\u00e4tze, kreative Formate und moderne Impulse \u2013 ohne die Wurzeln unseres Handwerks aus den Augen zu verlieren.<\/p>\n<p data-start=\"1220\" data-end=\"1384\">Besonders wichtig ist uns: Dieses Projekt entsteht <strong data-start=\"1271\" data-end=\"1306\">aus der Praxis \u2013 f\u00fcr die Praxis<\/strong>. Wir h\u00f6ren zu, entwickeln gemeinsam und gestalten etwas, das wirklich bewegt.<\/p>\n<p data-start=\"1386\" data-end=\"1568\"><strong data-start=\"1386\" data-end=\"1437\">Bleibt gespannt \u2013 denn das ist erst der Anfang.<\/strong><br data-start=\"1437\" data-end=\"1440\" \/>In den kommenden Wochen werden wir weitere Einblicke geben, Details verraten und euch mitnehmen auf dem Weg zum Kochcamp 2026.<\/p>\n<p data-start=\"1570\" data-end=\"1641\">Eines ist sicher: <strong data-start=\"1588\" data-end=\"1638\">Es wird anders. Es wird stark. Es wird lecker.<\/strong> \ud83d\ude04<\/p>\n","protected":false},"excerpt":{"rendered":"<p>Die K\u00fcche ist unser Zuhause, die Leidenschaft unser Antrieb \u2013 und die Zukunft unserer Branche liegt uns am Herzen. Genau deshalb arbeiten wir im Vorstand des Landesverbands der K\u00f6che Bayern derzeit mit Hochdruck und voller Begeisterung an einem ganz besonderen Herzensprojekt: dem Kochcamp 2026. Was dahintersteckt? Ein v\u00f6llig neues Konzept, das mehr ist als nur&#8230;<\/p>\n","protected":false},"author":1955,"featured_media":1832,"comment_status":"closed","ping_status":"open","sticky":false,"template":"","format":"standard","meta":[],"categories":[1],"tags":[],"yoast_head":"<!-- This site is optimized with the Yoast SEO plugin v20.0 - https:\/\/yoast.com\/wordpress\/plugins\/seo\/ -->\n<title>Mit Leidenschaft und Vision: Wir entwickeln das Kochcamp 2026 - Landesverband der K\u00f6che Bayern<\/title>\n<meta name=\"robots\" content=\"noindex, follow, max-snippet:-1, max-image-preview:large, max-video-preview:-1\" \/>\n<meta property=\"og:locale\" content=\"de_DE\" \/>\n<meta property=\"og:type\" content=\"article\" \/>\n<meta property=\"og:title\" content=\"Mit Leidenschaft und Vision: Wir entwickeln das Kochcamp 2026 - Landesverband der K\u00f6che Bayern\" \/>\n<meta property=\"og:description\" content=\"Die K\u00fcche ist unser Zuhause, die Leidenschaft unser Antrieb \u2013 und die Zukunft unserer Branche liegt uns am Herzen. Genau deshalb arbeiten wir im Vorstand des Landesverbands der K\u00f6che Bayern derzeit mit Hochdruck und voller Begeisterung an einem ganz besonderen Herzensprojekt: dem Kochcamp 2026. Was dahintersteckt? Ein v\u00f6llig neues Konzept, das mehr ist als nur...\" \/>\n<meta property=\"og:url\" content=\"https:\/\/www.vkd.com\/lv-bayern\/news\/mit-leidenschaft-und-vision-wir-entwickeln-das-kochcamp-2026\/\" \/>\n<meta property=\"og:site_name\" content=\"Landesverband der K\u00f6che Bayern\" \/>\n<meta property=\"article:published_time\" content=\"2025-09-04T10:41:34+00:00\" \/>\n<meta property=\"og:image\" content=\"https:\/\/www.vkd.com\/lv-bayern\/wp-content\/uploads\/sites\/14\/2025\/09\/DasKochcamp2026.News_-scaled.jpg\" \/>\n\t<meta property=\"og:image:width\" content=\"1920\" \/>\n\t<meta property=\"og:image:height\" content=\"2560\" \/>\n\t<meta property=\"og:image:type\" content=\"image\/jpeg\" \/>\n<meta name=\"author\" content=\"Kostadinov Alexander\" \/>\n<meta name=\"twitter:card\" content=\"summary_large_image\" \/>\n<meta name=\"twitter:label1\" content=\"Verfasst von\" \/>\n\t<meta name=\"twitter:data1\" content=\"Kostadinov Alexander\" \/>\n\t<meta name=\"twitter:label2\" content=\"Gesch\u00e4tzte Lesezeit\" \/>\n\t<meta name=\"twitter:data2\" content=\"2\u00a0Minuten\" \/>\n<script type=\"application\/ld+json\" class=\"yoast-schema-graph\">{\"@context\":\"https:\/\/schema.org\",\"@graph\":[{\"@type\":\"WebPage\",\"@id\":\"https:\/\/www.vkd.com\/lv-bayern\/news\/mit-leidenschaft-und-vision-wir-entwickeln-das-kochcamp-2026\/\",\"url\":\"https:\/\/www.vkd.com\/lv-bayern\/news\/mit-leidenschaft-und-vision-wir-entwickeln-das-kochcamp-2026\/\",\"name\":\"Mit Leidenschaft und Vision: Wir entwickeln das Kochcamp 2026 - Landesverband der K\u00f6che Bayern\",\"isPartOf\":{\"@id\":\"https:\/\/www.vkd.com\/lv-bayern\/#website\"},\"datePublished\":\"2025-09-04T10:41:34+00:00\",\"dateModified\":\"2025-09-04T10:41:34+00:00\",\"author\":{\"@id\":\"https:\/\/www.vkd.com\/lv-bayern\/#\/schema\/person\/19c4bb106ca4de98c60e2cb5ac7f572f\"},\"breadcrumb\":{\"@id\":\"https:\/\/www.vkd.com\/lv-bayern\/news\/mit-leidenschaft-und-vision-wir-entwickeln-das-kochcamp-2026\/#breadcrumb\"},\"inLanguage\":\"de\",\"potentialAction\":[{\"@type\":\"ReadAction\",\"target\":[\"https:\/\/www.vkd.com\/lv-bayern\/news\/mit-leidenschaft-und-vision-wir-entwickeln-das-kochcamp-2026\/\"]}]},{\"@type\":\"BreadcrumbList\",\"@id\":\"https:\/\/www.vkd.com\/lv-bayern\/news\/mit-leidenschaft-und-vision-wir-entwickeln-das-kochcamp-2026\/#breadcrumb\",\"itemListElement\":[{\"@type\":\"ListItem\",\"position\":1,\"name\":\"Startseite\",\"item\":\"https:\/\/www.vkd.com\/lv-bayern\/\"},{\"@type\":\"ListItem\",\"position\":2,\"name\":\"Mit Leidenschaft und Vision: Wir entwickeln das Kochcamp 2026\"}]},{\"@type\":\"WebSite\",\"@id\":\"https:\/\/www.vkd.com\/lv-bayern\/#website\",\"url\":\"https:\/\/www.vkd.com\/lv-bayern\/\",\"name\":\"Landesverband der K\u00f6che Bayern\",\"description\":\"Landesverband im Verband der K\u00f6che Deutschlands e.V.\",\"potentialAction\":[{\"@type\":\"SearchAction\",\"target\":{\"@type\":\"EntryPoint\",\"urlTemplate\":\"https:\/\/www.vkd.com\/lv-bayern\/?s={search_term_string}\"},\"query-input\":\"required name=search_term_string\"}],\"inLanguage\":\"de\"},{\"@type\":\"Person\",\"@id\":\"https:\/\/www.vkd.com\/lv-bayern\/#\/schema\/person\/19c4bb106ca4de98c60e2cb5ac7f572f\",\"name\":\"Kostadinov Alexander\",\"image\":{\"@type\":\"ImageObject\",\"inLanguage\":\"de\",\"@id\":\"https:\/\/www.vkd.com\/lv-bayern\/#\/schema\/person\/image\/\",\"url\":\"https:\/\/secure.gravatar.com\/avatar\/b0cb85e5c215fe1114e6d2404492358d?s=96&d=mm&r=g\",\"contentUrl\":\"https:\/\/secure.gravatar.com\/avatar\/b0cb85e5c215fe1114e6d2404492358d?s=96&d=mm&r=g\",\"caption\":\"Kostadinov Alexander\"},\"url\":\"https:\/\/www.vkd.com\/lv-bayern\/news\/author\/gentscher-jungentscher-de\/\"}]}<\/script>\n<!-- \/ Yoast SEO plugin. -->","yoast_head_json":{"title":"Mit Leidenschaft und Vision: Wir entwickeln das Kochcamp 2026 - Landesverband der K\u00f6che Bayern","robots":{"index":"noindex","follow":"follow","max-snippet":"max-snippet:-1","max-image-preview":"max-image-preview:large","max-video-preview":"max-video-preview:-1"},"og_locale":"de_DE","og_type":"article","og_title":"Mit Leidenschaft und Vision: Wir entwickeln das Kochcamp 2026 - Landesverband der K\u00f6che Bayern","og_description":"Die K\u00fcche ist unser Zuhause, die Leidenschaft unser Antrieb \u2013 und die Zukunft unserer Branche liegt uns am Herzen. Genau deshalb arbeiten wir im Vorstand des Landesverbands der K\u00f6che Bayern derzeit mit Hochdruck und voller Begeisterung an einem ganz besonderen Herzensprojekt: dem Kochcamp 2026. Was dahintersteckt? Ein v\u00f6llig neues Konzept, das mehr ist als nur...","og_url":"https:\/\/www.vkd.com\/lv-bayern\/news\/mit-leidenschaft-und-vision-wir-entwickeln-das-kochcamp-2026\/","og_site_name":"Landesverband der K\u00f6che Bayern","article_published_time":"2025-09-04T10:41:34+00:00","og_image":[{"width":1920,"height":2560,"url":"https:\/\/www.vkd.com\/lv-bayern\/wp-content\/uploads\/sites\/14\/2025\/09\/DasKochcamp2026.News_-scaled.jpg","type":"image\/jpeg"}],"author":"Kostadinov Alexander","twitter_card":"summary_large_image","twitter_misc":{"Verfasst von":"Kostadinov Alexander","Gesch\u00e4tzte Lesezeit":"2\u00a0Minuten"},"schema":{"@context":"https:\/\/schema.org","@graph":[{"@type":"WebPage","@id":"https:\/\/www.vkd.com\/lv-bayern\/news\/mit-leidenschaft-und-vision-wir-entwickeln-das-kochcamp-2026\/","url":"https:\/\/www.vkd.com\/lv-bayern\/news\/mit-leidenschaft-und-vision-wir-entwickeln-das-kochcamp-2026\/","name":"Mit Leidenschaft und Vision: Wir entwickeln das Kochcamp 2026 - Landesverband der K\u00f6che Bayern","isPartOf":{"@id":"https:\/\/www.vkd.com\/lv-bayern\/#website"},"datePublished":"2025-09-04T10:41:34+00:00","dateModified":"2025-09-04T10:41:34+00:00","author":{"@id":"https:\/\/www.vkd.com\/lv-bayern\/#\/schema\/person\/19c4bb106ca4de98c60e2cb5ac7f572f"},"breadcrumb":{"@id":"https:\/\/www.vkd.com\/lv-bayern\/news\/mit-leidenschaft-und-vision-wir-entwickeln-das-kochcamp-2026\/#breadcrumb"},"inLanguage":"de","potentialAction":[{"@type":"ReadAction","target":["https:\/\/www.vkd.com\/lv-bayern\/news\/mit-leidenschaft-und-vision-wir-entwickeln-das-kochcamp-2026\/"]}]},{"@type":"BreadcrumbList","@id":"https:\/\/www.vkd.com\/lv-bayern\/news\/mit-leidenschaft-und-vision-wir-entwickeln-das-kochcamp-2026\/#breadcrumb","itemListElement":[{"@type":"ListItem","position":1,"name":"Startseite","item":"https:\/\/www.vkd.com\/lv-bayern\/"},{"@type":"ListItem","position":2,"name":"Mit Leidenschaft und Vision: Wir entwickeln das Kochcamp 2026"}]},{"@type":"WebSite","@id":"https:\/\/www.vkd.com\/lv-bayern\/#website","url":"https:\/\/www.vkd.com\/lv-bayern\/","name":"Landesverband der K\u00f6che Bayern","description":"Landesverband im Verband der K\u00f6che Deutschlands e.V.","potentialAction":[{"@type":"SearchAction","target":{"@type":"EntryPoint","urlTemplate":"https:\/\/www.vkd.com\/lv-bayern\/?s={search_term_string}"},"query-input":"required name=search_term_string"}],"inLanguage":"de"},{"@type":"Person","@id":"https:\/\/www.vkd.com\/lv-bayern\/#\/schema\/person\/19c4bb106ca4de98c60e2cb5ac7f572f","name":"Kostadinov Alexander","image":{"@type":"ImageObject","inLanguage":"de","@id":"https:\/\/www.vkd.com\/lv-bayern\/#\/schema\/person\/image\/","url":"https:\/\/secure.gravatar.com\/avatar\/b0cb85e5c215fe1114e6d2404492358d?s=96&d=mm&r=g","contentUrl":"https:\/\/secure.gravatar.com\/avatar\/b0cb85e5c215fe1114e6d2404492358d?s=96&d=mm&r=g","caption":"Kostadinov Alexander"},"url":"https:\/\/www.vkd.com\/lv-bayern\/news\/author\/gentscher-jungentscher-de\/"}]}},"_links":{"self":[{"href":"https:\/\/www.vkd.com\/lv-bayern\/wp-json\/wp\/v2\/posts\/1831"}],"collection":[{"href":"https:\/\/www.vkd.com\/lv-bayern\/wp-json\/wp\/v2\/posts"}],"about":[{"href":"https:\/\/www.vkd.com\/lv-bayern\/wp-json\/wp\/v2\/types\/post"}],"author":[{"embeddable":true,"href":"https:\/\/www.vkd.com\/lv-bayern\/wp-json\/wp\/v2\/users\/1955"}],"replies":[{"embeddable":true,"href":"https:\/\/www.vkd.com\/lv-bayern\/wp-json\/wp\/v2\/comments?post=1831"}],"version-history":[{"count":2,"href":"https:\/\/www.vkd.com\/lv-bayern\/wp-json\/wp\/v2\/posts\/1831\/revisions"}],"predecessor-version":[{"id":1834,"href":"https:\/\/www.vkd.com\/lv-bayern\/wp-json\/wp\/v2\/posts\/1831\/revisions\/1834"}],"wp:featuredmedia":[{"embeddable":true,"href":"https:\/\/www.vkd.com\/lv-bayern\/wp-json\/wp\/v2\/media\/1832"}],"wp:attachment":[{"href":"https:\/\/www.vkd.com\/lv-bayern\/wp-json\/wp\/v2\/media?parent=1831"}],"wp:term":[{"taxonomy":"category","embeddable":true,"href":"https:\/\/www.vkd.com\/lv-bayern\/wp-json\/wp\/v2\/categories?post=1831"},{"taxonomy":"post_tag","embeddable":true,"href":"https:\/\/www.vkd.com\/lv-bayern\/wp-json\/wp\/v2\/tags?post=1831"}],"curies":[{"name":"wp","href":"https:\/\/api.w.org\/{rel}","templated":true}]}}