{"id":1828,"date":"2025-09-04T12:26:33","date_gmt":"2025-09-04T10:26:33","guid":{"rendered":"https:\/\/www.vkd.com\/lv-bayern\/?p=1828"},"modified":"2025-09-04T12:26:33","modified_gmt":"2025-09-04T10:26:33","slug":"vorstand-des-landesverbands-der-koeche-bayern-tagt-spontan-im-kloster-seeon","status":"publish","type":"post","link":"https:\/\/www.vkd.com\/lv-bayern\/news\/vorstand-des-landesverbands-der-koeche-bayern-tagt-spontan-im-kloster-seeon\/","title":{"rendered":"Vorstand des Landesverbands der K\u00f6che Bayern tagt spontan im Kloster Seeon"},"content":{"rendered":"<p data-start=\"206\" data-end=\"536\"><strong>Seeon, September 2025<\/strong> \u2013 Der Vorstand des Landesverbands der K\u00f6che Bayern traf sich k\u00fcrzlich zu einem intensiven Austausch und Beratungen im inspirierenden Ambiente des Klosters Seeon. Im Mittelpunkt standen aktuelle Themen rund um die Verbandsarbeit, strategische Planungen sowie neue Ideen zur Weiterentwicklung des Berufsstands.<\/p>\n<p data-start=\"538\" data-end=\"855\">Besonders erfreulich: Die Tagung konnte kurzfristig und effizient organisiert werden, da mehrere Vorstandsmitglieder bereits zuf\u00e4llig vor Ort waren. So konnten wertvolle <strong data-start=\"708\" data-end=\"751\">Synergien genutzt und Kosten eingespart<\/strong> werden \u2013 ein gelungenes Beispiel f\u00fcr pragmatisches und ressourcenschonendes Arbeiten im Verbandsalltag.<\/p>\n<p data-start=\"857\" data-end=\"1048\">Ein herzlicher Dank gilt dem Team des Klosters Seeon f\u00fcr die hervorragende Gastfreundschaft und die angenehme Atmosph\u00e4re, die den Rahmen f\u00fcr produktive Gespr\u00e4che und kreative Impulse bildete.<\/p>\n<p data-start=\"1050\" data-end=\"1397\">Der Landesverband der K\u00f6che Bayern ist stetig aktiv im Einsatz f\u00fcr seine Mitglieder \u2013 sei es durch fachlichen Austausch, Fortbildungsangebote oder die F\u00f6rderung junger Talente im Beruf. Gleichzeitig bleiben wir offen f\u00fcr neue Ans\u00e4tze und innovative Ideen, um den Verband zukunftsorientiert weiterzuentwickeln und die Branche nachhaltig zu st\u00e4rken.<\/p>\n<p data-start=\"1399\" data-end=\"1499\">Wir freuen uns auf die kommenden Projekte und bedanken uns bei allen Beteiligten f\u00fcr ihr Engagement.<\/p>\n","protected":false},"excerpt":{"rendered":"<p>Seeon, September 2025 \u2013 Der Vorstand des Landesverbands der K\u00f6che Bayern traf sich k\u00fcrzlich zu einem intensiven Austausch und Beratungen im inspirierenden Ambiente des Klosters Seeon. Im Mittelpunkt standen aktuelle Themen rund um die Verbandsarbeit, strategische Planungen sowie neue Ideen zur Weiterentwicklung des Berufsstands. Besonders erfreulich: Die Tagung konnte kurzfristig und effizient organisiert werden, da&#8230;<\/p>\n","protected":false},"author":1955,"featured_media":1829,"comment_status":"closed","ping_status":"open","sticky":false,"template":"","format":"standard","meta":[],"categories":[1],"tags":[],"yoast_head":"<!-- This site is optimized with the Yoast SEO plugin v20.0 - https:\/\/yoast.com\/wordpress\/plugins\/seo\/ -->\n<title>Vorstand des Landesverbands der K\u00f6che Bayern tagt spontan im Kloster Seeon - Landesverband der K\u00f6che Bayern<\/title>\n<meta name=\"robots\" content=\"noindex, follow, max-snippet:-1, max-image-preview:large, max-video-preview:-1\" \/>\n<meta property=\"og:locale\" content=\"de_DE\" \/>\n<meta property=\"og:type\" content=\"article\" \/>\n<meta property=\"og:title\" content=\"Vorstand des Landesverbands der K\u00f6che Bayern tagt spontan im Kloster Seeon - Landesverband der K\u00f6che Bayern\" \/>\n<meta property=\"og:description\" content=\"Seeon, September 2025 \u2013 Der Vorstand des Landesverbands der K\u00f6che Bayern traf sich k\u00fcrzlich zu einem intensiven Austausch und Beratungen im inspirierenden Ambiente des Klosters Seeon. Im Mittelpunkt standen aktuelle Themen rund um die Verbandsarbeit, strategische Planungen sowie neue Ideen zur Weiterentwicklung des Berufsstands. Besonders erfreulich: Die Tagung konnte kurzfristig und effizient organisiert werden, da...\" \/>\n<meta property=\"og:url\" content=\"https:\/\/www.vkd.com\/lv-bayern\/news\/vorstand-des-landesverbands-der-koeche-bayern-tagt-spontan-im-kloster-seeon\/\" \/>\n<meta property=\"og:site_name\" content=\"Landesverband der K\u00f6che Bayern\" \/>\n<meta property=\"article:published_time\" content=\"2025-09-04T10:26:33+00:00\" \/>\n<meta property=\"og:image\" content=\"https:\/\/www.vkd.com\/lv-bayern\/wp-content\/uploads\/sites\/14\/2025\/09\/Seeon1-scaled.jpg\" \/>\n\t<meta property=\"og:image:width\" content=\"1920\" \/>\n\t<meta property=\"og:image:height\" content=\"2560\" \/>\n\t<meta property=\"og:image:type\" content=\"image\/jpeg\" \/>\n<meta name=\"author\" content=\"Kostadinov Alexander\" \/>\n<meta name=\"twitter:card\" content=\"summary_large_image\" \/>\n<meta name=\"twitter:label1\" content=\"Verfasst von\" \/>\n\t<meta name=\"twitter:data1\" content=\"Kostadinov Alexander\" \/>\n\t<meta name=\"twitter:label2\" content=\"Gesch\u00e4tzte Lesezeit\" \/>\n\t<meta name=\"twitter:data2\" content=\"1\u00a0Minute\" \/>\n<script type=\"application\/ld+json\" class=\"yoast-schema-graph\">{\"@context\":\"https:\/\/schema.org\",\"@graph\":[{\"@type\":\"WebPage\",\"@id\":\"https:\/\/www.vkd.com\/lv-bayern\/news\/vorstand-des-landesverbands-der-koeche-bayern-tagt-spontan-im-kloster-seeon\/\",\"url\":\"https:\/\/www.vkd.com\/lv-bayern\/news\/vorstand-des-landesverbands-der-koeche-bayern-tagt-spontan-im-kloster-seeon\/\",\"name\":\"Vorstand des Landesverbands der K\u00f6che Bayern tagt spontan im Kloster Seeon - Landesverband der K\u00f6che Bayern\",\"isPartOf\":{\"@id\":\"https:\/\/www.vkd.com\/lv-bayern\/#website\"},\"datePublished\":\"2025-09-04T10:26:33+00:00\",\"dateModified\":\"2025-09-04T10:26:33+00:00\",\"author\":{\"@id\":\"https:\/\/www.vkd.com\/lv-bayern\/#\/schema\/person\/19c4bb106ca4de98c60e2cb5ac7f572f\"},\"breadcrumb\":{\"@id\":\"https:\/\/www.vkd.com\/lv-bayern\/news\/vorstand-des-landesverbands-der-koeche-bayern-tagt-spontan-im-kloster-seeon\/#breadcrumb\"},\"inLanguage\":\"de\",\"potentialAction\":[{\"@type\":\"ReadAction\",\"target\":[\"https:\/\/www.vkd.com\/lv-bayern\/news\/vorstand-des-landesverbands-der-koeche-bayern-tagt-spontan-im-kloster-seeon\/\"]}]},{\"@type\":\"BreadcrumbList\",\"@id\":\"https:\/\/www.vkd.com\/lv-bayern\/news\/vorstand-des-landesverbands-der-koeche-bayern-tagt-spontan-im-kloster-seeon\/#breadcrumb\",\"itemListElement\":[{\"@type\":\"ListItem\",\"position\":1,\"name\":\"Startseite\",\"item\":\"https:\/\/www.vkd.com\/lv-bayern\/\"},{\"@type\":\"ListItem\",\"position\":2,\"name\":\"Vorstand des Landesverbands der K\u00f6che Bayern tagt spontan im Kloster Seeon\"}]},{\"@type\":\"WebSite\",\"@id\":\"https:\/\/www.vkd.com\/lv-bayern\/#website\",\"url\":\"https:\/\/www.vkd.com\/lv-bayern\/\",\"name\":\"Landesverband der K\u00f6che Bayern\",\"description\":\"Landesverband im Verband der K\u00f6che Deutschlands e.V.\",\"potentialAction\":[{\"@type\":\"SearchAction\",\"target\":{\"@type\":\"EntryPoint\",\"urlTemplate\":\"https:\/\/www.vkd.com\/lv-bayern\/?s={search_term_string}\"},\"query-input\":\"required name=search_term_string\"}],\"inLanguage\":\"de\"},{\"@type\":\"Person\",\"@id\":\"https:\/\/www.vkd.com\/lv-bayern\/#\/schema\/person\/19c4bb106ca4de98c60e2cb5ac7f572f\",\"name\":\"Kostadinov Alexander\",\"image\":{\"@type\":\"ImageObject\",\"inLanguage\":\"de\",\"@id\":\"https:\/\/www.vkd.com\/lv-bayern\/#\/schema\/person\/image\/\",\"url\":\"https:\/\/secure.gravatar.com\/avatar\/b0cb85e5c215fe1114e6d2404492358d?s=96&d=mm&r=g\",\"contentUrl\":\"https:\/\/secure.gravatar.com\/avatar\/b0cb85e5c215fe1114e6d2404492358d?s=96&d=mm&r=g\",\"caption\":\"Kostadinov Alexander\"},\"url\":\"https:\/\/www.vkd.com\/lv-bayern\/news\/author\/gentscher-jungentscher-de\/\"}]}<\/script>\n<!-- \/ Yoast SEO plugin. -->","yoast_head_json":{"title":"Vorstand des Landesverbands der K\u00f6che Bayern tagt spontan im Kloster Seeon - Landesverband der K\u00f6che Bayern","robots":{"index":"noindex","follow":"follow","max-snippet":"max-snippet:-1","max-image-preview":"max-image-preview:large","max-video-preview":"max-video-preview:-1"},"og_locale":"de_DE","og_type":"article","og_title":"Vorstand des Landesverbands der K\u00f6che Bayern tagt spontan im Kloster Seeon - Landesverband der K\u00f6che Bayern","og_description":"Seeon, September 2025 \u2013 Der Vorstand des Landesverbands der K\u00f6che Bayern traf sich k\u00fcrzlich zu einem intensiven Austausch und Beratungen im inspirierenden Ambiente des Klosters Seeon. Im Mittelpunkt standen aktuelle Themen rund um die Verbandsarbeit, strategische Planungen sowie neue Ideen zur Weiterentwicklung des Berufsstands. Besonders erfreulich: Die Tagung konnte kurzfristig und effizient organisiert werden, da...","og_url":"https:\/\/www.vkd.com\/lv-bayern\/news\/vorstand-des-landesverbands-der-koeche-bayern-tagt-spontan-im-kloster-seeon\/","og_site_name":"Landesverband der K\u00f6che Bayern","article_published_time":"2025-09-04T10:26:33+00:00","og_image":[{"width":1920,"height":2560,"url":"https:\/\/www.vkd.com\/lv-bayern\/wp-content\/uploads\/sites\/14\/2025\/09\/Seeon1-scaled.jpg","type":"image\/jpeg"}],"author":"Kostadinov Alexander","twitter_card":"summary_large_image","twitter_misc":{"Verfasst von":"Kostadinov Alexander","Gesch\u00e4tzte Lesezeit":"1\u00a0Minute"},"schema":{"@context":"https:\/\/schema.org","@graph":[{"@type":"WebPage","@id":"https:\/\/www.vkd.com\/lv-bayern\/news\/vorstand-des-landesverbands-der-koeche-bayern-tagt-spontan-im-kloster-seeon\/","url":"https:\/\/www.vkd.com\/lv-bayern\/news\/vorstand-des-landesverbands-der-koeche-bayern-tagt-spontan-im-kloster-seeon\/","name":"Vorstand des Landesverbands der K\u00f6che Bayern tagt spontan im Kloster Seeon - Landesverband der K\u00f6che Bayern","isPartOf":{"@id":"https:\/\/www.vkd.com\/lv-bayern\/#website"},"datePublished":"2025-09-04T10:26:33+00:00","dateModified":"2025-09-04T10:26:33+00:00","author":{"@id":"https:\/\/www.vkd.com\/lv-bayern\/#\/schema\/person\/19c4bb106ca4de98c60e2cb5ac7f572f"},"breadcrumb":{"@id":"https:\/\/www.vkd.com\/lv-bayern\/news\/vorstand-des-landesverbands-der-koeche-bayern-tagt-spontan-im-kloster-seeon\/#breadcrumb"},"inLanguage":"de","potentialAction":[{"@type":"ReadAction","target":["https:\/\/www.vkd.com\/lv-bayern\/news\/vorstand-des-landesverbands-der-koeche-bayern-tagt-spontan-im-kloster-seeon\/"]}]},{"@type":"BreadcrumbList","@id":"https:\/\/www.vkd.com\/lv-bayern\/news\/vorstand-des-landesverbands-der-koeche-bayern-tagt-spontan-im-kloster-seeon\/#breadcrumb","itemListElement":[{"@type":"ListItem","position":1,"name":"Startseite","item":"https:\/\/www.vkd.com\/lv-bayern\/"},{"@type":"ListItem","position":2,"name":"Vorstand des Landesverbands der K\u00f6che Bayern tagt spontan im Kloster Seeon"}]},{"@type":"WebSite","@id":"https:\/\/www.vkd.com\/lv-bayern\/#website","url":"https:\/\/www.vkd.com\/lv-bayern\/","name":"Landesverband der K\u00f6che Bayern","description":"Landesverband im Verband der K\u00f6che Deutschlands e.V.","potentialAction":[{"@type":"SearchAction","target":{"@type":"EntryPoint","urlTemplate":"https:\/\/www.vkd.com\/lv-bayern\/?s={search_term_string}"},"query-input":"required name=search_term_string"}],"inLanguage":"de"},{"@type":"Person","@id":"https:\/\/www.vkd.com\/lv-bayern\/#\/schema\/person\/19c4bb106ca4de98c60e2cb5ac7f572f","name":"Kostadinov Alexander","image":{"@type":"ImageObject","inLanguage":"de","@id":"https:\/\/www.vkd.com\/lv-bayern\/#\/schema\/person\/image\/","url":"https:\/\/secure.gravatar.com\/avatar\/b0cb85e5c215fe1114e6d2404492358d?s=96&d=mm&r=g","contentUrl":"https:\/\/secure.gravatar.com\/avatar\/b0cb85e5c215fe1114e6d2404492358d?s=96&d=mm&r=g","caption":"Kostadinov Alexander"},"url":"https:\/\/www.vkd.com\/lv-bayern\/news\/author\/gentscher-jungentscher-de\/"}]}},"_links":{"self":[{"href":"https:\/\/www.vkd.com\/lv-bayern\/wp-json\/wp\/v2\/posts\/1828"}],"collection":[{"href":"https:\/\/www.vkd.com\/lv-bayern\/wp-json\/wp\/v2\/posts"}],"about":[{"href":"https:\/\/www.vkd.com\/lv-bayern\/wp-json\/wp\/v2\/types\/post"}],"author":[{"embeddable":true,"href":"https:\/\/www.vkd.com\/lv-bayern\/wp-json\/wp\/v2\/users\/1955"}],"replies":[{"embeddable":true,"href":"https:\/\/www.vkd.com\/lv-bayern\/wp-json\/wp\/v2\/comments?post=1828"}],"version-history":[{"count":1,"href":"https:\/\/www.vkd.com\/lv-bayern\/wp-json\/wp\/v2\/posts\/1828\/revisions"}],"predecessor-version":[{"id":1830,"href":"https:\/\/www.vkd.com\/lv-bayern\/wp-json\/wp\/v2\/posts\/1828\/revisions\/1830"}],"wp:featuredmedia":[{"embeddable":true,"href":"https:\/\/www.vkd.com\/lv-bayern\/wp-json\/wp\/v2\/media\/1829"}],"wp:attachment":[{"href":"https:\/\/www.vkd.com\/lv-bayern\/wp-json\/wp\/v2\/media?parent=1828"}],"wp:term":[{"taxonomy":"category","embeddable":true,"href":"https:\/\/www.vkd.com\/lv-bayern\/wp-json\/wp\/v2\/categories?post=1828"},{"taxonomy":"post_tag","embeddable":true,"href":"https:\/\/www.vkd.com\/lv-bayern\/wp-json\/wp\/v2\/tags?post=1828"}],"curies":[{"name":"wp","href":"https:\/\/api.w.org\/{rel}","templated":true}]}}